{"id":112863,"date":"2023-06-25T14:56:13","date_gmt":"2023-06-25T14:56:13","guid":{"rendered":"https:\/\/www.nettali.com\/?p=112863"},"modified":"2023-06-26T01:25:16","modified_gmt":"2023-06-26T01:25:16","slug":"troisieme-mandat-macky-sall-va-maintenir-le-suspense-selon-el-malick-ndiaye","status":"publish","type":"post","link":"https:\/\/www.nettali.com\/2023\/06\/25\/troisieme-mandat-macky-sall-va-maintenir-le-suspense-selon-el-malick-ndiaye\/","title":{"rendered":"EL MALICK NDIAYE  : \"Macky Sall va maintenir le suspense\u00a0sur le 3e mandat\""},"content":{"rendered":"<p><strong>NETTALI. COM- Le secr\u00e9taire national \u00e0 la communication du Parti Pastef est convaincu que le pr\u00e9sident Macky Sall va continuer de maintenir le suspense sur sa candidature ou non en 2024. \u00a0El Malick Ndiaye consid\u00e8re que le Chef de l\u2019Etat fait toujours dans le clair-obscur avec sa sortie \u00e0 Paris et lors de\u00a0la c\u00e9r\u00e9monie de remise des conclusions du dialogue national au Palais de la R\u00e9publique. <\/strong><\/p>\n<p><strong>\u00ab<em>\u00a0<\/em><\/strong><em>Soyez rassur\u00e9s, je vais r\u00e9pondre tr\u00e8s bient\u00f4t. Je vais r\u00e9pondre parce que le moment est venu pour r\u00e9pondre pas avant, mais ce n\u2019est pas aujourd\u2019hui. Je ferai un discours \u00e0 la nation. Et j\u2019apporterai ma r\u00e9ponse qui ne peut pas d\u00e9pendre du contexte dans lequel nous \u00e9voluons. Il faut que cela soit clair. Il y a beaucoup d\u2019excitation, des \u00e9crits par ci et des rapports par-l\u00e0<\/em>\u00a0\u00bb. Ces propos tenus par le Pr\u00e9sident Macky Sall, ce samedi 24 juin 2023, lors de la c\u00e9r\u00e9monie de remise des conclusions du dialogue national au Palais de la R\u00e9publique sur la question du 3<sup>\u00e8me<\/sup> mandat, ne rassurent gu\u00e8re El Malick Ndiaye.<\/p>\n<p>Car, ces propos cit\u00e9s supra contrastent avec ceux tenus le jeudi \u00e0 Paris.\u00a0\u00ab<em> Apr\u00e8s mon message \u00e0 la Nation, nous irons \u00e0 la victoire en 2024. Nous nous maintiendrons au pouvoir\u00a0<\/em>\u00bb, disait Macky Sall. C\u2019est pourquoi le secr\u00e9taire \u00e0 la communication de Pastef est convaincu que le Chef de l\u2019Etat va maintenir le flou sur sa candidature. Il pense que le dialogue a \u00e9t\u00e9 le pr\u00e9texte avec la proposition sur le parrainage. \u00ab <em>A chaque fois que le Pr\u00e9sident Macky Sall organise ce type de dialogue, c\u2019est parce qu\u2019il a une commande \u00e0 livrer. Par rapport au parrainage, le fait de se faire parrainer par des \u00e9lus, cela lui donne encore la latitude de garder le clair-obscur jusqu\u2019au 12 d\u00e9cembre 2023. Si c\u2019\u00e9tait le parrainage par des citoyens, il devait collecter des parrains \u00e0 partir du mois de juillet ou ao\u00fbt au plus tard. Dans ce cas, le peuple sera \u00e9difi\u00e9 sur sa participation ou non \u00e0 la prochaine pr\u00e9sidentielle du 25 f\u00e9vrier 2024<\/em> \u00bb explique l\u2019invite de JDD.<\/p>\n<p>Avant de poursuivre\u00a0: \u00ab\u00a0<em>maintenant qu\u2019il existe cette possibilit\u00e9 de se faire parrainer par des \u00e9lus, un minima de 13 \u00e9lus, il a d\u00e9j\u00e0 le nombre requis. Il ne fait rien pour rien. Pour nous, cela fait partie des probl\u00e8mes qu\u2019il voulait r\u00e9gler. Parce que les S\u00e9n\u00e9galais l\u2019attendaient au tournant<\/em> \u00bb.<\/p>\n<div class='share-to-whatsapp-wrapper'><div class='share-on-whsp'>PARTAGER SUR : <\/div><a data-text='EL MALICK NDIAYE  : \"Macky Sall va maintenir le suspense\u00a0sur le 3e mandat\"' data-link='https:\/\/www.nettali.com\/2023\/06\/25\/troisieme-mandat-macky-sall-va-maintenir-le-suspense-selon-el-malick-ndiaye\/' class='whatsapp-button whatsapp-share'>WhatsApp<\/a><div class='clear '><\/div><\/div>","protected":false},"excerpt":{"rendered":"<p>NETTALI. COM- Le secr\u00e9taire national \u00e0 la communication du Parti Pastef est convaincu que le pr\u00e9sident Macky Sall va continuer de maintenir le suspense sur sa candidature ou non en 2024. \u00a0El Malick Ndiaye consid\u00e8re que le Chef de l\u2019Etat fait toujours dans le clair-obscur avec sa sortie \u00e0 Paris et lors de\u00a0la c\u00e9r\u00e9monie de [&hellip;]<\/p>\n","protected":false},"author":6,"featured_media":106654,"comment_status":"open","ping_status":"open","sticky":false,"template":"","format":"standard","meta":{"_et_pb_use_builder":"","_et_pb_old_content":""},"categories":[2],"tags":[],"yoast_head":"<!-- This site is optimized with the Yoast SEO Premium plugin v17.8 (Yoast SEO v17.8) - https:\/\/yoast.com\/wordpress\/plugins\/seo\/ -->\n<title>EL MALICK NDIAYE : &quot;Macky Sall va maintenir le suspense\u00a0sur le 3e mandat&quot; | Nettali.com<\/title>\n<meta name=\"robots\" content=\"index, follow, max-snippet:-1, max-image-preview:large, max-video-preview:-1\" \/>\n<link rel=\"canonical\" href=\"https:\/\/www.nettali.com\/2023\/06\/25\/troisieme-mandat-macky-sall-va-maintenir-le-suspense-selon-el-malick-ndiaye\/\" \/>\n<meta property=\"og:locale\" content=\"fr_FR\" \/>\n<meta property=\"og:type\" content=\"article\" \/>\n<meta property=\"og:title\" content=\"EL MALICK NDIAYE : &quot;Macky Sall va maintenir le suspense\u00a0sur le 3e mandat&quot;\" \/>\n<meta property=\"og:description\" content=\"NETTALI. COM- Le secr\u00e9taire national \u00e0 la communication du Parti Pastef est convaincu que le pr\u00e9sident Macky Sall va continuer de maintenir le suspense sur sa candidature ou non en 2024. \u00a0El Malick Ndiaye consid\u00e8re que le Chef de l\u2019Etat fait toujours dans le clair-obscur avec sa sortie \u00e0 Paris et lors de\u00a0la c\u00e9r\u00e9monie de [&hellip;]\" \/>\n<meta property=\"og:url\" content=\"https:\/\/www.nettali.com\/2023\/06\/25\/troisieme-mandat-macky-sall-va-maintenir-le-suspense-selon-el-malick-ndiaye\/\" \/>\n<meta property=\"og:site_name\" content=\"Nettali.com\" \/>\n<meta property=\"article:publisher\" content=\"https:\/\/www.facebook.com\/nettalicom\" \/>\n<meta property=\"article:published_time\" content=\"2023-06-25T14:56:13+00:00\" \/>\n<meta property=\"article:modified_time\" content=\"2023-06-26T01:25:16+00:00\" \/>\n<meta property=\"og:image\" content=\"https:\/\/www.nettali.com\/wp-content\/uploads\/2023\/03\/elhadji_malick_ndiaye-PASTEF.jpeg\" \/>\n\t<meta property=\"og:image:width\" content=\"650\" \/>\n\t<meta property=\"og:image:height\" content=\"388\" \/>\n<meta name=\"twitter:card\" content=\"summary_large_image\" \/>\n<meta name=\"twitter:label1\" content=\"\u00c9crit par\" \/>\n\t<meta name=\"twitter:data1\" content=\"Fatou\" \/>\n\t<meta name=\"twitter:label2\" content=\"Dur\u00e9e de lecture estim\u00e9e\" \/>\n\t<meta name=\"twitter:data2\" content=\"3 minutes\" \/>\n<script type=\"application\/ld+json\" class=\"yoast-schema-graph\">{\"@context\":\"https:\/\/schema.org\",\"@graph\":[{\"@type\":\"WebSite\",\"@id\":\"https:\/\/www.nettali.com\/#website\",\"url\":\"https:\/\/www.nettali.com\/\",\"name\":\"Nettali.com\",\"description\":\"Le rendez-vous critique du Net\",\"potentialAction\":[{\"@type\":\"SearchAction\",\"target\":{\"@type\":\"EntryPoint\",\"urlTemplate\":\"https:\/\/www.nettali.com\/?s={search_term_string}\"},\"query-input\":\"required name=search_term_string\"}],\"inLanguage\":\"fr-FR\"},{\"@type\":\"ImageObject\",\"@id\":\"https:\/\/www.nettali.com\/2023\/06\/25\/troisieme-mandat-macky-sall-va-maintenir-le-suspense-selon-el-malick-ndiaye\/#primaryimage\",\"inLanguage\":\"fr-FR\",\"url\":\"https:\/\/www.nettali.com\/wp-content\/uploads\/2023\/03\/elhadji_malick_ndiaye-PASTEF.jpeg\",\"contentUrl\":\"https:\/\/www.nettali.com\/wp-content\/uploads\/2023\/03\/elhadji_malick_ndiaye-PASTEF.jpeg\",\"width\":650,\"height\":388},{\"@type\":\"WebPage\",\"@id\":\"https:\/\/www.nettali.com\/2023\/06\/25\/troisieme-mandat-macky-sall-va-maintenir-le-suspense-selon-el-malick-ndiaye\/#webpage\",\"url\":\"https:\/\/www.nettali.com\/2023\/06\/25\/troisieme-mandat-macky-sall-va-maintenir-le-suspense-selon-el-malick-ndiaye\/\",\"name\":\"EL MALICK NDIAYE : \\\"Macky Sall va maintenir le suspense\\u00a0sur le 3e mandat\\\" | Nettali.com\",\"isPartOf\":{\"@id\":\"https:\/\/www.nettali.com\/#website\"},\"primaryImageOfPage\":{\"@id\":\"https:\/\/www.nettali.com\/2023\/06\/25\/troisieme-mandat-macky-sall-va-maintenir-le-suspense-selon-el-malick-ndiaye\/#primaryimage\"},\"datePublished\":\"2023-06-25T14:56:13+00:00\",\"dateModified\":\"2023-06-26T01:25:16+00:00\",\"author\":{\"@id\":\"https:\/\/www.nettali.com\/#\/schema\/person\/418274a86bdf87caff7a3ef476bd0bbf\"},\"breadcrumb\":{\"@id\":\"https:\/\/www.nettali.com\/2023\/06\/25\/troisieme-mandat-macky-sall-va-maintenir-le-suspense-selon-el-malick-ndiaye\/#breadcrumb\"},\"inLanguage\":\"fr-FR\",\"potentialAction\":[{\"@type\":\"ReadAction\",\"target\":[\"https:\/\/www.nettali.com\/2023\/06\/25\/troisieme-mandat-macky-sall-va-maintenir-le-suspense-selon-el-malick-ndiaye\/\"]}]},{\"@type\":\"BreadcrumbList\",\"@id\":\"https:\/\/www.nettali.com\/2023\/06\/25\/troisieme-mandat-macky-sall-va-maintenir-le-suspense-selon-el-malick-ndiaye\/#breadcrumb\",\"itemListElement\":[{\"@type\":\"ListItem\",\"position\":1,\"name\":\"Accueil\",\"item\":\"https:\/\/www.nettali.com\/\"},{\"@type\":\"ListItem\",\"position\":2,\"name\":\"EL MALICK NDIAYE : \\\"Macky Sall va maintenir le suspense\\u00a0sur le 3e mandat\\\"\"}]},{\"@type\":\"Person\",\"@id\":\"https:\/\/www.nettali.com\/#\/schema\/person\/418274a86bdf87caff7a3ef476bd0bbf\",\"name\":\"Fatou\",\"image\":{\"@type\":\"ImageObject\",\"@id\":\"https:\/\/www.nettali.com\/#personlogo\",\"inLanguage\":\"fr-FR\",\"url\":\"https:\/\/secure.gravatar.com\/avatar\/5a9442a2bee7b4dcf167cab035858e9a?s=96&d=mm&r=g\",\"contentUrl\":\"https:\/\/secure.gravatar.com\/avatar\/5a9442a2bee7b4dcf167cab035858e9a?s=96&d=mm&r=g\",\"caption\":\"Fatou\"},\"sameAs\":[\"https:\/\/www.nettali.com\"]}]}<\/script>\n<!-- \/ Yoast SEO Premium plugin. -->","yoast_head_json":{"title":"EL MALICK NDIAYE : \"Macky Sall va maintenir le suspense\u00a0sur le 3e mandat\" | Nettali.com","robots":{"index":"index","follow":"follow","max-snippet":"max-snippet:-1","max-image-preview":"max-image-preview:large","max-video-preview":"max-video-preview:-1"},"canonical":"https:\/\/www.nettali.com\/2023\/06\/25\/troisieme-mandat-macky-sall-va-maintenir-le-suspense-selon-el-malick-ndiaye\/","og_locale":"fr_FR","og_type":"article","og_title":"EL MALICK NDIAYE : \"Macky Sall va maintenir le suspense\u00a0sur le 3e mandat\"","og_description":"NETTALI. COM- Le secr\u00e9taire national \u00e0 la communication du Parti Pastef est convaincu que le pr\u00e9sident Macky Sall va continuer de maintenir le suspense sur sa candidature ou non en 2024. \u00a0El Malick Ndiaye consid\u00e8re que le Chef de l\u2019Etat fait toujours dans le clair-obscur avec sa sortie \u00e0 Paris et lors de\u00a0la c\u00e9r\u00e9monie de [&hellip;]","og_url":"https:\/\/www.nettali.com\/2023\/06\/25\/troisieme-mandat-macky-sall-va-maintenir-le-suspense-selon-el-malick-ndiaye\/","og_site_name":"Nettali.com","article_publisher":"https:\/\/www.facebook.com\/nettalicom","article_published_time":"2023-06-25T14:56:13+00:00","article_modified_time":"2023-06-26T01:25:16+00:00","og_image":[{"width":650,"height":388,"url":"https:\/\/www.nettali.com\/wp-content\/uploads\/2023\/03\/elhadji_malick_ndiaye-PASTEF.jpeg","type":"image\/jpeg"}],"twitter_card":"summary_large_image","twitter_misc":{"\u00c9crit par":"Fatou","Dur\u00e9e de lecture estim\u00e9e":"3 minutes"},"schema":{"@context":"https:\/\/schema.org","@graph":[{"@type":"WebSite","@id":"https:\/\/www.nettali.com\/#website","url":"https:\/\/www.nettali.com\/","name":"Nettali.com","description":"Le rendez-vous critique du Net","potentialAction":[{"@type":"SearchAction","target":{"@type":"EntryPoint","urlTemplate":"https:\/\/www.nettali.com\/?s={search_term_string}"},"query-input":"required name=search_term_string"}],"inLanguage":"fr-FR"},{"@type":"ImageObject","@id":"https:\/\/www.nettali.com\/2023\/06\/25\/troisieme-mandat-macky-sall-va-maintenir-le-suspense-selon-el-malick-ndiaye\/#primaryimage","inLanguage":"fr-FR","url":"https:\/\/www.nettali.com\/wp-content\/uploads\/2023\/03\/elhadji_malick_ndiaye-PASTEF.jpeg","contentUrl":"https:\/\/www.nettali.com\/wp-content\/uploads\/2023\/03\/elhadji_malick_ndiaye-PASTEF.jpeg","width":650,"height":388},{"@type":"WebPage","@id":"https:\/\/www.nettali.com\/2023\/06\/25\/troisieme-mandat-macky-sall-va-maintenir-le-suspense-selon-el-malick-ndiaye\/#webpage","url":"https:\/\/www.nettali.com\/2023\/06\/25\/troisieme-mandat-macky-sall-va-maintenir-le-suspense-selon-el-malick-ndiaye\/","name":"EL MALICK NDIAYE : \"Macky Sall va maintenir le suspense\u00a0sur le 3e mandat\" | Nettali.com","isPartOf":{"@id":"https:\/\/www.nettali.com\/#website"},"primaryImageOfPage":{"@id":"https:\/\/www.nettali.com\/2023\/06\/25\/troisieme-mandat-macky-sall-va-maintenir-le-suspense-selon-el-malick-ndiaye\/#primaryimage"},"datePublished":"2023-06-25T14:56:13+00:00","dateModified":"2023-06-26T01:25:16+00:00","author":{"@id":"https:\/\/www.nettali.com\/#\/schema\/person\/418274a86bdf87caff7a3ef476bd0bbf"},"breadcrumb":{"@id":"https:\/\/www.nettali.com\/2023\/06\/25\/troisieme-mandat-macky-sall-va-maintenir-le-suspense-selon-el-malick-ndiaye\/#breadcrumb"},"inLanguage":"fr-FR","potentialAction":[{"@type":"ReadAction","target":["https:\/\/www.nettali.com\/2023\/06\/25\/troisieme-mandat-macky-sall-va-maintenir-le-suspense-selon-el-malick-ndiaye\/"]}]},{"@type":"BreadcrumbList","@id":"https:\/\/www.nettali.com\/2023\/06\/25\/troisieme-mandat-macky-sall-va-maintenir-le-suspense-selon-el-malick-ndiaye\/#breadcrumb","itemListElement":[{"@type":"ListItem","position":1,"name":"Accueil","item":"https:\/\/www.nettali.com\/"},{"@type":"ListItem","position":2,"name":"EL MALICK NDIAYE : \"Macky Sall va maintenir le suspense\u00a0sur le 3e mandat\""}]},{"@type":"Person","@id":"https:\/\/www.nettali.com\/#\/schema\/person\/418274a86bdf87caff7a3ef476bd0bbf","name":"Fatou","image":{"@type":"ImageObject","@id":"https:\/\/www.nettali.com\/#personlogo","inLanguage":"fr-FR","url":"https:\/\/secure.gravatar.com\/avatar\/5a9442a2bee7b4dcf167cab035858e9a?s=96&d=mm&r=g","contentUrl":"https:\/\/secure.gravatar.com\/avatar\/5a9442a2bee7b4dcf167cab035858e9a?s=96&d=mm&r=g","caption":"Fatou"},"sameAs":["https:\/\/www.nettali.com"]}]}},"_links":{"self":[{"href":"https:\/\/www.nettali.com\/rest\/wp\/v2\/posts\/112863"}],"collection":[{"href":"https:\/\/www.nettali.com\/rest\/wp\/v2\/posts"}],"about":[{"href":"https:\/\/www.nettali.com\/rest\/wp\/v2\/types\/post"}],"author":[{"embeddable":true,"href":"https:\/\/www.nettali.com\/rest\/wp\/v2\/users\/6"}],"replies":[{"embeddable":true,"href":"https:\/\/www.nettali.com\/rest\/wp\/v2\/comments?post=112863"}],"version-history":[{"count":3,"href":"https:\/\/www.nettali.com\/rest\/wp\/v2\/posts\/112863\/revisions"}],"predecessor-version":[{"id":112899,"href":"https:\/\/www.nettali.com\/rest\/wp\/v2\/posts\/112863\/revisions\/112899"}],"wp:featuredmedia":[{"embeddable":true,"href":"https:\/\/www.nettali.com\/rest\/wp\/v2\/media\/106654"}],"wp:attachment":[{"href":"https:\/\/www.nettali.com\/rest\/wp\/v2\/media?parent=112863"}],"wp:term":[{"taxonomy":"category","embeddable":true,"href":"https:\/\/www.nettali.com\/rest\/wp\/v2\/categories?post=112863"},{"taxonomy":"post_tag","embeddable":true,"href":"https:\/\/www.nettali.com\/rest\/wp\/v2\/tags?post=112863"}],"curies":[{"name":"wp","href":"https:\/\/api.w.org\/{rel}","templated":true}]}}