{"id":112859,"date":"2023-06-25T14:58:09","date_gmt":"2023-06-25T14:58:09","guid":{"rendered":"https:\/\/www.nettali.com\/?p=112859"},"modified":"2023-06-26T01:24:18","modified_gmt":"2023-06-26T01:24:18","slug":"levee-du-blocus-chez-ousmane-sonko-yewwi-aski-promet-de-defier-le-prefet-cet-apres-midi","status":"publish","type":"post","link":"https:\/\/www.nettali.com\/2023\/06\/25\/levee-du-blocus-chez-ousmane-sonko-yewwi-aski-promet-de-defier-le-prefet-cet-apres-midi\/","title":{"rendered":"\"LEV\u00c9E\" DU BLOCUS CHEZ OUSMANE SONKO - Yewwi promet de d\u00e9fier le pr\u00e9fet"},"content":{"rendered":"<p><strong>NETTALI.COM- La coalition Yewwi Askan Wi (Yaw) maintient son appel \u00e0 la mobilisation pour lever le blocus du domicile de Ousmane Sonko, \u00e0 la Cit\u00e9 Keur Gorgui, cet apr\u00e8s-midi. L\u2019annonce est faite par le\u00a0secr\u00e9taire national \u00e0 la communication du Parti Pastef El Malick Ndiaye invit\u00e9 du jury du dimanche, ce 25 juin 2023.<\/strong><\/p>\n<p>Ousmane Sonko dont le domicile fait l\u2019objet de blocus sera lib\u00e9r\u00e9. Du moins, la promesse est faite par la coalition Yewwi Askan qui pr\u00e9voit de se rendre \u00e0 la Cit\u00e9 Keur Gui, ce dimanche apr\u00e8s-midi, en d\u00e9pit de l\u2019arr\u00eat\u00e9 du pr\u00e9fet de Dakar interdisant la manifestation. \u00ab <em>Yewwi \u00a0a d\u00e9cid\u00e9 de maintenir ce rassemblement. Je pense que les jeunes et les femmes de la coalition ont tenu une conf\u00e9rence de presse pour r\u00e9it\u00e9rer cette volont\u00e9 d\u2019aller lever les barri\u00e8res de la honte. Parce que simplement, il n\u2019y a aucune base l\u00e9gale qui permet au Pr\u00e9sident Macky Sall et son clan d\u2019imposer, je dirais, un emprisonnement. M\u00eame les pensionnaires de Rebeuss ou du Cap Manuel ont droit \u00e0 des visites. Ousmane Sonko ne re\u00e7oit m\u00eame pas ses avocats. C\u2019est non seulement ill\u00e9gal, immoral mais surtout cela (entache) l\u2019image du S\u00e9n\u00e9gal\u00a0<\/em>\u00bb a soutenu le responsable de communication du Parti Pastef sur le plateau de Jury du dimanche.<\/p>\n<p>Non sans marteler que \u00ab <em>si le proc\u00e8s Sweet Beaut\u00e9 s\u2019\u00e9tait bien d\u00e9roul\u00e9, avec toutes les preuves, aujourd\u2019hui, Ousmane Sonko serait en prison<\/em> \u00bb mais pas \u00ab <em>assign\u00e9 \u00e0 r\u00e9sidence<\/em> \u00bb. \u00ab <em>C\u2019est cela la v\u00e9rit\u00e9. En tant que maire de Ziguinchor, Ousmane Sonko devait c\u00e9l\u00e9brer la Tabaski aupr\u00e8s de ses administr\u00e9s, de sa famille, sa maman, entre autres<\/em> \u00bb, fustige M. Ndiaye tout en martelant que \u00ab <em>Yewwi ne peut pas rester les bras crois\u00e9s.<\/em> \u00bb<\/p>\n<div class='share-to-whatsapp-wrapper'><div class='share-on-whsp'>PARTAGER SUR : <\/div><a data-text='\"LEV\u00c9E\" DU BLOCUS CHEZ OUSMANE SONKO - Yewwi promet de d\u00e9fier le pr\u00e9fet' data-link='https:\/\/www.nettali.com\/2023\/06\/25\/levee-du-blocus-chez-ousmane-sonko-yewwi-aski-promet-de-defier-le-prefet-cet-apres-midi\/' class='whatsapp-button whatsapp-share'>WhatsApp<\/a><div class='clear '><\/div><\/div>","protected":false},"excerpt":{"rendered":"<p>NETTALI.COM- La coalition Yewwi Askan Wi (Yaw) maintient son appel \u00e0 la mobilisation pour lever le blocus du domicile de Ousmane Sonko, \u00e0 la Cit\u00e9 Keur Gorgui, cet apr\u00e8s-midi. L\u2019annonce est faite par le\u00a0secr\u00e9taire national \u00e0 la communication du Parti Pastef El Malick Ndiaye invit\u00e9 du jury du dimanche, ce 25 juin 2023. Ousmane Sonko [&hellip;]<\/p>\n","protected":false},"author":6,"featured_media":107216,"comment_status":"open","ping_status":"open","sticky":false,"template":"","format":"standard","meta":{"_et_pb_use_builder":"","_et_pb_old_content":""},"categories":[2],"tags":[],"yoast_head":"<!-- This site is optimized with the Yoast SEO Premium plugin v17.8 (Yoast SEO v17.8) - https:\/\/yoast.com\/wordpress\/plugins\/seo\/ -->\n<title>&quot;LEV\u00c9E&quot; DU BLOCUS CHEZ OUSMANE SONKO - Yewwi promet de d\u00e9fier le pr\u00e9fet | Nettali.com<\/title>\n<meta name=\"robots\" content=\"index, follow, max-snippet:-1, max-image-preview:large, max-video-preview:-1\" \/>\n<link rel=\"canonical\" href=\"https:\/\/www.nettali.com\/2023\/06\/25\/levee-du-blocus-chez-ousmane-sonko-yewwi-aski-promet-de-defier-le-prefet-cet-apres-midi\/\" \/>\n<meta property=\"og:locale\" content=\"fr_FR\" \/>\n<meta property=\"og:type\" content=\"article\" \/>\n<meta property=\"og:title\" content=\"&quot;LEV\u00c9E&quot; DU BLOCUS CHEZ OUSMANE SONKO - Yewwi promet de d\u00e9fier le pr\u00e9fet\" \/>\n<meta property=\"og:description\" content=\"NETTALI.COM- La coalition Yewwi Askan Wi (Yaw) maintient son appel \u00e0 la mobilisation pour lever le blocus du domicile de Ousmane Sonko, \u00e0 la Cit\u00e9 Keur Gorgui, cet apr\u00e8s-midi. L\u2019annonce est faite par le\u00a0secr\u00e9taire national \u00e0 la communication du Parti Pastef El Malick Ndiaye invit\u00e9 du jury du dimanche, ce 25 juin 2023. Ousmane Sonko [&hellip;]\" \/>\n<meta property=\"og:url\" content=\"https:\/\/www.nettali.com\/2023\/06\/25\/levee-du-blocus-chez-ousmane-sonko-yewwi-aski-promet-de-defier-le-prefet-cet-apres-midi\/\" \/>\n<meta property=\"og:site_name\" content=\"Nettali.com\" \/>\n<meta property=\"article:publisher\" content=\"https:\/\/www.facebook.com\/nettalicom\" \/>\n<meta property=\"article:published_time\" content=\"2023-06-25T14:58:09+00:00\" \/>\n<meta property=\"article:modified_time\" content=\"2023-06-26T01:24:18+00:00\" \/>\n<meta property=\"og:image\" content=\"https:\/\/www.nettali.com\/wp-content\/uploads\/2023\/03\/Autorisation-de-la-manifestation-de-Yewwi-Askan-Wi-a-DAKAR.jpg\" \/>\n\t<meta property=\"og:image:width\" content=\"1000\" \/>\n\t<meta property=\"og:image:height\" content=\"629\" \/>\n<meta name=\"twitter:card\" content=\"summary_large_image\" \/>\n<meta name=\"twitter:label1\" content=\"\u00c9crit par\" \/>\n\t<meta name=\"twitter:data1\" content=\"Fatou\" \/>\n\t<meta name=\"twitter:label2\" content=\"Dur\u00e9e de lecture estim\u00e9e\" \/>\n\t<meta name=\"twitter:data2\" content=\"2 minutes\" \/>\n<script type=\"application\/ld+json\" class=\"yoast-schema-graph\">{\"@context\":\"https:\/\/schema.org\",\"@graph\":[{\"@type\":\"WebSite\",\"@id\":\"https:\/\/www.nettali.com\/#website\",\"url\":\"https:\/\/www.nettali.com\/\",\"name\":\"Nettali.com\",\"description\":\"Le rendez-vous critique du Net\",\"potentialAction\":[{\"@type\":\"SearchAction\",\"target\":{\"@type\":\"EntryPoint\",\"urlTemplate\":\"https:\/\/www.nettali.com\/?s={search_term_string}\"},\"query-input\":\"required name=search_term_string\"}],\"inLanguage\":\"fr-FR\"},{\"@type\":\"ImageObject\",\"@id\":\"https:\/\/www.nettali.com\/2023\/06\/25\/levee-du-blocus-chez-ousmane-sonko-yewwi-aski-promet-de-defier-le-prefet-cet-apres-midi\/#primaryimage\",\"inLanguage\":\"fr-FR\",\"url\":\"https:\/\/www.nettali.com\/wp-content\/uploads\/2023\/03\/Autorisation-de-la-manifestation-de-Yewwi-Askan-Wi-a-DAKAR.jpg\",\"contentUrl\":\"https:\/\/www.nettali.com\/wp-content\/uploads\/2023\/03\/Autorisation-de-la-manifestation-de-Yewwi-Askan-Wi-a-DAKAR.jpg\",\"width\":1000,\"height\":629},{\"@type\":\"WebPage\",\"@id\":\"https:\/\/www.nettali.com\/2023\/06\/25\/levee-du-blocus-chez-ousmane-sonko-yewwi-aski-promet-de-defier-le-prefet-cet-apres-midi\/#webpage\",\"url\":\"https:\/\/www.nettali.com\/2023\/06\/25\/levee-du-blocus-chez-ousmane-sonko-yewwi-aski-promet-de-defier-le-prefet-cet-apres-midi\/\",\"name\":\"\\\"LEV\\u00c9E\\\" DU BLOCUS CHEZ OUSMANE SONKO - Yewwi promet de d\\u00e9fier le pr\\u00e9fet | Nettali.com\",\"isPartOf\":{\"@id\":\"https:\/\/www.nettali.com\/#website\"},\"primaryImageOfPage\":{\"@id\":\"https:\/\/www.nettali.com\/2023\/06\/25\/levee-du-blocus-chez-ousmane-sonko-yewwi-aski-promet-de-defier-le-prefet-cet-apres-midi\/#primaryimage\"},\"datePublished\":\"2023-06-25T14:58:09+00:00\",\"dateModified\":\"2023-06-26T01:24:18+00:00\",\"author\":{\"@id\":\"https:\/\/www.nettali.com\/#\/schema\/person\/418274a86bdf87caff7a3ef476bd0bbf\"},\"breadcrumb\":{\"@id\":\"https:\/\/www.nettali.com\/2023\/06\/25\/levee-du-blocus-chez-ousmane-sonko-yewwi-aski-promet-de-defier-le-prefet-cet-apres-midi\/#breadcrumb\"},\"inLanguage\":\"fr-FR\",\"potentialAction\":[{\"@type\":\"ReadAction\",\"target\":[\"https:\/\/www.nettali.com\/2023\/06\/25\/levee-du-blocus-chez-ousmane-sonko-yewwi-aski-promet-de-defier-le-prefet-cet-apres-midi\/\"]}]},{\"@type\":\"BreadcrumbList\",\"@id\":\"https:\/\/www.nettali.com\/2023\/06\/25\/levee-du-blocus-chez-ousmane-sonko-yewwi-aski-promet-de-defier-le-prefet-cet-apres-midi\/#breadcrumb\",\"itemListElement\":[{\"@type\":\"ListItem\",\"position\":1,\"name\":\"Accueil\",\"item\":\"https:\/\/www.nettali.com\/\"},{\"@type\":\"ListItem\",\"position\":2,\"name\":\"\\\"LEV\\u00c9E\\\" DU BLOCUS CHEZ OUSMANE SONKO - Yewwi promet de d\\u00e9fier le pr\\u00e9fet\"}]},{\"@type\":\"Person\",\"@id\":\"https:\/\/www.nettali.com\/#\/schema\/person\/418274a86bdf87caff7a3ef476bd0bbf\",\"name\":\"Fatou\",\"image\":{\"@type\":\"ImageObject\",\"@id\":\"https:\/\/www.nettali.com\/#personlogo\",\"inLanguage\":\"fr-FR\",\"url\":\"https:\/\/secure.gravatar.com\/avatar\/5a9442a2bee7b4dcf167cab035858e9a?s=96&d=mm&r=g\",\"contentUrl\":\"https:\/\/secure.gravatar.com\/avatar\/5a9442a2bee7b4dcf167cab035858e9a?s=96&d=mm&r=g\",\"caption\":\"Fatou\"},\"sameAs\":[\"https:\/\/www.nettali.com\"]}]}<\/script>\n<!-- \/ Yoast SEO Premium plugin. -->","yoast_head_json":{"title":"\"LEV\u00c9E\" DU BLOCUS CHEZ OUSMANE SONKO - Yewwi promet de d\u00e9fier le pr\u00e9fet | Nettali.com","robots":{"index":"index","follow":"follow","max-snippet":"max-snippet:-1","max-image-preview":"max-image-preview:large","max-video-preview":"max-video-preview:-1"},"canonical":"https:\/\/www.nettali.com\/2023\/06\/25\/levee-du-blocus-chez-ousmane-sonko-yewwi-aski-promet-de-defier-le-prefet-cet-apres-midi\/","og_locale":"fr_FR","og_type":"article","og_title":"\"LEV\u00c9E\" DU BLOCUS CHEZ OUSMANE SONKO - Yewwi promet de d\u00e9fier le pr\u00e9fet","og_description":"NETTALI.COM- La coalition Yewwi Askan Wi (Yaw) maintient son appel \u00e0 la mobilisation pour lever le blocus du domicile de Ousmane Sonko, \u00e0 la Cit\u00e9 Keur Gorgui, cet apr\u00e8s-midi. L\u2019annonce est faite par le\u00a0secr\u00e9taire national \u00e0 la communication du Parti Pastef El Malick Ndiaye invit\u00e9 du jury du dimanche, ce 25 juin 2023. Ousmane Sonko [&hellip;]","og_url":"https:\/\/www.nettali.com\/2023\/06\/25\/levee-du-blocus-chez-ousmane-sonko-yewwi-aski-promet-de-defier-le-prefet-cet-apres-midi\/","og_site_name":"Nettali.com","article_publisher":"https:\/\/www.facebook.com\/nettalicom","article_published_time":"2023-06-25T14:58:09+00:00","article_modified_time":"2023-06-26T01:24:18+00:00","og_image":[{"width":1000,"height":629,"url":"https:\/\/www.nettali.com\/wp-content\/uploads\/2023\/03\/Autorisation-de-la-manifestation-de-Yewwi-Askan-Wi-a-DAKAR.jpg","type":"image\/jpeg"}],"twitter_card":"summary_large_image","twitter_misc":{"\u00c9crit par":"Fatou","Dur\u00e9e de lecture estim\u00e9e":"2 minutes"},"schema":{"@context":"https:\/\/schema.org","@graph":[{"@type":"WebSite","@id":"https:\/\/www.nettali.com\/#website","url":"https:\/\/www.nettali.com\/","name":"Nettali.com","description":"Le rendez-vous critique du Net","potentialAction":[{"@type":"SearchAction","target":{"@type":"EntryPoint","urlTemplate":"https:\/\/www.nettali.com\/?s={search_term_string}"},"query-input":"required name=search_term_string"}],"inLanguage":"fr-FR"},{"@type":"ImageObject","@id":"https:\/\/www.nettali.com\/2023\/06\/25\/levee-du-blocus-chez-ousmane-sonko-yewwi-aski-promet-de-defier-le-prefet-cet-apres-midi\/#primaryimage","inLanguage":"fr-FR","url":"https:\/\/www.nettali.com\/wp-content\/uploads\/2023\/03\/Autorisation-de-la-manifestation-de-Yewwi-Askan-Wi-a-DAKAR.jpg","contentUrl":"https:\/\/www.nettali.com\/wp-content\/uploads\/2023\/03\/Autorisation-de-la-manifestation-de-Yewwi-Askan-Wi-a-DAKAR.jpg","width":1000,"height":629},{"@type":"WebPage","@id":"https:\/\/www.nettali.com\/2023\/06\/25\/levee-du-blocus-chez-ousmane-sonko-yewwi-aski-promet-de-defier-le-prefet-cet-apres-midi\/#webpage","url":"https:\/\/www.nettali.com\/2023\/06\/25\/levee-du-blocus-chez-ousmane-sonko-yewwi-aski-promet-de-defier-le-prefet-cet-apres-midi\/","name":"\"LEV\u00c9E\" DU BLOCUS CHEZ OUSMANE SONKO - Yewwi promet de d\u00e9fier le pr\u00e9fet | Nettali.com","isPartOf":{"@id":"https:\/\/www.nettali.com\/#website"},"primaryImageOfPage":{"@id":"https:\/\/www.nettali.com\/2023\/06\/25\/levee-du-blocus-chez-ousmane-sonko-yewwi-aski-promet-de-defier-le-prefet-cet-apres-midi\/#primaryimage"},"datePublished":"2023-06-25T14:58:09+00:00","dateModified":"2023-06-26T01:24:18+00:00","author":{"@id":"https:\/\/www.nettali.com\/#\/schema\/person\/418274a86bdf87caff7a3ef476bd0bbf"},"breadcrumb":{"@id":"https:\/\/www.nettali.com\/2023\/06\/25\/levee-du-blocus-chez-ousmane-sonko-yewwi-aski-promet-de-defier-le-prefet-cet-apres-midi\/#breadcrumb"},"inLanguage":"fr-FR","potentialAction":[{"@type":"ReadAction","target":["https:\/\/www.nettali.com\/2023\/06\/25\/levee-du-blocus-chez-ousmane-sonko-yewwi-aski-promet-de-defier-le-prefet-cet-apres-midi\/"]}]},{"@type":"BreadcrumbList","@id":"https:\/\/www.nettali.com\/2023\/06\/25\/levee-du-blocus-chez-ousmane-sonko-yewwi-aski-promet-de-defier-le-prefet-cet-apres-midi\/#breadcrumb","itemListElement":[{"@type":"ListItem","position":1,"name":"Accueil","item":"https:\/\/www.nettali.com\/"},{"@type":"ListItem","position":2,"name":"\"LEV\u00c9E\" DU BLOCUS CHEZ OUSMANE SONKO - Yewwi promet de d\u00e9fier le pr\u00e9fet"}]},{"@type":"Person","@id":"https:\/\/www.nettali.com\/#\/schema\/person\/418274a86bdf87caff7a3ef476bd0bbf","name":"Fatou","image":{"@type":"ImageObject","@id":"https:\/\/www.nettali.com\/#personlogo","inLanguage":"fr-FR","url":"https:\/\/secure.gravatar.com\/avatar\/5a9442a2bee7b4dcf167cab035858e9a?s=96&d=mm&r=g","contentUrl":"https:\/\/secure.gravatar.com\/avatar\/5a9442a2bee7b4dcf167cab035858e9a?s=96&d=mm&r=g","caption":"Fatou"},"sameAs":["https:\/\/www.nettali.com"]}]}},"_links":{"self":[{"href":"https:\/\/www.nettali.com\/rest\/wp\/v2\/posts\/112859"}],"collection":[{"href":"https:\/\/www.nettali.com\/rest\/wp\/v2\/posts"}],"about":[{"href":"https:\/\/www.nettali.com\/rest\/wp\/v2\/types\/post"}],"author":[{"embeddable":true,"href":"https:\/\/www.nettali.com\/rest\/wp\/v2\/users\/6"}],"replies":[{"embeddable":true,"href":"https:\/\/www.nettali.com\/rest\/wp\/v2\/comments?post=112859"}],"version-history":[{"count":2,"href":"https:\/\/www.nettali.com\/rest\/wp\/v2\/posts\/112859\/revisions"}],"predecessor-version":[{"id":112898,"href":"https:\/\/www.nettali.com\/rest\/wp\/v2\/posts\/112859\/revisions\/112898"}],"wp:featuredmedia":[{"embeddable":true,"href":"https:\/\/www.nettali.com\/rest\/wp\/v2\/media\/107216"}],"wp:attachment":[{"href":"https:\/\/www.nettali.com\/rest\/wp\/v2\/media?parent=112859"}],"wp:term":[{"taxonomy":"category","embeddable":true,"href":"https:\/\/www.nettali.com\/rest\/wp\/v2\/categories?post=112859"},{"taxonomy":"post_tag","embeddable":true,"href":"https:\/\/www.nettali.com\/rest\/wp\/v2\/tags?post=112859"}],"curies":[{"name":"wp","href":"https:\/\/api.w.org\/{rel}","templated":true}]}}