{"id":112814,"date":"2023-06-24T09:41:34","date_gmt":"2023-06-24T09:41:34","guid":{"rendered":"https:\/\/www.nettali.com\/?p=112814"},"modified":"2023-06-24T09:41:34","modified_gmt":"2023-06-24T09:41:34","slug":"russie-le-chef-de-wagner-se-rebelle-contre-larmee-reguliere","status":"publish","type":"post","link":"https:\/\/www.nettali.com\/2023\/06\/24\/russie-le-chef-de-wagner-se-rebelle-contre-larmee-reguliere\/","title":{"rendered":"RUSSIE - Le chef de Wagner se rebelle contre l\u2019arm\u00e9e r\u00e9guli\u00e8re"},"content":{"rendered":"<p><strong>NETTALI.COM - Le patron de la milice Wagner a provoqu\u00e9 la stup\u00e9faction dans la nuit du vendredi 23 au samedi 24 juin en d\u00e9clarant la guerre \u00e0 l\u2019arm\u00e9e russe et le d\u00e9but d\u2019une r\u00e9bellion arm\u00e9e, avant de prendre le contr\u00f4le du QG militaire de Rostov, une ville russe non loin de la fronti\u00e8re avec l\u2019Ukraine. Et affirme qu\u2019il ira jusqu\u2019au bout.<\/strong><\/p>\n<p>Cela a commenc\u00e9 par une simple note audio, diffus\u00e9e vendredi 23 juin \u00e0 21 h 09 heure de Moscou sur sa cha\u00eene Telegram par\u00a0Evgueni Prigojine. Le son est mauvais, satur\u00e9: comme souvent, le patron de Wagner braille dans son t\u00e9l\u00e9phone. \u00ab<em>On nous a l\u00e2chement tromp\u00e9s. Nous \u00e9tions pr\u00eats \u00e0 faire des concessions au minist\u00e8re de la D\u00e9fense, \u00e0 rendre nos armes, \u00e0 trouver une solution pour continuer \u00e0 d\u00e9fendre notre pays. Mais \u00e7a ne suffisait pas \u00e0 ces salauds. Aujourd\u2019hui, ils ont lanc\u00e9 des missiles sur nos campements \u00e0 l\u2019arri\u00e8re du front. Un nombre \u00e9norme de nos soldats est mort. Nous allons d\u00e9cider de notre r\u00e9ponse \u00e0 cette infamie.\u00bb<\/em><\/p>\n<p>L\u2019accusation est grave. Mais apr\u00e8s tout, ce n\u2019est pas la premi\u00e8re fois que Prigojine accuse l\u2019arm\u00e9e russe de tirer sur ses hommes, ni m\u00eame la premi\u00e8re fois qu\u2019il agonit d\u2019injures le ministre russe de la D\u00e9fense Sergue\u00ef Cho\u00efgou, auquel il voue une haine tenace. Il est encore possible de croire que tout va bien. Et puis, dix-sept minutes plus tard, un nouveau message audio est publi\u00e9 sur la m\u00eame cha\u00eene.\u00a0Celui-ci va faire basculer la Russie dans l\u2019irrationnel.<\/p>\n<p>\u00ab<em>Le Conseil des commandants de Wagner a pris sa d\u00e9cision. Le mal qu\u2019incarnent les dirigeants militaires du pays doit \u00eatre arr\u00eat\u00e9. [\u2026] Ceux qui ont tu\u00e9 nos gars aujourd\u2019hui, qui ont tu\u00e9 des dizaines de milliers de soldats russes, seront punis. Je demande que personne ne nous r\u00e9siste. Tous ceux qui tenteront de r\u00e9sister seront an\u00e9antis.\u00bb<\/em><\/p>\n<p><strong>Stup\u00e9faction<\/strong><\/p>\n<p>La suite du message a beau pr\u00e9ciser que \u00ab<em>le pouvoir pr\u00e9sidentiel, le gouvernement et les autres structures continueront de fonctionner comme \u00e0 l\u2019habitude<\/em>\u00bb ; Evgueni Prigojine a beau insister, un peu moins d\u2019une heure plus tard, dans un autre message audio : \u00ab<em>Ceci n\u2019est pas un coup d\u2019Etat militaire, c\u2019est une marche pour la justice<\/em>\u00bb, tout le monde comprend instantan\u00e9ment qu\u2019aucun retour en arri\u00e8re ne sera plus possible. Les pr\u00e9dictions les plus folles des analystes et politologues viennent de se r\u00e9aliser : Evgueni Prigojine a d\u00e9clar\u00e9 la guerre \u00e0 l\u2019arm\u00e9e russe.<\/p>\n<p>La stup\u00e9faction est totale. A quoi joue le patron de Wagner ? \u00ab<em>Il est devenu fou<\/em>\u00bb, commente une source de l\u2019administration pr\u00e9sidentielle au m\u00e9dia ind\u00e9pendant\u00a0<em>Meduza<\/em>.<em>\u00a0<\/em>Dans une nouvelle salve de messages audios, Prigojine accuse Sergue\u00ef Cho\u00efgou d\u2019avoir fui Rostov, o\u00f9 il s\u2019\u00e9tait selon lui rendu pour coordonner l\u2019attaque sur Wagner. Et annonce que 25 000 hommes de Wagner sont en marche vers la ville. \u00ab<em>Notre r\u00e9serve strat\u00e9gique<\/em>, ajoute-t-il,\u00a0<em>c\u2019est l\u2019arm\u00e9e enti\u00e8re et le pays entier\u00bb<\/em>.<\/p>\n<p>Certains analystes croient deviner dans son geste le d\u00e9tonateur d\u2019une gigantesque manipulation visant \u00e0 justifier l\u2019instauration de la loi martiale en Russie. Pour d\u2019autres, le geste fou de Prigojine ressemble \u00e0 une tentative d\u00e9sesp\u00e9r\u00e9e de reprendre la main sur son rival Cho\u00efgou. C\u2019est que,\u00a0depuis la prise de Bakhmout,\u00a0Prigojine, son arm\u00e9e priv\u00e9e saign\u00e9e \u00e0 blanc, se voit peu \u00e0 peu renvoy\u00e9 sur la touche. Le dernier coup, et le plus violent, a \u00e9t\u00e9 port\u00e9 le 11 juin dernier, quand le minist\u00e8re de la D\u00e9fense a ordonn\u00e9 \u00e0 tous les combattants des compagnies militaires priv\u00e9es russes de signer un contrat de soldat professionnel. Cela aurait signifi\u00e9 la fin de Wagner. Prigojine a refus\u00e9 de s\u2019ex\u00e9cuter, mais combien de temps aurait-il pu tenir, alors que Poutine en personne s\u2019est prononc\u00e9 en faveur de cette mesure ?<\/p>\n<p>Peut-\u00eatre, alors, a-t-il d\u00e9cid\u00e9 de jouer ainsi le tout pour le tout, en esp\u00e9rant que sa popularit\u00e9 bien r\u00e9elle parmi les hommes de troupe et les officiers du rang de l\u2019arm\u00e9e russe, provoquerait un soul\u00e8vement qui forcerait Vladimir Poutine \u00e0 le choisir, lui, contre son ministre de la D\u00e9fense ?<\/p>\n<p><strong>Trahison<\/strong><\/p>\n<p>Vers 23 heures, le FSB annonce l\u2019ouverture d\u2019une enqu\u00eate criminelle contre Prigojine pour \u00abappel \u00e0 l\u2019insurrection arm\u00e9e\u00bb. Une heure plus tard, le g\u00e9n\u00e9ral Sourovikine, consid\u00e9r\u00e9 comme le meilleur alli\u00e9 de Wagner au sein de minist\u00e8re de la D\u00e9fense, puis un autre haut grad\u00e9 russe, publient des vid\u00e9os dans lesquelles ils s\u2019adressent aux combattants de Prigojine. \u00ab<em>Je vous appelle \u00e0 vous arr\u00eater. [\u2026] Avant qu\u2019il ne soit trop tard, vous devez ob\u00e9ir aux ordres du pr\u00e9sident \u00e9lu de la F\u00e9d\u00e9ration de Russie\u00bb.\u00a0<\/em>Cela ressemble \u00e0 un l\u00e2chage en r\u00e8gle. \u00ab<em>Prigojine n\u2019a aucun alli\u00e9 au sein du pouvoir. Il avait des gens qui l\u2019aidaient sur ordre de Poutine, des connaissances, mais en aucun cas des alli\u00e9s. Tout le monde va le condamner.\u00bb<\/em>\u00a0A la t\u00e9l\u00e9vision d\u2019Etat, une s\u00e9rie d\u2019\u00e9missions sp\u00e9ciales reprennent mot pour mot les communiqu\u00e9s de presse du minist\u00e8re de la d\u00e9fense, accusant Prigojine de trahison et niant avoir men\u00e9 la fameuse attaque de missiles qui aurait mis le feu aux poudres. Poutine reste muet. Son porte-parole affirme qu\u2019il est inform\u00e9 de la situation en temps r\u00e9el. Des fuites anonymes dans la presse, sur les r\u00e9seaux sociaux, parlent d\u2019une panique absolue r\u00e9gnant au Kremlin, sans qu\u2019il soit possible de v\u00e9rifier ces informations. La police et la garde nationale sont mises en \u00e9tat d\u2019alerte \u00e0 Rostov. Des blind\u00e9s sont aper\u00e7us dans les rues de la ville. Quelques-uns aussi \u00e0 Moscou devant les b\u00e2timents officiels. Les autoroutes menant de Rostov \u00e0 Moscou sont bloqu\u00e9es.<\/p>\n<p>Imperturbable, Prigojine continue, tout au long de la nuit, de publier des nouveaux messages audio. Il affirme que ses hommes ont pass\u00e9 la fronti\u00e8re russo-ukrainienne, ont fraternis\u00e9 avec les garde-fronti\u00e8res, que les troupes envoy\u00e9es pour les arr\u00eater ont refus\u00e9 de combattre, des pilotes d\u2019avions et d\u2019h\u00e9licopt\u00e8res ont refus\u00e9 de les bombarder. Et peu \u00e0 peu, des vid\u00e9os commencent \u00e0 \u00e9merger. On y voit, dans l\u2019aube naissante, des coups de feu \u00e9chang\u00e9s aux entr\u00e9es de Rostov. Puis des hommes en armes et des chars d\u2019assaut un peu partout dans la ville, dont il est impossible de d\u00e9terminer \u00e0 quel camp ils appartiennent. La confusion, toujours.<\/p>\n<p>Jusqu\u2019\u00e0 cette nouvelle vid\u00e9o, publi\u00e9e peu de temps apr\u00e8s sept heures du matin par le compte Telegram Grey Zone, associ\u00e9 \u00e0 Wagner. On y voit Evgueni Prigojine entour\u00e9 de mercenaires en armes, dans la cour de l\u2019\u00e9tat-major de la r\u00e9gion militaire de Rostov. Manifestement, ses hommes contr\u00f4lent le b\u00e2timent. Il discute avec deux officiers russes. L\u2019un n\u2019est autre que le vice-ministre de la d\u00e9fense, Younous-Bek Evkourov. \u00ab<em>Nous sommes venus ici. Nous voulons le chef d\u2019\u00e9tat-major, et Cho\u00efgou. Tant qu\u2019ils ne sont pas ici, nous restons, nous bloquons Rostov et nous marchons vers Moscou<\/em>\u00bb. Au ton qu\u2019il emploie pour faire la le\u00e7on aux deux hommes, il semble ma\u00eetre de lui et de la situation. Quelques minutes plus tard, nouvelle vid\u00e9o : Prigojine, face cam\u00e9ra, affirme que ses forces contr\u00f4lent\u00a0<em>\u00ables sites militaires de Rostov\u00bb<\/em>, y compris l\u2019a\u00e9roport. Il insiste sur le fait que les op\u00e9rations militaires contre l\u2019Ukraine se poursuivent normalement. Et lance de nouvelles accusations contre le minist\u00e8re de la d\u00e9fense : \u00ab<em>Les pertes territoriales sont colossales. Les pertes en hommes sont trois \u00e0 quatre fois sup\u00e9rieures \u00e0 ce qui est rapport\u00e9 \u00e0 Moscou. Il y a parfois jusqu\u2019\u00e0 mille pertes par jour. Le chef d\u2019\u00e9tat-major s\u2019est enfui d\u00e8s qu\u2019il a su que nous approchions du b\u00e2timent<\/em>\u00bb.<\/p>\n<p>Que peut-il se passer ensuite ? Les forces de Wagner sont-elles r\u00e9ellement en marche vers la capitale russe ? Et pour y faire quoi ? Il n\u2019y a pas, \u00e0 l\u2019heure actuelle, de r\u00e9ponse \u00e0 ces questions. L\u2019ambiance, sur les r\u00e9seaux sociaux russes, rappelle celle des premiers jours de l\u2019invasion de l\u2019Ukraine, en f\u00e9vrier dernier : sid\u00e9ration et vertige alors que d\u00e9filent sur les fils d\u2019actualit\u00e9 des informations qui semblaient encore, la veille, relever de la mauvaise politique-fiction. Tout, d\u2019un seul coup, est devenu possible.<\/p>\n<div class='share-to-whatsapp-wrapper'><div class='share-on-whsp'>PARTAGER SUR : <\/div><a data-text='RUSSIE - Le chef de Wagner se rebelle contre l\u2019arm\u00e9e r\u00e9guli\u00e8re' data-link='https:\/\/www.nettali.com\/2023\/06\/24\/russie-le-chef-de-wagner-se-rebelle-contre-larmee-reguliere\/' class='whatsapp-button whatsapp-share'>WhatsApp<\/a><div class='clear '><\/div><\/div>","protected":false},"excerpt":{"rendered":"<p>NETTALI.COM - Le patron de la milice Wagner a provoqu\u00e9 la stup\u00e9faction dans la nuit du vendredi 23 au samedi 24 juin en d\u00e9clarant la guerre \u00e0 l\u2019arm\u00e9e russe et le d\u00e9but d\u2019une r\u00e9bellion arm\u00e9e, avant de prendre le contr\u00f4le du QG militaire de Rostov, une ville russe non loin de la fronti\u00e8re avec l\u2019Ukraine. [&hellip;]<\/p>\n","protected":false},"author":4,"featured_media":112815,"comment_status":"open","ping_status":"open","sticky":false,"template":"","format":"standard","meta":{"_et_pb_use_builder":"","_et_pb_old_content":""},"categories":[8],"tags":[],"yoast_head":"<!-- This site is optimized with the Yoast SEO Premium plugin v17.8 (Yoast SEO v17.8) - https:\/\/yoast.com\/wordpress\/plugins\/seo\/ -->\n<title>RUSSIE - Le chef de Wagner se rebelle contre l\u2019arm\u00e9e r\u00e9guli\u00e8re | Nettali.com<\/title>\n<meta name=\"robots\" content=\"index, follow, max-snippet:-1, max-image-preview:large, max-video-preview:-1\" \/>\n<link rel=\"canonical\" href=\"https:\/\/www.nettali.com\/2023\/06\/24\/russie-le-chef-de-wagner-se-rebelle-contre-larmee-reguliere\/\" \/>\n<meta property=\"og:locale\" content=\"fr_FR\" \/>\n<meta property=\"og:type\" content=\"article\" \/>\n<meta property=\"og:title\" content=\"RUSSIE - Le chef de Wagner se rebelle contre l\u2019arm\u00e9e r\u00e9guli\u00e8re\" \/>\n<meta property=\"og:description\" content=\"NETTALI.COM - Le patron de la milice Wagner a provoqu\u00e9 la stup\u00e9faction dans la nuit du vendredi 23 au samedi 24 juin en d\u00e9clarant la guerre \u00e0 l\u2019arm\u00e9e russe et le d\u00e9but d\u2019une r\u00e9bellion arm\u00e9e, avant de prendre le contr\u00f4le du QG militaire de Rostov, une ville russe non loin de la fronti\u00e8re avec l\u2019Ukraine. [&hellip;]\" \/>\n<meta property=\"og:url\" content=\"https:\/\/www.nettali.com\/2023\/06\/24\/russie-le-chef-de-wagner-se-rebelle-contre-larmee-reguliere\/\" \/>\n<meta property=\"og:site_name\" content=\"Nettali.com\" \/>\n<meta property=\"article:publisher\" content=\"https:\/\/www.facebook.com\/nettalicom\" \/>\n<meta property=\"article:published_time\" content=\"2023-06-24T09:41:34+00:00\" \/>\n<meta property=\"og:image\" content=\"https:\/\/www.nettali.com\/wp-content\/uploads\/2023\/06\/chef-wagner.jpeg\" \/>\n\t<meta property=\"og:image:width\" content=\"1280\" \/>\n\t<meta property=\"og:image:height\" content=\"720\" \/>\n<meta name=\"twitter:card\" content=\"summary_large_image\" \/>\n<meta name=\"twitter:label1\" content=\"\u00c9crit par\" \/>\n\t<meta name=\"twitter:data1\" content=\"Daouda\" \/>\n\t<meta name=\"twitter:label2\" content=\"Dur\u00e9e de lecture estim\u00e9e\" \/>\n\t<meta name=\"twitter:data2\" content=\"7 minutes\" \/>\n<script type=\"application\/ld+json\" class=\"yoast-schema-graph\">{\"@context\":\"https:\/\/schema.org\",\"@graph\":[{\"@type\":\"WebSite\",\"@id\":\"https:\/\/www.nettali.com\/#website\",\"url\":\"https:\/\/www.nettali.com\/\",\"name\":\"Nettali.com\",\"description\":\"Le rendez-vous critique du Net\",\"potentialAction\":[{\"@type\":\"SearchAction\",\"target\":{\"@type\":\"EntryPoint\",\"urlTemplate\":\"https:\/\/www.nettali.com\/?s={search_term_string}\"},\"query-input\":\"required name=search_term_string\"}],\"inLanguage\":\"fr-FR\"},{\"@type\":\"ImageObject\",\"@id\":\"https:\/\/www.nettali.com\/2023\/06\/24\/russie-le-chef-de-wagner-se-rebelle-contre-larmee-reguliere\/#primaryimage\",\"inLanguage\":\"fr-FR\",\"url\":\"https:\/\/www.nettali.com\/wp-content\/uploads\/2023\/06\/chef-wagner.jpeg\",\"contentUrl\":\"https:\/\/www.nettali.com\/wp-content\/uploads\/2023\/06\/chef-wagner.jpeg\",\"width\":1280,\"height\":720,\"caption\":\"Wagner Group founder Yevgeny Prigozhin addresses his units withdrawing from Bakhmut, the city captured from the Ukrainian Armed Forces. May 25, 2023. Wagner forces have begun withdrawing from Bakhmut and will hand over positions to the Russian army, says the mercenary group's chief Yevgeny Prigozhin, having claimed to have captured Ukraine's eastern city. Photo by Press service of Prigozhin\/ UPI Photo via Newscom\/upiphotostwo930557\/UPI\/Newscom\/SIPA\/2305260248\"},{\"@type\":\"WebPage\",\"@id\":\"https:\/\/www.nettali.com\/2023\/06\/24\/russie-le-chef-de-wagner-se-rebelle-contre-larmee-reguliere\/#webpage\",\"url\":\"https:\/\/www.nettali.com\/2023\/06\/24\/russie-le-chef-de-wagner-se-rebelle-contre-larmee-reguliere\/\",\"name\":\"RUSSIE - Le chef de Wagner se rebelle contre l\\u2019arm\\u00e9e r\\u00e9guli\\u00e8re | Nettali.com\",\"isPartOf\":{\"@id\":\"https:\/\/www.nettali.com\/#website\"},\"primaryImageOfPage\":{\"@id\":\"https:\/\/www.nettali.com\/2023\/06\/24\/russie-le-chef-de-wagner-se-rebelle-contre-larmee-reguliere\/#primaryimage\"},\"datePublished\":\"2023-06-24T09:41:34+00:00\",\"dateModified\":\"2023-06-24T09:41:34+00:00\",\"author\":{\"@id\":\"https:\/\/www.nettali.com\/#\/schema\/person\/3317e0bb3aa1da309fbf7b2780901bf4\"},\"breadcrumb\":{\"@id\":\"https:\/\/www.nettali.com\/2023\/06\/24\/russie-le-chef-de-wagner-se-rebelle-contre-larmee-reguliere\/#breadcrumb\"},\"inLanguage\":\"fr-FR\",\"potentialAction\":[{\"@type\":\"ReadAction\",\"target\":[\"https:\/\/www.nettali.com\/2023\/06\/24\/russie-le-chef-de-wagner-se-rebelle-contre-larmee-reguliere\/\"]}]},{\"@type\":\"BreadcrumbList\",\"@id\":\"https:\/\/www.nettali.com\/2023\/06\/24\/russie-le-chef-de-wagner-se-rebelle-contre-larmee-reguliere\/#breadcrumb\",\"itemListElement\":[{\"@type\":\"ListItem\",\"position\":1,\"name\":\"Accueil\",\"item\":\"https:\/\/www.nettali.com\/\"},{\"@type\":\"ListItem\",\"position\":2,\"name\":\"RUSSIE - Le chef de Wagner se rebelle contre l\\u2019arm\\u00e9e r\\u00e9guli\\u00e8re\"}]},{\"@type\":\"Person\",\"@id\":\"https:\/\/www.nettali.com\/#\/schema\/person\/3317e0bb3aa1da309fbf7b2780901bf4\",\"name\":\"Daouda\",\"image\":{\"@type\":\"ImageObject\",\"@id\":\"https:\/\/www.nettali.com\/#personlogo\",\"inLanguage\":\"fr-FR\",\"url\":\"https:\/\/secure.gravatar.com\/avatar\/8d143b5a49345098ddcfee1c49c2f47c?s=96&d=mm&r=g\",\"contentUrl\":\"https:\/\/secure.gravatar.com\/avatar\/8d143b5a49345098ddcfee1c49c2f47c?s=96&d=mm&r=g\",\"caption\":\"Daouda\"},\"sameAs\":[\"https:\/\/www.nettali.com\"]}]}<\/script>\n<!-- \/ Yoast SEO Premium plugin. -->","yoast_head_json":{"title":"RUSSIE - Le chef de Wagner se rebelle contre l\u2019arm\u00e9e r\u00e9guli\u00e8re | Nettali.com","robots":{"index":"index","follow":"follow","max-snippet":"max-snippet:-1","max-image-preview":"max-image-preview:large","max-video-preview":"max-video-preview:-1"},"canonical":"https:\/\/www.nettali.com\/2023\/06\/24\/russie-le-chef-de-wagner-se-rebelle-contre-larmee-reguliere\/","og_locale":"fr_FR","og_type":"article","og_title":"RUSSIE - Le chef de Wagner se rebelle contre l\u2019arm\u00e9e r\u00e9guli\u00e8re","og_description":"NETTALI.COM - Le patron de la milice Wagner a provoqu\u00e9 la stup\u00e9faction dans la nuit du vendredi 23 au samedi 24 juin en d\u00e9clarant la guerre \u00e0 l\u2019arm\u00e9e russe et le d\u00e9but d\u2019une r\u00e9bellion arm\u00e9e, avant de prendre le contr\u00f4le du QG militaire de Rostov, une ville russe non loin de la fronti\u00e8re avec l\u2019Ukraine. [&hellip;]","og_url":"https:\/\/www.nettali.com\/2023\/06\/24\/russie-le-chef-de-wagner-se-rebelle-contre-larmee-reguliere\/","og_site_name":"Nettali.com","article_publisher":"https:\/\/www.facebook.com\/nettalicom","article_published_time":"2023-06-24T09:41:34+00:00","og_image":[{"width":1280,"height":720,"url":"https:\/\/www.nettali.com\/wp-content\/uploads\/2023\/06\/chef-wagner.jpeg","type":"image\/jpeg"}],"twitter_card":"summary_large_image","twitter_misc":{"\u00c9crit par":"Daouda","Dur\u00e9e de lecture estim\u00e9e":"7 minutes"},"schema":{"@context":"https:\/\/schema.org","@graph":[{"@type":"WebSite","@id":"https:\/\/www.nettali.com\/#website","url":"https:\/\/www.nettali.com\/","name":"Nettali.com","description":"Le rendez-vous critique du Net","potentialAction":[{"@type":"SearchAction","target":{"@type":"EntryPoint","urlTemplate":"https:\/\/www.nettali.com\/?s={search_term_string}"},"query-input":"required name=search_term_string"}],"inLanguage":"fr-FR"},{"@type":"ImageObject","@id":"https:\/\/www.nettali.com\/2023\/06\/24\/russie-le-chef-de-wagner-se-rebelle-contre-larmee-reguliere\/#primaryimage","inLanguage":"fr-FR","url":"https:\/\/www.nettali.com\/wp-content\/uploads\/2023\/06\/chef-wagner.jpeg","contentUrl":"https:\/\/www.nettali.com\/wp-content\/uploads\/2023\/06\/chef-wagner.jpeg","width":1280,"height":720,"caption":"Wagner Group founder Yevgeny Prigozhin addresses his units withdrawing from Bakhmut, the city captured from the Ukrainian Armed Forces. May 25, 2023. Wagner forces have begun withdrawing from Bakhmut and will hand over positions to the Russian army, says the mercenary group's chief Yevgeny Prigozhin, having claimed to have captured Ukraine's eastern city. Photo by Press service of Prigozhin\/ UPI Photo via Newscom\/upiphotostwo930557\/UPI\/Newscom\/SIPA\/2305260248"},{"@type":"WebPage","@id":"https:\/\/www.nettali.com\/2023\/06\/24\/russie-le-chef-de-wagner-se-rebelle-contre-larmee-reguliere\/#webpage","url":"https:\/\/www.nettali.com\/2023\/06\/24\/russie-le-chef-de-wagner-se-rebelle-contre-larmee-reguliere\/","name":"RUSSIE - Le chef de Wagner se rebelle contre l\u2019arm\u00e9e r\u00e9guli\u00e8re | Nettali.com","isPartOf":{"@id":"https:\/\/www.nettali.com\/#website"},"primaryImageOfPage":{"@id":"https:\/\/www.nettali.com\/2023\/06\/24\/russie-le-chef-de-wagner-se-rebelle-contre-larmee-reguliere\/#primaryimage"},"datePublished":"2023-06-24T09:41:34+00:00","dateModified":"2023-06-24T09:41:34+00:00","author":{"@id":"https:\/\/www.nettali.com\/#\/schema\/person\/3317e0bb3aa1da309fbf7b2780901bf4"},"breadcrumb":{"@id":"https:\/\/www.nettali.com\/2023\/06\/24\/russie-le-chef-de-wagner-se-rebelle-contre-larmee-reguliere\/#breadcrumb"},"inLanguage":"fr-FR","potentialAction":[{"@type":"ReadAction","target":["https:\/\/www.nettali.com\/2023\/06\/24\/russie-le-chef-de-wagner-se-rebelle-contre-larmee-reguliere\/"]}]},{"@type":"BreadcrumbList","@id":"https:\/\/www.nettali.com\/2023\/06\/24\/russie-le-chef-de-wagner-se-rebelle-contre-larmee-reguliere\/#breadcrumb","itemListElement":[{"@type":"ListItem","position":1,"name":"Accueil","item":"https:\/\/www.nettali.com\/"},{"@type":"ListItem","position":2,"name":"RUSSIE - Le chef de Wagner se rebelle contre l\u2019arm\u00e9e r\u00e9guli\u00e8re"}]},{"@type":"Person","@id":"https:\/\/www.nettali.com\/#\/schema\/person\/3317e0bb3aa1da309fbf7b2780901bf4","name":"Daouda","image":{"@type":"ImageObject","@id":"https:\/\/www.nettali.com\/#personlogo","inLanguage":"fr-FR","url":"https:\/\/secure.gravatar.com\/avatar\/8d143b5a49345098ddcfee1c49c2f47c?s=96&d=mm&r=g","contentUrl":"https:\/\/secure.gravatar.com\/avatar\/8d143b5a49345098ddcfee1c49c2f47c?s=96&d=mm&r=g","caption":"Daouda"},"sameAs":["https:\/\/www.nettali.com"]}]}},"_links":{"self":[{"href":"https:\/\/www.nettali.com\/rest\/wp\/v2\/posts\/112814"}],"collection":[{"href":"https:\/\/www.nettali.com\/rest\/wp\/v2\/posts"}],"about":[{"href":"https:\/\/www.nettali.com\/rest\/wp\/v2\/types\/post"}],"author":[{"embeddable":true,"href":"https:\/\/www.nettali.com\/rest\/wp\/v2\/users\/4"}],"replies":[{"embeddable":true,"href":"https:\/\/www.nettali.com\/rest\/wp\/v2\/comments?post=112814"}],"version-history":[{"count":1,"href":"https:\/\/www.nettali.com\/rest\/wp\/v2\/posts\/112814\/revisions"}],"predecessor-version":[{"id":112816,"href":"https:\/\/www.nettali.com\/rest\/wp\/v2\/posts\/112814\/revisions\/112816"}],"wp:featuredmedia":[{"embeddable":true,"href":"https:\/\/www.nettali.com\/rest\/wp\/v2\/media\/112815"}],"wp:attachment":[{"href":"https:\/\/www.nettali.com\/rest\/wp\/v2\/media?parent=112814"}],"wp:term":[{"taxonomy":"category","embeddable":true,"href":"https:\/\/www.nettali.com\/rest\/wp\/v2\/categories?post=112814"},{"taxonomy":"post_tag","embeddable":true,"href":"https:\/\/www.nettali.com\/rest\/wp\/v2\/tags?post=112814"}],"curies":[{"name":"wp","href":"https:\/\/api.w.org\/{rel}","templated":true}]}}