{"id":112805,"date":"2023-06-24T09:43:50","date_gmt":"2023-06-24T09:43:50","guid":{"rendered":"https:\/\/www.nettali.com\/?p=112805"},"modified":"2023-06-24T09:43:50","modified_gmt":"2023-06-24T09:43:50","slug":"en-coulisses-le-dantec-les-fournisseurs-reclament-leurs-38-milliards","status":"publish","type":"post","link":"https:\/\/www.nettali.com\/2023\/06\/24\/en-coulisses-le-dantec-les-fournisseurs-reclament-leurs-38-milliards\/","title":{"rendered":"EN COULISSES - Le Dantec : les fournisseurs r\u00e9clament leurs 3,8 milliards"},"content":{"rendered":"<div class=\"page\" title=\"Page 2\">\n<div class=\"section\">\n<div class=\"layoutArea\">\n<div class=\"column\">\n<p><strong>NETTALI.COM -<\/strong> Les cre\u0301diteurs de l\u2019ho\u0302pital Aristide Le Dantec adressent une lettre ouverte au pre\u0301sident de la Re\u0301publique lui faisant e\u0301tat de la dette de 3 800 000 000 FCFA. Dans leur correspondance, ils condamnent la de\u0301marche du ministe\u0300re de la Sante\u0301 qui n\u2019a voulu ni les recevoir, ni leur donner l\u2019acompte que le ministe\u0300re des Finances et du Budget leur a octroye\u0301. Par-la\u0300, ils affirment avoir envoye\u0301 de multiples courriers aux ministe\u0300res de la Sante\u0301 et de l\u2019Action sociale, des Finances et du Budget et a\u0300 la direction de l\u2019ho\u0302pital Aristide Le Dantec.<\/p>\n<p>Dans leur lettre, le pre\u0301sident des fournisseurs de Le Dantec informe que les banques, les partenaires et les fournisseurs leur demandent de respecter leur engagement. Ainsi, ils soulignent que des produits destine\u0301s a\u0300 l\u2019ho\u0302pital sont pe\u0301rime\u0301s dans les magasins.<\/p>\n<p>\"<em>Nous ne pouvons plus respecter les contrats signe\u0301s avec les autres structures et nos employe\u0301s risquent de perdre leurs emplois<\/em>\", font-ils savoir.<\/p>\n<\/div>\n<div class=\"column\">\n<p>Par ailleurs, ils exhortent le pre\u0301sident de la Re\u0301publique a\u0300 \"<em>bien vouloir donner les instructions ne\u0301cessaires afin que les services compe\u0301tents re\u0301parent cette injustice\"<\/em>. Et ils espe\u0300rent une intervention de la part du chef de l\u2019E\u0301tat pour qu\u2019ils puissent re\u0301gler des cre\u0301ances et sauver leurs entreprises. Les cre\u0301anciers de l\u2019ho\u0302pital Aristide Le Dantec rappellent qu\u2019ils ont tou- jours e\u0301te\u0301 un partenaire avec le ministe\u0300re de la Sante\u0301, et la Covid- 19 peut l\u2019illustrer.<\/p>\n<p>En outre, les cre\u0301anciers ont remercie\u0301 le ministre des Finances qui a accepte\u0301 de les recevoir par \"l<em>\u2019interme\u0301diaire de ses services et aurait me\u0302me de\u0301gage\u0301 depuis deux mois un montant pour un acompte de la dette<\/em>\".<\/p>\n<\/div>\n<\/div>\n<\/div>\n<\/div>\n<div class='share-to-whatsapp-wrapper'><div class='share-on-whsp'>PARTAGER SUR : <\/div><a data-text='EN COULISSES - Le Dantec : les fournisseurs r\u00e9clament leurs 3,8 milliards' data-link='https:\/\/www.nettali.com\/2023\/06\/24\/en-coulisses-le-dantec-les-fournisseurs-reclament-leurs-38-milliards\/' class='whatsapp-button whatsapp-share'>WhatsApp<\/a><div class='clear '><\/div><\/div>","protected":false},"excerpt":{"rendered":"<p>NETTALI.COM - Les cre\u0301diteurs de l\u2019ho\u0302pital Aristide Le Dantec adressent une lettre ouverte au pre\u0301sident de la Re\u0301publique lui faisant e\u0301tat de la dette de 3 800 000 000 FCFA. Dans leur correspondance, ils condamnent la de\u0301marche du ministe\u0300re de la Sante\u0301 qui n\u2019a voulu ni les recevoir, ni leur donner l\u2019acompte que le ministe\u0300re [&hellip;]<\/p>\n","protected":false},"author":2,"featured_media":112817,"comment_status":"open","ping_status":"open","sticky":false,"template":"","format":"standard","meta":{"_et_pb_use_builder":"","_et_pb_old_content":""},"categories":[34945],"tags":[],"yoast_head":"<!-- This site is optimized with the Yoast SEO Premium plugin v17.8 (Yoast SEO v17.8) - https:\/\/yoast.com\/wordpress\/plugins\/seo\/ -->\n<title>EN COULISSES - Le Dantec : les fournisseurs r\u00e9clament leurs 3,8 milliards | Nettali.com<\/title>\n<meta name=\"robots\" content=\"index, follow, max-snippet:-1, max-image-preview:large, max-video-preview:-1\" \/>\n<link rel=\"canonical\" href=\"https:\/\/www.nettali.com\/2023\/06\/24\/en-coulisses-le-dantec-les-fournisseurs-reclament-leurs-38-milliards\/\" \/>\n<meta property=\"og:locale\" content=\"fr_FR\" \/>\n<meta property=\"og:type\" content=\"article\" \/>\n<meta property=\"og:title\" content=\"EN COULISSES - Le Dantec : les fournisseurs r\u00e9clament leurs 3,8 milliards\" \/>\n<meta property=\"og:description\" content=\"NETTALI.COM - Les cre\u0301diteurs de l\u2019ho\u0302pital Aristide Le Dantec adressent une lettre ouverte au pre\u0301sident de la Re\u0301publique lui faisant e\u0301tat de la dette de 3 800 000 000 FCFA. Dans leur correspondance, ils condamnent la de\u0301marche du ministe\u0300re de la Sante\u0301 qui n\u2019a voulu ni les recevoir, ni leur donner l\u2019acompte que le ministe\u0300re [&hellip;]\" \/>\n<meta property=\"og:url\" content=\"https:\/\/www.nettali.com\/2023\/06\/24\/en-coulisses-le-dantec-les-fournisseurs-reclament-leurs-38-milliards\/\" \/>\n<meta property=\"og:site_name\" content=\"Nettali.com\" \/>\n<meta property=\"article:publisher\" content=\"https:\/\/www.facebook.com\/nettalicom\" \/>\n<meta property=\"article:published_time\" content=\"2023-06-24T09:43:50+00:00\" \/>\n<meta property=\"og:image\" content=\"https:\/\/www.nettali.com\/wp-content\/uploads\/2023\/06\/media.jpg\" \/>\n\t<meta property=\"og:image:width\" content=\"660\" \/>\n\t<meta property=\"og:image:height\" content=\"371\" \/>\n<meta name=\"twitter:card\" content=\"summary_large_image\" \/>\n<meta name=\"twitter:label1\" content=\"\u00c9crit par\" \/>\n\t<meta name=\"twitter:data1\" content=\"CK\" \/>\n\t<meta name=\"twitter:label2\" content=\"Dur\u00e9e de lecture estim\u00e9e\" \/>\n\t<meta name=\"twitter:data2\" content=\"2 minutes\" \/>\n<script type=\"application\/ld+json\" class=\"yoast-schema-graph\">{\"@context\":\"https:\/\/schema.org\",\"@graph\":[{\"@type\":\"WebSite\",\"@id\":\"https:\/\/www.nettali.com\/#website\",\"url\":\"https:\/\/www.nettali.com\/\",\"name\":\"Nettali.com\",\"description\":\"Le rendez-vous critique du Net\",\"potentialAction\":[{\"@type\":\"SearchAction\",\"target\":{\"@type\":\"EntryPoint\",\"urlTemplate\":\"https:\/\/www.nettali.com\/?s={search_term_string}\"},\"query-input\":\"required name=search_term_string\"}],\"inLanguage\":\"fr-FR\"},{\"@type\":\"ImageObject\",\"@id\":\"https:\/\/www.nettali.com\/2023\/06\/24\/en-coulisses-le-dantec-les-fournisseurs-reclament-leurs-38-milliards\/#primaryimage\",\"inLanguage\":\"fr-FR\",\"url\":\"https:\/\/www.nettali.com\/wp-content\/uploads\/2023\/06\/media.jpg\",\"contentUrl\":\"https:\/\/www.nettali.com\/wp-content\/uploads\/2023\/06\/media.jpg\",\"width\":660,\"height\":371},{\"@type\":\"WebPage\",\"@id\":\"https:\/\/www.nettali.com\/2023\/06\/24\/en-coulisses-le-dantec-les-fournisseurs-reclament-leurs-38-milliards\/#webpage\",\"url\":\"https:\/\/www.nettali.com\/2023\/06\/24\/en-coulisses-le-dantec-les-fournisseurs-reclament-leurs-38-milliards\/\",\"name\":\"EN COULISSES - Le Dantec : les fournisseurs r\\u00e9clament leurs 3,8 milliards | Nettali.com\",\"isPartOf\":{\"@id\":\"https:\/\/www.nettali.com\/#website\"},\"primaryImageOfPage\":{\"@id\":\"https:\/\/www.nettali.com\/2023\/06\/24\/en-coulisses-le-dantec-les-fournisseurs-reclament-leurs-38-milliards\/#primaryimage\"},\"datePublished\":\"2023-06-24T09:43:50+00:00\",\"dateModified\":\"2023-06-24T09:43:50+00:00\",\"author\":{\"@id\":\"https:\/\/www.nettali.com\/#\/schema\/person\/d8ac7b7e27ddad43f1c0d2ef090d7f71\"},\"breadcrumb\":{\"@id\":\"https:\/\/www.nettali.com\/2023\/06\/24\/en-coulisses-le-dantec-les-fournisseurs-reclament-leurs-38-milliards\/#breadcrumb\"},\"inLanguage\":\"fr-FR\",\"potentialAction\":[{\"@type\":\"ReadAction\",\"target\":[\"https:\/\/www.nettali.com\/2023\/06\/24\/en-coulisses-le-dantec-les-fournisseurs-reclament-leurs-38-milliards\/\"]}]},{\"@type\":\"BreadcrumbList\",\"@id\":\"https:\/\/www.nettali.com\/2023\/06\/24\/en-coulisses-le-dantec-les-fournisseurs-reclament-leurs-38-milliards\/#breadcrumb\",\"itemListElement\":[{\"@type\":\"ListItem\",\"position\":1,\"name\":\"Accueil\",\"item\":\"https:\/\/www.nettali.com\/\"},{\"@type\":\"ListItem\",\"position\":2,\"name\":\"EN COULISSES - Le Dantec : les fournisseurs r\\u00e9clament leurs 3,8 milliards\"}]},{\"@type\":\"Person\",\"@id\":\"https:\/\/www.nettali.com\/#\/schema\/person\/d8ac7b7e27ddad43f1c0d2ef090d7f71\",\"name\":\"CK\",\"image\":{\"@type\":\"ImageObject\",\"@id\":\"https:\/\/www.nettali.com\/#personlogo\",\"inLanguage\":\"fr-FR\",\"url\":\"https:\/\/secure.gravatar.com\/avatar\/1d8d5118b9327d94da7cd4ce7f17fec2?s=96&d=mm&r=g\",\"contentUrl\":\"https:\/\/secure.gravatar.com\/avatar\/1d8d5118b9327d94da7cd4ce7f17fec2?s=96&d=mm&r=g\",\"caption\":\"CK\"},\"sameAs\":[\"https:\/\/www.nettali.com\"]}]}<\/script>\n<!-- \/ Yoast SEO Premium plugin. -->","yoast_head_json":{"title":"EN COULISSES - Le Dantec : les fournisseurs r\u00e9clament leurs 3,8 milliards | Nettali.com","robots":{"index":"index","follow":"follow","max-snippet":"max-snippet:-1","max-image-preview":"max-image-preview:large","max-video-preview":"max-video-preview:-1"},"canonical":"https:\/\/www.nettali.com\/2023\/06\/24\/en-coulisses-le-dantec-les-fournisseurs-reclament-leurs-38-milliards\/","og_locale":"fr_FR","og_type":"article","og_title":"EN COULISSES - Le Dantec : les fournisseurs r\u00e9clament leurs 3,8 milliards","og_description":"NETTALI.COM - Les cre\u0301diteurs de l\u2019ho\u0302pital Aristide Le Dantec adressent une lettre ouverte au pre\u0301sident de la Re\u0301publique lui faisant e\u0301tat de la dette de 3 800 000 000 FCFA. Dans leur correspondance, ils condamnent la de\u0301marche du ministe\u0300re de la Sante\u0301 qui n\u2019a voulu ni les recevoir, ni leur donner l\u2019acompte que le ministe\u0300re [&hellip;]","og_url":"https:\/\/www.nettali.com\/2023\/06\/24\/en-coulisses-le-dantec-les-fournisseurs-reclament-leurs-38-milliards\/","og_site_name":"Nettali.com","article_publisher":"https:\/\/www.facebook.com\/nettalicom","article_published_time":"2023-06-24T09:43:50+00:00","og_image":[{"width":660,"height":371,"url":"https:\/\/www.nettali.com\/wp-content\/uploads\/2023\/06\/media.jpg","type":"image\/jpeg"}],"twitter_card":"summary_large_image","twitter_misc":{"\u00c9crit par":"CK","Dur\u00e9e de lecture estim\u00e9e":"2 minutes"},"schema":{"@context":"https:\/\/schema.org","@graph":[{"@type":"WebSite","@id":"https:\/\/www.nettali.com\/#website","url":"https:\/\/www.nettali.com\/","name":"Nettali.com","description":"Le rendez-vous critique du Net","potentialAction":[{"@type":"SearchAction","target":{"@type":"EntryPoint","urlTemplate":"https:\/\/www.nettali.com\/?s={search_term_string}"},"query-input":"required name=search_term_string"}],"inLanguage":"fr-FR"},{"@type":"ImageObject","@id":"https:\/\/www.nettali.com\/2023\/06\/24\/en-coulisses-le-dantec-les-fournisseurs-reclament-leurs-38-milliards\/#primaryimage","inLanguage":"fr-FR","url":"https:\/\/www.nettali.com\/wp-content\/uploads\/2023\/06\/media.jpg","contentUrl":"https:\/\/www.nettali.com\/wp-content\/uploads\/2023\/06\/media.jpg","width":660,"height":371},{"@type":"WebPage","@id":"https:\/\/www.nettali.com\/2023\/06\/24\/en-coulisses-le-dantec-les-fournisseurs-reclament-leurs-38-milliards\/#webpage","url":"https:\/\/www.nettali.com\/2023\/06\/24\/en-coulisses-le-dantec-les-fournisseurs-reclament-leurs-38-milliards\/","name":"EN COULISSES - Le Dantec : les fournisseurs r\u00e9clament leurs 3,8 milliards | Nettali.com","isPartOf":{"@id":"https:\/\/www.nettali.com\/#website"},"primaryImageOfPage":{"@id":"https:\/\/www.nettali.com\/2023\/06\/24\/en-coulisses-le-dantec-les-fournisseurs-reclament-leurs-38-milliards\/#primaryimage"},"datePublished":"2023-06-24T09:43:50+00:00","dateModified":"2023-06-24T09:43:50+00:00","author":{"@id":"https:\/\/www.nettali.com\/#\/schema\/person\/d8ac7b7e27ddad43f1c0d2ef090d7f71"},"breadcrumb":{"@id":"https:\/\/www.nettali.com\/2023\/06\/24\/en-coulisses-le-dantec-les-fournisseurs-reclament-leurs-38-milliards\/#breadcrumb"},"inLanguage":"fr-FR","potentialAction":[{"@type":"ReadAction","target":["https:\/\/www.nettali.com\/2023\/06\/24\/en-coulisses-le-dantec-les-fournisseurs-reclament-leurs-38-milliards\/"]}]},{"@type":"BreadcrumbList","@id":"https:\/\/www.nettali.com\/2023\/06\/24\/en-coulisses-le-dantec-les-fournisseurs-reclament-leurs-38-milliards\/#breadcrumb","itemListElement":[{"@type":"ListItem","position":1,"name":"Accueil","item":"https:\/\/www.nettali.com\/"},{"@type":"ListItem","position":2,"name":"EN COULISSES - Le Dantec : les fournisseurs r\u00e9clament leurs 3,8 milliards"}]},{"@type":"Person","@id":"https:\/\/www.nettali.com\/#\/schema\/person\/d8ac7b7e27ddad43f1c0d2ef090d7f71","name":"CK","image":{"@type":"ImageObject","@id":"https:\/\/www.nettali.com\/#personlogo","inLanguage":"fr-FR","url":"https:\/\/secure.gravatar.com\/avatar\/1d8d5118b9327d94da7cd4ce7f17fec2?s=96&d=mm&r=g","contentUrl":"https:\/\/secure.gravatar.com\/avatar\/1d8d5118b9327d94da7cd4ce7f17fec2?s=96&d=mm&r=g","caption":"CK"},"sameAs":["https:\/\/www.nettali.com"]}]}},"_links":{"self":[{"href":"https:\/\/www.nettali.com\/rest\/wp\/v2\/posts\/112805"}],"collection":[{"href":"https:\/\/www.nettali.com\/rest\/wp\/v2\/posts"}],"about":[{"href":"https:\/\/www.nettali.com\/rest\/wp\/v2\/types\/post"}],"author":[{"embeddable":true,"href":"https:\/\/www.nettali.com\/rest\/wp\/v2\/users\/2"}],"replies":[{"embeddable":true,"href":"https:\/\/www.nettali.com\/rest\/wp\/v2\/comments?post=112805"}],"version-history":[{"count":1,"href":"https:\/\/www.nettali.com\/rest\/wp\/v2\/posts\/112805\/revisions"}],"predecessor-version":[{"id":112806,"href":"https:\/\/www.nettali.com\/rest\/wp\/v2\/posts\/112805\/revisions\/112806"}],"wp:featuredmedia":[{"embeddable":true,"href":"https:\/\/www.nettali.com\/rest\/wp\/v2\/media\/112817"}],"wp:attachment":[{"href":"https:\/\/www.nettali.com\/rest\/wp\/v2\/media?parent=112805"}],"wp:term":[{"taxonomy":"category","embeddable":true,"href":"https:\/\/www.nettali.com\/rest\/wp\/v2\/categories?post=112805"},{"taxonomy":"post_tag","embeddable":true,"href":"https:\/\/www.nettali.com\/rest\/wp\/v2\/tags?post=112805"}],"curies":[{"name":"wp","href":"https:\/\/api.w.org\/{rel}","templated":true}]}}