{"id":112705,"date":"2023-06-22T14:01:31","date_gmt":"2023-06-22T14:01:31","guid":{"rendered":"https:\/\/www.nettali.com\/?p=112705"},"modified":"2023-06-22T14:01:31","modified_gmt":"2023-06-22T14:01:31","slug":"en-coulisses-limam-dicko-face-a-la-junte-ter","status":"publish","type":"post","link":"https:\/\/www.nettali.com\/2023\/06\/22\/en-coulisses-limam-dicko-face-a-la-junte-ter\/","title":{"rendered":"EN COULISSES - L'imam Dicko face \u00e0 la junte (ter)"},"content":{"rendered":"<div class=\"page\" title=\"Page 8\">\n<div class=\"layoutArea\">\n<div class=\"column\">\n<p><strong>NETTALI.COM -<\/strong> Poursuivons sur le face entre l'imam Dicko et la junte, c'est pour signaler que selon plusieurs spe\u0301cialistes, la junte a de\u0301cide\u0301 d\u2019ignorer le remuant guide religieux, dans le but de s\u2019e\u0301pargner l\u2019ouverture d\u2019un front de contestation interne, alors que le pe\u0301ril djihadiste semble e\u0302tre aux portes de<\/p>\n<\/div>\n<div class=\"column\">\n<p>Bamako. Les colonels au pouvoir pre\u0301fe\u0300rent lui laisser sa liberte\u0301 de ton, du moment que ses critiques n\u2019ont pas une grande incidence sur leur gou- vernance. Le taux de participation du re\u0301fe\u0301rendum est de 38,8 % et les re\u0301sultats de\u0301finitifs sont pre\u0301vus vendredi prochain.<\/p>\n<p>Si le Oui venait a\u0300 l\u2019emporter, cela pourrait apparaitre comme un camouflet pour l\u2019imam qui avait milite\u0301 pour le Non. L\u2019imam Dicko et ses ouailles ont fragilise\u0301 le pouvoir d\u2019Ibrahim Boubacar Kei\u0308ta, a\u0300 travers le raz-de-mare\u0301e humain pendant plusieurs jours, notamment le 5 et le 19 juin 2020, a\u0300 l\u2019appel de l\u2019imam, ce qui a abouti de fac\u0327on imparable a\u0300 la chute de l\u2019ancien pre\u0301sident malien. Il a e\u0301te\u0301 arre\u0302te\u0301 le 18 aou\u0302t 2020 et, de\u0300s le lendemain, Assimi Goita est devenu pre\u0301sident du Comite\u0301 national pour le salut du peuple.<\/p>\n<\/div>\n<\/div>\n<\/div>\n<div class='share-to-whatsapp-wrapper'><div class='share-on-whsp'>PARTAGER SUR : <\/div><a data-text='EN COULISSES - L'imam Dicko face \u00e0 la junte (ter)' data-link='https:\/\/www.nettali.com\/2023\/06\/22\/en-coulisses-limam-dicko-face-a-la-junte-ter\/' class='whatsapp-button whatsapp-share'>WhatsApp<\/a><div class='clear '><\/div><\/div>","protected":false},"excerpt":{"rendered":"<p>NETTALI.COM - Poursuivons sur le face entre l'imam Dicko et la junte, c'est pour signaler que selon plusieurs spe\u0301cialistes, la junte a de\u0301cide\u0301 d\u2019ignorer le remuant guide religieux, dans le but de s\u2019e\u0301pargner l\u2019ouverture d\u2019un front de contestation interne, alors que le pe\u0301ril djihadiste semble e\u0302tre aux portes de Bamako. Les colonels au pouvoir pre\u0301fe\u0300rent [&hellip;]<\/p>\n","protected":false},"author":2,"featured_media":112708,"comment_status":"open","ping_status":"open","sticky":false,"template":"","format":"standard","meta":{"_et_pb_use_builder":"","_et_pb_old_content":""},"categories":[34945],"tags":[],"yoast_head":"<!-- This site is optimized with the Yoast SEO Premium plugin v17.8 (Yoast SEO v17.8) - https:\/\/yoast.com\/wordpress\/plugins\/seo\/ -->\n<title>EN COULISSES - L&#039;imam Dicko face \u00e0 la junte (ter) | Nettali.com<\/title>\n<meta name=\"robots\" content=\"index, follow, max-snippet:-1, max-image-preview:large, max-video-preview:-1\" \/>\n<link rel=\"canonical\" href=\"https:\/\/www.nettali.com\/2023\/06\/22\/en-coulisses-limam-dicko-face-a-la-junte-ter\/\" \/>\n<meta property=\"og:locale\" content=\"fr_FR\" \/>\n<meta property=\"og:type\" content=\"article\" \/>\n<meta property=\"og:title\" content=\"EN COULISSES - L&#039;imam Dicko face \u00e0 la junte (ter)\" \/>\n<meta property=\"og:description\" content=\"NETTALI.COM - Poursuivons sur le face entre l&#039;imam Dicko et la junte, c&#039;est pour signaler que selon plusieurs spe\u0301cialistes, la junte a de\u0301cide\u0301 d\u2019ignorer le remuant guide religieux, dans le but de s\u2019e\u0301pargner l\u2019ouverture d\u2019un front de contestation interne, alors que le pe\u0301ril djihadiste semble e\u0302tre aux portes de Bamako. Les colonels au pouvoir pre\u0301fe\u0300rent [&hellip;]\" \/>\n<meta property=\"og:url\" content=\"https:\/\/www.nettali.com\/2023\/06\/22\/en-coulisses-limam-dicko-face-a-la-junte-ter\/\" \/>\n<meta property=\"og:site_name\" content=\"Nettali.com\" \/>\n<meta property=\"article:publisher\" content=\"https:\/\/www.facebook.com\/nettalicom\" \/>\n<meta property=\"article:published_time\" content=\"2023-06-22T14:01:31+00:00\" \/>\n<meta property=\"og:image\" content=\"https:\/\/www.nettali.com\/wp-content\/uploads\/2023\/06\/dicko-1140x570-1.jpg\" \/>\n\t<meta property=\"og:image:width\" content=\"1140\" \/>\n\t<meta property=\"og:image:height\" content=\"570\" \/>\n<meta name=\"twitter:card\" content=\"summary_large_image\" \/>\n<meta name=\"twitter:label1\" content=\"\u00c9crit par\" \/>\n\t<meta name=\"twitter:data1\" content=\"CK\" \/>\n\t<meta name=\"twitter:label2\" content=\"Dur\u00e9e de lecture estim\u00e9e\" \/>\n\t<meta name=\"twitter:data2\" content=\"1 minute\" \/>\n<script type=\"application\/ld+json\" class=\"yoast-schema-graph\">{\"@context\":\"https:\/\/schema.org\",\"@graph\":[{\"@type\":\"WebSite\",\"@id\":\"https:\/\/www.nettali.com\/#website\",\"url\":\"https:\/\/www.nettali.com\/\",\"name\":\"Nettali.com\",\"description\":\"Le rendez-vous critique du Net\",\"potentialAction\":[{\"@type\":\"SearchAction\",\"target\":{\"@type\":\"EntryPoint\",\"urlTemplate\":\"https:\/\/www.nettali.com\/?s={search_term_string}\"},\"query-input\":\"required name=search_term_string\"}],\"inLanguage\":\"fr-FR\"},{\"@type\":\"ImageObject\",\"@id\":\"https:\/\/www.nettali.com\/2023\/06\/22\/en-coulisses-limam-dicko-face-a-la-junte-ter\/#primaryimage\",\"inLanguage\":\"fr-FR\",\"url\":\"https:\/\/www.nettali.com\/wp-content\/uploads\/2023\/06\/dicko-1140x570-1.jpg\",\"contentUrl\":\"https:\/\/www.nettali.com\/wp-content\/uploads\/2023\/06\/dicko-1140x570-1.jpg\",\"width\":1140,\"height\":570},{\"@type\":\"WebPage\",\"@id\":\"https:\/\/www.nettali.com\/2023\/06\/22\/en-coulisses-limam-dicko-face-a-la-junte-ter\/#webpage\",\"url\":\"https:\/\/www.nettali.com\/2023\/06\/22\/en-coulisses-limam-dicko-face-a-la-junte-ter\/\",\"name\":\"EN COULISSES - L'imam Dicko face \\u00e0 la junte (ter) | Nettali.com\",\"isPartOf\":{\"@id\":\"https:\/\/www.nettali.com\/#website\"},\"primaryImageOfPage\":{\"@id\":\"https:\/\/www.nettali.com\/2023\/06\/22\/en-coulisses-limam-dicko-face-a-la-junte-ter\/#primaryimage\"},\"datePublished\":\"2023-06-22T14:01:31+00:00\",\"dateModified\":\"2023-06-22T14:01:31+00:00\",\"author\":{\"@id\":\"https:\/\/www.nettali.com\/#\/schema\/person\/d8ac7b7e27ddad43f1c0d2ef090d7f71\"},\"breadcrumb\":{\"@id\":\"https:\/\/www.nettali.com\/2023\/06\/22\/en-coulisses-limam-dicko-face-a-la-junte-ter\/#breadcrumb\"},\"inLanguage\":\"fr-FR\",\"potentialAction\":[{\"@type\":\"ReadAction\",\"target\":[\"https:\/\/www.nettali.com\/2023\/06\/22\/en-coulisses-limam-dicko-face-a-la-junte-ter\/\"]}]},{\"@type\":\"BreadcrumbList\",\"@id\":\"https:\/\/www.nettali.com\/2023\/06\/22\/en-coulisses-limam-dicko-face-a-la-junte-ter\/#breadcrumb\",\"itemListElement\":[{\"@type\":\"ListItem\",\"position\":1,\"name\":\"Accueil\",\"item\":\"https:\/\/www.nettali.com\/\"},{\"@type\":\"ListItem\",\"position\":2,\"name\":\"EN COULISSES - L'imam Dicko face \\u00e0 la junte (ter)\"}]},{\"@type\":\"Person\",\"@id\":\"https:\/\/www.nettali.com\/#\/schema\/person\/d8ac7b7e27ddad43f1c0d2ef090d7f71\",\"name\":\"CK\",\"image\":{\"@type\":\"ImageObject\",\"@id\":\"https:\/\/www.nettali.com\/#personlogo\",\"inLanguage\":\"fr-FR\",\"url\":\"https:\/\/secure.gravatar.com\/avatar\/1d8d5118b9327d94da7cd4ce7f17fec2?s=96&d=mm&r=g\",\"contentUrl\":\"https:\/\/secure.gravatar.com\/avatar\/1d8d5118b9327d94da7cd4ce7f17fec2?s=96&d=mm&r=g\",\"caption\":\"CK\"},\"sameAs\":[\"https:\/\/www.nettali.com\"]}]}<\/script>\n<!-- \/ Yoast SEO Premium plugin. -->","yoast_head_json":{"title":"EN COULISSES - L'imam Dicko face \u00e0 la junte (ter) | Nettali.com","robots":{"index":"index","follow":"follow","max-snippet":"max-snippet:-1","max-image-preview":"max-image-preview:large","max-video-preview":"max-video-preview:-1"},"canonical":"https:\/\/www.nettali.com\/2023\/06\/22\/en-coulisses-limam-dicko-face-a-la-junte-ter\/","og_locale":"fr_FR","og_type":"article","og_title":"EN COULISSES - L'imam Dicko face \u00e0 la junte (ter)","og_description":"NETTALI.COM - Poursuivons sur le face entre l'imam Dicko et la junte, c'est pour signaler que selon plusieurs spe\u0301cialistes, la junte a de\u0301cide\u0301 d\u2019ignorer le remuant guide religieux, dans le but de s\u2019e\u0301pargner l\u2019ouverture d\u2019un front de contestation interne, alors que le pe\u0301ril djihadiste semble e\u0302tre aux portes de Bamako. Les colonels au pouvoir pre\u0301fe\u0300rent [&hellip;]","og_url":"https:\/\/www.nettali.com\/2023\/06\/22\/en-coulisses-limam-dicko-face-a-la-junte-ter\/","og_site_name":"Nettali.com","article_publisher":"https:\/\/www.facebook.com\/nettalicom","article_published_time":"2023-06-22T14:01:31+00:00","og_image":[{"width":1140,"height":570,"url":"https:\/\/www.nettali.com\/wp-content\/uploads\/2023\/06\/dicko-1140x570-1.jpg","type":"image\/jpeg"}],"twitter_card":"summary_large_image","twitter_misc":{"\u00c9crit par":"CK","Dur\u00e9e de lecture estim\u00e9e":"1 minute"},"schema":{"@context":"https:\/\/schema.org","@graph":[{"@type":"WebSite","@id":"https:\/\/www.nettali.com\/#website","url":"https:\/\/www.nettali.com\/","name":"Nettali.com","description":"Le rendez-vous critique du Net","potentialAction":[{"@type":"SearchAction","target":{"@type":"EntryPoint","urlTemplate":"https:\/\/www.nettali.com\/?s={search_term_string}"},"query-input":"required name=search_term_string"}],"inLanguage":"fr-FR"},{"@type":"ImageObject","@id":"https:\/\/www.nettali.com\/2023\/06\/22\/en-coulisses-limam-dicko-face-a-la-junte-ter\/#primaryimage","inLanguage":"fr-FR","url":"https:\/\/www.nettali.com\/wp-content\/uploads\/2023\/06\/dicko-1140x570-1.jpg","contentUrl":"https:\/\/www.nettali.com\/wp-content\/uploads\/2023\/06\/dicko-1140x570-1.jpg","width":1140,"height":570},{"@type":"WebPage","@id":"https:\/\/www.nettali.com\/2023\/06\/22\/en-coulisses-limam-dicko-face-a-la-junte-ter\/#webpage","url":"https:\/\/www.nettali.com\/2023\/06\/22\/en-coulisses-limam-dicko-face-a-la-junte-ter\/","name":"EN COULISSES - L'imam Dicko face \u00e0 la junte (ter) | Nettali.com","isPartOf":{"@id":"https:\/\/www.nettali.com\/#website"},"primaryImageOfPage":{"@id":"https:\/\/www.nettali.com\/2023\/06\/22\/en-coulisses-limam-dicko-face-a-la-junte-ter\/#primaryimage"},"datePublished":"2023-06-22T14:01:31+00:00","dateModified":"2023-06-22T14:01:31+00:00","author":{"@id":"https:\/\/www.nettali.com\/#\/schema\/person\/d8ac7b7e27ddad43f1c0d2ef090d7f71"},"breadcrumb":{"@id":"https:\/\/www.nettali.com\/2023\/06\/22\/en-coulisses-limam-dicko-face-a-la-junte-ter\/#breadcrumb"},"inLanguage":"fr-FR","potentialAction":[{"@type":"ReadAction","target":["https:\/\/www.nettali.com\/2023\/06\/22\/en-coulisses-limam-dicko-face-a-la-junte-ter\/"]}]},{"@type":"BreadcrumbList","@id":"https:\/\/www.nettali.com\/2023\/06\/22\/en-coulisses-limam-dicko-face-a-la-junte-ter\/#breadcrumb","itemListElement":[{"@type":"ListItem","position":1,"name":"Accueil","item":"https:\/\/www.nettali.com\/"},{"@type":"ListItem","position":2,"name":"EN COULISSES - L'imam Dicko face \u00e0 la junte (ter)"}]},{"@type":"Person","@id":"https:\/\/www.nettali.com\/#\/schema\/person\/d8ac7b7e27ddad43f1c0d2ef090d7f71","name":"CK","image":{"@type":"ImageObject","@id":"https:\/\/www.nettali.com\/#personlogo","inLanguage":"fr-FR","url":"https:\/\/secure.gravatar.com\/avatar\/1d8d5118b9327d94da7cd4ce7f17fec2?s=96&d=mm&r=g","contentUrl":"https:\/\/secure.gravatar.com\/avatar\/1d8d5118b9327d94da7cd4ce7f17fec2?s=96&d=mm&r=g","caption":"CK"},"sameAs":["https:\/\/www.nettali.com"]}]}},"_links":{"self":[{"href":"https:\/\/www.nettali.com\/rest\/wp\/v2\/posts\/112705"}],"collection":[{"href":"https:\/\/www.nettali.com\/rest\/wp\/v2\/posts"}],"about":[{"href":"https:\/\/www.nettali.com\/rest\/wp\/v2\/types\/post"}],"author":[{"embeddable":true,"href":"https:\/\/www.nettali.com\/rest\/wp\/v2\/users\/2"}],"replies":[{"embeddable":true,"href":"https:\/\/www.nettali.com\/rest\/wp\/v2\/comments?post=112705"}],"version-history":[{"count":3,"href":"https:\/\/www.nettali.com\/rest\/wp\/v2\/posts\/112705\/revisions"}],"predecessor-version":[{"id":112709,"href":"https:\/\/www.nettali.com\/rest\/wp\/v2\/posts\/112705\/revisions\/112709"}],"wp:featuredmedia":[{"embeddable":true,"href":"https:\/\/www.nettali.com\/rest\/wp\/v2\/media\/112708"}],"wp:attachment":[{"href":"https:\/\/www.nettali.com\/rest\/wp\/v2\/media?parent=112705"}],"wp:term":[{"taxonomy":"category","embeddable":true,"href":"https:\/\/www.nettali.com\/rest\/wp\/v2\/categories?post=112705"},{"taxonomy":"post_tag","embeddable":true,"href":"https:\/\/www.nettali.com\/rest\/wp\/v2\/tags?post=112705"}],"curies":[{"name":"wp","href":"https:\/\/api.w.org\/{rel}","templated":true}]}}