{"id":112695,"date":"2023-06-22T12:56:30","date_gmt":"2023-06-22T12:56:30","guid":{"rendered":"https:\/\/www.nettali.com\/?p=112695"},"modified":"2023-06-22T12:56:30","modified_gmt":"2023-06-22T12:56:30","slug":"mort-dun-asp-par-le-mfdc-jean-marie-francois-biagui-indigne","status":"publish","type":"post","link":"https:\/\/www.nettali.com\/2023\/06\/22\/mort-dun-asp-par-le-mfdc-jean-marie-francois-biagui-indigne\/","title":{"rendered":"MORT D'UN ASP PAR LE MFDC - Jean Marie Fran\u00e7ois Biagui indign\u00e9"},"content":{"rendered":"<p><strong>NETTALI.COM -\u00a0 La mort d'un agent de s\u00e9curit\u00e9 de proximit\u00e9 (Asp) qui avait \u00e9t\u00e9 enlev\u00e9e au mois de janvier par des \u00e9l\u00e9ments suppos\u00e9s appartenir au Mouvement des forces d\u00e9mocratiques de la Casamance (Mfdc) n'est pas du go\u00fbt de Jean-Marie Fran\u00e7ois Biagui, Pr\u00e9sident du Parti Social-F\u00e9d\u00e9raliste (PSF) et ancien Secr\u00e9taire G\u00e9n\u00e9ral du Mfdc.<\/strong><\/p>\n<p><em>\"Comment justifier l\u2019injustifiable ? Et comment comprendre l\u2019incompr\u00e9hensible ? Peut-on seulement l\u2019expliquer ? C\u2019est la triple interrogation qui nous tenaille quand, au soir de ce 21 juin, nous apprenons la d\u00e9couverte d\u2019un corps sans vie, qui serait celui de Barth\u00e9l\u00e9my Diatta, kidnapp\u00e9 en janvier 2023 par une fraction dissidente du chef de guerre du MFDC C\u00e9sar Atoute Badiate. S\u2019agit-il r\u00e9ellement du corps de Barth\u00e9l\u00e9my Diatta ? Si oui, a-t-il \u00e9t\u00e9 ex\u00e9cut\u00e9 ? Ou bien est-il mort, livr\u00e9 \u00e0 lui-m\u00eame, des suites d\u2019une maladie ? Peut-\u00eatre l\u2019enqu\u00eate judiciaire, qui sera certainement diligent\u00e9e par le procureur de la R\u00e9publique, nous \u00e9clairera-t-elle sur la question et situera-t-elle les responsabilit\u00e9s\"<\/em>, se demande Jean-Marie Fran\u00e7ois Biagui, Pr\u00e9sident du Parti Social-F\u00e9d\u00e9raliste (PSF) et ancien Secr\u00e9taire G\u00e9n\u00e9ral du MFDC (Mouvement des forces d\u00e9mocratiques de la Casamance).<\/p>\n<p>Une chose est cependant certaine, ajoute-t-il, <em>\"c\u2019est que, depuis le rapt de l\u2019Agent de s\u00e9curit\u00e9 de proximit\u00e9 (ASP) jusqu\u2019\u00e0 ce jour, rien au sein du MFDC ne saurait justifier politiquement un tel acte\". \"Mieux, ce kidnapping \u00e9tait d\u2019autant moins compr\u00e9hensible qu\u2019une d\u00e9l\u00e9gation du Front Nord du MFDC avait \u00e9t\u00e9 imm\u00e9diatement d\u00e9p\u00each\u00e9e \u00e0 Cassolole, d\u2019une part pour d\u00e9plorer et se d\u00e9solidariser de l\u2019acte, et d\u2019autre part pour exiger la lib\u00e9ration sans condition de l\u2019otage. Or, cette initiative du Front Nord, dont par ailleurs nous ne sommes gu\u00e8re \u00e9trangers, conjugu\u00e9e \u00e0 celle des autorit\u00e9s coutumi\u00e8res entre autres, avait fini de faire repasser les clignotants au vert par rapport \u00e0 la malheureuse affaire. Alors, qu\u2019est-ce qui a pu se passer entre-temps ?\"<\/em>, se demande-t-il ?<\/p>\n<p>En tout cas, fait-il savoir, ni le retour annonc\u00e9 des populations d\u00e9plac\u00e9es dans le secteur concern\u00e9, ni la pr\u00e9sence apparemment mena\u00e7ante de l\u2019arm\u00e9e dans la zone, ne peuvent justifier un rapt aussi cibl\u00e9 que celui-l\u00e0.<\/p>\n<p><em>\"Pendant longtemps, des actes criminels, qui relevaient de r\u00e8glements de comptes personnels voire de pur banditisme, avaient terni l\u2019image du MFDC. Nous ne voulons plus de \u00e7a. Aussi, nous voulons nous associer avec celles et ceux du MFDC qui sont en l\u2019occurrence aussi choqu\u00e9s et indign\u00e9s que nous, pour condamner avec la derni\u00e8re \u00e9nergie le kidnapping avec la mort qui s\u2019en est suivie. Nos pens\u00e9es \u00e9mues \u00e0 la famille \u00e9plor\u00e9e\"<\/em>, conclut-il.<\/p>\n<p>&nbsp;<\/p>\n<div class='share-to-whatsapp-wrapper'><div class='share-on-whsp'>PARTAGER SUR : <\/div><a data-text='MORT D'UN ASP PAR LE MFDC - Jean Marie Fran\u00e7ois Biagui indign\u00e9' data-link='https:\/\/www.nettali.com\/2023\/06\/22\/mort-dun-asp-par-le-mfdc-jean-marie-francois-biagui-indigne\/' class='whatsapp-button whatsapp-share'>WhatsApp<\/a><div class='clear '><\/div><\/div>","protected":false},"excerpt":{"rendered":"<p>NETTALI.COM -\u00a0 La mort d'un agent de s\u00e9curit\u00e9 de proximit\u00e9 (Asp) qui avait \u00e9t\u00e9 enlev\u00e9e au mois de janvier par des \u00e9l\u00e9ments suppos\u00e9s appartenir au Mouvement des forces d\u00e9mocratiques de la Casamance (Mfdc) n'est pas du go\u00fbt de Jean-Marie Fran\u00e7ois Biagui, Pr\u00e9sident du Parti Social-F\u00e9d\u00e9raliste (PSF) et ancien Secr\u00e9taire G\u00e9n\u00e9ral du Mfdc. \"Comment justifier l\u2019injustifiable [&hellip;]<\/p>\n","protected":false},"author":4,"featured_media":112696,"comment_status":"open","ping_status":"open","sticky":false,"template":"","format":"standard","meta":{"_et_pb_use_builder":"","_et_pb_old_content":""},"categories":[3],"tags":[],"yoast_head":"<!-- This site is optimized with the Yoast SEO Premium plugin v17.8 (Yoast SEO v17.8) - https:\/\/yoast.com\/wordpress\/plugins\/seo\/ -->\n<title>MORT D&#039;UN ASP PAR LE MFDC - Jean Marie Fran\u00e7ois Biagui indign\u00e9 | Nettali.com<\/title>\n<meta name=\"robots\" content=\"index, follow, max-snippet:-1, max-image-preview:large, max-video-preview:-1\" \/>\n<link rel=\"canonical\" href=\"https:\/\/www.nettali.com\/2023\/06\/22\/mort-dun-asp-par-le-mfdc-jean-marie-francois-biagui-indigne\/\" \/>\n<meta property=\"og:locale\" content=\"fr_FR\" \/>\n<meta property=\"og:type\" content=\"article\" \/>\n<meta property=\"og:title\" content=\"MORT D&#039;UN ASP PAR LE MFDC - Jean Marie Fran\u00e7ois Biagui indign\u00e9\" \/>\n<meta property=\"og:description\" content=\"NETTALI.COM -\u00a0 La mort d&#039;un agent de s\u00e9curit\u00e9 de proximit\u00e9 (Asp) qui avait \u00e9t\u00e9 enlev\u00e9e au mois de janvier par des \u00e9l\u00e9ments suppos\u00e9s appartenir au Mouvement des forces d\u00e9mocratiques de la Casamance (Mfdc) n&#039;est pas du go\u00fbt de Jean-Marie Fran\u00e7ois Biagui, Pr\u00e9sident du Parti Social-F\u00e9d\u00e9raliste (PSF) et ancien Secr\u00e9taire G\u00e9n\u00e9ral du Mfdc. &quot;Comment justifier l\u2019injustifiable [&hellip;]\" \/>\n<meta property=\"og:url\" content=\"https:\/\/www.nettali.com\/2023\/06\/22\/mort-dun-asp-par-le-mfdc-jean-marie-francois-biagui-indigne\/\" \/>\n<meta property=\"og:site_name\" content=\"Nettali.com\" \/>\n<meta property=\"article:publisher\" content=\"https:\/\/www.facebook.com\/nettalicom\" \/>\n<meta property=\"article:published_time\" content=\"2023-06-22T12:56:30+00:00\" \/>\n<meta property=\"og:image\" content=\"https:\/\/www.nettali.com\/wp-content\/uploads\/2023\/06\/Jean-Marie-Franc\u0327ois-Biagui.jpeg\" \/>\n\t<meta property=\"og:image:width\" content=\"712\" \/>\n\t<meta property=\"og:image:height\" content=\"431\" \/>\n<meta name=\"twitter:card\" content=\"summary_large_image\" \/>\n<meta name=\"twitter:label1\" content=\"\u00c9crit par\" \/>\n\t<meta name=\"twitter:data1\" content=\"Daouda\" \/>\n\t<meta name=\"twitter:label2\" content=\"Dur\u00e9e de lecture estim\u00e9e\" \/>\n\t<meta name=\"twitter:data2\" content=\"3 minutes\" \/>\n<script type=\"application\/ld+json\" class=\"yoast-schema-graph\">{\"@context\":\"https:\/\/schema.org\",\"@graph\":[{\"@type\":\"WebSite\",\"@id\":\"https:\/\/www.nettali.com\/#website\",\"url\":\"https:\/\/www.nettali.com\/\",\"name\":\"Nettali.com\",\"description\":\"Le rendez-vous critique du Net\",\"potentialAction\":[{\"@type\":\"SearchAction\",\"target\":{\"@type\":\"EntryPoint\",\"urlTemplate\":\"https:\/\/www.nettali.com\/?s={search_term_string}\"},\"query-input\":\"required name=search_term_string\"}],\"inLanguage\":\"fr-FR\"},{\"@type\":\"ImageObject\",\"@id\":\"https:\/\/www.nettali.com\/2023\/06\/22\/mort-dun-asp-par-le-mfdc-jean-marie-francois-biagui-indigne\/#primaryimage\",\"inLanguage\":\"fr-FR\",\"url\":\"https:\/\/www.nettali.com\/wp-content\/uploads\/2023\/06\/Jean-Marie-Franc\\u0327ois-Biagui.jpeg\",\"contentUrl\":\"https:\/\/www.nettali.com\/wp-content\/uploads\/2023\/06\/Jean-Marie-Franc\\u0327ois-Biagui.jpeg\",\"width\":712,\"height\":431},{\"@type\":\"WebPage\",\"@id\":\"https:\/\/www.nettali.com\/2023\/06\/22\/mort-dun-asp-par-le-mfdc-jean-marie-francois-biagui-indigne\/#webpage\",\"url\":\"https:\/\/www.nettali.com\/2023\/06\/22\/mort-dun-asp-par-le-mfdc-jean-marie-francois-biagui-indigne\/\",\"name\":\"MORT D'UN ASP PAR LE MFDC - Jean Marie Fran\\u00e7ois Biagui indign\\u00e9 | Nettali.com\",\"isPartOf\":{\"@id\":\"https:\/\/www.nettali.com\/#website\"},\"primaryImageOfPage\":{\"@id\":\"https:\/\/www.nettali.com\/2023\/06\/22\/mort-dun-asp-par-le-mfdc-jean-marie-francois-biagui-indigne\/#primaryimage\"},\"datePublished\":\"2023-06-22T12:56:30+00:00\",\"dateModified\":\"2023-06-22T12:56:30+00:00\",\"author\":{\"@id\":\"https:\/\/www.nettali.com\/#\/schema\/person\/3317e0bb3aa1da309fbf7b2780901bf4\"},\"breadcrumb\":{\"@id\":\"https:\/\/www.nettali.com\/2023\/06\/22\/mort-dun-asp-par-le-mfdc-jean-marie-francois-biagui-indigne\/#breadcrumb\"},\"inLanguage\":\"fr-FR\",\"potentialAction\":[{\"@type\":\"ReadAction\",\"target\":[\"https:\/\/www.nettali.com\/2023\/06\/22\/mort-dun-asp-par-le-mfdc-jean-marie-francois-biagui-indigne\/\"]}]},{\"@type\":\"BreadcrumbList\",\"@id\":\"https:\/\/www.nettali.com\/2023\/06\/22\/mort-dun-asp-par-le-mfdc-jean-marie-francois-biagui-indigne\/#breadcrumb\",\"itemListElement\":[{\"@type\":\"ListItem\",\"position\":1,\"name\":\"Accueil\",\"item\":\"https:\/\/www.nettali.com\/\"},{\"@type\":\"ListItem\",\"position\":2,\"name\":\"MORT D'UN ASP PAR LE MFDC - Jean Marie Fran\\u00e7ois Biagui indign\\u00e9\"}]},{\"@type\":\"Person\",\"@id\":\"https:\/\/www.nettali.com\/#\/schema\/person\/3317e0bb3aa1da309fbf7b2780901bf4\",\"name\":\"Daouda\",\"image\":{\"@type\":\"ImageObject\",\"@id\":\"https:\/\/www.nettali.com\/#personlogo\",\"inLanguage\":\"fr-FR\",\"url\":\"https:\/\/secure.gravatar.com\/avatar\/8d143b5a49345098ddcfee1c49c2f47c?s=96&d=mm&r=g\",\"contentUrl\":\"https:\/\/secure.gravatar.com\/avatar\/8d143b5a49345098ddcfee1c49c2f47c?s=96&d=mm&r=g\",\"caption\":\"Daouda\"},\"sameAs\":[\"https:\/\/www.nettali.com\"]}]}<\/script>\n<!-- \/ Yoast SEO Premium plugin. -->","yoast_head_json":{"title":"MORT D'UN ASP PAR LE MFDC - Jean Marie Fran\u00e7ois Biagui indign\u00e9 | Nettali.com","robots":{"index":"index","follow":"follow","max-snippet":"max-snippet:-1","max-image-preview":"max-image-preview:large","max-video-preview":"max-video-preview:-1"},"canonical":"https:\/\/www.nettali.com\/2023\/06\/22\/mort-dun-asp-par-le-mfdc-jean-marie-francois-biagui-indigne\/","og_locale":"fr_FR","og_type":"article","og_title":"MORT D'UN ASP PAR LE MFDC - Jean Marie Fran\u00e7ois Biagui indign\u00e9","og_description":"NETTALI.COM -\u00a0 La mort d'un agent de s\u00e9curit\u00e9 de proximit\u00e9 (Asp) qui avait \u00e9t\u00e9 enlev\u00e9e au mois de janvier par des \u00e9l\u00e9ments suppos\u00e9s appartenir au Mouvement des forces d\u00e9mocratiques de la Casamance (Mfdc) n'est pas du go\u00fbt de Jean-Marie Fran\u00e7ois Biagui, Pr\u00e9sident du Parti Social-F\u00e9d\u00e9raliste (PSF) et ancien Secr\u00e9taire G\u00e9n\u00e9ral du Mfdc. \"Comment justifier l\u2019injustifiable [&hellip;]","og_url":"https:\/\/www.nettali.com\/2023\/06\/22\/mort-dun-asp-par-le-mfdc-jean-marie-francois-biagui-indigne\/","og_site_name":"Nettali.com","article_publisher":"https:\/\/www.facebook.com\/nettalicom","article_published_time":"2023-06-22T12:56:30+00:00","og_image":[{"width":712,"height":431,"url":"https:\/\/www.nettali.com\/wp-content\/uploads\/2023\/06\/Jean-Marie-Franc\u0327ois-Biagui.jpeg","type":"image\/jpeg"}],"twitter_card":"summary_large_image","twitter_misc":{"\u00c9crit par":"Daouda","Dur\u00e9e de lecture estim\u00e9e":"3 minutes"},"schema":{"@context":"https:\/\/schema.org","@graph":[{"@type":"WebSite","@id":"https:\/\/www.nettali.com\/#website","url":"https:\/\/www.nettali.com\/","name":"Nettali.com","description":"Le rendez-vous critique du Net","potentialAction":[{"@type":"SearchAction","target":{"@type":"EntryPoint","urlTemplate":"https:\/\/www.nettali.com\/?s={search_term_string}"},"query-input":"required name=search_term_string"}],"inLanguage":"fr-FR"},{"@type":"ImageObject","@id":"https:\/\/www.nettali.com\/2023\/06\/22\/mort-dun-asp-par-le-mfdc-jean-marie-francois-biagui-indigne\/#primaryimage","inLanguage":"fr-FR","url":"https:\/\/www.nettali.com\/wp-content\/uploads\/2023\/06\/Jean-Marie-Franc\u0327ois-Biagui.jpeg","contentUrl":"https:\/\/www.nettali.com\/wp-content\/uploads\/2023\/06\/Jean-Marie-Franc\u0327ois-Biagui.jpeg","width":712,"height":431},{"@type":"WebPage","@id":"https:\/\/www.nettali.com\/2023\/06\/22\/mort-dun-asp-par-le-mfdc-jean-marie-francois-biagui-indigne\/#webpage","url":"https:\/\/www.nettali.com\/2023\/06\/22\/mort-dun-asp-par-le-mfdc-jean-marie-francois-biagui-indigne\/","name":"MORT D'UN ASP PAR LE MFDC - Jean Marie Fran\u00e7ois Biagui indign\u00e9 | Nettali.com","isPartOf":{"@id":"https:\/\/www.nettali.com\/#website"},"primaryImageOfPage":{"@id":"https:\/\/www.nettali.com\/2023\/06\/22\/mort-dun-asp-par-le-mfdc-jean-marie-francois-biagui-indigne\/#primaryimage"},"datePublished":"2023-06-22T12:56:30+00:00","dateModified":"2023-06-22T12:56:30+00:00","author":{"@id":"https:\/\/www.nettali.com\/#\/schema\/person\/3317e0bb3aa1da309fbf7b2780901bf4"},"breadcrumb":{"@id":"https:\/\/www.nettali.com\/2023\/06\/22\/mort-dun-asp-par-le-mfdc-jean-marie-francois-biagui-indigne\/#breadcrumb"},"inLanguage":"fr-FR","potentialAction":[{"@type":"ReadAction","target":["https:\/\/www.nettali.com\/2023\/06\/22\/mort-dun-asp-par-le-mfdc-jean-marie-francois-biagui-indigne\/"]}]},{"@type":"BreadcrumbList","@id":"https:\/\/www.nettali.com\/2023\/06\/22\/mort-dun-asp-par-le-mfdc-jean-marie-francois-biagui-indigne\/#breadcrumb","itemListElement":[{"@type":"ListItem","position":1,"name":"Accueil","item":"https:\/\/www.nettali.com\/"},{"@type":"ListItem","position":2,"name":"MORT D'UN ASP PAR LE MFDC - Jean Marie Fran\u00e7ois Biagui indign\u00e9"}]},{"@type":"Person","@id":"https:\/\/www.nettali.com\/#\/schema\/person\/3317e0bb3aa1da309fbf7b2780901bf4","name":"Daouda","image":{"@type":"ImageObject","@id":"https:\/\/www.nettali.com\/#personlogo","inLanguage":"fr-FR","url":"https:\/\/secure.gravatar.com\/avatar\/8d143b5a49345098ddcfee1c49c2f47c?s=96&d=mm&r=g","contentUrl":"https:\/\/secure.gravatar.com\/avatar\/8d143b5a49345098ddcfee1c49c2f47c?s=96&d=mm&r=g","caption":"Daouda"},"sameAs":["https:\/\/www.nettali.com"]}]}},"_links":{"self":[{"href":"https:\/\/www.nettali.com\/rest\/wp\/v2\/posts\/112695"}],"collection":[{"href":"https:\/\/www.nettali.com\/rest\/wp\/v2\/posts"}],"about":[{"href":"https:\/\/www.nettali.com\/rest\/wp\/v2\/types\/post"}],"author":[{"embeddable":true,"href":"https:\/\/www.nettali.com\/rest\/wp\/v2\/users\/4"}],"replies":[{"embeddable":true,"href":"https:\/\/www.nettali.com\/rest\/wp\/v2\/comments?post=112695"}],"version-history":[{"count":1,"href":"https:\/\/www.nettali.com\/rest\/wp\/v2\/posts\/112695\/revisions"}],"predecessor-version":[{"id":112697,"href":"https:\/\/www.nettali.com\/rest\/wp\/v2\/posts\/112695\/revisions\/112697"}],"wp:featuredmedia":[{"embeddable":true,"href":"https:\/\/www.nettali.com\/rest\/wp\/v2\/media\/112696"}],"wp:attachment":[{"href":"https:\/\/www.nettali.com\/rest\/wp\/v2\/media?parent=112695"}],"wp:term":[{"taxonomy":"category","embeddable":true,"href":"https:\/\/www.nettali.com\/rest\/wp\/v2\/categories?post=112695"},{"taxonomy":"post_tag","embeddable":true,"href":"https:\/\/www.nettali.com\/rest\/wp\/v2\/tags?post=112695"}],"curies":[{"name":"wp","href":"https:\/\/api.w.org\/{rel}","templated":true}]}}