{"id":112683,"date":"2023-06-22T09:55:57","date_gmt":"2023-06-22T09:55:57","guid":{"rendered":"https:\/\/www.nettali.com\/?p=112683"},"modified":"2023-06-22T15:12:21","modified_gmt":"2023-06-22T15:12:21","slug":"en-coulisses-macky-vers-la-victoire-en-2024","status":"publish","type":"post","link":"https:\/\/www.nettali.com\/2023\/06\/22\/en-coulisses-macky-vers-la-victoire-en-2024\/","title":{"rendered":"EN COULISSES - Macky vers la \"victoire en 2024\" !"},"content":{"rendered":"<div class=\"page\" title=\"Page 2\">\n<div class=\"section\">\n<div class=\"layoutArea\">\n<div class=\"column\">\n<p><strong>NETTALI.COM -<\/strong> Le pre\u0301sident de la Re\u0301publique, Macky Sall s\u00e9journe depuis mercredi 21 juin \u00e0 Paris o\u00f9 il a rencontre\u0301 une partie de la diaspora se\u0301ne\u0301galaise. Dans une vide\u0301o, on entend les ho\u0302tes du chef de l\u2019E\u0301tat scander des \"<em>Macky, notre candidat !<\/em>\".<\/p>\n<p>\"J<em>\u2019ai entendu votre message<\/em>\", a dit le pre\u0301sident Sall avant d\u2019ajouter : \"d<em>ans pas longtemps, je m\u2019adresserai aux habitants du Se\u0301ne\u0301gal. Nous allons faire une de\u0301claration pour aller vers la marche du progre\u0300s et vers la victoire en 2024.<\/em>\u201d Une annonce fortement acclame\u0301e par l\u2019assistance.<\/p>\n<\/div>\n<div class=\"column\">\n<p>\u201c<em>Pour atteindre cet objectif, changeons de strate\u0301gie et de tactique politique. Soyez rassure\u0301s. Nous allons e\u0301galement rassurer la coalition Benno Bokk Yaakaar. Depuis onze ans, ils ont eu a\u0300 travailler sous ma direction pour imprimer des changements majeurs dans la marche de notre pays. Une marche vers le progre\u0300s et l\u2019e\u0301panouissement de nos compatriotes. C\u2019est cela qui nous motive, contrairement a\u0300 ceux qui veulent de\u0301truire le Se\u0301ne\u0301gal, et ils nous auront en face. Nous nous e\u0301rigerons pour prote\u0301ger le Se\u0301ne\u0301gal, instaurer la paix dans ce pays qui a toujours e\u0301te\u0301 un pays de paix, de stabilite\u0301 et de se\u0301curite\u0301. Restez unis, mobilise\u0301s<\/em>\u201d, les a-t-il invite\u0301s.<\/p>\n<\/div>\n<div class=\"column\">\n<p>&nbsp;<\/p>\n<\/div>\n<\/div>\n<\/div>\n<\/div>\n<div class='share-to-whatsapp-wrapper'><div class='share-on-whsp'>PARTAGER SUR : <\/div><a data-text='EN COULISSES - Macky vers la \"victoire en 2024\" !' data-link='https:\/\/www.nettali.com\/2023\/06\/22\/en-coulisses-macky-vers-la-victoire-en-2024\/' class='whatsapp-button whatsapp-share'>WhatsApp<\/a><div class='clear '><\/div><\/div>","protected":false},"excerpt":{"rendered":"<p>NETTALI.COM - Le pre\u0301sident de la Re\u0301publique, Macky Sall s\u00e9journe depuis mercredi 21 juin \u00e0 Paris o\u00f9 il a rencontre\u0301 une partie de la diaspora se\u0301ne\u0301galaise. Dans une vide\u0301o, on entend les ho\u0302tes du chef de l\u2019E\u0301tat scander des \"Macky, notre candidat !\". \"J\u2019ai entendu votre message\", a dit le pre\u0301sident Sall avant d\u2019ajouter : [&hellip;]<\/p>\n","protected":false},"author":2,"featured_media":112714,"comment_status":"open","ping_status":"open","sticky":false,"template":"","format":"standard","meta":{"_et_pb_use_builder":"","_et_pb_old_content":""},"categories":[34945],"tags":[],"yoast_head":"<!-- This site is optimized with the Yoast SEO Premium plugin v17.8 (Yoast SEO v17.8) - https:\/\/yoast.com\/wordpress\/plugins\/seo\/ -->\n<title>EN COULISSES - Macky vers la &quot;victoire en 2024&quot; ! | Nettali.com<\/title>\n<meta name=\"robots\" content=\"index, follow, max-snippet:-1, max-image-preview:large, max-video-preview:-1\" \/>\n<link rel=\"canonical\" href=\"https:\/\/www.nettali.com\/2023\/06\/22\/en-coulisses-macky-vers-la-victoire-en-2024\/\" \/>\n<meta property=\"og:locale\" content=\"fr_FR\" \/>\n<meta property=\"og:type\" content=\"article\" \/>\n<meta property=\"og:title\" content=\"EN COULISSES - Macky vers la &quot;victoire en 2024&quot; !\" \/>\n<meta property=\"og:description\" content=\"NETTALI.COM - Le pre\u0301sident de la Re\u0301publique, Macky Sall s\u00e9journe depuis mercredi 21 juin \u00e0 Paris o\u00f9 il a rencontre\u0301 une partie de la diaspora se\u0301ne\u0301galaise. Dans une vide\u0301o, on entend les ho\u0302tes du chef de l\u2019E\u0301tat scander des &quot;Macky, notre candidat !&quot;. &quot;J\u2019ai entendu votre message&quot;, a dit le pre\u0301sident Sall avant d\u2019ajouter : [&hellip;]\" \/>\n<meta property=\"og:url\" content=\"https:\/\/www.nettali.com\/2023\/06\/22\/en-coulisses-macky-vers-la-victoire-en-2024\/\" \/>\n<meta property=\"og:site_name\" content=\"Nettali.com\" \/>\n<meta property=\"article:publisher\" content=\"https:\/\/www.facebook.com\/nettalicom\" \/>\n<meta property=\"article:published_time\" content=\"2023-06-22T09:55:57+00:00\" \/>\n<meta property=\"article:modified_time\" content=\"2023-06-22T15:12:21+00:00\" \/>\n<meta property=\"og:image\" content=\"https:\/\/www.nettali.com\/wp-content\/uploads\/2023\/06\/Capture-de\u0301cran-2023-06-22-a\u0300-15.02.01.png\" \/>\n\t<meta property=\"og:image:width\" content=\"577\" \/>\n\t<meta property=\"og:image:height\" content=\"310\" \/>\n<meta name=\"twitter:card\" content=\"summary_large_image\" \/>\n<meta name=\"twitter:label1\" content=\"\u00c9crit par\" \/>\n\t<meta name=\"twitter:data1\" content=\"CK\" \/>\n\t<meta name=\"twitter:label2\" content=\"Dur\u00e9e de lecture estim\u00e9e\" \/>\n\t<meta name=\"twitter:data2\" content=\"1 minute\" \/>\n<script type=\"application\/ld+json\" class=\"yoast-schema-graph\">{\"@context\":\"https:\/\/schema.org\",\"@graph\":[{\"@type\":\"WebSite\",\"@id\":\"https:\/\/www.nettali.com\/#website\",\"url\":\"https:\/\/www.nettali.com\/\",\"name\":\"Nettali.com\",\"description\":\"Le rendez-vous critique du Net\",\"potentialAction\":[{\"@type\":\"SearchAction\",\"target\":{\"@type\":\"EntryPoint\",\"urlTemplate\":\"https:\/\/www.nettali.com\/?s={search_term_string}\"},\"query-input\":\"required name=search_term_string\"}],\"inLanguage\":\"fr-FR\"},{\"@type\":\"ImageObject\",\"@id\":\"https:\/\/www.nettali.com\/2023\/06\/22\/en-coulisses-macky-vers-la-victoire-en-2024\/#primaryimage\",\"inLanguage\":\"fr-FR\",\"url\":\"https:\/\/www.nettali.com\/wp-content\/uploads\/2023\/06\/Capture-de\\u0301cran-2023-06-22-a\\u0300-15.02.01.png\",\"contentUrl\":\"https:\/\/www.nettali.com\/wp-content\/uploads\/2023\/06\/Capture-de\\u0301cran-2023-06-22-a\\u0300-15.02.01.png\",\"width\":577,\"height\":310},{\"@type\":\"WebPage\",\"@id\":\"https:\/\/www.nettali.com\/2023\/06\/22\/en-coulisses-macky-vers-la-victoire-en-2024\/#webpage\",\"url\":\"https:\/\/www.nettali.com\/2023\/06\/22\/en-coulisses-macky-vers-la-victoire-en-2024\/\",\"name\":\"EN COULISSES - Macky vers la \\\"victoire en 2024\\\" ! | Nettali.com\",\"isPartOf\":{\"@id\":\"https:\/\/www.nettali.com\/#website\"},\"primaryImageOfPage\":{\"@id\":\"https:\/\/www.nettali.com\/2023\/06\/22\/en-coulisses-macky-vers-la-victoire-en-2024\/#primaryimage\"},\"datePublished\":\"2023-06-22T09:55:57+00:00\",\"dateModified\":\"2023-06-22T15:12:21+00:00\",\"author\":{\"@id\":\"https:\/\/www.nettali.com\/#\/schema\/person\/d8ac7b7e27ddad43f1c0d2ef090d7f71\"},\"breadcrumb\":{\"@id\":\"https:\/\/www.nettali.com\/2023\/06\/22\/en-coulisses-macky-vers-la-victoire-en-2024\/#breadcrumb\"},\"inLanguage\":\"fr-FR\",\"potentialAction\":[{\"@type\":\"ReadAction\",\"target\":[\"https:\/\/www.nettali.com\/2023\/06\/22\/en-coulisses-macky-vers-la-victoire-en-2024\/\"]}]},{\"@type\":\"BreadcrumbList\",\"@id\":\"https:\/\/www.nettali.com\/2023\/06\/22\/en-coulisses-macky-vers-la-victoire-en-2024\/#breadcrumb\",\"itemListElement\":[{\"@type\":\"ListItem\",\"position\":1,\"name\":\"Accueil\",\"item\":\"https:\/\/www.nettali.com\/\"},{\"@type\":\"ListItem\",\"position\":2,\"name\":\"EN COULISSES - Macky vers la \\\"victoire en 2024\\\" !\"}]},{\"@type\":\"Person\",\"@id\":\"https:\/\/www.nettali.com\/#\/schema\/person\/d8ac7b7e27ddad43f1c0d2ef090d7f71\",\"name\":\"CK\",\"image\":{\"@type\":\"ImageObject\",\"@id\":\"https:\/\/www.nettali.com\/#personlogo\",\"inLanguage\":\"fr-FR\",\"url\":\"https:\/\/secure.gravatar.com\/avatar\/1d8d5118b9327d94da7cd4ce7f17fec2?s=96&d=mm&r=g\",\"contentUrl\":\"https:\/\/secure.gravatar.com\/avatar\/1d8d5118b9327d94da7cd4ce7f17fec2?s=96&d=mm&r=g\",\"caption\":\"CK\"},\"sameAs\":[\"https:\/\/www.nettali.com\"]}]}<\/script>\n<!-- \/ Yoast SEO Premium plugin. -->","yoast_head_json":{"title":"EN COULISSES - Macky vers la \"victoire en 2024\" ! | Nettali.com","robots":{"index":"index","follow":"follow","max-snippet":"max-snippet:-1","max-image-preview":"max-image-preview:large","max-video-preview":"max-video-preview:-1"},"canonical":"https:\/\/www.nettali.com\/2023\/06\/22\/en-coulisses-macky-vers-la-victoire-en-2024\/","og_locale":"fr_FR","og_type":"article","og_title":"EN COULISSES - Macky vers la \"victoire en 2024\" !","og_description":"NETTALI.COM - Le pre\u0301sident de la Re\u0301publique, Macky Sall s\u00e9journe depuis mercredi 21 juin \u00e0 Paris o\u00f9 il a rencontre\u0301 une partie de la diaspora se\u0301ne\u0301galaise. Dans une vide\u0301o, on entend les ho\u0302tes du chef de l\u2019E\u0301tat scander des \"Macky, notre candidat !\". \"J\u2019ai entendu votre message\", a dit le pre\u0301sident Sall avant d\u2019ajouter : [&hellip;]","og_url":"https:\/\/www.nettali.com\/2023\/06\/22\/en-coulisses-macky-vers-la-victoire-en-2024\/","og_site_name":"Nettali.com","article_publisher":"https:\/\/www.facebook.com\/nettalicom","article_published_time":"2023-06-22T09:55:57+00:00","article_modified_time":"2023-06-22T15:12:21+00:00","og_image":[{"width":577,"height":310,"url":"https:\/\/www.nettali.com\/wp-content\/uploads\/2023\/06\/Capture-de\u0301cran-2023-06-22-a\u0300-15.02.01.png","type":"image\/png"}],"twitter_card":"summary_large_image","twitter_misc":{"\u00c9crit par":"CK","Dur\u00e9e de lecture estim\u00e9e":"1 minute"},"schema":{"@context":"https:\/\/schema.org","@graph":[{"@type":"WebSite","@id":"https:\/\/www.nettali.com\/#website","url":"https:\/\/www.nettali.com\/","name":"Nettali.com","description":"Le rendez-vous critique du Net","potentialAction":[{"@type":"SearchAction","target":{"@type":"EntryPoint","urlTemplate":"https:\/\/www.nettali.com\/?s={search_term_string}"},"query-input":"required name=search_term_string"}],"inLanguage":"fr-FR"},{"@type":"ImageObject","@id":"https:\/\/www.nettali.com\/2023\/06\/22\/en-coulisses-macky-vers-la-victoire-en-2024\/#primaryimage","inLanguage":"fr-FR","url":"https:\/\/www.nettali.com\/wp-content\/uploads\/2023\/06\/Capture-de\u0301cran-2023-06-22-a\u0300-15.02.01.png","contentUrl":"https:\/\/www.nettali.com\/wp-content\/uploads\/2023\/06\/Capture-de\u0301cran-2023-06-22-a\u0300-15.02.01.png","width":577,"height":310},{"@type":"WebPage","@id":"https:\/\/www.nettali.com\/2023\/06\/22\/en-coulisses-macky-vers-la-victoire-en-2024\/#webpage","url":"https:\/\/www.nettali.com\/2023\/06\/22\/en-coulisses-macky-vers-la-victoire-en-2024\/","name":"EN COULISSES - Macky vers la \"victoire en 2024\" ! | Nettali.com","isPartOf":{"@id":"https:\/\/www.nettali.com\/#website"},"primaryImageOfPage":{"@id":"https:\/\/www.nettali.com\/2023\/06\/22\/en-coulisses-macky-vers-la-victoire-en-2024\/#primaryimage"},"datePublished":"2023-06-22T09:55:57+00:00","dateModified":"2023-06-22T15:12:21+00:00","author":{"@id":"https:\/\/www.nettali.com\/#\/schema\/person\/d8ac7b7e27ddad43f1c0d2ef090d7f71"},"breadcrumb":{"@id":"https:\/\/www.nettali.com\/2023\/06\/22\/en-coulisses-macky-vers-la-victoire-en-2024\/#breadcrumb"},"inLanguage":"fr-FR","potentialAction":[{"@type":"ReadAction","target":["https:\/\/www.nettali.com\/2023\/06\/22\/en-coulisses-macky-vers-la-victoire-en-2024\/"]}]},{"@type":"BreadcrumbList","@id":"https:\/\/www.nettali.com\/2023\/06\/22\/en-coulisses-macky-vers-la-victoire-en-2024\/#breadcrumb","itemListElement":[{"@type":"ListItem","position":1,"name":"Accueil","item":"https:\/\/www.nettali.com\/"},{"@type":"ListItem","position":2,"name":"EN COULISSES - Macky vers la \"victoire en 2024\" !"}]},{"@type":"Person","@id":"https:\/\/www.nettali.com\/#\/schema\/person\/d8ac7b7e27ddad43f1c0d2ef090d7f71","name":"CK","image":{"@type":"ImageObject","@id":"https:\/\/www.nettali.com\/#personlogo","inLanguage":"fr-FR","url":"https:\/\/secure.gravatar.com\/avatar\/1d8d5118b9327d94da7cd4ce7f17fec2?s=96&d=mm&r=g","contentUrl":"https:\/\/secure.gravatar.com\/avatar\/1d8d5118b9327d94da7cd4ce7f17fec2?s=96&d=mm&r=g","caption":"CK"},"sameAs":["https:\/\/www.nettali.com"]}]}},"_links":{"self":[{"href":"https:\/\/www.nettali.com\/rest\/wp\/v2\/posts\/112683"}],"collection":[{"href":"https:\/\/www.nettali.com\/rest\/wp\/v2\/posts"}],"about":[{"href":"https:\/\/www.nettali.com\/rest\/wp\/v2\/types\/post"}],"author":[{"embeddable":true,"href":"https:\/\/www.nettali.com\/rest\/wp\/v2\/users\/2"}],"replies":[{"embeddable":true,"href":"https:\/\/www.nettali.com\/rest\/wp\/v2\/comments?post=112683"}],"version-history":[{"count":3,"href":"https:\/\/www.nettali.com\/rest\/wp\/v2\/posts\/112683\/revisions"}],"predecessor-version":[{"id":112686,"href":"https:\/\/www.nettali.com\/rest\/wp\/v2\/posts\/112683\/revisions\/112686"}],"wp:featuredmedia":[{"embeddable":true,"href":"https:\/\/www.nettali.com\/rest\/wp\/v2\/media\/112714"}],"wp:attachment":[{"href":"https:\/\/www.nettali.com\/rest\/wp\/v2\/media?parent=112683"}],"wp:term":[{"taxonomy":"category","embeddable":true,"href":"https:\/\/www.nettali.com\/rest\/wp\/v2\/categories?post=112683"},{"taxonomy":"post_tag","embeddable":true,"href":"https:\/\/www.nettali.com\/rest\/wp\/v2\/tags?post=112683"}],"curies":[{"name":"wp","href":"https:\/\/api.w.org\/{rel}","templated":true}]}}