{"id":112654,"date":"2023-06-21T20:57:34","date_gmt":"2023-06-21T20:57:34","guid":{"rendered":"https:\/\/www.nettali.com\/?p=112654"},"modified":"2023-06-22T21:38:42","modified_gmt":"2023-06-22T21:38:42","slug":"candidature-en-2024-la-nouvelle-declaration-de-macky-qui-va-faire-jaser","status":"publish","type":"post","link":"https:\/\/www.nettali.com\/2023\/06\/21\/candidature-en-2024-la-nouvelle-declaration-de-macky-qui-va-faire-jaser\/","title":{"rendered":"CANDIDATURE EN 2024 \u2013 La nouvelle d\u00e9claration de Macky qui va faire jaser !"},"content":{"rendered":"<p><strong>NETTALI.COM - Apr\u00e8s son s\u00e9jour \u00e0 Lisbonne, le pr\u00e9sident de la R\u00e9publique, Macky Sall a fait cap sur la France, o\u00f9 il a rencontr\u00e9 le mercredi 21 juin, ses militants de la diaspora pour les appeler \u00e0 la mobilisation. Il a aussi rappel\u00e9 son adresse \u00e0 la Nation qu\u2019il compte tenir sous peu, sur fond d'un discours qui ne donne d\u00e9sormais aucun doute sur ses intention de briguer un mandat pour 2024.<\/strong><\/p>\n<p><em>\u00abSoyez rassur\u00e9s, je veux agilement rassurer la coalition Benno Bokk Yakaar qui, depuis 11 ans et demi, travaille sous ma direction pour imprimer des changements majeurs dans la marche de notre pays. Une marche vers le progr\u00e8s et vers l\u2019\u00e9panouissement de nos compatriotes. \u00c7a c\u2019est ce qui nous motive contrairement \u00e0 ceux qui veulent d\u00e9truire le S\u00e9n\u00e9gal. Et nous allons faire face \u00bb<\/em>, a d\u00e9clar\u00e9 le pr\u00e9sident Macky devant ses partisans de la diaspora acquis \u00e0 sa cause.<\/p>\n<p>Le ton ferme,\u00a0 il a promis de prot\u00e9ger le pays. <em>\u00abNous nous \u00e9rigerons pour prot\u00e9ger le S\u00e9n\u00e9gal, instaurer la paix dans ce pays qui a toujours \u00e9t\u00e9 un pays de paix, de stabilit\u00e9 et de s\u00e9curit\u00e9. Ce que je peux vous promettre, c\u2019est que gr\u00e2ce \u00e0 notre travail, nous nous maintiendrons au pouvoir avec la volont\u00e9 du peuple s\u00e9n\u00e9galais. Pour faciliter cet objectif politique, il nous faut avoir l\u2019unit\u00e9 \u00e0 notre sein. Il faut l\u2019unit\u00e9, il faut la mobilisation, il faut la g\u00e9n\u00e9rosit\u00e9 entre responsables, entre militants. Tout le reste sera une question de strat\u00e9gies et de tactique politique\u00bb<\/em>.<\/p>\n<p>A ses militants, il a appel\u00e9 \u00e0 la mobilisation. <em>\u00abRestez unis, restez mobilis\u00e9s. De toutes les fa\u00e7ons, je vais m\u2019adresser au pays dans pas longtemps. Donc nous aurons \u00e0 faire, beaucoup \u00e0 faire apr\u00e8s cette d\u00e9claration pour aller vers la marche du progr\u00e8s, vers la victoire de 2024\u00bb<\/em>, laisse-t-il entendre.<\/p>\n<p>&nbsp;<\/p>\n<div class='share-to-whatsapp-wrapper'><div class='share-on-whsp'>PARTAGER SUR : <\/div><a data-text='CANDIDATURE EN 2024 \u2013 La nouvelle d\u00e9claration de Macky qui va faire jaser !' data-link='https:\/\/www.nettali.com\/2023\/06\/21\/candidature-en-2024-la-nouvelle-declaration-de-macky-qui-va-faire-jaser\/' class='whatsapp-button whatsapp-share'>WhatsApp<\/a><div class='clear '><\/div><\/div>","protected":false},"excerpt":{"rendered":"<p>NETTALI.COM - Apr\u00e8s son s\u00e9jour \u00e0 Lisbonne, le pr\u00e9sident de la R\u00e9publique, Macky Sall a fait cap sur la France, o\u00f9 il a rencontr\u00e9 le mercredi 21 juin, ses militants de la diaspora pour les appeler \u00e0 la mobilisation. Il a aussi rappel\u00e9 son adresse \u00e0 la Nation qu\u2019il compte tenir sous peu, sur fond [&hellip;]<\/p>\n","protected":false},"author":4,"featured_media":112655,"comment_status":"open","ping_status":"open","sticky":false,"template":"","format":"standard","meta":{"_et_pb_use_builder":"","_et_pb_old_content":""},"categories":[2],"tags":[],"yoast_head":"<!-- This site is optimized with the Yoast SEO Premium plugin v17.8 (Yoast SEO v17.8) - https:\/\/yoast.com\/wordpress\/plugins\/seo\/ -->\n<title>CANDIDATURE EN 2024 \u2013 La nouvelle d\u00e9claration de Macky qui va faire jaser ! | Nettali.com<\/title>\n<meta name=\"robots\" content=\"index, follow, max-snippet:-1, max-image-preview:large, max-video-preview:-1\" \/>\n<link rel=\"canonical\" href=\"https:\/\/www.nettali.com\/2023\/06\/21\/candidature-en-2024-la-nouvelle-declaration-de-macky-qui-va-faire-jaser\/\" \/>\n<meta property=\"og:locale\" content=\"fr_FR\" \/>\n<meta property=\"og:type\" content=\"article\" \/>\n<meta property=\"og:title\" content=\"CANDIDATURE EN 2024 \u2013 La nouvelle d\u00e9claration de Macky qui va faire jaser !\" \/>\n<meta property=\"og:description\" content=\"NETTALI.COM - Apr\u00e8s son s\u00e9jour \u00e0 Lisbonne, le pr\u00e9sident de la R\u00e9publique, Macky Sall a fait cap sur la France, o\u00f9 il a rencontr\u00e9 le mercredi 21 juin, ses militants de la diaspora pour les appeler \u00e0 la mobilisation. Il a aussi rappel\u00e9 son adresse \u00e0 la Nation qu\u2019il compte tenir sous peu, sur fond [&hellip;]\" \/>\n<meta property=\"og:url\" content=\"https:\/\/www.nettali.com\/2023\/06\/21\/candidature-en-2024-la-nouvelle-declaration-de-macky-qui-va-faire-jaser\/\" \/>\n<meta property=\"og:site_name\" content=\"Nettali.com\" \/>\n<meta property=\"article:publisher\" content=\"https:\/\/www.facebook.com\/nettalicom\" \/>\n<meta property=\"article:published_time\" content=\"2023-06-21T20:57:34+00:00\" \/>\n<meta property=\"article:modified_time\" content=\"2023-06-22T21:38:42+00:00\" \/>\n<meta property=\"og:image\" content=\"https:\/\/www.nettali.com\/wp-content\/uploads\/2023\/06\/Macky-signature-e1687381013471.jpeg\" \/>\n\t<meta property=\"og:image:width\" content=\"1986\" \/>\n\t<meta property=\"og:image:height\" content=\"1121\" \/>\n<meta name=\"twitter:card\" content=\"summary_large_image\" \/>\n<meta name=\"twitter:label1\" content=\"\u00c9crit par\" \/>\n\t<meta name=\"twitter:data1\" content=\"Daouda\" \/>\n\t<meta name=\"twitter:label2\" content=\"Dur\u00e9e de lecture estim\u00e9e\" \/>\n\t<meta name=\"twitter:data2\" content=\"2 minutes\" \/>\n<script type=\"application\/ld+json\" class=\"yoast-schema-graph\">{\"@context\":\"https:\/\/schema.org\",\"@graph\":[{\"@type\":\"WebSite\",\"@id\":\"https:\/\/www.nettali.com\/#website\",\"url\":\"https:\/\/www.nettali.com\/\",\"name\":\"Nettali.com\",\"description\":\"Le rendez-vous critique du Net\",\"potentialAction\":[{\"@type\":\"SearchAction\",\"target\":{\"@type\":\"EntryPoint\",\"urlTemplate\":\"https:\/\/www.nettali.com\/?s={search_term_string}\"},\"query-input\":\"required name=search_term_string\"}],\"inLanguage\":\"fr-FR\"},{\"@type\":\"ImageObject\",\"@id\":\"https:\/\/www.nettali.com\/2023\/06\/21\/candidature-en-2024-la-nouvelle-declaration-de-macky-qui-va-faire-jaser\/#primaryimage\",\"inLanguage\":\"fr-FR\",\"url\":\"https:\/\/www.nettali.com\/wp-content\/uploads\/2023\/06\/Macky-signature-e1687381013471.jpeg\",\"contentUrl\":\"https:\/\/www.nettali.com\/wp-content\/uploads\/2023\/06\/Macky-signature-e1687381013471.jpeg\",\"width\":1986,\"height\":1121},{\"@type\":\"WebPage\",\"@id\":\"https:\/\/www.nettali.com\/2023\/06\/21\/candidature-en-2024-la-nouvelle-declaration-de-macky-qui-va-faire-jaser\/#webpage\",\"url\":\"https:\/\/www.nettali.com\/2023\/06\/21\/candidature-en-2024-la-nouvelle-declaration-de-macky-qui-va-faire-jaser\/\",\"name\":\"CANDIDATURE EN 2024 \\u2013 La nouvelle d\\u00e9claration de Macky qui va faire jaser ! | Nettali.com\",\"isPartOf\":{\"@id\":\"https:\/\/www.nettali.com\/#website\"},\"primaryImageOfPage\":{\"@id\":\"https:\/\/www.nettali.com\/2023\/06\/21\/candidature-en-2024-la-nouvelle-declaration-de-macky-qui-va-faire-jaser\/#primaryimage\"},\"datePublished\":\"2023-06-21T20:57:34+00:00\",\"dateModified\":\"2023-06-22T21:38:42+00:00\",\"author\":{\"@id\":\"https:\/\/www.nettali.com\/#\/schema\/person\/3317e0bb3aa1da309fbf7b2780901bf4\"},\"breadcrumb\":{\"@id\":\"https:\/\/www.nettali.com\/2023\/06\/21\/candidature-en-2024-la-nouvelle-declaration-de-macky-qui-va-faire-jaser\/#breadcrumb\"},\"inLanguage\":\"fr-FR\",\"potentialAction\":[{\"@type\":\"ReadAction\",\"target\":[\"https:\/\/www.nettali.com\/2023\/06\/21\/candidature-en-2024-la-nouvelle-declaration-de-macky-qui-va-faire-jaser\/\"]}]},{\"@type\":\"BreadcrumbList\",\"@id\":\"https:\/\/www.nettali.com\/2023\/06\/21\/candidature-en-2024-la-nouvelle-declaration-de-macky-qui-va-faire-jaser\/#breadcrumb\",\"itemListElement\":[{\"@type\":\"ListItem\",\"position\":1,\"name\":\"Accueil\",\"item\":\"https:\/\/www.nettali.com\/\"},{\"@type\":\"ListItem\",\"position\":2,\"name\":\"CANDIDATURE EN 2024 \\u2013 La nouvelle d\\u00e9claration de Macky qui va faire jaser !\"}]},{\"@type\":\"Person\",\"@id\":\"https:\/\/www.nettali.com\/#\/schema\/person\/3317e0bb3aa1da309fbf7b2780901bf4\",\"name\":\"Daouda\",\"image\":{\"@type\":\"ImageObject\",\"@id\":\"https:\/\/www.nettali.com\/#personlogo\",\"inLanguage\":\"fr-FR\",\"url\":\"https:\/\/secure.gravatar.com\/avatar\/8d143b5a49345098ddcfee1c49c2f47c?s=96&d=mm&r=g\",\"contentUrl\":\"https:\/\/secure.gravatar.com\/avatar\/8d143b5a49345098ddcfee1c49c2f47c?s=96&d=mm&r=g\",\"caption\":\"Daouda\"},\"sameAs\":[\"https:\/\/www.nettali.com\"]}]}<\/script>\n<!-- \/ Yoast SEO Premium plugin. -->","yoast_head_json":{"title":"CANDIDATURE EN 2024 \u2013 La nouvelle d\u00e9claration de Macky qui va faire jaser ! | Nettali.com","robots":{"index":"index","follow":"follow","max-snippet":"max-snippet:-1","max-image-preview":"max-image-preview:large","max-video-preview":"max-video-preview:-1"},"canonical":"https:\/\/www.nettali.com\/2023\/06\/21\/candidature-en-2024-la-nouvelle-declaration-de-macky-qui-va-faire-jaser\/","og_locale":"fr_FR","og_type":"article","og_title":"CANDIDATURE EN 2024 \u2013 La nouvelle d\u00e9claration de Macky qui va faire jaser !","og_description":"NETTALI.COM - Apr\u00e8s son s\u00e9jour \u00e0 Lisbonne, le pr\u00e9sident de la R\u00e9publique, Macky Sall a fait cap sur la France, o\u00f9 il a rencontr\u00e9 le mercredi 21 juin, ses militants de la diaspora pour les appeler \u00e0 la mobilisation. Il a aussi rappel\u00e9 son adresse \u00e0 la Nation qu\u2019il compte tenir sous peu, sur fond [&hellip;]","og_url":"https:\/\/www.nettali.com\/2023\/06\/21\/candidature-en-2024-la-nouvelle-declaration-de-macky-qui-va-faire-jaser\/","og_site_name":"Nettali.com","article_publisher":"https:\/\/www.facebook.com\/nettalicom","article_published_time":"2023-06-21T20:57:34+00:00","article_modified_time":"2023-06-22T21:38:42+00:00","og_image":[{"width":1986,"height":1121,"url":"https:\/\/www.nettali.com\/wp-content\/uploads\/2023\/06\/Macky-signature-e1687381013471.jpeg","type":"image\/jpeg"}],"twitter_card":"summary_large_image","twitter_misc":{"\u00c9crit par":"Daouda","Dur\u00e9e de lecture estim\u00e9e":"2 minutes"},"schema":{"@context":"https:\/\/schema.org","@graph":[{"@type":"WebSite","@id":"https:\/\/www.nettali.com\/#website","url":"https:\/\/www.nettali.com\/","name":"Nettali.com","description":"Le rendez-vous critique du Net","potentialAction":[{"@type":"SearchAction","target":{"@type":"EntryPoint","urlTemplate":"https:\/\/www.nettali.com\/?s={search_term_string}"},"query-input":"required name=search_term_string"}],"inLanguage":"fr-FR"},{"@type":"ImageObject","@id":"https:\/\/www.nettali.com\/2023\/06\/21\/candidature-en-2024-la-nouvelle-declaration-de-macky-qui-va-faire-jaser\/#primaryimage","inLanguage":"fr-FR","url":"https:\/\/www.nettali.com\/wp-content\/uploads\/2023\/06\/Macky-signature-e1687381013471.jpeg","contentUrl":"https:\/\/www.nettali.com\/wp-content\/uploads\/2023\/06\/Macky-signature-e1687381013471.jpeg","width":1986,"height":1121},{"@type":"WebPage","@id":"https:\/\/www.nettali.com\/2023\/06\/21\/candidature-en-2024-la-nouvelle-declaration-de-macky-qui-va-faire-jaser\/#webpage","url":"https:\/\/www.nettali.com\/2023\/06\/21\/candidature-en-2024-la-nouvelle-declaration-de-macky-qui-va-faire-jaser\/","name":"CANDIDATURE EN 2024 \u2013 La nouvelle d\u00e9claration de Macky qui va faire jaser ! | Nettali.com","isPartOf":{"@id":"https:\/\/www.nettali.com\/#website"},"primaryImageOfPage":{"@id":"https:\/\/www.nettali.com\/2023\/06\/21\/candidature-en-2024-la-nouvelle-declaration-de-macky-qui-va-faire-jaser\/#primaryimage"},"datePublished":"2023-06-21T20:57:34+00:00","dateModified":"2023-06-22T21:38:42+00:00","author":{"@id":"https:\/\/www.nettali.com\/#\/schema\/person\/3317e0bb3aa1da309fbf7b2780901bf4"},"breadcrumb":{"@id":"https:\/\/www.nettali.com\/2023\/06\/21\/candidature-en-2024-la-nouvelle-declaration-de-macky-qui-va-faire-jaser\/#breadcrumb"},"inLanguage":"fr-FR","potentialAction":[{"@type":"ReadAction","target":["https:\/\/www.nettali.com\/2023\/06\/21\/candidature-en-2024-la-nouvelle-declaration-de-macky-qui-va-faire-jaser\/"]}]},{"@type":"BreadcrumbList","@id":"https:\/\/www.nettali.com\/2023\/06\/21\/candidature-en-2024-la-nouvelle-declaration-de-macky-qui-va-faire-jaser\/#breadcrumb","itemListElement":[{"@type":"ListItem","position":1,"name":"Accueil","item":"https:\/\/www.nettali.com\/"},{"@type":"ListItem","position":2,"name":"CANDIDATURE EN 2024 \u2013 La nouvelle d\u00e9claration de Macky qui va faire jaser !"}]},{"@type":"Person","@id":"https:\/\/www.nettali.com\/#\/schema\/person\/3317e0bb3aa1da309fbf7b2780901bf4","name":"Daouda","image":{"@type":"ImageObject","@id":"https:\/\/www.nettali.com\/#personlogo","inLanguage":"fr-FR","url":"https:\/\/secure.gravatar.com\/avatar\/8d143b5a49345098ddcfee1c49c2f47c?s=96&d=mm&r=g","contentUrl":"https:\/\/secure.gravatar.com\/avatar\/8d143b5a49345098ddcfee1c49c2f47c?s=96&d=mm&r=g","caption":"Daouda"},"sameAs":["https:\/\/www.nettali.com"]}]}},"_links":{"self":[{"href":"https:\/\/www.nettali.com\/rest\/wp\/v2\/posts\/112654"}],"collection":[{"href":"https:\/\/www.nettali.com\/rest\/wp\/v2\/posts"}],"about":[{"href":"https:\/\/www.nettali.com\/rest\/wp\/v2\/types\/post"}],"author":[{"embeddable":true,"href":"https:\/\/www.nettali.com\/rest\/wp\/v2\/users\/4"}],"replies":[{"embeddable":true,"href":"https:\/\/www.nettali.com\/rest\/wp\/v2\/comments?post=112654"}],"version-history":[{"count":5,"href":"https:\/\/www.nettali.com\/rest\/wp\/v2\/posts\/112654\/revisions"}],"predecessor-version":[{"id":112682,"href":"https:\/\/www.nettali.com\/rest\/wp\/v2\/posts\/112654\/revisions\/112682"}],"wp:featuredmedia":[{"embeddable":true,"href":"https:\/\/www.nettali.com\/rest\/wp\/v2\/media\/112655"}],"wp:attachment":[{"href":"https:\/\/www.nettali.com\/rest\/wp\/v2\/media?parent=112654"}],"wp:term":[{"taxonomy":"category","embeddable":true,"href":"https:\/\/www.nettali.com\/rest\/wp\/v2\/categories?post=112654"},{"taxonomy":"post_tag","embeddable":true,"href":"https:\/\/www.nettali.com\/rest\/wp\/v2\/tags?post=112654"}],"curies":[{"name":"wp","href":"https:\/\/api.w.org\/{rel}","templated":true}]}}