{"id":112545,"date":"2023-06-20T09:54:18","date_gmt":"2023-06-20T09:54:18","guid":{"rendered":"https:\/\/www.nettali.com\/?p=112545"},"modified":"2023-06-20T09:54:18","modified_gmt":"2023-06-20T09:54:18","slug":"en-coulisses-le-f-24-et-sa-reponse-au-gouvernement","status":"publish","type":"post","link":"https:\/\/www.nettali.com\/2023\/06\/20\/en-coulisses-le-f-24-et-sa-reponse-au-gouvernement\/","title":{"rendered":"EN COULISSES - Le F 24 et sa re\u0301ponse au gouvernement..."},"content":{"rendered":"<div class=\"page\" title=\"Page 2\">\n<div class=\"section\">\n<div class=\"layoutArea\">\n<div class=\"column\">\n<p><strong>NETTALI.COM -<\/strong> Lors de sa conf\u00e9rence de presse du lundi 19 juin, la F24 est revenue sur la dernie\u0300re sortie du gouvernement. Selon cette organisation de l'opposition, l'E\u0301tat devrait pluto\u0302t s'occuper a\u0300 ge\u0301rer les dommages issus des manifestations du de\u0301but de mois de juin.<\/p>\n<p>\"<em>Au lieu d'e\u0301piloguer sur les suppose\u0301es forces occultes ou des terroristes qui n'existent que dans leur imagination, nous invitons les membres du gouvernement a\u0300 prendre en charge totalement tous les rescape\u0301s des re\u0301cents e\u0301ve\u0301nements. Lors de cette confe\u0301rence de presse conjointe, les ministres en question ont tous sorti des contreve\u0301rite\u0301s sur les vrais coupables, les vrais responsables de tout ce qui s'est passe\u0301<\/em>\u201d, a tance\u0301 le coordonnateur de la F24, Mamadou Mbodj.<\/p>\n<p>Dans un autre registre, la F24 s'est offusque\u0301e de la \"coupure injustifie\u0301e du signal de Walfadjri\". En outre, il a pro\u0302ne\u0301 la leve\u0301e du blocus chez Ousmane Sonko.<\/p>\n<\/div>\n<\/div>\n<\/div>\n<\/div>\n<div class='share-to-whatsapp-wrapper'><div class='share-on-whsp'>PARTAGER SUR : <\/div><a data-text='EN COULISSES - Le F 24 et sa re\u0301ponse au gouvernement...' data-link='https:\/\/www.nettali.com\/2023\/06\/20\/en-coulisses-le-f-24-et-sa-reponse-au-gouvernement\/' class='whatsapp-button whatsapp-share'>WhatsApp<\/a><div class='clear '><\/div><\/div>","protected":false},"excerpt":{"rendered":"<p>NETTALI.COM - Lors de sa conf\u00e9rence de presse du lundi 19 juin, la F24 est revenue sur la dernie\u0300re sortie du gouvernement. Selon cette organisation de l'opposition, l'E\u0301tat devrait pluto\u0302t s'occuper a\u0300 ge\u0301rer les dommages issus des manifestations du de\u0301but de mois de juin. \"Au lieu d'e\u0301piloguer sur les suppose\u0301es forces occultes ou des terroristes [&hellip;]<\/p>\n","protected":false},"author":2,"featured_media":112547,"comment_status":"open","ping_status":"open","sticky":false,"template":"","format":"standard","meta":{"_et_pb_use_builder":"","_et_pb_old_content":""},"categories":[34945],"tags":[],"yoast_head":"<!-- This site is optimized with the Yoast SEO Premium plugin v17.8 (Yoast SEO v17.8) - https:\/\/yoast.com\/wordpress\/plugins\/seo\/ -->\n<title>EN COULISSES - Le F 24 et sa re\u0301ponse au gouvernement... | Nettali.com<\/title>\n<meta name=\"robots\" content=\"index, follow, max-snippet:-1, max-image-preview:large, max-video-preview:-1\" \/>\n<link rel=\"canonical\" href=\"https:\/\/www.nettali.com\/2023\/06\/20\/en-coulisses-le-f-24-et-sa-reponse-au-gouvernement\/\" \/>\n<meta property=\"og:locale\" content=\"fr_FR\" \/>\n<meta property=\"og:type\" content=\"article\" \/>\n<meta property=\"og:title\" content=\"EN COULISSES - Le F 24 et sa re\u0301ponse au gouvernement...\" \/>\n<meta property=\"og:description\" content=\"NETTALI.COM - Lors de sa conf\u00e9rence de presse du lundi 19 juin, la F24 est revenue sur la dernie\u0300re sortie du gouvernement. Selon cette organisation de l&#039;opposition, l&#039;E\u0301tat devrait pluto\u0302t s&#039;occuper a\u0300 ge\u0301rer les dommages issus des manifestations du de\u0301but de mois de juin. &quot;Au lieu d&#039;e\u0301piloguer sur les suppose\u0301es forces occultes ou des terroristes [&hellip;]\" \/>\n<meta property=\"og:url\" content=\"https:\/\/www.nettali.com\/2023\/06\/20\/en-coulisses-le-f-24-et-sa-reponse-au-gouvernement\/\" \/>\n<meta property=\"og:site_name\" content=\"Nettali.com\" \/>\n<meta property=\"article:publisher\" content=\"https:\/\/www.facebook.com\/nettalicom\" \/>\n<meta property=\"article:published_time\" content=\"2023-06-20T09:54:18+00:00\" \/>\n<meta property=\"og:image\" content=\"https:\/\/www.nettali.com\/wp-content\/uploads\/2023\/06\/te\u0301le\u0301chargement-1.jpeg\" \/>\n\t<meta property=\"og:image:width\" content=\"300\" \/>\n\t<meta property=\"og:image:height\" content=\"168\" \/>\n<meta name=\"twitter:card\" content=\"summary_large_image\" \/>\n<meta name=\"twitter:label1\" content=\"\u00c9crit par\" \/>\n\t<meta name=\"twitter:data1\" content=\"CK\" \/>\n\t<meta name=\"twitter:label2\" content=\"Dur\u00e9e de lecture estim\u00e9e\" \/>\n\t<meta name=\"twitter:data2\" content=\"1 minute\" \/>\n<script type=\"application\/ld+json\" class=\"yoast-schema-graph\">{\"@context\":\"https:\/\/schema.org\",\"@graph\":[{\"@type\":\"WebSite\",\"@id\":\"https:\/\/www.nettali.com\/#website\",\"url\":\"https:\/\/www.nettali.com\/\",\"name\":\"Nettali.com\",\"description\":\"Le rendez-vous critique du Net\",\"potentialAction\":[{\"@type\":\"SearchAction\",\"target\":{\"@type\":\"EntryPoint\",\"urlTemplate\":\"https:\/\/www.nettali.com\/?s={search_term_string}\"},\"query-input\":\"required name=search_term_string\"}],\"inLanguage\":\"fr-FR\"},{\"@type\":\"ImageObject\",\"@id\":\"https:\/\/www.nettali.com\/2023\/06\/20\/en-coulisses-le-f-24-et-sa-reponse-au-gouvernement\/#primaryimage\",\"inLanguage\":\"fr-FR\",\"url\":\"https:\/\/www.nettali.com\/wp-content\/uploads\/2023\/06\/te\\u0301le\\u0301chargement-1.jpeg\",\"contentUrl\":\"https:\/\/www.nettali.com\/wp-content\/uploads\/2023\/06\/te\\u0301le\\u0301chargement-1.jpeg\",\"width\":300,\"height\":168},{\"@type\":\"WebPage\",\"@id\":\"https:\/\/www.nettali.com\/2023\/06\/20\/en-coulisses-le-f-24-et-sa-reponse-au-gouvernement\/#webpage\",\"url\":\"https:\/\/www.nettali.com\/2023\/06\/20\/en-coulisses-le-f-24-et-sa-reponse-au-gouvernement\/\",\"name\":\"EN COULISSES - Le F 24 et sa re\\u0301ponse au gouvernement... | Nettali.com\",\"isPartOf\":{\"@id\":\"https:\/\/www.nettali.com\/#website\"},\"primaryImageOfPage\":{\"@id\":\"https:\/\/www.nettali.com\/2023\/06\/20\/en-coulisses-le-f-24-et-sa-reponse-au-gouvernement\/#primaryimage\"},\"datePublished\":\"2023-06-20T09:54:18+00:00\",\"dateModified\":\"2023-06-20T09:54:18+00:00\",\"author\":{\"@id\":\"https:\/\/www.nettali.com\/#\/schema\/person\/d8ac7b7e27ddad43f1c0d2ef090d7f71\"},\"breadcrumb\":{\"@id\":\"https:\/\/www.nettali.com\/2023\/06\/20\/en-coulisses-le-f-24-et-sa-reponse-au-gouvernement\/#breadcrumb\"},\"inLanguage\":\"fr-FR\",\"potentialAction\":[{\"@type\":\"ReadAction\",\"target\":[\"https:\/\/www.nettali.com\/2023\/06\/20\/en-coulisses-le-f-24-et-sa-reponse-au-gouvernement\/\"]}]},{\"@type\":\"BreadcrumbList\",\"@id\":\"https:\/\/www.nettali.com\/2023\/06\/20\/en-coulisses-le-f-24-et-sa-reponse-au-gouvernement\/#breadcrumb\",\"itemListElement\":[{\"@type\":\"ListItem\",\"position\":1,\"name\":\"Accueil\",\"item\":\"https:\/\/www.nettali.com\/\"},{\"@type\":\"ListItem\",\"position\":2,\"name\":\"EN COULISSES - Le F 24 et sa re\\u0301ponse au gouvernement...\"}]},{\"@type\":\"Person\",\"@id\":\"https:\/\/www.nettali.com\/#\/schema\/person\/d8ac7b7e27ddad43f1c0d2ef090d7f71\",\"name\":\"CK\",\"image\":{\"@type\":\"ImageObject\",\"@id\":\"https:\/\/www.nettali.com\/#personlogo\",\"inLanguage\":\"fr-FR\",\"url\":\"https:\/\/secure.gravatar.com\/avatar\/1d8d5118b9327d94da7cd4ce7f17fec2?s=96&d=mm&r=g\",\"contentUrl\":\"https:\/\/secure.gravatar.com\/avatar\/1d8d5118b9327d94da7cd4ce7f17fec2?s=96&d=mm&r=g\",\"caption\":\"CK\"},\"sameAs\":[\"https:\/\/www.nettali.com\"]}]}<\/script>\n<!-- \/ Yoast SEO Premium plugin. -->","yoast_head_json":{"title":"EN COULISSES - Le F 24 et sa re\u0301ponse au gouvernement... | Nettali.com","robots":{"index":"index","follow":"follow","max-snippet":"max-snippet:-1","max-image-preview":"max-image-preview:large","max-video-preview":"max-video-preview:-1"},"canonical":"https:\/\/www.nettali.com\/2023\/06\/20\/en-coulisses-le-f-24-et-sa-reponse-au-gouvernement\/","og_locale":"fr_FR","og_type":"article","og_title":"EN COULISSES - Le F 24 et sa re\u0301ponse au gouvernement...","og_description":"NETTALI.COM - Lors de sa conf\u00e9rence de presse du lundi 19 juin, la F24 est revenue sur la dernie\u0300re sortie du gouvernement. Selon cette organisation de l'opposition, l'E\u0301tat devrait pluto\u0302t s'occuper a\u0300 ge\u0301rer les dommages issus des manifestations du de\u0301but de mois de juin. \"Au lieu d'e\u0301piloguer sur les suppose\u0301es forces occultes ou des terroristes [&hellip;]","og_url":"https:\/\/www.nettali.com\/2023\/06\/20\/en-coulisses-le-f-24-et-sa-reponse-au-gouvernement\/","og_site_name":"Nettali.com","article_publisher":"https:\/\/www.facebook.com\/nettalicom","article_published_time":"2023-06-20T09:54:18+00:00","og_image":[{"width":300,"height":168,"url":"https:\/\/www.nettali.com\/wp-content\/uploads\/2023\/06\/te\u0301le\u0301chargement-1.jpeg","type":"image\/jpeg"}],"twitter_card":"summary_large_image","twitter_misc":{"\u00c9crit par":"CK","Dur\u00e9e de lecture estim\u00e9e":"1 minute"},"schema":{"@context":"https:\/\/schema.org","@graph":[{"@type":"WebSite","@id":"https:\/\/www.nettali.com\/#website","url":"https:\/\/www.nettali.com\/","name":"Nettali.com","description":"Le rendez-vous critique du Net","potentialAction":[{"@type":"SearchAction","target":{"@type":"EntryPoint","urlTemplate":"https:\/\/www.nettali.com\/?s={search_term_string}"},"query-input":"required name=search_term_string"}],"inLanguage":"fr-FR"},{"@type":"ImageObject","@id":"https:\/\/www.nettali.com\/2023\/06\/20\/en-coulisses-le-f-24-et-sa-reponse-au-gouvernement\/#primaryimage","inLanguage":"fr-FR","url":"https:\/\/www.nettali.com\/wp-content\/uploads\/2023\/06\/te\u0301le\u0301chargement-1.jpeg","contentUrl":"https:\/\/www.nettali.com\/wp-content\/uploads\/2023\/06\/te\u0301le\u0301chargement-1.jpeg","width":300,"height":168},{"@type":"WebPage","@id":"https:\/\/www.nettali.com\/2023\/06\/20\/en-coulisses-le-f-24-et-sa-reponse-au-gouvernement\/#webpage","url":"https:\/\/www.nettali.com\/2023\/06\/20\/en-coulisses-le-f-24-et-sa-reponse-au-gouvernement\/","name":"EN COULISSES - Le F 24 et sa re\u0301ponse au gouvernement... | Nettali.com","isPartOf":{"@id":"https:\/\/www.nettali.com\/#website"},"primaryImageOfPage":{"@id":"https:\/\/www.nettali.com\/2023\/06\/20\/en-coulisses-le-f-24-et-sa-reponse-au-gouvernement\/#primaryimage"},"datePublished":"2023-06-20T09:54:18+00:00","dateModified":"2023-06-20T09:54:18+00:00","author":{"@id":"https:\/\/www.nettali.com\/#\/schema\/person\/d8ac7b7e27ddad43f1c0d2ef090d7f71"},"breadcrumb":{"@id":"https:\/\/www.nettali.com\/2023\/06\/20\/en-coulisses-le-f-24-et-sa-reponse-au-gouvernement\/#breadcrumb"},"inLanguage":"fr-FR","potentialAction":[{"@type":"ReadAction","target":["https:\/\/www.nettali.com\/2023\/06\/20\/en-coulisses-le-f-24-et-sa-reponse-au-gouvernement\/"]}]},{"@type":"BreadcrumbList","@id":"https:\/\/www.nettali.com\/2023\/06\/20\/en-coulisses-le-f-24-et-sa-reponse-au-gouvernement\/#breadcrumb","itemListElement":[{"@type":"ListItem","position":1,"name":"Accueil","item":"https:\/\/www.nettali.com\/"},{"@type":"ListItem","position":2,"name":"EN COULISSES - Le F 24 et sa re\u0301ponse au gouvernement..."}]},{"@type":"Person","@id":"https:\/\/www.nettali.com\/#\/schema\/person\/d8ac7b7e27ddad43f1c0d2ef090d7f71","name":"CK","image":{"@type":"ImageObject","@id":"https:\/\/www.nettali.com\/#personlogo","inLanguage":"fr-FR","url":"https:\/\/secure.gravatar.com\/avatar\/1d8d5118b9327d94da7cd4ce7f17fec2?s=96&d=mm&r=g","contentUrl":"https:\/\/secure.gravatar.com\/avatar\/1d8d5118b9327d94da7cd4ce7f17fec2?s=96&d=mm&r=g","caption":"CK"},"sameAs":["https:\/\/www.nettali.com"]}]}},"_links":{"self":[{"href":"https:\/\/www.nettali.com\/rest\/wp\/v2\/posts\/112545"}],"collection":[{"href":"https:\/\/www.nettali.com\/rest\/wp\/v2\/posts"}],"about":[{"href":"https:\/\/www.nettali.com\/rest\/wp\/v2\/types\/post"}],"author":[{"embeddable":true,"href":"https:\/\/www.nettali.com\/rest\/wp\/v2\/users\/2"}],"replies":[{"embeddable":true,"href":"https:\/\/www.nettali.com\/rest\/wp\/v2\/comments?post=112545"}],"version-history":[{"count":1,"href":"https:\/\/www.nettali.com\/rest\/wp\/v2\/posts\/112545\/revisions"}],"predecessor-version":[{"id":112546,"href":"https:\/\/www.nettali.com\/rest\/wp\/v2\/posts\/112545\/revisions\/112546"}],"wp:featuredmedia":[{"embeddable":true,"href":"https:\/\/www.nettali.com\/rest\/wp\/v2\/media\/112547"}],"wp:attachment":[{"href":"https:\/\/www.nettali.com\/rest\/wp\/v2\/media?parent=112545"}],"wp:term":[{"taxonomy":"category","embeddable":true,"href":"https:\/\/www.nettali.com\/rest\/wp\/v2\/categories?post=112545"},{"taxonomy":"post_tag","embeddable":true,"href":"https:\/\/www.nettali.com\/rest\/wp\/v2\/tags?post=112545"}],"curies":[{"name":"wp","href":"https:\/\/api.w.org\/{rel}","templated":true}]}}