{"id":112542,"date":"2023-06-20T09:55:13","date_gmt":"2023-06-20T09:55:13","guid":{"rendered":"https:\/\/www.nettali.com\/?p=112542"},"modified":"2023-06-20T09:55:13","modified_gmt":"2023-06-20T09:55:13","slug":"en-coulisses-le-f-24-lance-le-dialogue-du-peuple-bis","status":"publish","type":"post","link":"https:\/\/www.nettali.com\/2023\/06\/20\/en-coulisses-le-f-24-lance-le-dialogue-du-peuple-bis\/","title":{"rendered":"EN COULISSES - Le F 24 lance le dialogue du peuple (bis)"},"content":{"rendered":"<div class=\"page\" title=\"Page 2\">\n<div class=\"section\">\n<div class=\"layoutArea\">\n<div class=\"column\">\n<p><strong>NETTALI.COM -<\/strong> Restons sur ce \"<em>dialogue du peuple<\/em>\" pour dire que c'est apre\u0300s la fe\u0302te de la Tabaski que Mamadou Mbodji et ses acolytes promettent de de\u0301marrer l'ultime e\u0301tape de leur dialogue. Il en explique la teneur en ces termes : \"l<em>a deuxie\u0300me phase du dialogue que nous comptons mettre en \u0153uvre apre\u0300s la Tabaski, va concerner l'hyperpre\u0301sidentialisme. Nous devons en finir avec ces super pouvoirs dont jouit le pre\u0301sident de la Re\u0301publique, qui est presque un demi-dieu. Cette me\u0301ga- puissance d'un seul homme est un peu a\u0300 l'origine de divers maux dont nous souffrons. Le pouvoir rend fou. En outre, pour cette seconde et dernie\u0300re e\u0301tape, nous e\u0301voquerons la question e\u0301lectorale, afin de trouver les voies et moyens susceptibles de re\u0301gler de\u0301finitivement ce proble\u0300me. Ainsi, toute e\u0301lection aura cette pre\u0301rogative d'e\u0302tre tenue dans la transparence, dans les re\u0300gles de l'art.<\/em>\u201d<\/p>\n<p>Selon la F24, ce dialogue du peuple concerne tout le monde, me\u0302me ceux qui sont en de\u0301tention. Ainsi, pour ce grand regroupement de l'opposition, la parole sera aussi donne\u0301e au maximum de de\u0301tenus possible.<\/p>\n<p>\"<em>Notre consultation populaire se de\u0301marque par son caracte\u0300re inclusif. Toutes les franges de la population auront droit a\u0300 la parole : hommes, femmes, enfants ; c'est vraiment l'affaire de tous. Me\u0302me les prisonniers politiques seront entendus. Nous nous rendrons a\u0300 Rebeuss, Ke\u0301dougou, Tambacounda, Se\u0301bikotane, n'importe ou\u0300 il y a de Se\u0301ne\u0301galais victimes de de\u0301tention arbitraire, pour leur apporter notre soutien, mais aussi pour nous enque\u0301rir de leur point de vue par rapport a\u0300 ce dialogue du peuple<\/em>\", fait savoir le responsable des jeunes de la F24, Souleymane Gue\u0300ye.<\/p>\n<\/div>\n<\/div>\n<\/div>\n<\/div>\n<div class='share-to-whatsapp-wrapper'><div class='share-on-whsp'>PARTAGER SUR : <\/div><a data-text='EN COULISSES - Le F 24 lance le dialogue du peuple (bis)' data-link='https:\/\/www.nettali.com\/2023\/06\/20\/en-coulisses-le-f-24-lance-le-dialogue-du-peuple-bis\/' class='whatsapp-button whatsapp-share'>WhatsApp<\/a><div class='clear '><\/div><\/div>","protected":false},"excerpt":{"rendered":"<p>NETTALI.COM - Restons sur ce \"dialogue du peuple\" pour dire que c'est apre\u0300s la fe\u0302te de la Tabaski que Mamadou Mbodji et ses acolytes promettent de de\u0301marrer l'ultime e\u0301tape de leur dialogue. Il en explique la teneur en ces termes : \"la deuxie\u0300me phase du dialogue que nous comptons mettre en \u0153uvre apre\u0300s la Tabaski, [&hellip;]<\/p>\n","protected":false},"author":2,"featured_media":112548,"comment_status":"open","ping_status":"open","sticky":false,"template":"","format":"standard","meta":{"_et_pb_use_builder":"","_et_pb_old_content":""},"categories":[34945],"tags":[],"yoast_head":"<!-- This site is optimized with the Yoast SEO Premium plugin v17.8 (Yoast SEO v17.8) - https:\/\/yoast.com\/wordpress\/plugins\/seo\/ -->\n<title>EN COULISSES - Le F 24 lance le dialogue du peuple (bis) | Nettali.com<\/title>\n<meta name=\"robots\" content=\"index, follow, max-snippet:-1, max-image-preview:large, max-video-preview:-1\" \/>\n<link rel=\"canonical\" href=\"https:\/\/www.nettali.com\/2023\/06\/20\/en-coulisses-le-f-24-lance-le-dialogue-du-peuple-bis\/\" \/>\n<meta property=\"og:locale\" content=\"fr_FR\" \/>\n<meta property=\"og:type\" content=\"article\" \/>\n<meta property=\"og:title\" content=\"EN COULISSES - Le F 24 lance le dialogue du peuple (bis)\" \/>\n<meta property=\"og:description\" content=\"NETTALI.COM - Restons sur ce &quot;dialogue du peuple&quot; pour dire que c&#039;est apre\u0300s la fe\u0302te de la Tabaski que Mamadou Mbodji et ses acolytes promettent de de\u0301marrer l&#039;ultime e\u0301tape de leur dialogue. Il en explique la teneur en ces termes : &quot;la deuxie\u0300me phase du dialogue que nous comptons mettre en \u0153uvre apre\u0300s la Tabaski, [&hellip;]\" \/>\n<meta property=\"og:url\" content=\"https:\/\/www.nettali.com\/2023\/06\/20\/en-coulisses-le-f-24-lance-le-dialogue-du-peuple-bis\/\" \/>\n<meta property=\"og:site_name\" content=\"Nettali.com\" \/>\n<meta property=\"article:publisher\" content=\"https:\/\/www.facebook.com\/nettalicom\" \/>\n<meta property=\"article:published_time\" content=\"2023-06-20T09:55:13+00:00\" \/>\n<meta property=\"og:image\" content=\"https:\/\/www.nettali.com\/wp-content\/uploads\/2023\/06\/72784742-50627023.jpg\" \/>\n\t<meta property=\"og:image:width\" content=\"720\" \/>\n\t<meta property=\"og:image:height\" content=\"540\" \/>\n<meta name=\"twitter:card\" content=\"summary_large_image\" \/>\n<meta name=\"twitter:label1\" content=\"\u00c9crit par\" \/>\n\t<meta name=\"twitter:data1\" content=\"CK\" \/>\n\t<meta name=\"twitter:label2\" content=\"Dur\u00e9e de lecture estim\u00e9e\" \/>\n\t<meta name=\"twitter:data2\" content=\"2 minutes\" \/>\n<script type=\"application\/ld+json\" class=\"yoast-schema-graph\">{\"@context\":\"https:\/\/schema.org\",\"@graph\":[{\"@type\":\"WebSite\",\"@id\":\"https:\/\/www.nettali.com\/#website\",\"url\":\"https:\/\/www.nettali.com\/\",\"name\":\"Nettali.com\",\"description\":\"Le rendez-vous critique du Net\",\"potentialAction\":[{\"@type\":\"SearchAction\",\"target\":{\"@type\":\"EntryPoint\",\"urlTemplate\":\"https:\/\/www.nettali.com\/?s={search_term_string}\"},\"query-input\":\"required name=search_term_string\"}],\"inLanguage\":\"fr-FR\"},{\"@type\":\"ImageObject\",\"@id\":\"https:\/\/www.nettali.com\/2023\/06\/20\/en-coulisses-le-f-24-lance-le-dialogue-du-peuple-bis\/#primaryimage\",\"inLanguage\":\"fr-FR\",\"url\":\"https:\/\/www.nettali.com\/wp-content\/uploads\/2023\/06\/72784742-50627023.jpg\",\"contentUrl\":\"https:\/\/www.nettali.com\/wp-content\/uploads\/2023\/06\/72784742-50627023.jpg\",\"width\":720,\"height\":540},{\"@type\":\"WebPage\",\"@id\":\"https:\/\/www.nettali.com\/2023\/06\/20\/en-coulisses-le-f-24-lance-le-dialogue-du-peuple-bis\/#webpage\",\"url\":\"https:\/\/www.nettali.com\/2023\/06\/20\/en-coulisses-le-f-24-lance-le-dialogue-du-peuple-bis\/\",\"name\":\"EN COULISSES - Le F 24 lance le dialogue du peuple (bis) | Nettali.com\",\"isPartOf\":{\"@id\":\"https:\/\/www.nettali.com\/#website\"},\"primaryImageOfPage\":{\"@id\":\"https:\/\/www.nettali.com\/2023\/06\/20\/en-coulisses-le-f-24-lance-le-dialogue-du-peuple-bis\/#primaryimage\"},\"datePublished\":\"2023-06-20T09:55:13+00:00\",\"dateModified\":\"2023-06-20T09:55:13+00:00\",\"author\":{\"@id\":\"https:\/\/www.nettali.com\/#\/schema\/person\/d8ac7b7e27ddad43f1c0d2ef090d7f71\"},\"breadcrumb\":{\"@id\":\"https:\/\/www.nettali.com\/2023\/06\/20\/en-coulisses-le-f-24-lance-le-dialogue-du-peuple-bis\/#breadcrumb\"},\"inLanguage\":\"fr-FR\",\"potentialAction\":[{\"@type\":\"ReadAction\",\"target\":[\"https:\/\/www.nettali.com\/2023\/06\/20\/en-coulisses-le-f-24-lance-le-dialogue-du-peuple-bis\/\"]}]},{\"@type\":\"BreadcrumbList\",\"@id\":\"https:\/\/www.nettali.com\/2023\/06\/20\/en-coulisses-le-f-24-lance-le-dialogue-du-peuple-bis\/#breadcrumb\",\"itemListElement\":[{\"@type\":\"ListItem\",\"position\":1,\"name\":\"Accueil\",\"item\":\"https:\/\/www.nettali.com\/\"},{\"@type\":\"ListItem\",\"position\":2,\"name\":\"EN COULISSES - Le F 24 lance le dialogue du peuple (bis)\"}]},{\"@type\":\"Person\",\"@id\":\"https:\/\/www.nettali.com\/#\/schema\/person\/d8ac7b7e27ddad43f1c0d2ef090d7f71\",\"name\":\"CK\",\"image\":{\"@type\":\"ImageObject\",\"@id\":\"https:\/\/www.nettali.com\/#personlogo\",\"inLanguage\":\"fr-FR\",\"url\":\"https:\/\/secure.gravatar.com\/avatar\/1d8d5118b9327d94da7cd4ce7f17fec2?s=96&d=mm&r=g\",\"contentUrl\":\"https:\/\/secure.gravatar.com\/avatar\/1d8d5118b9327d94da7cd4ce7f17fec2?s=96&d=mm&r=g\",\"caption\":\"CK\"},\"sameAs\":[\"https:\/\/www.nettali.com\"]}]}<\/script>\n<!-- \/ Yoast SEO Premium plugin. -->","yoast_head_json":{"title":"EN COULISSES - Le F 24 lance le dialogue du peuple (bis) | Nettali.com","robots":{"index":"index","follow":"follow","max-snippet":"max-snippet:-1","max-image-preview":"max-image-preview:large","max-video-preview":"max-video-preview:-1"},"canonical":"https:\/\/www.nettali.com\/2023\/06\/20\/en-coulisses-le-f-24-lance-le-dialogue-du-peuple-bis\/","og_locale":"fr_FR","og_type":"article","og_title":"EN COULISSES - Le F 24 lance le dialogue du peuple (bis)","og_description":"NETTALI.COM - Restons sur ce \"dialogue du peuple\" pour dire que c'est apre\u0300s la fe\u0302te de la Tabaski que Mamadou Mbodji et ses acolytes promettent de de\u0301marrer l'ultime e\u0301tape de leur dialogue. Il en explique la teneur en ces termes : \"la deuxie\u0300me phase du dialogue que nous comptons mettre en \u0153uvre apre\u0300s la Tabaski, [&hellip;]","og_url":"https:\/\/www.nettali.com\/2023\/06\/20\/en-coulisses-le-f-24-lance-le-dialogue-du-peuple-bis\/","og_site_name":"Nettali.com","article_publisher":"https:\/\/www.facebook.com\/nettalicom","article_published_time":"2023-06-20T09:55:13+00:00","og_image":[{"width":720,"height":540,"url":"https:\/\/www.nettali.com\/wp-content\/uploads\/2023\/06\/72784742-50627023.jpg","type":"image\/jpeg"}],"twitter_card":"summary_large_image","twitter_misc":{"\u00c9crit par":"CK","Dur\u00e9e de lecture estim\u00e9e":"2 minutes"},"schema":{"@context":"https:\/\/schema.org","@graph":[{"@type":"WebSite","@id":"https:\/\/www.nettali.com\/#website","url":"https:\/\/www.nettali.com\/","name":"Nettali.com","description":"Le rendez-vous critique du Net","potentialAction":[{"@type":"SearchAction","target":{"@type":"EntryPoint","urlTemplate":"https:\/\/www.nettali.com\/?s={search_term_string}"},"query-input":"required name=search_term_string"}],"inLanguage":"fr-FR"},{"@type":"ImageObject","@id":"https:\/\/www.nettali.com\/2023\/06\/20\/en-coulisses-le-f-24-lance-le-dialogue-du-peuple-bis\/#primaryimage","inLanguage":"fr-FR","url":"https:\/\/www.nettali.com\/wp-content\/uploads\/2023\/06\/72784742-50627023.jpg","contentUrl":"https:\/\/www.nettali.com\/wp-content\/uploads\/2023\/06\/72784742-50627023.jpg","width":720,"height":540},{"@type":"WebPage","@id":"https:\/\/www.nettali.com\/2023\/06\/20\/en-coulisses-le-f-24-lance-le-dialogue-du-peuple-bis\/#webpage","url":"https:\/\/www.nettali.com\/2023\/06\/20\/en-coulisses-le-f-24-lance-le-dialogue-du-peuple-bis\/","name":"EN COULISSES - Le F 24 lance le dialogue du peuple (bis) | Nettali.com","isPartOf":{"@id":"https:\/\/www.nettali.com\/#website"},"primaryImageOfPage":{"@id":"https:\/\/www.nettali.com\/2023\/06\/20\/en-coulisses-le-f-24-lance-le-dialogue-du-peuple-bis\/#primaryimage"},"datePublished":"2023-06-20T09:55:13+00:00","dateModified":"2023-06-20T09:55:13+00:00","author":{"@id":"https:\/\/www.nettali.com\/#\/schema\/person\/d8ac7b7e27ddad43f1c0d2ef090d7f71"},"breadcrumb":{"@id":"https:\/\/www.nettali.com\/2023\/06\/20\/en-coulisses-le-f-24-lance-le-dialogue-du-peuple-bis\/#breadcrumb"},"inLanguage":"fr-FR","potentialAction":[{"@type":"ReadAction","target":["https:\/\/www.nettali.com\/2023\/06\/20\/en-coulisses-le-f-24-lance-le-dialogue-du-peuple-bis\/"]}]},{"@type":"BreadcrumbList","@id":"https:\/\/www.nettali.com\/2023\/06\/20\/en-coulisses-le-f-24-lance-le-dialogue-du-peuple-bis\/#breadcrumb","itemListElement":[{"@type":"ListItem","position":1,"name":"Accueil","item":"https:\/\/www.nettali.com\/"},{"@type":"ListItem","position":2,"name":"EN COULISSES - Le F 24 lance le dialogue du peuple (bis)"}]},{"@type":"Person","@id":"https:\/\/www.nettali.com\/#\/schema\/person\/d8ac7b7e27ddad43f1c0d2ef090d7f71","name":"CK","image":{"@type":"ImageObject","@id":"https:\/\/www.nettali.com\/#personlogo","inLanguage":"fr-FR","url":"https:\/\/secure.gravatar.com\/avatar\/1d8d5118b9327d94da7cd4ce7f17fec2?s=96&d=mm&r=g","contentUrl":"https:\/\/secure.gravatar.com\/avatar\/1d8d5118b9327d94da7cd4ce7f17fec2?s=96&d=mm&r=g","caption":"CK"},"sameAs":["https:\/\/www.nettali.com"]}]}},"_links":{"self":[{"href":"https:\/\/www.nettali.com\/rest\/wp\/v2\/posts\/112542"}],"collection":[{"href":"https:\/\/www.nettali.com\/rest\/wp\/v2\/posts"}],"about":[{"href":"https:\/\/www.nettali.com\/rest\/wp\/v2\/types\/post"}],"author":[{"embeddable":true,"href":"https:\/\/www.nettali.com\/rest\/wp\/v2\/users\/2"}],"replies":[{"embeddable":true,"href":"https:\/\/www.nettali.com\/rest\/wp\/v2\/comments?post=112542"}],"version-history":[{"count":1,"href":"https:\/\/www.nettali.com\/rest\/wp\/v2\/posts\/112542\/revisions"}],"predecessor-version":[{"id":112543,"href":"https:\/\/www.nettali.com\/rest\/wp\/v2\/posts\/112542\/revisions\/112543"}],"wp:featuredmedia":[{"embeddable":true,"href":"https:\/\/www.nettali.com\/rest\/wp\/v2\/media\/112548"}],"wp:attachment":[{"href":"https:\/\/www.nettali.com\/rest\/wp\/v2\/media?parent=112542"}],"wp:term":[{"taxonomy":"category","embeddable":true,"href":"https:\/\/www.nettali.com\/rest\/wp\/v2\/categories?post=112542"},{"taxonomy":"post_tag","embeddable":true,"href":"https:\/\/www.nettali.com\/rest\/wp\/v2\/tags?post=112542"}],"curies":[{"name":"wp","href":"https:\/\/api.w.org\/{rel}","templated":true}]}}