{"id":112531,"date":"2023-06-20T09:02:02","date_gmt":"2023-06-20T09:02:02","guid":{"rendered":"https:\/\/www.nettali.com\/?p=112531"},"modified":"2023-06-21T08:51:32","modified_gmt":"2023-06-21T08:51:32","slug":"dialogue-politique-les-premiers-blocages","status":"publish","type":"post","link":"https:\/\/www.nettali.com\/2023\/06\/20\/dialogue-politique-les-premiers-blocages\/","title":{"rendered":"DIALOGUE POLITIQUE \u2013 Les premiers blocages !"},"content":{"rendered":"<p><strong>NETTALI.COM - Si les membres de la commission politique du dialogue national ont trouv\u00e9 un consensus en ce qui concerne le parrainage, les pl\u00e9nipotentiaires du pouvoir, de l\u2019opposition et de la soci\u00e9t\u00e9 civile qui composent ladite commission, sont face \u00e0 des blocages. Ils se retrouvent aujourd\u2019hui pour essayer de trouver des points de convergence. Le cas Karim Wade et la 3<sup>e<\/sup> candidature de Macky Sall, sont les principaux points d\u2019achoppement.<\/strong><\/p>\n<p>A 5 jours du d\u00e9p\u00f4t des conclusions du dialogue national, le 25 juin selon le calendrier arr\u00eat\u00e9, la commission politique, dirig\u00e9e par Tanor Thiendella Fall, le directeur g\u00e9n\u00e9ral des \u00e9lections, fait face \u00e0 des points de divergence.<\/p>\n<p>Sur la question du parrainage, les pl\u00e9nipotentiaires ont trouv\u00e9 un accord d\u00e9finitif : d\u00e9sormais chaque candidat \u00e0 la pr\u00e9sidentielle devra r\u00e9unir 0,8% de signatures d\u2019\u00e9lecteurs inscrits (contre 1% avant). Il devra aussi compter dans son dossier les parrainages de 13 d\u00e9put\u00e9s (8%) et de 120 pr\u00e9sidents de Conseillers et maires (20%).<\/p>\n<p>Toutefois, il y a un point de d\u00e9saccord sur la troisi\u00e8me candidature de Macky Sall, l\u2019impact d\u2019une gr\u00e2ce pr\u00e9sidentielle sur l\u2019\u00e9ligibilit\u00e9 des b\u00e9n\u00e9ficiaires et la situation de Karim Wade.<\/p>\n<p>\u00c0 propos du Macky Sall, l\u2019opposition se montre inflexible : pas question de s\u2019en remettre \u00e0 un avis du Conseil constitutionnel, Macky Sall ne doit pas se pr\u00e9senter. Une position incoh\u00e9rente aux yeux des repr\u00e9sentants du camp pr\u00e9sidentiel qui estiment qu\u2019\u00e0 partir du moment o\u00f9 l\u2019opposition se bat pour la r\u00e9int\u00e9gration de Khalifa Sall et Karim Wade dans le jeu politique, avec la b\u00e9n\u00e9diction du Conseil constitutionnel, l\u2019opposition ne peut pas r\u00e9cuser cette m\u00eame juridiction en essayant d'emp\u00eacher qu\u2019elle se prononce sur une probable candidature de Macky Sall.<\/p>\n<p>La soci\u00e9t\u00e9 civile a propos\u00e9 la r\u00e9vision de l\u2019article L28 pour y ajouter qu\u2019un condamn\u00e9 graci\u00e9 recouvre ses droits civique. En clair, la gr\u00e2ce va avoir les m\u00eames effet que l\u2019amnistie, en ce qui concerne l\u2019\u00e9ligibilit\u00e9. Si cette proposition est retenue, elle permettra \u00e0 Karim Wade et \u00e0 Khalifa Sall, graci\u00e9s apr\u00e8s leur condamnation \u00e0 des peines fermes, de recouvrer leur \u00e9ligibilit\u00e9. Ce qui ne devrait pas \u00eatre le cas de Ousmane Sonko si la condition pos\u00e9e par le camp du pouvoir, \u00e0 savoir que la peine inflig\u00e9e au concern\u00e9 doit d\u2019abord \u00eatre ex\u00e9cut\u00e9e, est prise en compte.<\/p>\n<p>Seulement, m\u00eame si Karim Wade sera b\u00e9n\u00e9ficiaire de cette disposition, les repr\u00e9sentants du PDS, pour leur part, veulent plus. Ils demandent plut\u00f4t une r\u00e9vision du proc\u00e8s du fils de Abdoulaye Wade et n\u2019\u00e9cartent pas de quitter la table des discussions.<\/p>\n<p>Apr\u00e8s la longue journ\u00e9e d\u2019hier, la commission politique du dialogue national a d\u00e9cid\u00e9 de poursuivre les discussions ce mardi.<\/p>\n<p>&nbsp;<\/p>\n<div class='share-to-whatsapp-wrapper'><div class='share-on-whsp'>PARTAGER SUR : <\/div><a data-text='DIALOGUE POLITIQUE \u2013 Les premiers blocages !' data-link='https:\/\/www.nettali.com\/2023\/06\/20\/dialogue-politique-les-premiers-blocages\/' class='whatsapp-button whatsapp-share'>WhatsApp<\/a><div class='clear '><\/div><\/div>","protected":false},"excerpt":{"rendered":"<p>NETTALI.COM - Si les membres de la commission politique du dialogue national ont trouv\u00e9 un consensus en ce qui concerne le parrainage, les pl\u00e9nipotentiaires du pouvoir, de l\u2019opposition et de la soci\u00e9t\u00e9 civile qui composent ladite commission, sont face \u00e0 des blocages. Ils se retrouvent aujourd\u2019hui pour essayer de trouver des points de convergence. Le [&hellip;]<\/p>\n","protected":false},"author":4,"featured_media":111767,"comment_status":"open","ping_status":"open","sticky":false,"template":"","format":"standard","meta":{"_et_pb_use_builder":"","_et_pb_old_content":""},"categories":[2],"tags":[],"yoast_head":"<!-- This site is optimized with the Yoast SEO Premium plugin v17.8 (Yoast SEO v17.8) - https:\/\/yoast.com\/wordpress\/plugins\/seo\/ -->\n<title>DIALOGUE POLITIQUE \u2013 Les premiers blocages ! | Nettali.com<\/title>\n<meta name=\"robots\" content=\"index, follow, max-snippet:-1, max-image-preview:large, max-video-preview:-1\" \/>\n<link rel=\"canonical\" href=\"https:\/\/www.nettali.com\/2023\/06\/20\/dialogue-politique-les-premiers-blocages\/\" \/>\n<meta property=\"og:locale\" content=\"fr_FR\" \/>\n<meta property=\"og:type\" content=\"article\" \/>\n<meta property=\"og:title\" content=\"DIALOGUE POLITIQUE \u2013 Les premiers blocages !\" \/>\n<meta property=\"og:description\" content=\"NETTALI.COM - Si les membres de la commission politique du dialogue national ont trouv\u00e9 un consensus en ce qui concerne le parrainage, les pl\u00e9nipotentiaires du pouvoir, de l\u2019opposition et de la soci\u00e9t\u00e9 civile qui composent ladite commission, sont face \u00e0 des blocages. Ils se retrouvent aujourd\u2019hui pour essayer de trouver des points de convergence. Le [&hellip;]\" \/>\n<meta property=\"og:url\" content=\"https:\/\/www.nettali.com\/2023\/06\/20\/dialogue-politique-les-premiers-blocages\/\" \/>\n<meta property=\"og:site_name\" content=\"Nettali.com\" \/>\n<meta property=\"article:publisher\" content=\"https:\/\/www.facebook.com\/nettalicom\" \/>\n<meta property=\"article:published_time\" content=\"2023-06-20T09:02:02+00:00\" \/>\n<meta property=\"article:modified_time\" content=\"2023-06-21T08:51:32+00:00\" \/>\n<meta property=\"og:image\" content=\"https:\/\/www.nettali.com\/wp-content\/uploads\/2023\/06\/dialogue-national.jpeg\" \/>\n\t<meta property=\"og:image:width\" content=\"960\" \/>\n\t<meta property=\"og:image:height\" content=\"616\" \/>\n<meta name=\"twitter:card\" content=\"summary_large_image\" \/>\n<meta name=\"twitter:label1\" content=\"\u00c9crit par\" \/>\n\t<meta name=\"twitter:data1\" content=\"Daouda\" \/>\n\t<meta name=\"twitter:label2\" content=\"Dur\u00e9e de lecture estim\u00e9e\" \/>\n\t<meta name=\"twitter:data2\" content=\"3 minutes\" \/>\n<script type=\"application\/ld+json\" class=\"yoast-schema-graph\">{\"@context\":\"https:\/\/schema.org\",\"@graph\":[{\"@type\":\"WebSite\",\"@id\":\"https:\/\/www.nettali.com\/#website\",\"url\":\"https:\/\/www.nettali.com\/\",\"name\":\"Nettali.com\",\"description\":\"Le rendez-vous critique du Net\",\"potentialAction\":[{\"@type\":\"SearchAction\",\"target\":{\"@type\":\"EntryPoint\",\"urlTemplate\":\"https:\/\/www.nettali.com\/?s={search_term_string}\"},\"query-input\":\"required name=search_term_string\"}],\"inLanguage\":\"fr-FR\"},{\"@type\":\"ImageObject\",\"@id\":\"https:\/\/www.nettali.com\/2023\/06\/20\/dialogue-politique-les-premiers-blocages\/#primaryimage\",\"inLanguage\":\"fr-FR\",\"url\":\"https:\/\/www.nettali.com\/wp-content\/uploads\/2023\/06\/dialogue-national.jpeg\",\"contentUrl\":\"https:\/\/www.nettali.com\/wp-content\/uploads\/2023\/06\/dialogue-national.jpeg\",\"width\":960,\"height\":616},{\"@type\":\"WebPage\",\"@id\":\"https:\/\/www.nettali.com\/2023\/06\/20\/dialogue-politique-les-premiers-blocages\/#webpage\",\"url\":\"https:\/\/www.nettali.com\/2023\/06\/20\/dialogue-politique-les-premiers-blocages\/\",\"name\":\"DIALOGUE POLITIQUE \\u2013 Les premiers blocages ! | Nettali.com\",\"isPartOf\":{\"@id\":\"https:\/\/www.nettali.com\/#website\"},\"primaryImageOfPage\":{\"@id\":\"https:\/\/www.nettali.com\/2023\/06\/20\/dialogue-politique-les-premiers-blocages\/#primaryimage\"},\"datePublished\":\"2023-06-20T09:02:02+00:00\",\"dateModified\":\"2023-06-21T08:51:32+00:00\",\"author\":{\"@id\":\"https:\/\/www.nettali.com\/#\/schema\/person\/3317e0bb3aa1da309fbf7b2780901bf4\"},\"breadcrumb\":{\"@id\":\"https:\/\/www.nettali.com\/2023\/06\/20\/dialogue-politique-les-premiers-blocages\/#breadcrumb\"},\"inLanguage\":\"fr-FR\",\"potentialAction\":[{\"@type\":\"ReadAction\",\"target\":[\"https:\/\/www.nettali.com\/2023\/06\/20\/dialogue-politique-les-premiers-blocages\/\"]}]},{\"@type\":\"BreadcrumbList\",\"@id\":\"https:\/\/www.nettali.com\/2023\/06\/20\/dialogue-politique-les-premiers-blocages\/#breadcrumb\",\"itemListElement\":[{\"@type\":\"ListItem\",\"position\":1,\"name\":\"Accueil\",\"item\":\"https:\/\/www.nettali.com\/\"},{\"@type\":\"ListItem\",\"position\":2,\"name\":\"DIALOGUE POLITIQUE \\u2013 Les premiers blocages !\"}]},{\"@type\":\"Person\",\"@id\":\"https:\/\/www.nettali.com\/#\/schema\/person\/3317e0bb3aa1da309fbf7b2780901bf4\",\"name\":\"Daouda\",\"image\":{\"@type\":\"ImageObject\",\"@id\":\"https:\/\/www.nettali.com\/#personlogo\",\"inLanguage\":\"fr-FR\",\"url\":\"https:\/\/secure.gravatar.com\/avatar\/8d143b5a49345098ddcfee1c49c2f47c?s=96&d=mm&r=g\",\"contentUrl\":\"https:\/\/secure.gravatar.com\/avatar\/8d143b5a49345098ddcfee1c49c2f47c?s=96&d=mm&r=g\",\"caption\":\"Daouda\"},\"sameAs\":[\"https:\/\/www.nettali.com\"]}]}<\/script>\n<!-- \/ Yoast SEO Premium plugin. -->","yoast_head_json":{"title":"DIALOGUE POLITIQUE \u2013 Les premiers blocages ! | Nettali.com","robots":{"index":"index","follow":"follow","max-snippet":"max-snippet:-1","max-image-preview":"max-image-preview:large","max-video-preview":"max-video-preview:-1"},"canonical":"https:\/\/www.nettali.com\/2023\/06\/20\/dialogue-politique-les-premiers-blocages\/","og_locale":"fr_FR","og_type":"article","og_title":"DIALOGUE POLITIQUE \u2013 Les premiers blocages !","og_description":"NETTALI.COM - Si les membres de la commission politique du dialogue national ont trouv\u00e9 un consensus en ce qui concerne le parrainage, les pl\u00e9nipotentiaires du pouvoir, de l\u2019opposition et de la soci\u00e9t\u00e9 civile qui composent ladite commission, sont face \u00e0 des blocages. Ils se retrouvent aujourd\u2019hui pour essayer de trouver des points de convergence. Le [&hellip;]","og_url":"https:\/\/www.nettali.com\/2023\/06\/20\/dialogue-politique-les-premiers-blocages\/","og_site_name":"Nettali.com","article_publisher":"https:\/\/www.facebook.com\/nettalicom","article_published_time":"2023-06-20T09:02:02+00:00","article_modified_time":"2023-06-21T08:51:32+00:00","og_image":[{"width":960,"height":616,"url":"https:\/\/www.nettali.com\/wp-content\/uploads\/2023\/06\/dialogue-national.jpeg","type":"image\/jpeg"}],"twitter_card":"summary_large_image","twitter_misc":{"\u00c9crit par":"Daouda","Dur\u00e9e de lecture estim\u00e9e":"3 minutes"},"schema":{"@context":"https:\/\/schema.org","@graph":[{"@type":"WebSite","@id":"https:\/\/www.nettali.com\/#website","url":"https:\/\/www.nettali.com\/","name":"Nettali.com","description":"Le rendez-vous critique du Net","potentialAction":[{"@type":"SearchAction","target":{"@type":"EntryPoint","urlTemplate":"https:\/\/www.nettali.com\/?s={search_term_string}"},"query-input":"required name=search_term_string"}],"inLanguage":"fr-FR"},{"@type":"ImageObject","@id":"https:\/\/www.nettali.com\/2023\/06\/20\/dialogue-politique-les-premiers-blocages\/#primaryimage","inLanguage":"fr-FR","url":"https:\/\/www.nettali.com\/wp-content\/uploads\/2023\/06\/dialogue-national.jpeg","contentUrl":"https:\/\/www.nettali.com\/wp-content\/uploads\/2023\/06\/dialogue-national.jpeg","width":960,"height":616},{"@type":"WebPage","@id":"https:\/\/www.nettali.com\/2023\/06\/20\/dialogue-politique-les-premiers-blocages\/#webpage","url":"https:\/\/www.nettali.com\/2023\/06\/20\/dialogue-politique-les-premiers-blocages\/","name":"DIALOGUE POLITIQUE \u2013 Les premiers blocages ! | Nettali.com","isPartOf":{"@id":"https:\/\/www.nettali.com\/#website"},"primaryImageOfPage":{"@id":"https:\/\/www.nettali.com\/2023\/06\/20\/dialogue-politique-les-premiers-blocages\/#primaryimage"},"datePublished":"2023-06-20T09:02:02+00:00","dateModified":"2023-06-21T08:51:32+00:00","author":{"@id":"https:\/\/www.nettali.com\/#\/schema\/person\/3317e0bb3aa1da309fbf7b2780901bf4"},"breadcrumb":{"@id":"https:\/\/www.nettali.com\/2023\/06\/20\/dialogue-politique-les-premiers-blocages\/#breadcrumb"},"inLanguage":"fr-FR","potentialAction":[{"@type":"ReadAction","target":["https:\/\/www.nettali.com\/2023\/06\/20\/dialogue-politique-les-premiers-blocages\/"]}]},{"@type":"BreadcrumbList","@id":"https:\/\/www.nettali.com\/2023\/06\/20\/dialogue-politique-les-premiers-blocages\/#breadcrumb","itemListElement":[{"@type":"ListItem","position":1,"name":"Accueil","item":"https:\/\/www.nettali.com\/"},{"@type":"ListItem","position":2,"name":"DIALOGUE POLITIQUE \u2013 Les premiers blocages !"}]},{"@type":"Person","@id":"https:\/\/www.nettali.com\/#\/schema\/person\/3317e0bb3aa1da309fbf7b2780901bf4","name":"Daouda","image":{"@type":"ImageObject","@id":"https:\/\/www.nettali.com\/#personlogo","inLanguage":"fr-FR","url":"https:\/\/secure.gravatar.com\/avatar\/8d143b5a49345098ddcfee1c49c2f47c?s=96&d=mm&r=g","contentUrl":"https:\/\/secure.gravatar.com\/avatar\/8d143b5a49345098ddcfee1c49c2f47c?s=96&d=mm&r=g","caption":"Daouda"},"sameAs":["https:\/\/www.nettali.com"]}]}},"_links":{"self":[{"href":"https:\/\/www.nettali.com\/rest\/wp\/v2\/posts\/112531"}],"collection":[{"href":"https:\/\/www.nettali.com\/rest\/wp\/v2\/posts"}],"about":[{"href":"https:\/\/www.nettali.com\/rest\/wp\/v2\/types\/post"}],"author":[{"embeddable":true,"href":"https:\/\/www.nettali.com\/rest\/wp\/v2\/users\/4"}],"replies":[{"embeddable":true,"href":"https:\/\/www.nettali.com\/rest\/wp\/v2\/comments?post=112531"}],"version-history":[{"count":3,"href":"https:\/\/www.nettali.com\/rest\/wp\/v2\/posts\/112531\/revisions"}],"predecessor-version":[{"id":112538,"href":"https:\/\/www.nettali.com\/rest\/wp\/v2\/posts\/112531\/revisions\/112538"}],"wp:featuredmedia":[{"embeddable":true,"href":"https:\/\/www.nettali.com\/rest\/wp\/v2\/media\/111767"}],"wp:attachment":[{"href":"https:\/\/www.nettali.com\/rest\/wp\/v2\/media?parent=112531"}],"wp:term":[{"taxonomy":"category","embeddable":true,"href":"https:\/\/www.nettali.com\/rest\/wp\/v2\/categories?post=112531"},{"taxonomy":"post_tag","embeddable":true,"href":"https:\/\/www.nettali.com\/rest\/wp\/v2\/tags?post=112531"}],"curies":[{"name":"wp","href":"https:\/\/api.w.org\/{rel}","templated":true}]}}