{"id":112528,"date":"2023-06-20T08:30:44","date_gmt":"2023-06-20T08:30:44","guid":{"rendered":"https:\/\/www.nettali.com\/?p=112528"},"modified":"2023-06-20T09:18:44","modified_gmt":"2023-06-20T09:18:44","slug":"en-coulisses-un-pan-du-palais-saffaisse-a-bissau","status":"publish","type":"post","link":"https:\/\/www.nettali.com\/2023\/06\/20\/en-coulisses-un-pan-du-palais-saffaisse-a-bissau\/","title":{"rendered":"EN COULISSES - Un pan du palais s'affaisse \u00e0 Bissau"},"content":{"rendered":"<div><span style=\"font-size: 16px;\"><strong>EN COULISSES - <\/strong>En Guin\u00e9e-Bissau, les fortes intemp\u00e9ries du lundi 19 juin, ont fait \u00e9crouler un pan d'un b\u00e2timent du palais pr\u00e9sidentiel. C'est le journaliste Serge Daniel qui donne l'information via un tweet.\u00a0<\/span><\/div>\n<div><\/div>\n<div><span style=\"font-size: 16px;\">Il assure, par ailleurs, que le pr\u00e9sident Emballo est sain et sauf et qu'il y a eu plus de peur que de mal. Il <\/span><span style=\"font-size: 16px;\">n'y a pas eu de victimes \u00e0 d\u00e9plorer, mais juste des d\u00e9g\u00e2ts mat\u00e9riels.\u00a0<\/span><\/div>\n<div class='share-to-whatsapp-wrapper'><div class='share-on-whsp'>PARTAGER SUR : <\/div><a data-text='EN COULISSES - Un pan du palais s'affaisse \u00e0 Bissau' data-link='https:\/\/www.nettali.com\/2023\/06\/20\/en-coulisses-un-pan-du-palais-saffaisse-a-bissau\/' class='whatsapp-button whatsapp-share'>WhatsApp<\/a><div class='clear '><\/div><\/div>","protected":false},"excerpt":{"rendered":"<p>EN COULISSES - En Guin\u00e9e-Bissau, les fortes intemp\u00e9ries du lundi 19 juin, ont fait \u00e9crouler un pan d'un b\u00e2timent du palais pr\u00e9sidentiel. C'est le journaliste Serge Daniel qui donne l'information via un tweet.\u00a0 Il assure, par ailleurs, que le pr\u00e9sident Emballo est sain et sauf et qu'il y a eu plus de peur que de [&hellip;]<\/p>\n","protected":false},"author":4,"featured_media":112529,"comment_status":"open","ping_status":"open","sticky":false,"template":"","format":"standard","meta":{"_et_pb_use_builder":"","_et_pb_old_content":""},"categories":[34945],"tags":[],"yoast_head":"<!-- This site is optimized with the Yoast SEO Premium plugin v17.8 (Yoast SEO v17.8) - https:\/\/yoast.com\/wordpress\/plugins\/seo\/ -->\n<title>EN COULISSES - Un pan du palais s&#039;affaisse \u00e0 Bissau | Nettali.com<\/title>\n<meta name=\"robots\" content=\"index, follow, max-snippet:-1, max-image-preview:large, max-video-preview:-1\" \/>\n<link rel=\"canonical\" href=\"https:\/\/www.nettali.com\/2023\/06\/20\/en-coulisses-un-pan-du-palais-saffaisse-a-bissau\/\" \/>\n<meta property=\"og:locale\" content=\"fr_FR\" \/>\n<meta property=\"og:type\" content=\"article\" \/>\n<meta property=\"og:title\" content=\"EN COULISSES - Un pan du palais s&#039;affaisse \u00e0 Bissau\" \/>\n<meta property=\"og:description\" content=\"EN COULISSES - En Guin\u00e9e-Bissau, les fortes intemp\u00e9ries du lundi 19 juin, ont fait \u00e9crouler un pan d&#039;un b\u00e2timent du palais pr\u00e9sidentiel. C&#039;est le journaliste Serge Daniel qui donne l&#039;information via un tweet.\u00a0 Il assure, par ailleurs, que le pr\u00e9sident Emballo est sain et sauf et qu&#039;il y a eu plus de peur que de [&hellip;]\" \/>\n<meta property=\"og:url\" content=\"https:\/\/www.nettali.com\/2023\/06\/20\/en-coulisses-un-pan-du-palais-saffaisse-a-bissau\/\" \/>\n<meta property=\"og:site_name\" content=\"Nettali.com\" \/>\n<meta property=\"article:publisher\" content=\"https:\/\/www.facebook.com\/nettalicom\" \/>\n<meta property=\"article:published_time\" content=\"2023-06-20T08:30:44+00:00\" \/>\n<meta property=\"article:modified_time\" content=\"2023-06-20T09:18:44+00:00\" \/>\n<meta property=\"og:image\" content=\"https:\/\/www.nettali.com\/wp-content\/uploads\/2023\/06\/Capture-de\u0301cran-2023-06-20-a\u0300-08.27.53.png\" \/>\n\t<meta property=\"og:image:width\" content=\"685\" \/>\n\t<meta property=\"og:image:height\" content=\"393\" \/>\n<meta name=\"twitter:card\" content=\"summary_large_image\" \/>\n<meta name=\"twitter:label1\" content=\"\u00c9crit par\" \/>\n\t<meta name=\"twitter:data1\" content=\"Daouda\" \/>\n\t<meta name=\"twitter:label2\" content=\"Dur\u00e9e de lecture estim\u00e9e\" \/>\n\t<meta name=\"twitter:data2\" content=\"1 minute\" \/>\n<script type=\"application\/ld+json\" class=\"yoast-schema-graph\">{\"@context\":\"https:\/\/schema.org\",\"@graph\":[{\"@type\":\"WebSite\",\"@id\":\"https:\/\/www.nettali.com\/#website\",\"url\":\"https:\/\/www.nettali.com\/\",\"name\":\"Nettali.com\",\"description\":\"Le rendez-vous critique du Net\",\"potentialAction\":[{\"@type\":\"SearchAction\",\"target\":{\"@type\":\"EntryPoint\",\"urlTemplate\":\"https:\/\/www.nettali.com\/?s={search_term_string}\"},\"query-input\":\"required name=search_term_string\"}],\"inLanguage\":\"fr-FR\"},{\"@type\":\"ImageObject\",\"@id\":\"https:\/\/www.nettali.com\/2023\/06\/20\/en-coulisses-un-pan-du-palais-saffaisse-a-bissau\/#primaryimage\",\"inLanguage\":\"fr-FR\",\"url\":\"https:\/\/www.nettali.com\/wp-content\/uploads\/2023\/06\/Capture-de\\u0301cran-2023-06-20-a\\u0300-08.27.53.png\",\"contentUrl\":\"https:\/\/www.nettali.com\/wp-content\/uploads\/2023\/06\/Capture-de\\u0301cran-2023-06-20-a\\u0300-08.27.53.png\",\"width\":685,\"height\":393},{\"@type\":\"WebPage\",\"@id\":\"https:\/\/www.nettali.com\/2023\/06\/20\/en-coulisses-un-pan-du-palais-saffaisse-a-bissau\/#webpage\",\"url\":\"https:\/\/www.nettali.com\/2023\/06\/20\/en-coulisses-un-pan-du-palais-saffaisse-a-bissau\/\",\"name\":\"EN COULISSES - Un pan du palais s'affaisse \\u00e0 Bissau | Nettali.com\",\"isPartOf\":{\"@id\":\"https:\/\/www.nettali.com\/#website\"},\"primaryImageOfPage\":{\"@id\":\"https:\/\/www.nettali.com\/2023\/06\/20\/en-coulisses-un-pan-du-palais-saffaisse-a-bissau\/#primaryimage\"},\"datePublished\":\"2023-06-20T08:30:44+00:00\",\"dateModified\":\"2023-06-20T09:18:44+00:00\",\"author\":{\"@id\":\"https:\/\/www.nettali.com\/#\/schema\/person\/3317e0bb3aa1da309fbf7b2780901bf4\"},\"breadcrumb\":{\"@id\":\"https:\/\/www.nettali.com\/2023\/06\/20\/en-coulisses-un-pan-du-palais-saffaisse-a-bissau\/#breadcrumb\"},\"inLanguage\":\"fr-FR\",\"potentialAction\":[{\"@type\":\"ReadAction\",\"target\":[\"https:\/\/www.nettali.com\/2023\/06\/20\/en-coulisses-un-pan-du-palais-saffaisse-a-bissau\/\"]}]},{\"@type\":\"BreadcrumbList\",\"@id\":\"https:\/\/www.nettali.com\/2023\/06\/20\/en-coulisses-un-pan-du-palais-saffaisse-a-bissau\/#breadcrumb\",\"itemListElement\":[{\"@type\":\"ListItem\",\"position\":1,\"name\":\"Accueil\",\"item\":\"https:\/\/www.nettali.com\/\"},{\"@type\":\"ListItem\",\"position\":2,\"name\":\"EN COULISSES - Un pan du palais s'affaisse \\u00e0 Bissau\"}]},{\"@type\":\"Person\",\"@id\":\"https:\/\/www.nettali.com\/#\/schema\/person\/3317e0bb3aa1da309fbf7b2780901bf4\",\"name\":\"Daouda\",\"image\":{\"@type\":\"ImageObject\",\"@id\":\"https:\/\/www.nettali.com\/#personlogo\",\"inLanguage\":\"fr-FR\",\"url\":\"https:\/\/secure.gravatar.com\/avatar\/8d143b5a49345098ddcfee1c49c2f47c?s=96&d=mm&r=g\",\"contentUrl\":\"https:\/\/secure.gravatar.com\/avatar\/8d143b5a49345098ddcfee1c49c2f47c?s=96&d=mm&r=g\",\"caption\":\"Daouda\"},\"sameAs\":[\"https:\/\/www.nettali.com\"]}]}<\/script>\n<!-- \/ Yoast SEO Premium plugin. -->","yoast_head_json":{"title":"EN COULISSES - Un pan du palais s'affaisse \u00e0 Bissau | Nettali.com","robots":{"index":"index","follow":"follow","max-snippet":"max-snippet:-1","max-image-preview":"max-image-preview:large","max-video-preview":"max-video-preview:-1"},"canonical":"https:\/\/www.nettali.com\/2023\/06\/20\/en-coulisses-un-pan-du-palais-saffaisse-a-bissau\/","og_locale":"fr_FR","og_type":"article","og_title":"EN COULISSES - Un pan du palais s'affaisse \u00e0 Bissau","og_description":"EN COULISSES - En Guin\u00e9e-Bissau, les fortes intemp\u00e9ries du lundi 19 juin, ont fait \u00e9crouler un pan d'un b\u00e2timent du palais pr\u00e9sidentiel. C'est le journaliste Serge Daniel qui donne l'information via un tweet.\u00a0 Il assure, par ailleurs, que le pr\u00e9sident Emballo est sain et sauf et qu'il y a eu plus de peur que de [&hellip;]","og_url":"https:\/\/www.nettali.com\/2023\/06\/20\/en-coulisses-un-pan-du-palais-saffaisse-a-bissau\/","og_site_name":"Nettali.com","article_publisher":"https:\/\/www.facebook.com\/nettalicom","article_published_time":"2023-06-20T08:30:44+00:00","article_modified_time":"2023-06-20T09:18:44+00:00","og_image":[{"width":685,"height":393,"url":"https:\/\/www.nettali.com\/wp-content\/uploads\/2023\/06\/Capture-de\u0301cran-2023-06-20-a\u0300-08.27.53.png","type":"image\/png"}],"twitter_card":"summary_large_image","twitter_misc":{"\u00c9crit par":"Daouda","Dur\u00e9e de lecture estim\u00e9e":"1 minute"},"schema":{"@context":"https:\/\/schema.org","@graph":[{"@type":"WebSite","@id":"https:\/\/www.nettali.com\/#website","url":"https:\/\/www.nettali.com\/","name":"Nettali.com","description":"Le rendez-vous critique du Net","potentialAction":[{"@type":"SearchAction","target":{"@type":"EntryPoint","urlTemplate":"https:\/\/www.nettali.com\/?s={search_term_string}"},"query-input":"required name=search_term_string"}],"inLanguage":"fr-FR"},{"@type":"ImageObject","@id":"https:\/\/www.nettali.com\/2023\/06\/20\/en-coulisses-un-pan-du-palais-saffaisse-a-bissau\/#primaryimage","inLanguage":"fr-FR","url":"https:\/\/www.nettali.com\/wp-content\/uploads\/2023\/06\/Capture-de\u0301cran-2023-06-20-a\u0300-08.27.53.png","contentUrl":"https:\/\/www.nettali.com\/wp-content\/uploads\/2023\/06\/Capture-de\u0301cran-2023-06-20-a\u0300-08.27.53.png","width":685,"height":393},{"@type":"WebPage","@id":"https:\/\/www.nettali.com\/2023\/06\/20\/en-coulisses-un-pan-du-palais-saffaisse-a-bissau\/#webpage","url":"https:\/\/www.nettali.com\/2023\/06\/20\/en-coulisses-un-pan-du-palais-saffaisse-a-bissau\/","name":"EN COULISSES - Un pan du palais s'affaisse \u00e0 Bissau | Nettali.com","isPartOf":{"@id":"https:\/\/www.nettali.com\/#website"},"primaryImageOfPage":{"@id":"https:\/\/www.nettali.com\/2023\/06\/20\/en-coulisses-un-pan-du-palais-saffaisse-a-bissau\/#primaryimage"},"datePublished":"2023-06-20T08:30:44+00:00","dateModified":"2023-06-20T09:18:44+00:00","author":{"@id":"https:\/\/www.nettali.com\/#\/schema\/person\/3317e0bb3aa1da309fbf7b2780901bf4"},"breadcrumb":{"@id":"https:\/\/www.nettali.com\/2023\/06\/20\/en-coulisses-un-pan-du-palais-saffaisse-a-bissau\/#breadcrumb"},"inLanguage":"fr-FR","potentialAction":[{"@type":"ReadAction","target":["https:\/\/www.nettali.com\/2023\/06\/20\/en-coulisses-un-pan-du-palais-saffaisse-a-bissau\/"]}]},{"@type":"BreadcrumbList","@id":"https:\/\/www.nettali.com\/2023\/06\/20\/en-coulisses-un-pan-du-palais-saffaisse-a-bissau\/#breadcrumb","itemListElement":[{"@type":"ListItem","position":1,"name":"Accueil","item":"https:\/\/www.nettali.com\/"},{"@type":"ListItem","position":2,"name":"EN COULISSES - Un pan du palais s'affaisse \u00e0 Bissau"}]},{"@type":"Person","@id":"https:\/\/www.nettali.com\/#\/schema\/person\/3317e0bb3aa1da309fbf7b2780901bf4","name":"Daouda","image":{"@type":"ImageObject","@id":"https:\/\/www.nettali.com\/#personlogo","inLanguage":"fr-FR","url":"https:\/\/secure.gravatar.com\/avatar\/8d143b5a49345098ddcfee1c49c2f47c?s=96&d=mm&r=g","contentUrl":"https:\/\/secure.gravatar.com\/avatar\/8d143b5a49345098ddcfee1c49c2f47c?s=96&d=mm&r=g","caption":"Daouda"},"sameAs":["https:\/\/www.nettali.com"]}]}},"_links":{"self":[{"href":"https:\/\/www.nettali.com\/rest\/wp\/v2\/posts\/112528"}],"collection":[{"href":"https:\/\/www.nettali.com\/rest\/wp\/v2\/posts"}],"about":[{"href":"https:\/\/www.nettali.com\/rest\/wp\/v2\/types\/post"}],"author":[{"embeddable":true,"href":"https:\/\/www.nettali.com\/rest\/wp\/v2\/users\/4"}],"replies":[{"embeddable":true,"href":"https:\/\/www.nettali.com\/rest\/wp\/v2\/comments?post=112528"}],"version-history":[{"count":3,"href":"https:\/\/www.nettali.com\/rest\/wp\/v2\/posts\/112528\/revisions"}],"predecessor-version":[{"id":112534,"href":"https:\/\/www.nettali.com\/rest\/wp\/v2\/posts\/112528\/revisions\/112534"}],"wp:featuredmedia":[{"embeddable":true,"href":"https:\/\/www.nettali.com\/rest\/wp\/v2\/media\/112529"}],"wp:attachment":[{"href":"https:\/\/www.nettali.com\/rest\/wp\/v2\/media?parent=112528"}],"wp:term":[{"taxonomy":"category","embeddable":true,"href":"https:\/\/www.nettali.com\/rest\/wp\/v2\/categories?post=112528"},{"taxonomy":"post_tag","embeddable":true,"href":"https:\/\/www.nettali.com\/rest\/wp\/v2\/tags?post=112528"}],"curies":[{"name":"wp","href":"https:\/\/api.w.org\/{rel}","templated":true}]}}