{"id":112503,"date":"2023-06-19T20:31:18","date_gmt":"2023-06-19T20:31:18","guid":{"rendered":"https:\/\/www.nettali.com\/?p=112503"},"modified":"2023-06-20T23:16:16","modified_gmt":"2023-06-20T23:16:16","slug":"ave-branco-quelques-senegalais-perdus-te-saluent","status":"publish","type":"post","link":"https:\/\/www.nettali.com\/2023\/06\/19\/ave-branco-quelques-senegalais-perdus-te-saluent\/","title":{"rendered":"\"Ave Branco, quelques s\u00e9n\u00e9galais perdus te saluent !"},"content":{"rendered":"<p><strong>CONTRIBUTION -<\/strong> Au pays de Amadou Makhtar Mbow, Jacques Diouf, Me Boucounta Diallo, Souleymane Bachir Diagne, Fatma Samoura et de milliers d'autres sommit\u00e9s et comp\u00e9tences, si certains se disant Patriotes n'ont pour \u00c9g\u00e9rie que Juan Branco, sinistre avocat et activiste fran\u00e7ais, il ya de quoi avoir peur pour l'avenir du pays. Je ne crois pas que des opposants comme Abdourahmane Diouf, Dethie Fall, A\u00efda Mbodj, Cheikh Bamba Dieye et tant d'autres s\u00e9n\u00e9galais qui ont tout notre respect, soient fiers de cette situation.<\/p>\n<p>Juan Branco fait juste son beurre. Le veinard, il doit se dire qu'il a trouv\u00e9 de na\u00effs Africains pour faire sa promotion. Il investira et fera grandir son lugubre cabinet apr\u00e8s s'\u00eatre fait une notori\u00e9t\u00e9 en Afrique.<\/p>\n<p>Une partie de notre opposition et ses ramifications sont tomb\u00e9es si facilement entre les mains du fanfaron Branco qu'il doit lui m\u00eame en rire. Il n'y a rien de pire que l'ignorance. C'est \u00e0 noircir de honte (pour ne pas rougir) de voir des S\u00e9n\u00e9galais en faire une star de leur cause.Comme il est aussi triste et surann\u00e9 de voir des Nathalie Yamb et Kemi Seba voulant inspirer la \"<em>R\u00e9volution<\/em>\" du peuple de Senghor, Cheikh Anta Diop, Mamadou Dia, Majmout Diop, Amath Dansokho et Abdoulaye Wade. Certains s\u00e9n\u00e9galais sont tomb\u00e9s bien bas et dans leur chute ils cherchent \u00e0 entra\u00eener ce \"<em>beau petit grand pays<\/em>\" qui a toujours \u00e9t\u00e9 mod\u00e8le en Afrique et dans le Monde. Le S\u00e9n\u00e9gal et les S\u00e9n\u00e9galais votent depuis 1872. Ils sont les pr\u00e9curseurs du multipartisme integral en Afrique. Que diantre font ils avec des activistes et mercenaires aux all\u00e9geances aussi n\u00e9buleuses que vari\u00e9es?<\/p>\n<p>L'avocat Juan Branco, emp\u00eatr\u00e9 lui m\u00eame dans des situations judiciaires et sociales dans son pays, ne voit dans la situation politique du S\u00e9n\u00e9gal que du pain b\u00e9ni pour lui. Il a trouv\u00e9 gratuitement de na\u00effs Africains qui se prosternent devant lui et boivent ses th\u00e9ories loufoques sur la CPI. Pourquoi se g\u00eanerait il?<\/p>\n<p>Ou me tromp\u00e9-je, les chantres de \"<em>France D\u00e9gage<\/em>\", ont-ils subitement trouv\u00e9 leur fran\u00e7ais de service ?<\/p>\n<p>Respectons le S\u00e9n\u00e9gal et les S\u00e9n\u00e9galais ! \"<\/p>\n<p><strong>Moussa DIAW<\/strong><br \/>\n<strong>Citoyen s\u00e9n\u00e9galais au service de la Nation<\/strong><br \/>\n<strong>\" Debout pour la R\u00e9publique\"<\/strong><\/p>\n<div class='share-to-whatsapp-wrapper'><div class='share-on-whsp'>PARTAGER SUR : <\/div><a data-text='\"Ave Branco, quelques s\u00e9n\u00e9galais perdus te saluent !' data-link='https:\/\/www.nettali.com\/2023\/06\/19\/ave-branco-quelques-senegalais-perdus-te-saluent\/' class='whatsapp-button whatsapp-share'>WhatsApp<\/a><div class='clear '><\/div><\/div>","protected":false},"excerpt":{"rendered":"<p>CONTRIBUTION - Au pays de Amadou Makhtar Mbow, Jacques Diouf, Me Boucounta Diallo, Souleymane Bachir Diagne, Fatma Samoura et de milliers d'autres sommit\u00e9s et comp\u00e9tences, si certains se disant Patriotes n'ont pour \u00c9g\u00e9rie que Juan Branco, sinistre avocat et activiste fran\u00e7ais, il ya de quoi avoir peur pour l'avenir du pays. Je ne crois pas [&hellip;]<\/p>\n","protected":false},"author":2,"featured_media":112506,"comment_status":"open","ping_status":"open","sticky":false,"template":"","format":"standard","meta":{"_et_pb_use_builder":"","_et_pb_old_content":""},"categories":[34933],"tags":[],"yoast_head":"<!-- This site is optimized with the Yoast SEO Premium plugin v17.8 (Yoast SEO v17.8) - https:\/\/yoast.com\/wordpress\/plugins\/seo\/ -->\n<title>&quot;Ave Branco, quelques s\u00e9n\u00e9galais perdus te saluent ! | Nettali.com<\/title>\n<meta name=\"robots\" content=\"index, follow, max-snippet:-1, max-image-preview:large, max-video-preview:-1\" \/>\n<link rel=\"canonical\" href=\"https:\/\/www.nettali.com\/2023\/06\/19\/ave-branco-quelques-senegalais-perdus-te-saluent\/\" \/>\n<meta property=\"og:locale\" content=\"fr_FR\" \/>\n<meta property=\"og:type\" content=\"article\" \/>\n<meta property=\"og:title\" content=\"&quot;Ave Branco, quelques s\u00e9n\u00e9galais perdus te saluent !\" \/>\n<meta property=\"og:description\" content=\"CONTRIBUTION - Au pays de Amadou Makhtar Mbow, Jacques Diouf, Me Boucounta Diallo, Souleymane Bachir Diagne, Fatma Samoura et de milliers d&#039;autres sommit\u00e9s et comp\u00e9tences, si certains se disant Patriotes n&#039;ont pour \u00c9g\u00e9rie que Juan Branco, sinistre avocat et activiste fran\u00e7ais, il ya de quoi avoir peur pour l&#039;avenir du pays. Je ne crois pas [&hellip;]\" \/>\n<meta property=\"og:url\" content=\"https:\/\/www.nettali.com\/2023\/06\/19\/ave-branco-quelques-senegalais-perdus-te-saluent\/\" \/>\n<meta property=\"og:site_name\" content=\"Nettali.com\" \/>\n<meta property=\"article:publisher\" content=\"https:\/\/www.facebook.com\/nettalicom\" \/>\n<meta property=\"article:published_time\" content=\"2023-06-19T20:31:18+00:00\" \/>\n<meta property=\"article:modified_time\" content=\"2023-06-20T23:16:16+00:00\" \/>\n<meta property=\"og:image\" content=\"https:\/\/www.nettali.com\/wp-content\/uploads\/2023\/06\/Juan_Branco_portrait-998x1024.png\" \/>\n\t<meta property=\"og:image:width\" content=\"998\" \/>\n\t<meta property=\"og:image:height\" content=\"1024\" \/>\n<meta name=\"twitter:card\" content=\"summary_large_image\" \/>\n<meta name=\"twitter:label1\" content=\"\u00c9crit par\" \/>\n\t<meta name=\"twitter:data1\" content=\"CK\" \/>\n\t<meta name=\"twitter:label2\" content=\"Dur\u00e9e de lecture estim\u00e9e\" \/>\n\t<meta name=\"twitter:data2\" content=\"2 minutes\" \/>\n<script type=\"application\/ld+json\" class=\"yoast-schema-graph\">{\"@context\":\"https:\/\/schema.org\",\"@graph\":[{\"@type\":\"WebSite\",\"@id\":\"https:\/\/www.nettali.com\/#website\",\"url\":\"https:\/\/www.nettali.com\/\",\"name\":\"Nettali.com\",\"description\":\"Le rendez-vous critique du Net\",\"potentialAction\":[{\"@type\":\"SearchAction\",\"target\":{\"@type\":\"EntryPoint\",\"urlTemplate\":\"https:\/\/www.nettali.com\/?s={search_term_string}\"},\"query-input\":\"required name=search_term_string\"}],\"inLanguage\":\"fr-FR\"},{\"@type\":\"ImageObject\",\"@id\":\"https:\/\/www.nettali.com\/2023\/06\/19\/ave-branco-quelques-senegalais-perdus-te-saluent\/#primaryimage\",\"inLanguage\":\"fr-FR\",\"url\":\"https:\/\/www.nettali.com\/wp-content\/uploads\/2023\/06\/Juan_Branco_portrait.png\",\"contentUrl\":\"https:\/\/www.nettali.com\/wp-content\/uploads\/2023\/06\/Juan_Branco_portrait.png\",\"width\":1520,\"height\":1560},{\"@type\":\"WebPage\",\"@id\":\"https:\/\/www.nettali.com\/2023\/06\/19\/ave-branco-quelques-senegalais-perdus-te-saluent\/#webpage\",\"url\":\"https:\/\/www.nettali.com\/2023\/06\/19\/ave-branco-quelques-senegalais-perdus-te-saluent\/\",\"name\":\"\\\"Ave Branco, quelques s\\u00e9n\\u00e9galais perdus te saluent ! | Nettali.com\",\"isPartOf\":{\"@id\":\"https:\/\/www.nettali.com\/#website\"},\"primaryImageOfPage\":{\"@id\":\"https:\/\/www.nettali.com\/2023\/06\/19\/ave-branco-quelques-senegalais-perdus-te-saluent\/#primaryimage\"},\"datePublished\":\"2023-06-19T20:31:18+00:00\",\"dateModified\":\"2023-06-20T23:16:16+00:00\",\"author\":{\"@id\":\"https:\/\/www.nettali.com\/#\/schema\/person\/d8ac7b7e27ddad43f1c0d2ef090d7f71\"},\"breadcrumb\":{\"@id\":\"https:\/\/www.nettali.com\/2023\/06\/19\/ave-branco-quelques-senegalais-perdus-te-saluent\/#breadcrumb\"},\"inLanguage\":\"fr-FR\",\"potentialAction\":[{\"@type\":\"ReadAction\",\"target\":[\"https:\/\/www.nettali.com\/2023\/06\/19\/ave-branco-quelques-senegalais-perdus-te-saluent\/\"]}]},{\"@type\":\"BreadcrumbList\",\"@id\":\"https:\/\/www.nettali.com\/2023\/06\/19\/ave-branco-quelques-senegalais-perdus-te-saluent\/#breadcrumb\",\"itemListElement\":[{\"@type\":\"ListItem\",\"position\":1,\"name\":\"Accueil\",\"item\":\"https:\/\/www.nettali.com\/\"},{\"@type\":\"ListItem\",\"position\":2,\"name\":\"\\\"Ave Branco, quelques s\\u00e9n\\u00e9galais perdus te saluent !\"}]},{\"@type\":\"Person\",\"@id\":\"https:\/\/www.nettali.com\/#\/schema\/person\/d8ac7b7e27ddad43f1c0d2ef090d7f71\",\"name\":\"CK\",\"image\":{\"@type\":\"ImageObject\",\"@id\":\"https:\/\/www.nettali.com\/#personlogo\",\"inLanguage\":\"fr-FR\",\"url\":\"https:\/\/secure.gravatar.com\/avatar\/1d8d5118b9327d94da7cd4ce7f17fec2?s=96&d=mm&r=g\",\"contentUrl\":\"https:\/\/secure.gravatar.com\/avatar\/1d8d5118b9327d94da7cd4ce7f17fec2?s=96&d=mm&r=g\",\"caption\":\"CK\"},\"sameAs\":[\"https:\/\/www.nettali.com\"]}]}<\/script>\n<!-- \/ Yoast SEO Premium plugin. -->","yoast_head_json":{"title":"\"Ave Branco, quelques s\u00e9n\u00e9galais perdus te saluent ! | Nettali.com","robots":{"index":"index","follow":"follow","max-snippet":"max-snippet:-1","max-image-preview":"max-image-preview:large","max-video-preview":"max-video-preview:-1"},"canonical":"https:\/\/www.nettali.com\/2023\/06\/19\/ave-branco-quelques-senegalais-perdus-te-saluent\/","og_locale":"fr_FR","og_type":"article","og_title":"\"Ave Branco, quelques s\u00e9n\u00e9galais perdus te saluent !","og_description":"CONTRIBUTION - Au pays de Amadou Makhtar Mbow, Jacques Diouf, Me Boucounta Diallo, Souleymane Bachir Diagne, Fatma Samoura et de milliers d'autres sommit\u00e9s et comp\u00e9tences, si certains se disant Patriotes n'ont pour \u00c9g\u00e9rie que Juan Branco, sinistre avocat et activiste fran\u00e7ais, il ya de quoi avoir peur pour l'avenir du pays. Je ne crois pas [&hellip;]","og_url":"https:\/\/www.nettali.com\/2023\/06\/19\/ave-branco-quelques-senegalais-perdus-te-saluent\/","og_site_name":"Nettali.com","article_publisher":"https:\/\/www.facebook.com\/nettalicom","article_published_time":"2023-06-19T20:31:18+00:00","article_modified_time":"2023-06-20T23:16:16+00:00","og_image":[{"width":998,"height":1024,"url":"https:\/\/www.nettali.com\/wp-content\/uploads\/2023\/06\/Juan_Branco_portrait-998x1024.png","type":"image\/png"}],"twitter_card":"summary_large_image","twitter_misc":{"\u00c9crit par":"CK","Dur\u00e9e de lecture estim\u00e9e":"2 minutes"},"schema":{"@context":"https:\/\/schema.org","@graph":[{"@type":"WebSite","@id":"https:\/\/www.nettali.com\/#website","url":"https:\/\/www.nettali.com\/","name":"Nettali.com","description":"Le rendez-vous critique du Net","potentialAction":[{"@type":"SearchAction","target":{"@type":"EntryPoint","urlTemplate":"https:\/\/www.nettali.com\/?s={search_term_string}"},"query-input":"required name=search_term_string"}],"inLanguage":"fr-FR"},{"@type":"ImageObject","@id":"https:\/\/www.nettali.com\/2023\/06\/19\/ave-branco-quelques-senegalais-perdus-te-saluent\/#primaryimage","inLanguage":"fr-FR","url":"https:\/\/www.nettali.com\/wp-content\/uploads\/2023\/06\/Juan_Branco_portrait.png","contentUrl":"https:\/\/www.nettali.com\/wp-content\/uploads\/2023\/06\/Juan_Branco_portrait.png","width":1520,"height":1560},{"@type":"WebPage","@id":"https:\/\/www.nettali.com\/2023\/06\/19\/ave-branco-quelques-senegalais-perdus-te-saluent\/#webpage","url":"https:\/\/www.nettali.com\/2023\/06\/19\/ave-branco-quelques-senegalais-perdus-te-saluent\/","name":"\"Ave Branco, quelques s\u00e9n\u00e9galais perdus te saluent ! | Nettali.com","isPartOf":{"@id":"https:\/\/www.nettali.com\/#website"},"primaryImageOfPage":{"@id":"https:\/\/www.nettali.com\/2023\/06\/19\/ave-branco-quelques-senegalais-perdus-te-saluent\/#primaryimage"},"datePublished":"2023-06-19T20:31:18+00:00","dateModified":"2023-06-20T23:16:16+00:00","author":{"@id":"https:\/\/www.nettali.com\/#\/schema\/person\/d8ac7b7e27ddad43f1c0d2ef090d7f71"},"breadcrumb":{"@id":"https:\/\/www.nettali.com\/2023\/06\/19\/ave-branco-quelques-senegalais-perdus-te-saluent\/#breadcrumb"},"inLanguage":"fr-FR","potentialAction":[{"@type":"ReadAction","target":["https:\/\/www.nettali.com\/2023\/06\/19\/ave-branco-quelques-senegalais-perdus-te-saluent\/"]}]},{"@type":"BreadcrumbList","@id":"https:\/\/www.nettali.com\/2023\/06\/19\/ave-branco-quelques-senegalais-perdus-te-saluent\/#breadcrumb","itemListElement":[{"@type":"ListItem","position":1,"name":"Accueil","item":"https:\/\/www.nettali.com\/"},{"@type":"ListItem","position":2,"name":"\"Ave Branco, quelques s\u00e9n\u00e9galais perdus te saluent !"}]},{"@type":"Person","@id":"https:\/\/www.nettali.com\/#\/schema\/person\/d8ac7b7e27ddad43f1c0d2ef090d7f71","name":"CK","image":{"@type":"ImageObject","@id":"https:\/\/www.nettali.com\/#personlogo","inLanguage":"fr-FR","url":"https:\/\/secure.gravatar.com\/avatar\/1d8d5118b9327d94da7cd4ce7f17fec2?s=96&d=mm&r=g","contentUrl":"https:\/\/secure.gravatar.com\/avatar\/1d8d5118b9327d94da7cd4ce7f17fec2?s=96&d=mm&r=g","caption":"CK"},"sameAs":["https:\/\/www.nettali.com"]}]}},"_links":{"self":[{"href":"https:\/\/www.nettali.com\/rest\/wp\/v2\/posts\/112503"}],"collection":[{"href":"https:\/\/www.nettali.com\/rest\/wp\/v2\/posts"}],"about":[{"href":"https:\/\/www.nettali.com\/rest\/wp\/v2\/types\/post"}],"author":[{"embeddable":true,"href":"https:\/\/www.nettali.com\/rest\/wp\/v2\/users\/2"}],"replies":[{"embeddable":true,"href":"https:\/\/www.nettali.com\/rest\/wp\/v2\/comments?post=112503"}],"version-history":[{"count":2,"href":"https:\/\/www.nettali.com\/rest\/wp\/v2\/posts\/112503\/revisions"}],"predecessor-version":[{"id":112509,"href":"https:\/\/www.nettali.com\/rest\/wp\/v2\/posts\/112503\/revisions\/112509"}],"wp:featuredmedia":[{"embeddable":true,"href":"https:\/\/www.nettali.com\/rest\/wp\/v2\/media\/112506"}],"wp:attachment":[{"href":"https:\/\/www.nettali.com\/rest\/wp\/v2\/media?parent=112503"}],"wp:term":[{"taxonomy":"category","embeddable":true,"href":"https:\/\/www.nettali.com\/rest\/wp\/v2\/categories?post=112503"},{"taxonomy":"post_tag","embeddable":true,"href":"https:\/\/www.nettali.com\/rest\/wp\/v2\/tags?post=112503"}],"curies":[{"name":"wp","href":"https:\/\/api.w.org\/{rel}","templated":true}]}}