{"id":112382,"date":"2023-06-18T11:07:01","date_gmt":"2023-06-18T11:07:01","guid":{"rendered":"https:\/\/www.nettali.com\/?p=112382"},"modified":"2023-06-19T09:50:14","modified_gmt":"2023-06-19T09:50:14","slug":"rapatriement-de-79-de-ses-ressortissants-la-guinee-en-colere-contre-le-senegal","status":"publish","type":"post","link":"https:\/\/www.nettali.com\/2023\/06\/18\/rapatriement-de-79-de-ses-ressortissants-la-guinee-en-colere-contre-le-senegal\/","title":{"rendered":"RAPATRIEMENT DE 79 DE SES RESSORTISSANTS - La Guin\u00e9e en col\u00e8re contre le S\u00e9n\u00e9gal"},"content":{"rendered":"<p><strong>NETTALI.COM - Conakry est en col\u00e8re contre Dakar. La Guin\u00e9e ne dig\u00e8re pas, en effet, le rapatriement de 79 de ses ressortissants apr\u00e8s les \u00e9v\u00e8nements cons\u00e9cutifs \u00e0 la condamnation d'Ousmane Sonko \u00e0 2 ans de prison. Si le ministre des Affaires \u00e9trang\u00e8res de la Guin\u00e9e s'est montr\u00e9 un peu plus diplomatique, le Premier ministre, lui, a \u00e9t\u00e9 tr\u00e8s critique envers le gouvernement du pr\u00e9sident Macky Sall.<\/strong><\/p>\n<p>Dr Morissanda Kouyat\u00e9, ministre des Affaires \u00e9trang\u00e8res, de l\u2019Int\u00e9gration africaine et des Guin\u00e9ens \u00e9tablis \u00e0 l\u2019\u00e9tranger \u00e9tait plus diplomatique. Mais le Premier ministre de la transition, lui, n'a pas m\u00e2ch\u00e9 ses mots. Selon Africaguinee.com, Dr Bernard Goumou qui pr\u00e9sidait l\u2019inauguration d\u2019une route r\u00e9gionale a \u00e9voqu\u00e9 des cas de maltraitance dont sont victimes des ressortissants de la Cedeao pris, selon lui, comme bouc-\u00e9missaires dans des crises internes (allusion faite au S\u00e9n\u00e9gal).<\/p>\n<p><em>\u00ab\u00a0Il est d\u00e9solant de constater que malgr\u00e9 la vision panafricaniste du pr\u00e9sident Mamadi Doumbouya qui s\u2019est exprim\u00e9 d\u00e8s le 5 septembre 2021 par la r\u00e9ouverture des fronti\u00e8res guin\u00e9ennes closes depuis de longs mois (\u00e0 l\u2019\u00e9poque ndlr), d\u2019autres pays s\u2019\u00e9vertuent \u00e0 brimer et \u00e0 maltraiter des ressortissants de la Cedeao en les prenant comme des bouc-\u00e9missaires dans des crises internes\u00a0\u00bb<\/em>, a d\u00e9clar\u00e9 le chef du gouvernement guin\u00e9en.<\/p>\n<p>Il soutient, toutefois, qu'il n'y a pas de crainte de r\u00e9ciprocit\u00e9, pour le moment. <em>\u00abLa R\u00e9publique de Guin\u00e9e maintiendra sa politique de panafricanisme.\u00bb<\/em> Il tient, toutefois, \u00e0 pr\u00e9ciser que <em>\u00abla r\u00e9publique de Guin\u00e9e exige que les autorit\u00e9s de ces pays arr\u00eatent ces maltraitances \u00e0 but populistes envers des communaut\u00e9s dites \u00e9trang\u00e8res et d\u2019engager tr\u00e8s rapidement un dialogue fraternel pour la recherche de solutions appropri\u00e9es avec les voisins comme il sied dans ce genre des situations \u00bb<\/em>.<\/p>\n<div class='share-to-whatsapp-wrapper'><div class='share-on-whsp'>PARTAGER SUR : <\/div><a data-text='RAPATRIEMENT DE 79 DE SES RESSORTISSANTS - La Guin\u00e9e en col\u00e8re contre le S\u00e9n\u00e9gal' data-link='https:\/\/www.nettali.com\/2023\/06\/18\/rapatriement-de-79-de-ses-ressortissants-la-guinee-en-colere-contre-le-senegal\/' class='whatsapp-button whatsapp-share'>WhatsApp<\/a><div class='clear '><\/div><\/div>","protected":false},"excerpt":{"rendered":"<p>NETTALI.COM - Conakry est en col\u00e8re contre Dakar. La Guin\u00e9e ne dig\u00e8re pas, en effet, le rapatriement de 79 de ses ressortissants apr\u00e8s les \u00e9v\u00e8nements cons\u00e9cutifs \u00e0 la condamnation d'Ousmane Sonko \u00e0 2 ans de prison. Si le ministre des Affaires \u00e9trang\u00e8res de la Guin\u00e9e s'est montr\u00e9 un peu plus diplomatique, le Premier ministre, lui, [&hellip;]<\/p>\n","protected":false},"author":4,"featured_media":112383,"comment_status":"open","ping_status":"open","sticky":false,"template":"","format":"standard","meta":{"_et_pb_use_builder":"","_et_pb_old_content":""},"categories":[2],"tags":[],"yoast_head":"<!-- This site is optimized with the Yoast SEO Premium plugin v17.8 (Yoast SEO v17.8) - https:\/\/yoast.com\/wordpress\/plugins\/seo\/ -->\n<title>RAPATRIEMENT DE 79 DE SES RESSORTISSANTS - La Guin\u00e9e en col\u00e8re contre le S\u00e9n\u00e9gal | Nettali.com<\/title>\n<meta name=\"robots\" content=\"index, follow, max-snippet:-1, max-image-preview:large, max-video-preview:-1\" \/>\n<link rel=\"canonical\" href=\"https:\/\/www.nettali.com\/2023\/06\/18\/rapatriement-de-79-de-ses-ressortissants-la-guinee-en-colere-contre-le-senegal\/\" \/>\n<meta property=\"og:locale\" content=\"fr_FR\" \/>\n<meta property=\"og:type\" content=\"article\" \/>\n<meta property=\"og:title\" content=\"RAPATRIEMENT DE 79 DE SES RESSORTISSANTS - La Guin\u00e9e en col\u00e8re contre le S\u00e9n\u00e9gal\" \/>\n<meta property=\"og:description\" content=\"NETTALI.COM - Conakry est en col\u00e8re contre Dakar. La Guin\u00e9e ne dig\u00e8re pas, en effet, le rapatriement de 79 de ses ressortissants apr\u00e8s les \u00e9v\u00e8nements cons\u00e9cutifs \u00e0 la condamnation d&#039;Ousmane Sonko \u00e0 2 ans de prison. Si le ministre des Affaires \u00e9trang\u00e8res de la Guin\u00e9e s&#039;est montr\u00e9 un peu plus diplomatique, le Premier ministre, lui, [&hellip;]\" \/>\n<meta property=\"og:url\" content=\"https:\/\/www.nettali.com\/2023\/06\/18\/rapatriement-de-79-de-ses-ressortissants-la-guinee-en-colere-contre-le-senegal\/\" \/>\n<meta property=\"og:site_name\" content=\"Nettali.com\" \/>\n<meta property=\"article:publisher\" content=\"https:\/\/www.facebook.com\/nettalicom\" \/>\n<meta property=\"article:published_time\" content=\"2023-06-18T11:07:01+00:00\" \/>\n<meta property=\"article:modified_time\" content=\"2023-06-19T09:50:14+00:00\" \/>\n<meta property=\"og:image\" content=\"https:\/\/www.nettali.com\/wp-content\/uploads\/2023\/06\/Capture-de\u0301cran-2023-06-18-a\u0300-11.06.34.png\" \/>\n\t<meta property=\"og:image:width\" content=\"623\" \/>\n\t<meta property=\"og:image:height\" content=\"384\" \/>\n<meta name=\"twitter:card\" content=\"summary_large_image\" \/>\n<meta name=\"twitter:label1\" content=\"\u00c9crit par\" \/>\n\t<meta name=\"twitter:data1\" content=\"Daouda\" \/>\n\t<meta name=\"twitter:label2\" content=\"Dur\u00e9e de lecture estim\u00e9e\" \/>\n\t<meta name=\"twitter:data2\" content=\"2 minutes\" \/>\n<script type=\"application\/ld+json\" class=\"yoast-schema-graph\">{\"@context\":\"https:\/\/schema.org\",\"@graph\":[{\"@type\":\"WebSite\",\"@id\":\"https:\/\/www.nettali.com\/#website\",\"url\":\"https:\/\/www.nettali.com\/\",\"name\":\"Nettali.com\",\"description\":\"Le rendez-vous critique du Net\",\"potentialAction\":[{\"@type\":\"SearchAction\",\"target\":{\"@type\":\"EntryPoint\",\"urlTemplate\":\"https:\/\/www.nettali.com\/?s={search_term_string}\"},\"query-input\":\"required name=search_term_string\"}],\"inLanguage\":\"fr-FR\"},{\"@type\":\"ImageObject\",\"@id\":\"https:\/\/www.nettali.com\/2023\/06\/18\/rapatriement-de-79-de-ses-ressortissants-la-guinee-en-colere-contre-le-senegal\/#primaryimage\",\"inLanguage\":\"fr-FR\",\"url\":\"https:\/\/www.nettali.com\/wp-content\/uploads\/2023\/06\/Capture-de\\u0301cran-2023-06-18-a\\u0300-11.06.34.png\",\"contentUrl\":\"https:\/\/www.nettali.com\/wp-content\/uploads\/2023\/06\/Capture-de\\u0301cran-2023-06-18-a\\u0300-11.06.34.png\",\"width\":623,\"height\":384},{\"@type\":\"WebPage\",\"@id\":\"https:\/\/www.nettali.com\/2023\/06\/18\/rapatriement-de-79-de-ses-ressortissants-la-guinee-en-colere-contre-le-senegal\/#webpage\",\"url\":\"https:\/\/www.nettali.com\/2023\/06\/18\/rapatriement-de-79-de-ses-ressortissants-la-guinee-en-colere-contre-le-senegal\/\",\"name\":\"RAPATRIEMENT DE 79 DE SES RESSORTISSANTS - La Guin\\u00e9e en col\\u00e8re contre le S\\u00e9n\\u00e9gal | Nettali.com\",\"isPartOf\":{\"@id\":\"https:\/\/www.nettali.com\/#website\"},\"primaryImageOfPage\":{\"@id\":\"https:\/\/www.nettali.com\/2023\/06\/18\/rapatriement-de-79-de-ses-ressortissants-la-guinee-en-colere-contre-le-senegal\/#primaryimage\"},\"datePublished\":\"2023-06-18T11:07:01+00:00\",\"dateModified\":\"2023-06-19T09:50:14+00:00\",\"author\":{\"@id\":\"https:\/\/www.nettali.com\/#\/schema\/person\/3317e0bb3aa1da309fbf7b2780901bf4\"},\"breadcrumb\":{\"@id\":\"https:\/\/www.nettali.com\/2023\/06\/18\/rapatriement-de-79-de-ses-ressortissants-la-guinee-en-colere-contre-le-senegal\/#breadcrumb\"},\"inLanguage\":\"fr-FR\",\"potentialAction\":[{\"@type\":\"ReadAction\",\"target\":[\"https:\/\/www.nettali.com\/2023\/06\/18\/rapatriement-de-79-de-ses-ressortissants-la-guinee-en-colere-contre-le-senegal\/\"]}]},{\"@type\":\"BreadcrumbList\",\"@id\":\"https:\/\/www.nettali.com\/2023\/06\/18\/rapatriement-de-79-de-ses-ressortissants-la-guinee-en-colere-contre-le-senegal\/#breadcrumb\",\"itemListElement\":[{\"@type\":\"ListItem\",\"position\":1,\"name\":\"Accueil\",\"item\":\"https:\/\/www.nettali.com\/\"},{\"@type\":\"ListItem\",\"position\":2,\"name\":\"RAPATRIEMENT DE 79 DE SES RESSORTISSANTS - La Guin\\u00e9e en col\\u00e8re contre le S\\u00e9n\\u00e9gal\"}]},{\"@type\":\"Person\",\"@id\":\"https:\/\/www.nettali.com\/#\/schema\/person\/3317e0bb3aa1da309fbf7b2780901bf4\",\"name\":\"Daouda\",\"image\":{\"@type\":\"ImageObject\",\"@id\":\"https:\/\/www.nettali.com\/#personlogo\",\"inLanguage\":\"fr-FR\",\"url\":\"https:\/\/secure.gravatar.com\/avatar\/8d143b5a49345098ddcfee1c49c2f47c?s=96&d=mm&r=g\",\"contentUrl\":\"https:\/\/secure.gravatar.com\/avatar\/8d143b5a49345098ddcfee1c49c2f47c?s=96&d=mm&r=g\",\"caption\":\"Daouda\"},\"sameAs\":[\"https:\/\/www.nettali.com\"]}]}<\/script>\n<!-- \/ Yoast SEO Premium plugin. -->","yoast_head_json":{"title":"RAPATRIEMENT DE 79 DE SES RESSORTISSANTS - La Guin\u00e9e en col\u00e8re contre le S\u00e9n\u00e9gal | Nettali.com","robots":{"index":"index","follow":"follow","max-snippet":"max-snippet:-1","max-image-preview":"max-image-preview:large","max-video-preview":"max-video-preview:-1"},"canonical":"https:\/\/www.nettali.com\/2023\/06\/18\/rapatriement-de-79-de-ses-ressortissants-la-guinee-en-colere-contre-le-senegal\/","og_locale":"fr_FR","og_type":"article","og_title":"RAPATRIEMENT DE 79 DE SES RESSORTISSANTS - La Guin\u00e9e en col\u00e8re contre le S\u00e9n\u00e9gal","og_description":"NETTALI.COM - Conakry est en col\u00e8re contre Dakar. La Guin\u00e9e ne dig\u00e8re pas, en effet, le rapatriement de 79 de ses ressortissants apr\u00e8s les \u00e9v\u00e8nements cons\u00e9cutifs \u00e0 la condamnation d'Ousmane Sonko \u00e0 2 ans de prison. Si le ministre des Affaires \u00e9trang\u00e8res de la Guin\u00e9e s'est montr\u00e9 un peu plus diplomatique, le Premier ministre, lui, [&hellip;]","og_url":"https:\/\/www.nettali.com\/2023\/06\/18\/rapatriement-de-79-de-ses-ressortissants-la-guinee-en-colere-contre-le-senegal\/","og_site_name":"Nettali.com","article_publisher":"https:\/\/www.facebook.com\/nettalicom","article_published_time":"2023-06-18T11:07:01+00:00","article_modified_time":"2023-06-19T09:50:14+00:00","og_image":[{"width":623,"height":384,"url":"https:\/\/www.nettali.com\/wp-content\/uploads\/2023\/06\/Capture-de\u0301cran-2023-06-18-a\u0300-11.06.34.png","type":"image\/png"}],"twitter_card":"summary_large_image","twitter_misc":{"\u00c9crit par":"Daouda","Dur\u00e9e de lecture estim\u00e9e":"2 minutes"},"schema":{"@context":"https:\/\/schema.org","@graph":[{"@type":"WebSite","@id":"https:\/\/www.nettali.com\/#website","url":"https:\/\/www.nettali.com\/","name":"Nettali.com","description":"Le rendez-vous critique du Net","potentialAction":[{"@type":"SearchAction","target":{"@type":"EntryPoint","urlTemplate":"https:\/\/www.nettali.com\/?s={search_term_string}"},"query-input":"required name=search_term_string"}],"inLanguage":"fr-FR"},{"@type":"ImageObject","@id":"https:\/\/www.nettali.com\/2023\/06\/18\/rapatriement-de-79-de-ses-ressortissants-la-guinee-en-colere-contre-le-senegal\/#primaryimage","inLanguage":"fr-FR","url":"https:\/\/www.nettali.com\/wp-content\/uploads\/2023\/06\/Capture-de\u0301cran-2023-06-18-a\u0300-11.06.34.png","contentUrl":"https:\/\/www.nettali.com\/wp-content\/uploads\/2023\/06\/Capture-de\u0301cran-2023-06-18-a\u0300-11.06.34.png","width":623,"height":384},{"@type":"WebPage","@id":"https:\/\/www.nettali.com\/2023\/06\/18\/rapatriement-de-79-de-ses-ressortissants-la-guinee-en-colere-contre-le-senegal\/#webpage","url":"https:\/\/www.nettali.com\/2023\/06\/18\/rapatriement-de-79-de-ses-ressortissants-la-guinee-en-colere-contre-le-senegal\/","name":"RAPATRIEMENT DE 79 DE SES RESSORTISSANTS - La Guin\u00e9e en col\u00e8re contre le S\u00e9n\u00e9gal | Nettali.com","isPartOf":{"@id":"https:\/\/www.nettali.com\/#website"},"primaryImageOfPage":{"@id":"https:\/\/www.nettali.com\/2023\/06\/18\/rapatriement-de-79-de-ses-ressortissants-la-guinee-en-colere-contre-le-senegal\/#primaryimage"},"datePublished":"2023-06-18T11:07:01+00:00","dateModified":"2023-06-19T09:50:14+00:00","author":{"@id":"https:\/\/www.nettali.com\/#\/schema\/person\/3317e0bb3aa1da309fbf7b2780901bf4"},"breadcrumb":{"@id":"https:\/\/www.nettali.com\/2023\/06\/18\/rapatriement-de-79-de-ses-ressortissants-la-guinee-en-colere-contre-le-senegal\/#breadcrumb"},"inLanguage":"fr-FR","potentialAction":[{"@type":"ReadAction","target":["https:\/\/www.nettali.com\/2023\/06\/18\/rapatriement-de-79-de-ses-ressortissants-la-guinee-en-colere-contre-le-senegal\/"]}]},{"@type":"BreadcrumbList","@id":"https:\/\/www.nettali.com\/2023\/06\/18\/rapatriement-de-79-de-ses-ressortissants-la-guinee-en-colere-contre-le-senegal\/#breadcrumb","itemListElement":[{"@type":"ListItem","position":1,"name":"Accueil","item":"https:\/\/www.nettali.com\/"},{"@type":"ListItem","position":2,"name":"RAPATRIEMENT DE 79 DE SES RESSORTISSANTS - La Guin\u00e9e en col\u00e8re contre le S\u00e9n\u00e9gal"}]},{"@type":"Person","@id":"https:\/\/www.nettali.com\/#\/schema\/person\/3317e0bb3aa1da309fbf7b2780901bf4","name":"Daouda","image":{"@type":"ImageObject","@id":"https:\/\/www.nettali.com\/#personlogo","inLanguage":"fr-FR","url":"https:\/\/secure.gravatar.com\/avatar\/8d143b5a49345098ddcfee1c49c2f47c?s=96&d=mm&r=g","contentUrl":"https:\/\/secure.gravatar.com\/avatar\/8d143b5a49345098ddcfee1c49c2f47c?s=96&d=mm&r=g","caption":"Daouda"},"sameAs":["https:\/\/www.nettali.com"]}]}},"_links":{"self":[{"href":"https:\/\/www.nettali.com\/rest\/wp\/v2\/posts\/112382"}],"collection":[{"href":"https:\/\/www.nettali.com\/rest\/wp\/v2\/posts"}],"about":[{"href":"https:\/\/www.nettali.com\/rest\/wp\/v2\/types\/post"}],"author":[{"embeddable":true,"href":"https:\/\/www.nettali.com\/rest\/wp\/v2\/users\/4"}],"replies":[{"embeddable":true,"href":"https:\/\/www.nettali.com\/rest\/wp\/v2\/comments?post=112382"}],"version-history":[{"count":1,"href":"https:\/\/www.nettali.com\/rest\/wp\/v2\/posts\/112382\/revisions"}],"predecessor-version":[{"id":112384,"href":"https:\/\/www.nettali.com\/rest\/wp\/v2\/posts\/112382\/revisions\/112384"}],"wp:featuredmedia":[{"embeddable":true,"href":"https:\/\/www.nettali.com\/rest\/wp\/v2\/media\/112383"}],"wp:attachment":[{"href":"https:\/\/www.nettali.com\/rest\/wp\/v2\/media?parent=112382"}],"wp:term":[{"taxonomy":"category","embeddable":true,"href":"https:\/\/www.nettali.com\/rest\/wp\/v2\/categories?post=112382"},{"taxonomy":"post_tag","embeddable":true,"href":"https:\/\/www.nettali.com\/rest\/wp\/v2\/tags?post=112382"}],"curies":[{"name":"wp","href":"https:\/\/api.w.org\/{rel}","templated":true}]}}