{"id":112379,"date":"2023-06-18T10:23:29","date_gmt":"2023-06-18T10:23:29","guid":{"rendered":"https:\/\/www.nettali.com\/?p=112379"},"modified":"2023-06-18T10:23:29","modified_gmt":"2023-06-18T10:23:29","slug":"nouvelle-constitution-au-mali-ce-qui-va-changer","status":"publish","type":"post","link":"https:\/\/www.nettali.com\/2023\/06\/18\/nouvelle-constitution-au-mali-ce-qui-va-changer\/","title":{"rendered":"NOUVELLE CONSTITUTION AU MALI - Ce qui va changer !"},"content":{"rendered":"<div><span style=\"font-size: 16px;\"><strong>NETTALI.COM - Les Maliens sont appel\u00e9s dimanche \u00e0 dire oui ou non \u00e0 la nouvelle Constitution propos\u00e9e par la junte. Affirmation de la\u00efcit\u00e9, renforcement des pouvoirs du pr\u00e9sident... voici les grands principes et les principaux changements \u00e0 retenir.<\/strong><br \/>\n<\/span><\/div>\n<div><span style=\"font-size: 16px;\">\u00a0<\/span><\/div>\n<div><span style=\"font-size: 16px;\"><b>Grands principes\u00a0<\/b><\/span><\/div>\n<div><span style=\"font-size: 16px;\">\u00a0<\/span><\/div>\n<div><span style=\"font-size: 16px;\">\"Le Mali est une R\u00e9publique ind\u00e9pendante, souveraine, unitaire, indivisible, d\u00e9mocratique, la\u00efque et sociale\".<\/span><\/div>\n<div><span style=\"font-size: 16px;\">\u00a0<\/span><\/div>\n<div><span style=\"font-size: 16px;\">\"Tous les Maliens naissent et demeurent libres et \u00e9gaux en droits et en devoirs\".<\/span><\/div>\n<div><span style=\"font-size: 16px;\">\u00a0<\/span><\/div>\n<div><span style=\"font-size: 16px;\">Le texte garantit le respect des droits humains, la libert\u00e9 de pens\u00e9e, de culte, d'expression, la libert\u00e9 syndicale, le droit de gr\u00e8ve, le droit de tous \u00e0 un proc\u00e8s \u00e9quitable.<\/span><\/div>\n<div><span style=\"font-size: 16px;\">\u00a0<\/span><\/div>\n<div><span style=\"font-size: 16px;\">\"Le suffrage est universel, \u00e9gal et secret\".<\/span><\/div>\n<div><span style=\"font-size: 16px;\">\u00a0<\/span><\/div>\n<div><span style=\"font-size: 16px;\">Le projet met en exergue la d\u00e9fense de la souverainet\u00e9 nationale et la lutte contre la corruption.<\/span><\/div>\n<div><span style=\"font-size: 16px;\">\u00a0<\/span><\/div>\n<div><span style=\"font-size: 16px;\"><b>Un pr\u00e9sident renforc\u00e9<\/b><\/span><\/div>\n<div><span style=\"font-size: 16px;\">\u00a0<\/span><\/div>\n<div><span style=\"font-size: 16px;\">Le pr\u00e9sident \"d\u00e9termine la politique de la Nation\" alors que dans l'actuelle Constitution, datant de 1992, c'est le gouvernement qui le fait.<\/span><\/div>\n<div><span style=\"font-size: 16px;\">\u00a0<\/span><\/div>\n<div><span style=\"font-size: 16px;\">Le pr\u00e9sident nomme le Premier ministre et les ministres et met fin \u00e0 leurs fonctions. \"Le gouvernement est responsable devant le pr\u00e9sident\", et non plus devant l'Assembl\u00e9e.<\/span><\/div>\n<div><span style=\"font-size: 16px;\">\u00a0<\/span><\/div>\n<div><span style=\"font-size: 16px;\">Le pr\u00e9sident peut \u00eatre destitu\u00e9 par le Parlement pour \"haute trahison\".<\/span><\/div>\n<div><span style=\"font-size: 16px;\">\u00a0<\/span><\/div>\n<div><span style=\"font-size: 16px;\">\"On passe d'un r\u00e9gime semi-pr\u00e9sidentiel \u00e0 pr\u00e9sidentiel\", explique Brema Ely Dicko, chercheur \u00e0 l\u2019universit\u00e9 de Bamako.<\/span><\/div>\n<div><span style=\"font-size: 16px;\">\u00a0<\/span><\/div>\n<div><span style=\"font-size: 16px;\">Le pr\u00e9sident est \u00e9lu pour cinq ans au suffrage universel direct. Il n'est r\u00e9\u00e9ligible qu'une fois.<\/span><\/div>\n<div><span style=\"font-size: 16px;\">\u00a0<\/span><\/div>\n<div><span style=\"font-size: 16px;\"><b>Un r\u00e9gime \u00e0 l'abri ?\u00a0<\/b><\/span><\/div>\n<div><span style=\"font-size: 16px;\">\u00a0<\/span><\/div>\n<div><span style=\"font-size: 16px;\">Le Mali a \u00e9t\u00e9 le th\u00e9\u00e2tre de trois coups d'Etat depuis 1991 et cinq depuis l'ind\u00e9pendance. \"Tout coup d'Etat est un crime imprescriptible\", dit le projet. Mais selon l'article 188, \"les faits ant\u00e9rieurs \u00e0 la promulgation (de la nouvelle Constitution) couverts par des lois d'amnistie ne peuvent, en aucun cas, faire l'objet de poursuite\". Les d\u00e9tracteurs de la junte y voient une assurance sur l'avenir pour les colonels qui ont pris le pouvoir par la force en 2020.<\/span><\/div>\n<div><span style=\"font-size: 16px;\">\u00a0<\/span><\/div>\n<div><span style=\"font-size: 16px;\"><b>Des institutions r\u00e9form\u00e9es<\/b><\/span><\/div>\n<div><span style=\"font-size: 16px;\">\u00a0<\/span><\/div>\n<div><span style=\"font-size: 16px;\">Un S\u00e9nat est cr\u00e9\u00e9, en plus de l'Assembl\u00e9e nationale existante, ainsi qu'une Cour des comptes, charg\u00e9e du contr\u00f4le des finances publiques. D\u00e9put\u00e9s et s\u00e9nateurs seront oblig\u00e9s de transmettre une d\u00e9claration de biens qui sera actualis\u00e9e chaque ann\u00e9e.<\/span><\/div>\n<div><span style=\"font-size: 16px;\">\u00a0<\/span><\/div>\n<div><span style=\"font-size: 16px;\">\"Cela peut aider \u00e0 am\u00e9liorer la gouvernance. Mais tout cela d\u00e9pend de celui qui va arriver au pouvoir et de l'exemple qu'il va donner\", estime Brema Ely Dicko.<\/span><\/div>\n<div><span style=\"font-size: 16px;\">\u00a0<\/span><\/div>\n<div><span style=\"font-size: 16px;\"><b>Des autorit\u00e9s traditionnelles reconnues<\/b><\/span><\/div>\n<div><span style=\"font-size: 16px;\">\u00a0<\/span><\/div>\n<div><span style=\"font-size: 16px;\">Ces autorit\u00e9s jouent un r\u00f4le \u00e9minent dans la soci\u00e9t\u00e9. Elles sont les \"gardiennes des valeurs\", dit le projet de Constitution. Une partie des membres du S\u00e9nat en sera issue. Elles pourront participer au r\u00e8glement de certains litiges, dans les conditions fix\u00e9es par la loi.<\/span><\/div>\n<div><span style=\"font-size: 16px;\">\u00a0<\/span><\/div>\n<div><span style=\"font-size: 16px;\">\"Le recul de l'Etat a fait que les religieux, les autorit\u00e9s coutumi\u00e8res, ont de nouvelles fonctions de distribution de la justice. Quand ces choses se pratiquent et durent dans le temps, il faut penser \u00e0 une institutionnalisation\", estime le Docteur Abdoul Sogodogo, vice-doyen de la facult\u00e9 de sciences politiques \u00e0 Bamako.<\/span><\/div>\n<div><span style=\"font-size: 16px;\">\u00a0<\/span><\/div>\n<div><span style=\"font-size: 16px;\"><b>Des mesures de souverainet\u00e9<\/b><\/span><\/div>\n<div><span style=\"font-size: 16px;\">\u00a0<\/span><\/div>\n<div><span style=\"font-size: 16px;\">La multitude des langues traditionnelles employ\u00e9es au Mali deviennent langues officielles. Le fran\u00e7ais, langue de l'ancienne puissance dominante avec laquelle la junte a quasiment rompu les ponts pour se tourner vers la Russie, est r\u00e9trograd\u00e9 en langue de travail.<\/span><\/div>\n<div><span style=\"font-size: 16px;\">\u00a0<\/span><\/div>\n<div><span style=\"font-size: 16px;\">La Constitution pr\u00e9voit que l'exploitation des richesses naturelles \"doit \u00eatre assur\u00e9e dans le respect des r\u00e8gles de protection de l'environnement et dans l'int\u00e9r\u00eat des g\u00e9n\u00e9rations pr\u00e9sentes et futures\".<\/span><\/div>\n<div><span style=\"font-size: 16px;\">\u00a0<\/span><\/div>\n<div><span style=\"font-size: 16px;\">Le Mali est producteur d'or.<\/span><\/div>\n<div class='share-to-whatsapp-wrapper'><div class='share-on-whsp'>PARTAGER SUR : <\/div><a data-text='NOUVELLE CONSTITUTION AU MALI - Ce qui va changer !' data-link='https:\/\/www.nettali.com\/2023\/06\/18\/nouvelle-constitution-au-mali-ce-qui-va-changer\/' class='whatsapp-button whatsapp-share'>WhatsApp<\/a><div class='clear '><\/div><\/div>","protected":false},"excerpt":{"rendered":"<p>NETTALI.COM - Les Maliens sont appel\u00e9s dimanche \u00e0 dire oui ou non \u00e0 la nouvelle Constitution propos\u00e9e par la junte. Affirmation de la\u00efcit\u00e9, renforcement des pouvoirs du pr\u00e9sident... voici les grands principes et les principaux changements \u00e0 retenir. \u00a0 Grands principes\u00a0 \u00a0 \"Le Mali est une R\u00e9publique ind\u00e9pendante, souveraine, unitaire, indivisible, d\u00e9mocratique, la\u00efque et sociale\". [&hellip;]<\/p>\n","protected":false},"author":4,"featured_media":74412,"comment_status":"open","ping_status":"open","sticky":false,"template":"","format":"standard","meta":{"_et_pb_use_builder":"","_et_pb_old_content":""},"categories":[2],"tags":[],"yoast_head":"<!-- This site is optimized with the Yoast SEO Premium plugin v17.8 (Yoast SEO v17.8) - https:\/\/yoast.com\/wordpress\/plugins\/seo\/ -->\n<title>NOUVELLE CONSTITUTION AU MALI - Ce qui va changer ! | Nettali.com<\/title>\n<meta name=\"robots\" content=\"index, follow, max-snippet:-1, max-image-preview:large, max-video-preview:-1\" \/>\n<link rel=\"canonical\" href=\"https:\/\/www.nettali.com\/2023\/06\/18\/nouvelle-constitution-au-mali-ce-qui-va-changer\/\" \/>\n<meta property=\"og:locale\" content=\"fr_FR\" \/>\n<meta property=\"og:type\" content=\"article\" \/>\n<meta property=\"og:title\" content=\"NOUVELLE CONSTITUTION AU MALI - Ce qui va changer !\" \/>\n<meta property=\"og:description\" content=\"NETTALI.COM - Les Maliens sont appel\u00e9s dimanche \u00e0 dire oui ou non \u00e0 la nouvelle Constitution propos\u00e9e par la junte. Affirmation de la\u00efcit\u00e9, renforcement des pouvoirs du pr\u00e9sident... voici les grands principes et les principaux changements \u00e0 retenir. \u00a0 Grands principes\u00a0 \u00a0 &quot;Le Mali est une R\u00e9publique ind\u00e9pendante, souveraine, unitaire, indivisible, d\u00e9mocratique, la\u00efque et sociale&quot;. [&hellip;]\" \/>\n<meta property=\"og:url\" content=\"https:\/\/www.nettali.com\/2023\/06\/18\/nouvelle-constitution-au-mali-ce-qui-va-changer\/\" \/>\n<meta property=\"og:site_name\" content=\"Nettali.com\" \/>\n<meta property=\"article:publisher\" content=\"https:\/\/www.facebook.com\/nettalicom\" \/>\n<meta property=\"article:published_time\" content=\"2023-06-18T10:23:29+00:00\" \/>\n<meta property=\"og:image\" content=\"https:\/\/www.nettali.com\/wp-content\/uploads\/2021\/10\/13b960f_55964a0c258e45dda53193b06aa489d2-55964a0c258e45dda53193b06aa489d2-0.jpg\" \/>\n\t<meta property=\"og:image:width\" content=\"664\" \/>\n\t<meta property=\"og:image:height\" content=\"443\" \/>\n<meta name=\"twitter:card\" content=\"summary_large_image\" \/>\n<meta name=\"twitter:label1\" content=\"\u00c9crit par\" \/>\n\t<meta name=\"twitter:data1\" content=\"Daouda\" \/>\n\t<meta name=\"twitter:label2\" content=\"Dur\u00e9e de lecture estim\u00e9e\" \/>\n\t<meta name=\"twitter:data2\" content=\"3 minutes\" \/>\n<script type=\"application\/ld+json\" class=\"yoast-schema-graph\">{\"@context\":\"https:\/\/schema.org\",\"@graph\":[{\"@type\":\"WebSite\",\"@id\":\"https:\/\/www.nettali.com\/#website\",\"url\":\"https:\/\/www.nettali.com\/\",\"name\":\"Nettali.com\",\"description\":\"Le rendez-vous critique du Net\",\"potentialAction\":[{\"@type\":\"SearchAction\",\"target\":{\"@type\":\"EntryPoint\",\"urlTemplate\":\"https:\/\/www.nettali.com\/?s={search_term_string}\"},\"query-input\":\"required name=search_term_string\"}],\"inLanguage\":\"fr-FR\"},{\"@type\":\"ImageObject\",\"@id\":\"https:\/\/www.nettali.com\/2023\/06\/18\/nouvelle-constitution-au-mali-ce-qui-va-changer\/#primaryimage\",\"inLanguage\":\"fr-FR\",\"url\":\"https:\/\/www.nettali.com\/wp-content\/uploads\/2021\/10\/13b960f_55964a0c258e45dda53193b06aa489d2-55964a0c258e45dda53193b06aa489d2-0.jpg\",\"contentUrl\":\"https:\/\/www.nettali.com\/wp-content\/uploads\/2021\/10\/13b960f_55964a0c258e45dda53193b06aa489d2-55964a0c258e45dda53193b06aa489d2-0.jpg\",\"width\":664,\"height\":443,\"caption\":\"FILE - In this Saturday, Aug. 22, 2020 file photo, Col. Assimi Goita meets with a high-level delegation from the West African regional bloc known as ECOWAS, at the Ministry of Defense in Bamako, Mali. Goita, has regained control of the West African country on Tuesday May 25, 2021, by deposing the president and prime minister of the transitional government in an unprecedented move. But Goita, who has served as vice president, is promising to still hold new elections next year. (AP Photo\/File)\"},{\"@type\":\"WebPage\",\"@id\":\"https:\/\/www.nettali.com\/2023\/06\/18\/nouvelle-constitution-au-mali-ce-qui-va-changer\/#webpage\",\"url\":\"https:\/\/www.nettali.com\/2023\/06\/18\/nouvelle-constitution-au-mali-ce-qui-va-changer\/\",\"name\":\"NOUVELLE CONSTITUTION AU MALI - Ce qui va changer ! | Nettali.com\",\"isPartOf\":{\"@id\":\"https:\/\/www.nettali.com\/#website\"},\"primaryImageOfPage\":{\"@id\":\"https:\/\/www.nettali.com\/2023\/06\/18\/nouvelle-constitution-au-mali-ce-qui-va-changer\/#primaryimage\"},\"datePublished\":\"2023-06-18T10:23:29+00:00\",\"dateModified\":\"2023-06-18T10:23:29+00:00\",\"author\":{\"@id\":\"https:\/\/www.nettali.com\/#\/schema\/person\/3317e0bb3aa1da309fbf7b2780901bf4\"},\"breadcrumb\":{\"@id\":\"https:\/\/www.nettali.com\/2023\/06\/18\/nouvelle-constitution-au-mali-ce-qui-va-changer\/#breadcrumb\"},\"inLanguage\":\"fr-FR\",\"potentialAction\":[{\"@type\":\"ReadAction\",\"target\":[\"https:\/\/www.nettali.com\/2023\/06\/18\/nouvelle-constitution-au-mali-ce-qui-va-changer\/\"]}]},{\"@type\":\"BreadcrumbList\",\"@id\":\"https:\/\/www.nettali.com\/2023\/06\/18\/nouvelle-constitution-au-mali-ce-qui-va-changer\/#breadcrumb\",\"itemListElement\":[{\"@type\":\"ListItem\",\"position\":1,\"name\":\"Accueil\",\"item\":\"https:\/\/www.nettali.com\/\"},{\"@type\":\"ListItem\",\"position\":2,\"name\":\"NOUVELLE CONSTITUTION AU MALI - Ce qui va changer !\"}]},{\"@type\":\"Person\",\"@id\":\"https:\/\/www.nettali.com\/#\/schema\/person\/3317e0bb3aa1da309fbf7b2780901bf4\",\"name\":\"Daouda\",\"image\":{\"@type\":\"ImageObject\",\"@id\":\"https:\/\/www.nettali.com\/#personlogo\",\"inLanguage\":\"fr-FR\",\"url\":\"https:\/\/secure.gravatar.com\/avatar\/8d143b5a49345098ddcfee1c49c2f47c?s=96&d=mm&r=g\",\"contentUrl\":\"https:\/\/secure.gravatar.com\/avatar\/8d143b5a49345098ddcfee1c49c2f47c?s=96&d=mm&r=g\",\"caption\":\"Daouda\"},\"sameAs\":[\"https:\/\/www.nettali.com\"]}]}<\/script>\n<!-- \/ Yoast SEO Premium plugin. -->","yoast_head_json":{"title":"NOUVELLE CONSTITUTION AU MALI - Ce qui va changer ! | Nettali.com","robots":{"index":"index","follow":"follow","max-snippet":"max-snippet:-1","max-image-preview":"max-image-preview:large","max-video-preview":"max-video-preview:-1"},"canonical":"https:\/\/www.nettali.com\/2023\/06\/18\/nouvelle-constitution-au-mali-ce-qui-va-changer\/","og_locale":"fr_FR","og_type":"article","og_title":"NOUVELLE CONSTITUTION AU MALI - Ce qui va changer !","og_description":"NETTALI.COM - Les Maliens sont appel\u00e9s dimanche \u00e0 dire oui ou non \u00e0 la nouvelle Constitution propos\u00e9e par la junte. Affirmation de la\u00efcit\u00e9, renforcement des pouvoirs du pr\u00e9sident... voici les grands principes et les principaux changements \u00e0 retenir. \u00a0 Grands principes\u00a0 \u00a0 \"Le Mali est une R\u00e9publique ind\u00e9pendante, souveraine, unitaire, indivisible, d\u00e9mocratique, la\u00efque et sociale\". [&hellip;]","og_url":"https:\/\/www.nettali.com\/2023\/06\/18\/nouvelle-constitution-au-mali-ce-qui-va-changer\/","og_site_name":"Nettali.com","article_publisher":"https:\/\/www.facebook.com\/nettalicom","article_published_time":"2023-06-18T10:23:29+00:00","og_image":[{"width":664,"height":443,"url":"https:\/\/www.nettali.com\/wp-content\/uploads\/2021\/10\/13b960f_55964a0c258e45dda53193b06aa489d2-55964a0c258e45dda53193b06aa489d2-0.jpg","type":"image\/jpeg"}],"twitter_card":"summary_large_image","twitter_misc":{"\u00c9crit par":"Daouda","Dur\u00e9e de lecture estim\u00e9e":"3 minutes"},"schema":{"@context":"https:\/\/schema.org","@graph":[{"@type":"WebSite","@id":"https:\/\/www.nettali.com\/#website","url":"https:\/\/www.nettali.com\/","name":"Nettali.com","description":"Le rendez-vous critique du Net","potentialAction":[{"@type":"SearchAction","target":{"@type":"EntryPoint","urlTemplate":"https:\/\/www.nettali.com\/?s={search_term_string}"},"query-input":"required name=search_term_string"}],"inLanguage":"fr-FR"},{"@type":"ImageObject","@id":"https:\/\/www.nettali.com\/2023\/06\/18\/nouvelle-constitution-au-mali-ce-qui-va-changer\/#primaryimage","inLanguage":"fr-FR","url":"https:\/\/www.nettali.com\/wp-content\/uploads\/2021\/10\/13b960f_55964a0c258e45dda53193b06aa489d2-55964a0c258e45dda53193b06aa489d2-0.jpg","contentUrl":"https:\/\/www.nettali.com\/wp-content\/uploads\/2021\/10\/13b960f_55964a0c258e45dda53193b06aa489d2-55964a0c258e45dda53193b06aa489d2-0.jpg","width":664,"height":443,"caption":"FILE - In this Saturday, Aug. 22, 2020 file photo, Col. Assimi Goita meets with a high-level delegation from the West African regional bloc known as ECOWAS, at the Ministry of Defense in Bamako, Mali. Goita, has regained control of the West African country on Tuesday May 25, 2021, by deposing the president and prime minister of the transitional government in an unprecedented move. But Goita, who has served as vice president, is promising to still hold new elections next year. (AP Photo\/File)"},{"@type":"WebPage","@id":"https:\/\/www.nettali.com\/2023\/06\/18\/nouvelle-constitution-au-mali-ce-qui-va-changer\/#webpage","url":"https:\/\/www.nettali.com\/2023\/06\/18\/nouvelle-constitution-au-mali-ce-qui-va-changer\/","name":"NOUVELLE CONSTITUTION AU MALI - Ce qui va changer ! | Nettali.com","isPartOf":{"@id":"https:\/\/www.nettali.com\/#website"},"primaryImageOfPage":{"@id":"https:\/\/www.nettali.com\/2023\/06\/18\/nouvelle-constitution-au-mali-ce-qui-va-changer\/#primaryimage"},"datePublished":"2023-06-18T10:23:29+00:00","dateModified":"2023-06-18T10:23:29+00:00","author":{"@id":"https:\/\/www.nettali.com\/#\/schema\/person\/3317e0bb3aa1da309fbf7b2780901bf4"},"breadcrumb":{"@id":"https:\/\/www.nettali.com\/2023\/06\/18\/nouvelle-constitution-au-mali-ce-qui-va-changer\/#breadcrumb"},"inLanguage":"fr-FR","potentialAction":[{"@type":"ReadAction","target":["https:\/\/www.nettali.com\/2023\/06\/18\/nouvelle-constitution-au-mali-ce-qui-va-changer\/"]}]},{"@type":"BreadcrumbList","@id":"https:\/\/www.nettali.com\/2023\/06\/18\/nouvelle-constitution-au-mali-ce-qui-va-changer\/#breadcrumb","itemListElement":[{"@type":"ListItem","position":1,"name":"Accueil","item":"https:\/\/www.nettali.com\/"},{"@type":"ListItem","position":2,"name":"NOUVELLE CONSTITUTION AU MALI - Ce qui va changer !"}]},{"@type":"Person","@id":"https:\/\/www.nettali.com\/#\/schema\/person\/3317e0bb3aa1da309fbf7b2780901bf4","name":"Daouda","image":{"@type":"ImageObject","@id":"https:\/\/www.nettali.com\/#personlogo","inLanguage":"fr-FR","url":"https:\/\/secure.gravatar.com\/avatar\/8d143b5a49345098ddcfee1c49c2f47c?s=96&d=mm&r=g","contentUrl":"https:\/\/secure.gravatar.com\/avatar\/8d143b5a49345098ddcfee1c49c2f47c?s=96&d=mm&r=g","caption":"Daouda"},"sameAs":["https:\/\/www.nettali.com"]}]}},"_links":{"self":[{"href":"https:\/\/www.nettali.com\/rest\/wp\/v2\/posts\/112379"}],"collection":[{"href":"https:\/\/www.nettali.com\/rest\/wp\/v2\/posts"}],"about":[{"href":"https:\/\/www.nettali.com\/rest\/wp\/v2\/types\/post"}],"author":[{"embeddable":true,"href":"https:\/\/www.nettali.com\/rest\/wp\/v2\/users\/4"}],"replies":[{"embeddable":true,"href":"https:\/\/www.nettali.com\/rest\/wp\/v2\/comments?post=112379"}],"version-history":[{"count":1,"href":"https:\/\/www.nettali.com\/rest\/wp\/v2\/posts\/112379\/revisions"}],"predecessor-version":[{"id":112380,"href":"https:\/\/www.nettali.com\/rest\/wp\/v2\/posts\/112379\/revisions\/112380"}],"wp:featuredmedia":[{"embeddable":true,"href":"https:\/\/www.nettali.com\/rest\/wp\/v2\/media\/74412"}],"wp:attachment":[{"href":"https:\/\/www.nettali.com\/rest\/wp\/v2\/media?parent=112379"}],"wp:term":[{"taxonomy":"category","embeddable":true,"href":"https:\/\/www.nettali.com\/rest\/wp\/v2\/categories?post=112379"},{"taxonomy":"post_tag","embeddable":true,"href":"https:\/\/www.nettali.com\/rest\/wp\/v2\/tags?post=112379"}],"curies":[{"name":"wp","href":"https:\/\/api.w.org\/{rel}","templated":true}]}}