{"id":112364,"date":"2023-06-17T23:48:21","date_gmt":"2023-06-17T23:48:21","guid":{"rendered":"https:\/\/www.nettali.com\/?p=112364"},"modified":"2023-06-19T18:29:26","modified_gmt":"2023-06-19T18:29:26","slug":"blocus-du-domicile-de-sonko-lordre-des-avocats-tape-du-poing-sur-la-table","status":"publish","type":"post","link":"https:\/\/www.nettali.com\/2023\/06\/17\/blocus-du-domicile-de-sonko-lordre-des-avocats-tape-du-poing-sur-la-table\/","title":{"rendered":"BLOCUS DU DOMICILE DE SONKO - L'Ordre des avocats tape du poing sur la table"},"content":{"rendered":"<p><strong>NETTALI.COM - Les brimades subies par les avocats d'Ousmane Sonko ne sont plus acceptables. Et c'est le Conseil de l'ordre des avocats qui l'a fait savoir dans un communiqu\u00e9.\u00a0<\/strong><\/p>\n<p>Le sort subi par les avocats du leader de Pastef commence \u00e0 sid\u00e9rer l'Ordre des avocats. Le Conseil de l'Ordre exige d'ailleurs la fin des brimades subies par Me Cir\u00e9 Cl\u00e9dor Ly et ses coll\u00e8gues. Dans un communiqu\u00e9, ladite instance dit avoir constat\u00e9 que \"<em>certains de ses membres qui voulaient rencontrer leur client, en ont \u00e9t\u00e9 emp\u00each\u00e9s par les Forces de d\u00e9fense et de s\u00e9curit\u00e9, d'aucuns ayant m\u00eame essuy\u00e9 des tirs de grenades lacrymog\u00e8nes, alors que leur qualit\u00e9 \u00e9tait connue et qu'aucune circonstance ne justifiait de telles r\u00e9actions<\/em>\". Pour le Conseil de l'Ordre des avocats, de tels actes sont totalement en porte-\u00e0-faux avec la protection de l'ind\u00e9pendance, de la dignit\u00e9 et de l'int\u00e9gralit\u00e9 de l'avocat.\u00a0 <em>\"Ils<\/em> <em>sont surtout en porte-\u00e0-faux avec le service public de la justice dont l'Etat \u00e0 le devoir le plein et serein exercice<\/em>\", souligne le Conseil. Suffisant pour rappeler que \"<em>les avocats doivent, en leur qualit\u00e9 d'acteurs principaux du service public de la Justice et en toute responsabilit\u00e9, pr\u00e9server \u00e0 tout moment,l'honneur et la dignit\u00e9 de leur profession et s'\u00e9riger en premiers garants du respect de nos r\u00e8gles<\/em>\". \"<em>Ensuite, il incombe aux pouvoirs publics,\u00a0 donc \u00e0 l'Etat, de veiller \u00e0 ce que les avocats puissent s'acquitter de toutes leurs obligations professionnelles et exercer librement leur minist\u00e8re,\u00a0 sans entrave ni ing\u00e9rence, sans intimidation ni violence<\/em>\", ajoute le communiqu\u00e9 du Conseil de l'Ordre.<\/p>\n<p>D'ailleurs, souligne le Conseil, \"<em>les mesures de restriction des droits et libert\u00e9s qui peuvent \u00eatre prises pour des raisons notamment li\u00e9es \u00e0 la s\u00e9curit\u00e9 doivent, tout \u00e0 la fois, garder un caract\u00e8re exceptionnel, et prendre en charge l'effectivit\u00e9 et l'exercice des droits incompressibles et n\u00e9cessaires \u00e0 la dignit\u00e9 de l'\u00eatre humain<\/em>\". \"<em>Le respect, la protection et la r\u00e9alisation des droits de l'homme et des libert\u00e9s fondamentales sont, dans un \u00c9tat de droit, garantis par les pouvoirs publics. Par cons\u00e9quent, acc\u00e9der \u00e0 son client ou rencontrer son avocat sans entrave ni crainte sont, pour l'avocat et pour le citoyen, quelle que soit sa cat\u00e9gorie sociale ou son rang, une exigence ordinaire qui consacre un droit fondamental<\/em>\", lit-on sur le texte du Conseil de l'ordre.<\/p>\n<p>Ainsi, le Conseil de l'Ordre appelle \u00e0 <em>\"la<\/em> <em>lev\u00e9e imm\u00e9diate de tout obstacle de nature \u00e0 entraver le libre exercice du minist\u00e8re de l'avocat et\/ou le libre acc\u00e8s de tout citoyen, qui en \u00e9prouve le besoin, \u00e0 un avocat<\/em>\".<\/p>\n<div class='share-to-whatsapp-wrapper'><div class='share-on-whsp'>PARTAGER SUR : <\/div><a data-text='BLOCUS DU DOMICILE DE SONKO - L'Ordre des avocats tape du poing sur la table' data-link='https:\/\/www.nettali.com\/2023\/06\/17\/blocus-du-domicile-de-sonko-lordre-des-avocats-tape-du-poing-sur-la-table\/' class='whatsapp-button whatsapp-share'>WhatsApp<\/a><div class='clear '><\/div><\/div>","protected":false},"excerpt":{"rendered":"<p>NETTALI.COM - Les brimades subies par les avocats d'Ousmane Sonko ne sont plus acceptables. Et c'est le Conseil de l'ordre des avocats qui l'a fait savoir dans un communiqu\u00e9.\u00a0 Le sort subi par les avocats du leader de Pastef commence \u00e0 sid\u00e9rer l'Ordre des avocats. Le Conseil de l'Ordre exige d'ailleurs la fin des brimades [&hellip;]<\/p>\n","protected":false},"author":3,"featured_media":112366,"comment_status":"open","ping_status":"open","sticky":false,"template":"","format":"standard","meta":{"_et_pb_use_builder":"","_et_pb_old_content":""},"categories":[2],"tags":[],"yoast_head":"<!-- This site is optimized with the Yoast SEO Premium plugin v17.8 (Yoast SEO v17.8) - https:\/\/yoast.com\/wordpress\/plugins\/seo\/ -->\n<title>BLOCUS DU DOMICILE DE SONKO - L&#039;Ordre des avocats tape du poing sur la table | Nettali.com<\/title>\n<meta name=\"robots\" content=\"index, follow, max-snippet:-1, max-image-preview:large, max-video-preview:-1\" \/>\n<link rel=\"canonical\" href=\"https:\/\/www.nettali.com\/2023\/06\/17\/blocus-du-domicile-de-sonko-lordre-des-avocats-tape-du-poing-sur-la-table\/\" \/>\n<meta property=\"og:locale\" content=\"fr_FR\" \/>\n<meta property=\"og:type\" content=\"article\" \/>\n<meta property=\"og:title\" content=\"BLOCUS DU DOMICILE DE SONKO - L&#039;Ordre des avocats tape du poing sur la table\" \/>\n<meta property=\"og:description\" content=\"NETTALI.COM - Les brimades subies par les avocats d&#039;Ousmane Sonko ne sont plus acceptables. Et c&#039;est le Conseil de l&#039;ordre des avocats qui l&#039;a fait savoir dans un communiqu\u00e9.\u00a0 Le sort subi par les avocats du leader de Pastef commence \u00e0 sid\u00e9rer l&#039;Ordre des avocats. Le Conseil de l&#039;Ordre exige d&#039;ailleurs la fin des brimades [&hellip;]\" \/>\n<meta property=\"og:url\" content=\"https:\/\/www.nettali.com\/2023\/06\/17\/blocus-du-domicile-de-sonko-lordre-des-avocats-tape-du-poing-sur-la-table\/\" \/>\n<meta property=\"og:site_name\" content=\"Nettali.com\" \/>\n<meta property=\"article:publisher\" content=\"https:\/\/www.facebook.com\/nettalicom\" \/>\n<meta property=\"article:published_time\" content=\"2023-06-17T23:48:21+00:00\" \/>\n<meta property=\"article:modified_time\" content=\"2023-06-19T18:29:26+00:00\" \/>\n<meta property=\"og:image\" content=\"https:\/\/www.nettali.com\/wp-content\/uploads\/2023\/06\/01000000-0a00-0242-8ca6-08db3125a223_cx0_cy16_cw90_w408_r1_s.jpg\" \/>\n\t<meta property=\"og:image:width\" content=\"408\" \/>\n\t<meta property=\"og:image:height\" content=\"230\" \/>\n<meta name=\"twitter:card\" content=\"summary_large_image\" \/>\n<meta name=\"twitter:label1\" content=\"\u00c9crit par\" \/>\n\t<meta name=\"twitter:data1\" content=\"Moustapha\" \/>\n\t<meta name=\"twitter:label2\" content=\"Dur\u00e9e de lecture estim\u00e9e\" \/>\n\t<meta name=\"twitter:data2\" content=\"3 minutes\" \/>\n<script type=\"application\/ld+json\" class=\"yoast-schema-graph\">{\"@context\":\"https:\/\/schema.org\",\"@graph\":[{\"@type\":\"WebSite\",\"@id\":\"https:\/\/www.nettali.com\/#website\",\"url\":\"https:\/\/www.nettali.com\/\",\"name\":\"Nettali.com\",\"description\":\"Le rendez-vous critique du Net\",\"potentialAction\":[{\"@type\":\"SearchAction\",\"target\":{\"@type\":\"EntryPoint\",\"urlTemplate\":\"https:\/\/www.nettali.com\/?s={search_term_string}\"},\"query-input\":\"required name=search_term_string\"}],\"inLanguage\":\"fr-FR\"},{\"@type\":\"ImageObject\",\"@id\":\"https:\/\/www.nettali.com\/2023\/06\/17\/blocus-du-domicile-de-sonko-lordre-des-avocats-tape-du-poing-sur-la-table\/#primaryimage\",\"inLanguage\":\"fr-FR\",\"url\":\"https:\/\/www.nettali.com\/wp-content\/uploads\/2023\/06\/01000000-0a00-0242-8ca6-08db3125a223_cx0_cy16_cw90_w408_r1_s.jpg\",\"contentUrl\":\"https:\/\/www.nettali.com\/wp-content\/uploads\/2023\/06\/01000000-0a00-0242-8ca6-08db3125a223_cx0_cy16_cw90_w408_r1_s.jpg\",\"width\":408,\"height\":230},{\"@type\":\"WebPage\",\"@id\":\"https:\/\/www.nettali.com\/2023\/06\/17\/blocus-du-domicile-de-sonko-lordre-des-avocats-tape-du-poing-sur-la-table\/#webpage\",\"url\":\"https:\/\/www.nettali.com\/2023\/06\/17\/blocus-du-domicile-de-sonko-lordre-des-avocats-tape-du-poing-sur-la-table\/\",\"name\":\"BLOCUS DU DOMICILE DE SONKO - L'Ordre des avocats tape du poing sur la table | Nettali.com\",\"isPartOf\":{\"@id\":\"https:\/\/www.nettali.com\/#website\"},\"primaryImageOfPage\":{\"@id\":\"https:\/\/www.nettali.com\/2023\/06\/17\/blocus-du-domicile-de-sonko-lordre-des-avocats-tape-du-poing-sur-la-table\/#primaryimage\"},\"datePublished\":\"2023-06-17T23:48:21+00:00\",\"dateModified\":\"2023-06-19T18:29:26+00:00\",\"author\":{\"@id\":\"https:\/\/www.nettali.com\/#\/schema\/person\/7962a12a6e0267f88f0ffa544c36469a\"},\"breadcrumb\":{\"@id\":\"https:\/\/www.nettali.com\/2023\/06\/17\/blocus-du-domicile-de-sonko-lordre-des-avocats-tape-du-poing-sur-la-table\/#breadcrumb\"},\"inLanguage\":\"fr-FR\",\"potentialAction\":[{\"@type\":\"ReadAction\",\"target\":[\"https:\/\/www.nettali.com\/2023\/06\/17\/blocus-du-domicile-de-sonko-lordre-des-avocats-tape-du-poing-sur-la-table\/\"]}]},{\"@type\":\"BreadcrumbList\",\"@id\":\"https:\/\/www.nettali.com\/2023\/06\/17\/blocus-du-domicile-de-sonko-lordre-des-avocats-tape-du-poing-sur-la-table\/#breadcrumb\",\"itemListElement\":[{\"@type\":\"ListItem\",\"position\":1,\"name\":\"Accueil\",\"item\":\"https:\/\/www.nettali.com\/\"},{\"@type\":\"ListItem\",\"position\":2,\"name\":\"BLOCUS DU DOMICILE DE SONKO - L'Ordre des avocats tape du poing sur la table\"}]},{\"@type\":\"Person\",\"@id\":\"https:\/\/www.nettali.com\/#\/schema\/person\/7962a12a6e0267f88f0ffa544c36469a\",\"name\":\"Moustapha\",\"image\":{\"@type\":\"ImageObject\",\"@id\":\"https:\/\/www.nettali.com\/#personlogo\",\"inLanguage\":\"fr-FR\",\"url\":\"https:\/\/secure.gravatar.com\/avatar\/10fdf6a071cccdcf374e3dbe45159590?s=96&d=mm&r=g\",\"contentUrl\":\"https:\/\/secure.gravatar.com\/avatar\/10fdf6a071cccdcf374e3dbe45159590?s=96&d=mm&r=g\",\"caption\":\"Moustapha\"},\"sameAs\":[\"https:\/\/www.nettali.com\"]}]}<\/script>\n<!-- \/ Yoast SEO Premium plugin. -->","yoast_head_json":{"title":"BLOCUS DU DOMICILE DE SONKO - L'Ordre des avocats tape du poing sur la table | Nettali.com","robots":{"index":"index","follow":"follow","max-snippet":"max-snippet:-1","max-image-preview":"max-image-preview:large","max-video-preview":"max-video-preview:-1"},"canonical":"https:\/\/www.nettali.com\/2023\/06\/17\/blocus-du-domicile-de-sonko-lordre-des-avocats-tape-du-poing-sur-la-table\/","og_locale":"fr_FR","og_type":"article","og_title":"BLOCUS DU DOMICILE DE SONKO - L'Ordre des avocats tape du poing sur la table","og_description":"NETTALI.COM - Les brimades subies par les avocats d'Ousmane Sonko ne sont plus acceptables. Et c'est le Conseil de l'ordre des avocats qui l'a fait savoir dans un communiqu\u00e9.\u00a0 Le sort subi par les avocats du leader de Pastef commence \u00e0 sid\u00e9rer l'Ordre des avocats. Le Conseil de l'Ordre exige d'ailleurs la fin des brimades [&hellip;]","og_url":"https:\/\/www.nettali.com\/2023\/06\/17\/blocus-du-domicile-de-sonko-lordre-des-avocats-tape-du-poing-sur-la-table\/","og_site_name":"Nettali.com","article_publisher":"https:\/\/www.facebook.com\/nettalicom","article_published_time":"2023-06-17T23:48:21+00:00","article_modified_time":"2023-06-19T18:29:26+00:00","og_image":[{"width":408,"height":230,"url":"https:\/\/www.nettali.com\/wp-content\/uploads\/2023\/06\/01000000-0a00-0242-8ca6-08db3125a223_cx0_cy16_cw90_w408_r1_s.jpg","type":"image\/jpeg"}],"twitter_card":"summary_large_image","twitter_misc":{"\u00c9crit par":"Moustapha","Dur\u00e9e de lecture estim\u00e9e":"3 minutes"},"schema":{"@context":"https:\/\/schema.org","@graph":[{"@type":"WebSite","@id":"https:\/\/www.nettali.com\/#website","url":"https:\/\/www.nettali.com\/","name":"Nettali.com","description":"Le rendez-vous critique du Net","potentialAction":[{"@type":"SearchAction","target":{"@type":"EntryPoint","urlTemplate":"https:\/\/www.nettali.com\/?s={search_term_string}"},"query-input":"required name=search_term_string"}],"inLanguage":"fr-FR"},{"@type":"ImageObject","@id":"https:\/\/www.nettali.com\/2023\/06\/17\/blocus-du-domicile-de-sonko-lordre-des-avocats-tape-du-poing-sur-la-table\/#primaryimage","inLanguage":"fr-FR","url":"https:\/\/www.nettali.com\/wp-content\/uploads\/2023\/06\/01000000-0a00-0242-8ca6-08db3125a223_cx0_cy16_cw90_w408_r1_s.jpg","contentUrl":"https:\/\/www.nettali.com\/wp-content\/uploads\/2023\/06\/01000000-0a00-0242-8ca6-08db3125a223_cx0_cy16_cw90_w408_r1_s.jpg","width":408,"height":230},{"@type":"WebPage","@id":"https:\/\/www.nettali.com\/2023\/06\/17\/blocus-du-domicile-de-sonko-lordre-des-avocats-tape-du-poing-sur-la-table\/#webpage","url":"https:\/\/www.nettali.com\/2023\/06\/17\/blocus-du-domicile-de-sonko-lordre-des-avocats-tape-du-poing-sur-la-table\/","name":"BLOCUS DU DOMICILE DE SONKO - L'Ordre des avocats tape du poing sur la table | Nettali.com","isPartOf":{"@id":"https:\/\/www.nettali.com\/#website"},"primaryImageOfPage":{"@id":"https:\/\/www.nettali.com\/2023\/06\/17\/blocus-du-domicile-de-sonko-lordre-des-avocats-tape-du-poing-sur-la-table\/#primaryimage"},"datePublished":"2023-06-17T23:48:21+00:00","dateModified":"2023-06-19T18:29:26+00:00","author":{"@id":"https:\/\/www.nettali.com\/#\/schema\/person\/7962a12a6e0267f88f0ffa544c36469a"},"breadcrumb":{"@id":"https:\/\/www.nettali.com\/2023\/06\/17\/blocus-du-domicile-de-sonko-lordre-des-avocats-tape-du-poing-sur-la-table\/#breadcrumb"},"inLanguage":"fr-FR","potentialAction":[{"@type":"ReadAction","target":["https:\/\/www.nettali.com\/2023\/06\/17\/blocus-du-domicile-de-sonko-lordre-des-avocats-tape-du-poing-sur-la-table\/"]}]},{"@type":"BreadcrumbList","@id":"https:\/\/www.nettali.com\/2023\/06\/17\/blocus-du-domicile-de-sonko-lordre-des-avocats-tape-du-poing-sur-la-table\/#breadcrumb","itemListElement":[{"@type":"ListItem","position":1,"name":"Accueil","item":"https:\/\/www.nettali.com\/"},{"@type":"ListItem","position":2,"name":"BLOCUS DU DOMICILE DE SONKO - L'Ordre des avocats tape du poing sur la table"}]},{"@type":"Person","@id":"https:\/\/www.nettali.com\/#\/schema\/person\/7962a12a6e0267f88f0ffa544c36469a","name":"Moustapha","image":{"@type":"ImageObject","@id":"https:\/\/www.nettali.com\/#personlogo","inLanguage":"fr-FR","url":"https:\/\/secure.gravatar.com\/avatar\/10fdf6a071cccdcf374e3dbe45159590?s=96&d=mm&r=g","contentUrl":"https:\/\/secure.gravatar.com\/avatar\/10fdf6a071cccdcf374e3dbe45159590?s=96&d=mm&r=g","caption":"Moustapha"},"sameAs":["https:\/\/www.nettali.com"]}]}},"_links":{"self":[{"href":"https:\/\/www.nettali.com\/rest\/wp\/v2\/posts\/112364"}],"collection":[{"href":"https:\/\/www.nettali.com\/rest\/wp\/v2\/posts"}],"about":[{"href":"https:\/\/www.nettali.com\/rest\/wp\/v2\/types\/post"}],"author":[{"embeddable":true,"href":"https:\/\/www.nettali.com\/rest\/wp\/v2\/users\/3"}],"replies":[{"embeddable":true,"href":"https:\/\/www.nettali.com\/rest\/wp\/v2\/comments?post=112364"}],"version-history":[{"count":1,"href":"https:\/\/www.nettali.com\/rest\/wp\/v2\/posts\/112364\/revisions"}],"predecessor-version":[{"id":112365,"href":"https:\/\/www.nettali.com\/rest\/wp\/v2\/posts\/112364\/revisions\/112365"}],"wp:featuredmedia":[{"embeddable":true,"href":"https:\/\/www.nettali.com\/rest\/wp\/v2\/media\/112366"}],"wp:attachment":[{"href":"https:\/\/www.nettali.com\/rest\/wp\/v2\/media?parent=112364"}],"wp:term":[{"taxonomy":"category","embeddable":true,"href":"https:\/\/www.nettali.com\/rest\/wp\/v2\/categories?post=112364"},{"taxonomy":"post_tag","embeddable":true,"href":"https:\/\/www.nettali.com\/rest\/wp\/v2\/tags?post=112364"}],"curies":[{"name":"wp","href":"https:\/\/api.w.org\/{rel}","templated":true}]}}