{"id":112266,"date":"2023-06-17T09:25:10","date_gmt":"2023-06-17T09:25:10","guid":{"rendered":"https:\/\/www.nettali.com\/?p=112266"},"modified":"2023-06-17T09:25:10","modified_gmt":"2023-06-17T09:25:10","slug":"lettre-au-dg-des-impots-et-domaines-le-syndicat-etale-sa-colere","status":"publish","type":"post","link":"https:\/\/www.nettali.com\/2023\/06\/17\/lettre-au-dg-des-impots-et-domaines-le-syndicat-etale-sa-colere\/","title":{"rendered":"LETTRE AU DG DES IMP\u00d4TS ET DOMAINES - Le syndicat \u00e9tale sa col\u00e8re\u00a0"},"content":{"rendered":"<p style=\"font-weight: 400;\"><strong>NETTALI.COM- Le Syndicat autonome des agents des imp\u00f4ts et domaines ( SAID) est tr\u00e8s remont\u00e9 contre leur directeur. Les syndicalistes lui ont adress\u00e9 une lettre ouverte pour l'accuser d'avoir rompu le fil du dialogue. Ils lui en veulent aussi \u00e0 cause de l'arrestation de leur coll\u00e8gue Bassirou Diomaye Faye dans les locaux de la DGID.<\/strong><\/p>\n<p style=\"font-weight: 400;\">Le Syndicat des agents des imp\u00f4ts et domaines (SAID) en plus de la gr\u00e8ve totale d\u00e9cr\u00e9t\u00e9e pour exiger la lib\u00e9ration de Bassirou Diomaye Faye et Cie, a adress\u00e9 une lettre ouverte au Directeur G\u00e9n\u00e9ral des Imp\u00f4ts et Domaines. \u00ab <em>La premi\u00e8re personne qui devait se sentir outr\u00e9e par l\u2019arrestation du coll\u00e8gue Bassirou dans les locaux de la DGID et le comportement irrespectueux des agents de police venus le chercher devrait \u00eatre raisonnablement le Directeur G\u00e9n\u00e9ral. Cette attitude d\u00e9montre \u00e0 suffisance que pour pr\u00e9server notre dignit\u00e9 et sauvegarder le respect d\u00fb \u00e0 l\u2019agent des imp\u00f4ts et domaines, nous devons nous battre nous-m\u00eames. Ceux qui devaient constituer nos remparts semblent se d\u00e9biner<\/em> \u00bb se d\u00e9sole le Bureau ex\u00e9cutif national. Qui rejette les arguments du directeur de la DGID selon lesquels leur\u00a0 mouvement a \u00e9t\u00e9 d\u00e9clench\u00e9 \u00ab <em>subitement<\/em> \u00bb \u00e0 une \u00e9ch\u00e9ance cl\u00e9 pour paralyser l\u2019administration et ralentir la mobilisation des ressources. \u00ab <em>D\u00e9clencher une gr\u00e8ve de mani\u00e8re subite rel\u00e8ve d\u2019une impossibilit\u00e9 mat\u00e9rielle et juridique et le dire, pour une autorit\u00e9 de votre trempe, t\u00e9moigne soit de votre m\u00e9connaissance des r\u00e8gles \u00e9l\u00e9mentaires de l\u2019activit\u00e9 syndicale, soit d\u2019une volont\u00e9 de verser dans la manipulation ou la d\u00e9sinformation, soit d\u2019une mauvaise foi manifeste<\/em> \u00bb retorquent les syndicalistes.\u00a0 Qui poursuivent : <em>l\u2019exigence de respect des d\u00e9lais de pr\u00e9avis \u00e0 observer et la n\u00e9cessit\u00e9 d\u2019entreprendre des d\u00e9marches pour la mobilisation de notre base vous ont donn\u00e9 suffisamment de temps pour asseoir une dynamique de concertation qui pouvait aboutir \u00e0 \u00e9viter cette gr\u00e8ve totale<\/em>.<\/p>\n<p style=\"font-weight: 400;\">Soulignant que le SAID a toujours \u00e9t\u00e9 un syndicat responsable et ouvert au dialogue, le BEN indiquent que la seule rencontre qu\u2019il y a eue entre le BEN et le directeur a \u00e9t\u00e9 \u00e0 leur initiative.<\/p>\n<p style=\"font-weight: 400;\">Par ailleurs, les syndicalistes consid\u00e8rent le communiqu\u00e9 de leur hi\u00e9rarchie comme un aveu d\u2019impuissance. A ce propos, ils ont lanc\u00e9 \u00e0 l'endroit de cette derni\u00e8re : \u00ab <em>Vous semblez n\u2019avoir aucune maitrise de la situation et aucune solution \u00e0 proposer pour satisfaire les revendications l\u00e9gitimes du SAID .Pire, raviver et instrumentaliser un syndicat moribond, dont les membres m\u00eame s\u2019interrogent de son existence actuelle, pour tenter de discr\u00e9diter le mouvement \u00e0 travers des sorties m\u00e9diatiques intempestives d\u2019un leader syndical en perte de vitesse et hors du cadre de la DGID, rel\u00e8ve de strat\u00e9gies moyen\u00e2geuses qu\u2019on croyait r\u00e9volues au sein de notre administration. Commanditer des publi-reportages taill\u00e9s sur mesure dans certaines t\u00e9l\u00e9visions de la place n\u2019a fait que montrer toute votre peine \u00e0 maquiller la r\u00e9alit\u00e9. En rompant le fil du dialogue, en communiquant par presse interpos\u00e9e et en tentant de minimiser les impacts du mouvement d\u2019humeur, vous avez opt\u00e9 publiquement pour une strat\u00e9gie du pourrissement. Nous en prenons acte et nous apporterons les r\u00e9ponses syndicales appropri\u00e9es \u00e0 de tels agissements<\/em> \u00bb.<\/p>\n<p style=\"font-weight: 400;\">Aussi, toujours dans la lettre, le SAID estime qu\u2019il aurait mieux fallu, pour un DG entrant, \u00ab <em>tendre la main \u00e0 toutes les parties prenantes de la DGID d\u00e8s sa nomination que de s\u2019enfermer dans sa tour d\u2019Ivoire attendant que les organisations syndicales demandent des audiences.\u00bb <\/em><\/p>\n<p style=\"font-weight: 400;\"><em>\u00abVous ne l\u2019avez pas fait. Vous entendre reconnaitre, quatre (4) mois apr\u00e8s votre nomination, que vous n\u2019avez re\u00e7u les partenaires sociaux qu\u2019une fois sous leur demande t\u00e9moigne \u00e0 suffisance de l\u2019\u00e9tat d\u2019esprit des autorit\u00e9s de la DGID. L\u2019occasion vous a \u00e9t\u00e9 donn\u00e9e de vous rattraper avec d\u2019abord la survenance de ce mouvement d\u2019humeur puis avec l\u2019\u00e9laboration du document portant cadre de management des services et la formulation des projets et programmes qui devraient guider l\u2019action de la DGID sur les prochaines ann\u00e9es. Vous avez pr\u00e9f\u00e9r\u00e9 ne pas inclure le SAID dans votre d\u00e9marche<\/em> \u00bb, ajoute le SAID.<\/p>\n<div class='share-to-whatsapp-wrapper'><div class='share-on-whsp'>PARTAGER SUR : <\/div><a data-text='LETTRE AU DG DES IMP\u00d4TS ET DOMAINES - Le syndicat \u00e9tale sa col\u00e8re\u00a0' data-link='https:\/\/www.nettali.com\/2023\/06\/17\/lettre-au-dg-des-impots-et-domaines-le-syndicat-etale-sa-colere\/' class='whatsapp-button whatsapp-share'>WhatsApp<\/a><div class='clear '><\/div><\/div>","protected":false},"excerpt":{"rendered":"<p>NETTALI.COM- Le Syndicat autonome des agents des imp\u00f4ts et domaines ( SAID) est tr\u00e8s remont\u00e9 contre leur directeur. Les syndicalistes lui ont adress\u00e9 une lettre ouverte pour l'accuser d'avoir rompu le fil du dialogue. Ils lui en veulent aussi \u00e0 cause de l'arrestation de leur coll\u00e8gue Bassirou Diomaye Faye dans les locaux de la DGID. [&hellip;]<\/p>\n","protected":false},"author":6,"featured_media":112268,"comment_status":"open","ping_status":"open","sticky":false,"template":"","format":"standard","meta":{"_et_pb_use_builder":"","_et_pb_old_content":""},"categories":[3],"tags":[],"yoast_head":"<!-- This site is optimized with the Yoast SEO Premium plugin v17.8 (Yoast SEO v17.8) - https:\/\/yoast.com\/wordpress\/plugins\/seo\/ -->\n<title>LETTRE AU DG DES IMP\u00d4TS ET DOMAINES - Le syndicat \u00e9tale sa col\u00e8re\u00a0 | Nettali.com<\/title>\n<meta name=\"robots\" content=\"index, follow, max-snippet:-1, max-image-preview:large, max-video-preview:-1\" \/>\n<link rel=\"canonical\" href=\"https:\/\/www.nettali.com\/2023\/06\/17\/lettre-au-dg-des-impots-et-domaines-le-syndicat-etale-sa-colere\/\" \/>\n<meta property=\"og:locale\" content=\"fr_FR\" \/>\n<meta property=\"og:type\" content=\"article\" \/>\n<meta property=\"og:title\" content=\"LETTRE AU DG DES IMP\u00d4TS ET DOMAINES - Le syndicat \u00e9tale sa col\u00e8re\u00a0\" \/>\n<meta property=\"og:description\" content=\"NETTALI.COM- Le Syndicat autonome des agents des imp\u00f4ts et domaines ( SAID) est tr\u00e8s remont\u00e9 contre leur directeur. Les syndicalistes lui ont adress\u00e9 une lettre ouverte pour l&#039;accuser d&#039;avoir rompu le fil du dialogue. Ils lui en veulent aussi \u00e0 cause de l&#039;arrestation de leur coll\u00e8gue Bassirou Diomaye Faye dans les locaux de la DGID. [&hellip;]\" \/>\n<meta property=\"og:url\" content=\"https:\/\/www.nettali.com\/2023\/06\/17\/lettre-au-dg-des-impots-et-domaines-le-syndicat-etale-sa-colere\/\" \/>\n<meta property=\"og:site_name\" content=\"Nettali.com\" \/>\n<meta property=\"article:publisher\" content=\"https:\/\/www.facebook.com\/nettalicom\" \/>\n<meta property=\"article:published_time\" content=\"2023-06-17T09:25:10+00:00\" \/>\n<meta property=\"og:image\" content=\"https:\/\/www.nettali.com\/wp-content\/uploads\/2023\/06\/direction-des-impot-et-domaines_1-1.jpg\" \/>\n\t<meta property=\"og:image:width\" content=\"744\" \/>\n\t<meta property=\"og:image:height\" content=\"558\" \/>\n<meta name=\"twitter:card\" content=\"summary_large_image\" \/>\n<meta name=\"twitter:label1\" content=\"\u00c9crit par\" \/>\n\t<meta name=\"twitter:data1\" content=\"Fatou\" \/>\n\t<meta name=\"twitter:label2\" content=\"Dur\u00e9e de lecture estim\u00e9e\" \/>\n\t<meta name=\"twitter:data2\" content=\"4 minutes\" \/>\n<script type=\"application\/ld+json\" class=\"yoast-schema-graph\">{\"@context\":\"https:\/\/schema.org\",\"@graph\":[{\"@type\":\"WebSite\",\"@id\":\"https:\/\/www.nettali.com\/#website\",\"url\":\"https:\/\/www.nettali.com\/\",\"name\":\"Nettali.com\",\"description\":\"Le rendez-vous critique du Net\",\"potentialAction\":[{\"@type\":\"SearchAction\",\"target\":{\"@type\":\"EntryPoint\",\"urlTemplate\":\"https:\/\/www.nettali.com\/?s={search_term_string}\"},\"query-input\":\"required name=search_term_string\"}],\"inLanguage\":\"fr-FR\"},{\"@type\":\"ImageObject\",\"@id\":\"https:\/\/www.nettali.com\/2023\/06\/17\/lettre-au-dg-des-impots-et-domaines-le-syndicat-etale-sa-colere\/#primaryimage\",\"inLanguage\":\"fr-FR\",\"url\":\"https:\/\/www.nettali.com\/wp-content\/uploads\/2023\/06\/direction-des-impot-et-domaines_1-1.jpg\",\"contentUrl\":\"https:\/\/www.nettali.com\/wp-content\/uploads\/2023\/06\/direction-des-impot-et-domaines_1-1.jpg\",\"width\":744,\"height\":558},{\"@type\":\"WebPage\",\"@id\":\"https:\/\/www.nettali.com\/2023\/06\/17\/lettre-au-dg-des-impots-et-domaines-le-syndicat-etale-sa-colere\/#webpage\",\"url\":\"https:\/\/www.nettali.com\/2023\/06\/17\/lettre-au-dg-des-impots-et-domaines-le-syndicat-etale-sa-colere\/\",\"name\":\"LETTRE AU DG DES IMP\\u00d4TS ET DOMAINES - Le syndicat \\u00e9tale sa col\\u00e8re\\u00a0 | Nettali.com\",\"isPartOf\":{\"@id\":\"https:\/\/www.nettali.com\/#website\"},\"primaryImageOfPage\":{\"@id\":\"https:\/\/www.nettali.com\/2023\/06\/17\/lettre-au-dg-des-impots-et-domaines-le-syndicat-etale-sa-colere\/#primaryimage\"},\"datePublished\":\"2023-06-17T09:25:10+00:00\",\"dateModified\":\"2023-06-17T09:25:10+00:00\",\"author\":{\"@id\":\"https:\/\/www.nettali.com\/#\/schema\/person\/418274a86bdf87caff7a3ef476bd0bbf\"},\"breadcrumb\":{\"@id\":\"https:\/\/www.nettali.com\/2023\/06\/17\/lettre-au-dg-des-impots-et-domaines-le-syndicat-etale-sa-colere\/#breadcrumb\"},\"inLanguage\":\"fr-FR\",\"potentialAction\":[{\"@type\":\"ReadAction\",\"target\":[\"https:\/\/www.nettali.com\/2023\/06\/17\/lettre-au-dg-des-impots-et-domaines-le-syndicat-etale-sa-colere\/\"]}]},{\"@type\":\"BreadcrumbList\",\"@id\":\"https:\/\/www.nettali.com\/2023\/06\/17\/lettre-au-dg-des-impots-et-domaines-le-syndicat-etale-sa-colere\/#breadcrumb\",\"itemListElement\":[{\"@type\":\"ListItem\",\"position\":1,\"name\":\"Accueil\",\"item\":\"https:\/\/www.nettali.com\/\"},{\"@type\":\"ListItem\",\"position\":2,\"name\":\"LETTRE AU DG DES IMP\\u00d4TS ET DOMAINES - Le syndicat \\u00e9tale sa col\\u00e8re\\u00a0\"}]},{\"@type\":\"Person\",\"@id\":\"https:\/\/www.nettali.com\/#\/schema\/person\/418274a86bdf87caff7a3ef476bd0bbf\",\"name\":\"Fatou\",\"image\":{\"@type\":\"ImageObject\",\"@id\":\"https:\/\/www.nettali.com\/#personlogo\",\"inLanguage\":\"fr-FR\",\"url\":\"https:\/\/secure.gravatar.com\/avatar\/5a9442a2bee7b4dcf167cab035858e9a?s=96&d=mm&r=g\",\"contentUrl\":\"https:\/\/secure.gravatar.com\/avatar\/5a9442a2bee7b4dcf167cab035858e9a?s=96&d=mm&r=g\",\"caption\":\"Fatou\"},\"sameAs\":[\"https:\/\/www.nettali.com\"]}]}<\/script>\n<!-- \/ Yoast SEO Premium plugin. -->","yoast_head_json":{"title":"LETTRE AU DG DES IMP\u00d4TS ET DOMAINES - Le syndicat \u00e9tale sa col\u00e8re\u00a0 | Nettali.com","robots":{"index":"index","follow":"follow","max-snippet":"max-snippet:-1","max-image-preview":"max-image-preview:large","max-video-preview":"max-video-preview:-1"},"canonical":"https:\/\/www.nettali.com\/2023\/06\/17\/lettre-au-dg-des-impots-et-domaines-le-syndicat-etale-sa-colere\/","og_locale":"fr_FR","og_type":"article","og_title":"LETTRE AU DG DES IMP\u00d4TS ET DOMAINES - Le syndicat \u00e9tale sa col\u00e8re\u00a0","og_description":"NETTALI.COM- Le Syndicat autonome des agents des imp\u00f4ts et domaines ( SAID) est tr\u00e8s remont\u00e9 contre leur directeur. Les syndicalistes lui ont adress\u00e9 une lettre ouverte pour l'accuser d'avoir rompu le fil du dialogue. Ils lui en veulent aussi \u00e0 cause de l'arrestation de leur coll\u00e8gue Bassirou Diomaye Faye dans les locaux de la DGID. [&hellip;]","og_url":"https:\/\/www.nettali.com\/2023\/06\/17\/lettre-au-dg-des-impots-et-domaines-le-syndicat-etale-sa-colere\/","og_site_name":"Nettali.com","article_publisher":"https:\/\/www.facebook.com\/nettalicom","article_published_time":"2023-06-17T09:25:10+00:00","og_image":[{"width":744,"height":558,"url":"https:\/\/www.nettali.com\/wp-content\/uploads\/2023\/06\/direction-des-impot-et-domaines_1-1.jpg","type":"image\/jpeg"}],"twitter_card":"summary_large_image","twitter_misc":{"\u00c9crit par":"Fatou","Dur\u00e9e de lecture estim\u00e9e":"4 minutes"},"schema":{"@context":"https:\/\/schema.org","@graph":[{"@type":"WebSite","@id":"https:\/\/www.nettali.com\/#website","url":"https:\/\/www.nettali.com\/","name":"Nettali.com","description":"Le rendez-vous critique du Net","potentialAction":[{"@type":"SearchAction","target":{"@type":"EntryPoint","urlTemplate":"https:\/\/www.nettali.com\/?s={search_term_string}"},"query-input":"required name=search_term_string"}],"inLanguage":"fr-FR"},{"@type":"ImageObject","@id":"https:\/\/www.nettali.com\/2023\/06\/17\/lettre-au-dg-des-impots-et-domaines-le-syndicat-etale-sa-colere\/#primaryimage","inLanguage":"fr-FR","url":"https:\/\/www.nettali.com\/wp-content\/uploads\/2023\/06\/direction-des-impot-et-domaines_1-1.jpg","contentUrl":"https:\/\/www.nettali.com\/wp-content\/uploads\/2023\/06\/direction-des-impot-et-domaines_1-1.jpg","width":744,"height":558},{"@type":"WebPage","@id":"https:\/\/www.nettali.com\/2023\/06\/17\/lettre-au-dg-des-impots-et-domaines-le-syndicat-etale-sa-colere\/#webpage","url":"https:\/\/www.nettali.com\/2023\/06\/17\/lettre-au-dg-des-impots-et-domaines-le-syndicat-etale-sa-colere\/","name":"LETTRE AU DG DES IMP\u00d4TS ET DOMAINES - Le syndicat \u00e9tale sa col\u00e8re\u00a0 | Nettali.com","isPartOf":{"@id":"https:\/\/www.nettali.com\/#website"},"primaryImageOfPage":{"@id":"https:\/\/www.nettali.com\/2023\/06\/17\/lettre-au-dg-des-impots-et-domaines-le-syndicat-etale-sa-colere\/#primaryimage"},"datePublished":"2023-06-17T09:25:10+00:00","dateModified":"2023-06-17T09:25:10+00:00","author":{"@id":"https:\/\/www.nettali.com\/#\/schema\/person\/418274a86bdf87caff7a3ef476bd0bbf"},"breadcrumb":{"@id":"https:\/\/www.nettali.com\/2023\/06\/17\/lettre-au-dg-des-impots-et-domaines-le-syndicat-etale-sa-colere\/#breadcrumb"},"inLanguage":"fr-FR","potentialAction":[{"@type":"ReadAction","target":["https:\/\/www.nettali.com\/2023\/06\/17\/lettre-au-dg-des-impots-et-domaines-le-syndicat-etale-sa-colere\/"]}]},{"@type":"BreadcrumbList","@id":"https:\/\/www.nettali.com\/2023\/06\/17\/lettre-au-dg-des-impots-et-domaines-le-syndicat-etale-sa-colere\/#breadcrumb","itemListElement":[{"@type":"ListItem","position":1,"name":"Accueil","item":"https:\/\/www.nettali.com\/"},{"@type":"ListItem","position":2,"name":"LETTRE AU DG DES IMP\u00d4TS ET DOMAINES - Le syndicat \u00e9tale sa col\u00e8re\u00a0"}]},{"@type":"Person","@id":"https:\/\/www.nettali.com\/#\/schema\/person\/418274a86bdf87caff7a3ef476bd0bbf","name":"Fatou","image":{"@type":"ImageObject","@id":"https:\/\/www.nettali.com\/#personlogo","inLanguage":"fr-FR","url":"https:\/\/secure.gravatar.com\/avatar\/5a9442a2bee7b4dcf167cab035858e9a?s=96&d=mm&r=g","contentUrl":"https:\/\/secure.gravatar.com\/avatar\/5a9442a2bee7b4dcf167cab035858e9a?s=96&d=mm&r=g","caption":"Fatou"},"sameAs":["https:\/\/www.nettali.com"]}]}},"_links":{"self":[{"href":"https:\/\/www.nettali.com\/rest\/wp\/v2\/posts\/112266"}],"collection":[{"href":"https:\/\/www.nettali.com\/rest\/wp\/v2\/posts"}],"about":[{"href":"https:\/\/www.nettali.com\/rest\/wp\/v2\/types\/post"}],"author":[{"embeddable":true,"href":"https:\/\/www.nettali.com\/rest\/wp\/v2\/users\/6"}],"replies":[{"embeddable":true,"href":"https:\/\/www.nettali.com\/rest\/wp\/v2\/comments?post=112266"}],"version-history":[{"count":4,"href":"https:\/\/www.nettali.com\/rest\/wp\/v2\/posts\/112266\/revisions"}],"predecessor-version":[{"id":112291,"href":"https:\/\/www.nettali.com\/rest\/wp\/v2\/posts\/112266\/revisions\/112291"}],"wp:featuredmedia":[{"embeddable":true,"href":"https:\/\/www.nettali.com\/rest\/wp\/v2\/media\/112268"}],"wp:attachment":[{"href":"https:\/\/www.nettali.com\/rest\/wp\/v2\/media?parent=112266"}],"wp:term":[{"taxonomy":"category","embeddable":true,"href":"https:\/\/www.nettali.com\/rest\/wp\/v2\/categories?post=112266"},{"taxonomy":"post_tag","embeddable":true,"href":"https:\/\/www.nettali.com\/rest\/wp\/v2\/tags?post=112266"}],"curies":[{"name":"wp","href":"https:\/\/api.w.org\/{rel}","templated":true}]}}