{"id":112189,"date":"2023-06-15T20:16:55","date_gmt":"2023-06-15T20:16:55","guid":{"rendered":"https:\/\/www.nettali.com\/?p=112189"},"modified":"2023-06-16T20:13:40","modified_gmt":"2023-06-16T20:13:40","slug":"ismaila-madior-fall-pourquoi-ousmane-sonko-nest-toujours-pas-arrete","status":"publish","type":"post","link":"https:\/\/www.nettali.com\/2023\/06\/15\/ismaila-madior-fall-pourquoi-ousmane-sonko-nest-toujours-pas-arrete\/","title":{"rendered":"ISMAILA MADIOR FALL - \"Pourquoi Ousmane Sonko n'est toujours pas arr\u00eat\u00e9\""},"content":{"rendered":"<p><strong>NETTALI.COM - Apr\u00e8s sa condamnation \u00e0 deux ans de prison ferme pour corruption de la jeunesse dans l\u2019affaire de viol qui l\u2019opposait \u00e0 la masseuse Adji Raby Sarr, Ousmane Sonko est toujours chez lui \u00e0 la Cit\u00e9 Keur Gorgui.<\/strong><\/p>\n<p>Quinze jours apr\u00e8s cette condamnation, le leader du parti Pastef-les patriotes est \"<em>assign\u00e9 \u00e0 r\u00e9sidence surveill\u00e9e<\/em>\", et beaucoup de S\u00e9n\u00e9galais se demandent pourquoi il n\u2019est toujours pas envoy\u00e9 en prison pour purger sa peine comme tout justiciable.<\/p>\n<p>Ayant pris part \u00e0 la conf\u00e9rence de presse du gouvernement de ce jeudi 15 juin sur l\u2019actualit\u00e9 nationale, le ministre de la Justice, garde des sceaux a apport\u00e9 des points d\u2019\u00e9claircissement sur cette question qui pr\u00e9occupe plus d\u2019un.<\/p>\n<p>\"<em>Pourquoi Monsieur Ousmane Sonko n\u2019est pas encore arr\u00eat\u00e9 ? Cette question est revenue deux fois. Premier \u00e9l\u00e9ment de r\u00e9ponse : il faut que la d\u00e9cision lui soit notifi\u00e9e. La d\u00e9cision est en cours de r\u00e9daction par le juge. Il ne nous appartient pas de dire au juge, allez faites vite pour votre d\u00e9cision. Non, c\u2019est la justice qui fonctionne ainsi. Elle est ind\u00e9pendante. Elle fonctionne \u00e0 son rythme. Donc, il faut que la d\u00e9cision soit disponible\".<\/em><\/p>\n<p><em>Selon lui, lorsque la d\u00e9cision sera disponible, il faut qu\u2019elle lui soit notifi\u00e9e. \"Une fois que la d\u00e9cision lui est notifi\u00e9e, deuxi\u00e8me \u00e9tape, lui-m\u00eame le condamn\u00e9 peut se constituer prisonnier ou alors le parquet qui a la charge d\u2019ex\u00e9cuter la d\u00e9cision de justice peut aller l\u2019arr\u00eater et l\u2019amener en prison pour ex\u00e9cuter la d\u00e9cision de justice. Donc deux possibilit\u00e9s : lui-m\u00eame se constitue prisonnier, ou alors le parquet ex\u00e9cute la d\u00e9cision de justice et va aller le prendre pour l\u2019amener en prison\", \u00e9claire-t-il.<\/em><\/p>\n<p><em>Le ministre de la Justice renseigne qu'une fois que lui-m\u00eame se constitue prisonnier ou que le parquet aille le qu\u00e9rir pour le mettre en prison, Ousmane Sonko a dix jours pour acquiescer \u00e0 la condamnation, 10 jours pour dire je suis d\u2019accord avec la condamnation ou alors contester la d\u00e9cision.<\/em><\/p>\n<p><em>Auquel cas, il peut \u00eatre rejug\u00e9 par la m\u00eame juridiction, voire la m\u00eame composition, autrement dit les m\u00eames gens qui l\u2019avaient jug\u00e9, les m\u00eames magistrats, tout comme des magistrats de la m\u00eame juridiction peuvent le rejuger. Ce sera une sorte d\u2019opposition, ce ne sera pas l\u2019Appel (\u00e0 la Cour d\u2019appel), ce sera la m\u00eame juridiction qui le rejuge parce que s\u2019il se constitue prisonnier ou lorsque la peine est ex\u00e9cut\u00e9e et qu\u2019il dit que \"je ne suis pas d\u2019accord\", la d\u00e9cision de contumace tombe et lorsque celle-ci tombe, il est rejug\u00e9 et lorsqu\u2019il est rejug\u00e9, il peut y avoir une confirmation du premier jugement ou une infirmation de ce premier jugement<\/em>\",\u00a0a pr\u00e9cis\u00e9 le ministre de la Justice sur cette question qui taraude aujourd\u2019hui beaucoup de S\u00e9n\u00e9galais.<\/p>\n<div class='share-to-whatsapp-wrapper'><div class='share-on-whsp'>PARTAGER SUR : <\/div><a data-text='ISMAILA MADIOR FALL - \"Pourquoi Ousmane Sonko n'est toujours pas arr\u00eat\u00e9\"' data-link='https:\/\/www.nettali.com\/2023\/06\/15\/ismaila-madior-fall-pourquoi-ousmane-sonko-nest-toujours-pas-arrete\/' class='whatsapp-button whatsapp-share'>WhatsApp<\/a><div class='clear '><\/div><\/div>","protected":false},"excerpt":{"rendered":"<p>NETTALI.COM - Apr\u00e8s sa condamnation \u00e0 deux ans de prison ferme pour corruption de la jeunesse dans l\u2019affaire de viol qui l\u2019opposait \u00e0 la masseuse Adji Raby Sarr, Ousmane Sonko est toujours chez lui \u00e0 la Cit\u00e9 Keur Gorgui. Quinze jours apr\u00e8s cette condamnation, le leader du parti Pastef-les patriotes est \"assign\u00e9 \u00e0 r\u00e9sidence surveill\u00e9e\", [&hellip;]<\/p>\n","protected":false},"author":5,"featured_media":112190,"comment_status":"open","ping_status":"open","sticky":false,"template":"","format":"standard","meta":{"_et_pb_use_builder":"","_et_pb_old_content":""},"categories":[3],"tags":[],"yoast_head":"<!-- This site is optimized with the Yoast SEO Premium plugin v17.8 (Yoast SEO v17.8) - https:\/\/yoast.com\/wordpress\/plugins\/seo\/ -->\n<title>ISMAILA MADIOR FALL - &quot;Pourquoi Ousmane Sonko n&#039;est toujours pas arr\u00eat\u00e9&quot; | Nettali.com<\/title>\n<meta name=\"robots\" content=\"index, follow, max-snippet:-1, max-image-preview:large, max-video-preview:-1\" \/>\n<link rel=\"canonical\" href=\"https:\/\/www.nettali.com\/2023\/06\/15\/ismaila-madior-fall-pourquoi-ousmane-sonko-nest-toujours-pas-arrete\/\" \/>\n<meta property=\"og:locale\" content=\"fr_FR\" \/>\n<meta property=\"og:type\" content=\"article\" \/>\n<meta property=\"og:title\" content=\"ISMAILA MADIOR FALL - &quot;Pourquoi Ousmane Sonko n&#039;est toujours pas arr\u00eat\u00e9&quot;\" \/>\n<meta property=\"og:description\" content=\"NETTALI.COM - Apr\u00e8s sa condamnation \u00e0 deux ans de prison ferme pour corruption de la jeunesse dans l\u2019affaire de viol qui l\u2019opposait \u00e0 la masseuse Adji Raby Sarr, Ousmane Sonko est toujours chez lui \u00e0 la Cit\u00e9 Keur Gorgui. Quinze jours apr\u00e8s cette condamnation, le leader du parti Pastef-les patriotes est &quot;assign\u00e9 \u00e0 r\u00e9sidence surveill\u00e9e&quot;, [&hellip;]\" \/>\n<meta property=\"og:url\" content=\"https:\/\/www.nettali.com\/2023\/06\/15\/ismaila-madior-fall-pourquoi-ousmane-sonko-nest-toujours-pas-arrete\/\" \/>\n<meta property=\"og:site_name\" content=\"Nettali.com\" \/>\n<meta property=\"article:publisher\" content=\"https:\/\/www.facebook.com\/nettalicom\" \/>\n<meta property=\"article:published_time\" content=\"2023-06-15T20:16:55+00:00\" \/>\n<meta property=\"article:modified_time\" content=\"2023-06-16T20:13:40+00:00\" \/>\n<meta property=\"og:image\" content=\"https:\/\/www.nettali.com\/wp-content\/uploads\/2023\/06\/Ismaila-Madior-Fall-Ousmane-Sonko-peut-etre-arrete-a-tout-moment.jpg\" \/>\n\t<meta property=\"og:image:width\" content=\"664\" \/>\n\t<meta property=\"og:image:height\" content=\"372\" \/>\n<meta name=\"twitter:card\" content=\"summary_large_image\" \/>\n<meta name=\"twitter:label1\" content=\"\u00c9crit par\" \/>\n\t<meta name=\"twitter:data1\" content=\"Ibrahima\" \/>\n\t<meta name=\"twitter:label2\" content=\"Dur\u00e9e de lecture estim\u00e9e\" \/>\n\t<meta name=\"twitter:data2\" content=\"3 minutes\" \/>\n<script type=\"application\/ld+json\" class=\"yoast-schema-graph\">{\"@context\":\"https:\/\/schema.org\",\"@graph\":[{\"@type\":\"WebSite\",\"@id\":\"https:\/\/www.nettali.com\/#website\",\"url\":\"https:\/\/www.nettali.com\/\",\"name\":\"Nettali.com\",\"description\":\"Le rendez-vous critique du Net\",\"potentialAction\":[{\"@type\":\"SearchAction\",\"target\":{\"@type\":\"EntryPoint\",\"urlTemplate\":\"https:\/\/www.nettali.com\/?s={search_term_string}\"},\"query-input\":\"required name=search_term_string\"}],\"inLanguage\":\"fr-FR\"},{\"@type\":\"ImageObject\",\"@id\":\"https:\/\/www.nettali.com\/2023\/06\/15\/ismaila-madior-fall-pourquoi-ousmane-sonko-nest-toujours-pas-arrete\/#primaryimage\",\"inLanguage\":\"fr-FR\",\"url\":\"https:\/\/www.nettali.com\/wp-content\/uploads\/2023\/06\/Ismaila-Madior-Fall-Ousmane-Sonko-peut-etre-arrete-a-tout-moment.jpg\",\"contentUrl\":\"https:\/\/www.nettali.com\/wp-content\/uploads\/2023\/06\/Ismaila-Madior-Fall-Ousmane-Sonko-peut-etre-arrete-a-tout-moment.jpg\",\"width\":664,\"height\":372},{\"@type\":\"WebPage\",\"@id\":\"https:\/\/www.nettali.com\/2023\/06\/15\/ismaila-madior-fall-pourquoi-ousmane-sonko-nest-toujours-pas-arrete\/#webpage\",\"url\":\"https:\/\/www.nettali.com\/2023\/06\/15\/ismaila-madior-fall-pourquoi-ousmane-sonko-nest-toujours-pas-arrete\/\",\"name\":\"ISMAILA MADIOR FALL - \\\"Pourquoi Ousmane Sonko n'est toujours pas arr\\u00eat\\u00e9\\\" | Nettali.com\",\"isPartOf\":{\"@id\":\"https:\/\/www.nettali.com\/#website\"},\"primaryImageOfPage\":{\"@id\":\"https:\/\/www.nettali.com\/2023\/06\/15\/ismaila-madior-fall-pourquoi-ousmane-sonko-nest-toujours-pas-arrete\/#primaryimage\"},\"datePublished\":\"2023-06-15T20:16:55+00:00\",\"dateModified\":\"2023-06-16T20:13:40+00:00\",\"author\":{\"@id\":\"https:\/\/www.nettali.com\/#\/schema\/person\/bb147657c2986240405a608162b9bb23\"},\"breadcrumb\":{\"@id\":\"https:\/\/www.nettali.com\/2023\/06\/15\/ismaila-madior-fall-pourquoi-ousmane-sonko-nest-toujours-pas-arrete\/#breadcrumb\"},\"inLanguage\":\"fr-FR\",\"potentialAction\":[{\"@type\":\"ReadAction\",\"target\":[\"https:\/\/www.nettali.com\/2023\/06\/15\/ismaila-madior-fall-pourquoi-ousmane-sonko-nest-toujours-pas-arrete\/\"]}]},{\"@type\":\"BreadcrumbList\",\"@id\":\"https:\/\/www.nettali.com\/2023\/06\/15\/ismaila-madior-fall-pourquoi-ousmane-sonko-nest-toujours-pas-arrete\/#breadcrumb\",\"itemListElement\":[{\"@type\":\"ListItem\",\"position\":1,\"name\":\"Accueil\",\"item\":\"https:\/\/www.nettali.com\/\"},{\"@type\":\"ListItem\",\"position\":2,\"name\":\"ISMAILA MADIOR FALL - \\\"Pourquoi Ousmane Sonko n'est toujours pas arr\\u00eat\\u00e9\\\"\"}]},{\"@type\":\"Person\",\"@id\":\"https:\/\/www.nettali.com\/#\/schema\/person\/bb147657c2986240405a608162b9bb23\",\"name\":\"Ibrahima\",\"image\":{\"@type\":\"ImageObject\",\"@id\":\"https:\/\/www.nettali.com\/#personlogo\",\"inLanguage\":\"fr-FR\",\"url\":\"https:\/\/secure.gravatar.com\/avatar\/26a8a81f09f0dd7624c9d5c36c9ba3a2?s=96&d=mm&r=g\",\"contentUrl\":\"https:\/\/secure.gravatar.com\/avatar\/26a8a81f09f0dd7624c9d5c36c9ba3a2?s=96&d=mm&r=g\",\"caption\":\"Ibrahima\"},\"sameAs\":[\"https:\/\/www.nettali.com\"]}]}<\/script>\n<!-- \/ Yoast SEO Premium plugin. -->","yoast_head_json":{"title":"ISMAILA MADIOR FALL - \"Pourquoi Ousmane Sonko n'est toujours pas arr\u00eat\u00e9\" | Nettali.com","robots":{"index":"index","follow":"follow","max-snippet":"max-snippet:-1","max-image-preview":"max-image-preview:large","max-video-preview":"max-video-preview:-1"},"canonical":"https:\/\/www.nettali.com\/2023\/06\/15\/ismaila-madior-fall-pourquoi-ousmane-sonko-nest-toujours-pas-arrete\/","og_locale":"fr_FR","og_type":"article","og_title":"ISMAILA MADIOR FALL - \"Pourquoi Ousmane Sonko n'est toujours pas arr\u00eat\u00e9\"","og_description":"NETTALI.COM - Apr\u00e8s sa condamnation \u00e0 deux ans de prison ferme pour corruption de la jeunesse dans l\u2019affaire de viol qui l\u2019opposait \u00e0 la masseuse Adji Raby Sarr, Ousmane Sonko est toujours chez lui \u00e0 la Cit\u00e9 Keur Gorgui. Quinze jours apr\u00e8s cette condamnation, le leader du parti Pastef-les patriotes est \"assign\u00e9 \u00e0 r\u00e9sidence surveill\u00e9e\", [&hellip;]","og_url":"https:\/\/www.nettali.com\/2023\/06\/15\/ismaila-madior-fall-pourquoi-ousmane-sonko-nest-toujours-pas-arrete\/","og_site_name":"Nettali.com","article_publisher":"https:\/\/www.facebook.com\/nettalicom","article_published_time":"2023-06-15T20:16:55+00:00","article_modified_time":"2023-06-16T20:13:40+00:00","og_image":[{"width":664,"height":372,"url":"https:\/\/www.nettali.com\/wp-content\/uploads\/2023\/06\/Ismaila-Madior-Fall-Ousmane-Sonko-peut-etre-arrete-a-tout-moment.jpg","type":"image\/jpeg"}],"twitter_card":"summary_large_image","twitter_misc":{"\u00c9crit par":"Ibrahima","Dur\u00e9e de lecture estim\u00e9e":"3 minutes"},"schema":{"@context":"https:\/\/schema.org","@graph":[{"@type":"WebSite","@id":"https:\/\/www.nettali.com\/#website","url":"https:\/\/www.nettali.com\/","name":"Nettali.com","description":"Le rendez-vous critique du Net","potentialAction":[{"@type":"SearchAction","target":{"@type":"EntryPoint","urlTemplate":"https:\/\/www.nettali.com\/?s={search_term_string}"},"query-input":"required name=search_term_string"}],"inLanguage":"fr-FR"},{"@type":"ImageObject","@id":"https:\/\/www.nettali.com\/2023\/06\/15\/ismaila-madior-fall-pourquoi-ousmane-sonko-nest-toujours-pas-arrete\/#primaryimage","inLanguage":"fr-FR","url":"https:\/\/www.nettali.com\/wp-content\/uploads\/2023\/06\/Ismaila-Madior-Fall-Ousmane-Sonko-peut-etre-arrete-a-tout-moment.jpg","contentUrl":"https:\/\/www.nettali.com\/wp-content\/uploads\/2023\/06\/Ismaila-Madior-Fall-Ousmane-Sonko-peut-etre-arrete-a-tout-moment.jpg","width":664,"height":372},{"@type":"WebPage","@id":"https:\/\/www.nettali.com\/2023\/06\/15\/ismaila-madior-fall-pourquoi-ousmane-sonko-nest-toujours-pas-arrete\/#webpage","url":"https:\/\/www.nettali.com\/2023\/06\/15\/ismaila-madior-fall-pourquoi-ousmane-sonko-nest-toujours-pas-arrete\/","name":"ISMAILA MADIOR FALL - \"Pourquoi Ousmane Sonko n'est toujours pas arr\u00eat\u00e9\" | Nettali.com","isPartOf":{"@id":"https:\/\/www.nettali.com\/#website"},"primaryImageOfPage":{"@id":"https:\/\/www.nettali.com\/2023\/06\/15\/ismaila-madior-fall-pourquoi-ousmane-sonko-nest-toujours-pas-arrete\/#primaryimage"},"datePublished":"2023-06-15T20:16:55+00:00","dateModified":"2023-06-16T20:13:40+00:00","author":{"@id":"https:\/\/www.nettali.com\/#\/schema\/person\/bb147657c2986240405a608162b9bb23"},"breadcrumb":{"@id":"https:\/\/www.nettali.com\/2023\/06\/15\/ismaila-madior-fall-pourquoi-ousmane-sonko-nest-toujours-pas-arrete\/#breadcrumb"},"inLanguage":"fr-FR","potentialAction":[{"@type":"ReadAction","target":["https:\/\/www.nettali.com\/2023\/06\/15\/ismaila-madior-fall-pourquoi-ousmane-sonko-nest-toujours-pas-arrete\/"]}]},{"@type":"BreadcrumbList","@id":"https:\/\/www.nettali.com\/2023\/06\/15\/ismaila-madior-fall-pourquoi-ousmane-sonko-nest-toujours-pas-arrete\/#breadcrumb","itemListElement":[{"@type":"ListItem","position":1,"name":"Accueil","item":"https:\/\/www.nettali.com\/"},{"@type":"ListItem","position":2,"name":"ISMAILA MADIOR FALL - \"Pourquoi Ousmane Sonko n'est toujours pas arr\u00eat\u00e9\""}]},{"@type":"Person","@id":"https:\/\/www.nettali.com\/#\/schema\/person\/bb147657c2986240405a608162b9bb23","name":"Ibrahima","image":{"@type":"ImageObject","@id":"https:\/\/www.nettali.com\/#personlogo","inLanguage":"fr-FR","url":"https:\/\/secure.gravatar.com\/avatar\/26a8a81f09f0dd7624c9d5c36c9ba3a2?s=96&d=mm&r=g","contentUrl":"https:\/\/secure.gravatar.com\/avatar\/26a8a81f09f0dd7624c9d5c36c9ba3a2?s=96&d=mm&r=g","caption":"Ibrahima"},"sameAs":["https:\/\/www.nettali.com"]}]}},"_links":{"self":[{"href":"https:\/\/www.nettali.com\/rest\/wp\/v2\/posts\/112189"}],"collection":[{"href":"https:\/\/www.nettali.com\/rest\/wp\/v2\/posts"}],"about":[{"href":"https:\/\/www.nettali.com\/rest\/wp\/v2\/types\/post"}],"author":[{"embeddable":true,"href":"https:\/\/www.nettali.com\/rest\/wp\/v2\/users\/5"}],"replies":[{"embeddable":true,"href":"https:\/\/www.nettali.com\/rest\/wp\/v2\/comments?post=112189"}],"version-history":[{"count":6,"href":"https:\/\/www.nettali.com\/rest\/wp\/v2\/posts\/112189\/revisions"}],"predecessor-version":[{"id":112245,"href":"https:\/\/www.nettali.com\/rest\/wp\/v2\/posts\/112189\/revisions\/112245"}],"wp:featuredmedia":[{"embeddable":true,"href":"https:\/\/www.nettali.com\/rest\/wp\/v2\/media\/112190"}],"wp:attachment":[{"href":"https:\/\/www.nettali.com\/rest\/wp\/v2\/media?parent=112189"}],"wp:term":[{"taxonomy":"category","embeddable":true,"href":"https:\/\/www.nettali.com\/rest\/wp\/v2\/categories?post=112189"},{"taxonomy":"post_tag","embeddable":true,"href":"https:\/\/www.nettali.com\/rest\/wp\/v2\/tags?post=112189"}],"curies":[{"name":"wp","href":"https:\/\/api.w.org\/{rel}","templated":true}]}}