{"id":112170,"date":"2023-06-15T16:21:07","date_gmt":"2023-06-15T16:21:07","guid":{"rendered":"https:\/\/www.nettali.com\/?p=112170"},"modified":"2023-06-15T16:21:07","modified_gmt":"2023-06-15T16:21:07","slug":"en-coulisses-le-chef-de-protocole-dousmane-sonko-econduit","status":"publish","type":"post","link":"https:\/\/www.nettali.com\/2023\/06\/15\/en-coulisses-le-chef-de-protocole-dousmane-sonko-econduit\/","title":{"rendered":"EN COULISSES - Le chef de protocole d'Ousmane Sonko \u00e9conduit"},"content":{"rendered":"<p>NETTALI.COM - L'information vient du porte-parole de Pastef. Sur sa page Facebook, El Malick Ndiaye renseigne que \u00able chef de protocole, Djiby Gu\u00e8ye Ndiaye, qui s\u2019occupait des courses et du ravitaillement de la famille, est d\u00e9sormais interdit d\u2019acc\u00e8s au domicile du pr\u00e9sident Ousmane Sonko depuis ce matin (ce jeudi)\u00bb.<\/p>\n<p>Pour rappel, le leader du Pastef est en \u00abr\u00e9sidence surveill\u00e9e\u00bb et est coup\u00e9 du monde ext\u00e9rieur depuis son retour de Ziguinchor.<\/p>\n<div class='share-to-whatsapp-wrapper'><div class='share-on-whsp'>PARTAGER SUR : <\/div><a data-text='EN COULISSES - Le chef de protocole d'Ousmane Sonko \u00e9conduit' data-link='https:\/\/www.nettali.com\/2023\/06\/15\/en-coulisses-le-chef-de-protocole-dousmane-sonko-econduit\/' class='whatsapp-button whatsapp-share'>WhatsApp<\/a><div class='clear '><\/div><\/div>","protected":false},"excerpt":{"rendered":"<p>NETTALI.COM - L'information vient du porte-parole de Pastef. Sur sa page Facebook, El Malick Ndiaye renseigne que \u00able chef de protocole, Djiby Gu\u00e8ye Ndiaye, qui s\u2019occupait des courses et du ravitaillement de la famille, est d\u00e9sormais interdit d\u2019acc\u00e8s au domicile du pr\u00e9sident Ousmane Sonko depuis ce matin (ce jeudi)\u00bb. Pour rappel, le leader du Pastef [&hellip;]<\/p>\n","protected":false},"author":4,"featured_media":112171,"comment_status":"open","ping_status":"open","sticky":false,"template":"","format":"standard","meta":{"_et_pb_use_builder":"","_et_pb_old_content":""},"categories":[34945],"tags":[],"yoast_head":"<!-- This site is optimized with the Yoast SEO Premium plugin v17.8 (Yoast SEO v17.8) - https:\/\/yoast.com\/wordpress\/plugins\/seo\/ -->\n<title>EN COULISSES - Le chef de protocole d&#039;Ousmane Sonko \u00e9conduit | Nettali.com<\/title>\n<meta name=\"robots\" content=\"index, follow, max-snippet:-1, max-image-preview:large, max-video-preview:-1\" \/>\n<link rel=\"canonical\" href=\"https:\/\/www.nettali.com\/2023\/06\/15\/en-coulisses-le-chef-de-protocole-dousmane-sonko-econduit\/\" \/>\n<meta property=\"og:locale\" content=\"fr_FR\" \/>\n<meta property=\"og:type\" content=\"article\" \/>\n<meta property=\"og:title\" content=\"EN COULISSES - Le chef de protocole d&#039;Ousmane Sonko \u00e9conduit\" \/>\n<meta property=\"og:description\" content=\"NETTALI.COM - L&#039;information vient du porte-parole de Pastef. Sur sa page Facebook, El Malick Ndiaye renseigne que \u00able chef de protocole, Djiby Gu\u00e8ye Ndiaye, qui s\u2019occupait des courses et du ravitaillement de la famille, est d\u00e9sormais interdit d\u2019acc\u00e8s au domicile du pr\u00e9sident Ousmane Sonko depuis ce matin (ce jeudi)\u00bb. Pour rappel, le leader du Pastef [&hellip;]\" \/>\n<meta property=\"og:url\" content=\"https:\/\/www.nettali.com\/2023\/06\/15\/en-coulisses-le-chef-de-protocole-dousmane-sonko-econduit\/\" \/>\n<meta property=\"og:site_name\" content=\"Nettali.com\" \/>\n<meta property=\"article:publisher\" content=\"https:\/\/www.facebook.com\/nettalicom\" \/>\n<meta property=\"article:published_time\" content=\"2023-06-15T16:21:07+00:00\" \/>\n<meta property=\"og:image\" content=\"https:\/\/www.nettali.com\/wp-content\/uploads\/2023\/06\/Capture-de\u0301cran-2023-06-15-a\u0300-16.20.14.png\" \/>\n\t<meta property=\"og:image:width\" content=\"629\" \/>\n\t<meta property=\"og:image:height\" content=\"352\" \/>\n<meta name=\"twitter:card\" content=\"summary_large_image\" \/>\n<meta name=\"twitter:label1\" content=\"\u00c9crit par\" \/>\n\t<meta name=\"twitter:data1\" content=\"Daouda\" \/>\n\t<meta name=\"twitter:label2\" content=\"Dur\u00e9e de lecture estim\u00e9e\" \/>\n\t<meta name=\"twitter:data2\" content=\"1 minute\" \/>\n<script type=\"application\/ld+json\" class=\"yoast-schema-graph\">{\"@context\":\"https:\/\/schema.org\",\"@graph\":[{\"@type\":\"WebSite\",\"@id\":\"https:\/\/www.nettali.com\/#website\",\"url\":\"https:\/\/www.nettali.com\/\",\"name\":\"Nettali.com\",\"description\":\"Le rendez-vous critique du Net\",\"potentialAction\":[{\"@type\":\"SearchAction\",\"target\":{\"@type\":\"EntryPoint\",\"urlTemplate\":\"https:\/\/www.nettali.com\/?s={search_term_string}\"},\"query-input\":\"required name=search_term_string\"}],\"inLanguage\":\"fr-FR\"},{\"@type\":\"ImageObject\",\"@id\":\"https:\/\/www.nettali.com\/2023\/06\/15\/en-coulisses-le-chef-de-protocole-dousmane-sonko-econduit\/#primaryimage\",\"inLanguage\":\"fr-FR\",\"url\":\"https:\/\/www.nettali.com\/wp-content\/uploads\/2023\/06\/Capture-de\\u0301cran-2023-06-15-a\\u0300-16.20.14.png\",\"contentUrl\":\"https:\/\/www.nettali.com\/wp-content\/uploads\/2023\/06\/Capture-de\\u0301cran-2023-06-15-a\\u0300-16.20.14.png\",\"width\":629,\"height\":352},{\"@type\":\"WebPage\",\"@id\":\"https:\/\/www.nettali.com\/2023\/06\/15\/en-coulisses-le-chef-de-protocole-dousmane-sonko-econduit\/#webpage\",\"url\":\"https:\/\/www.nettali.com\/2023\/06\/15\/en-coulisses-le-chef-de-protocole-dousmane-sonko-econduit\/\",\"name\":\"EN COULISSES - Le chef de protocole d'Ousmane Sonko \\u00e9conduit | Nettali.com\",\"isPartOf\":{\"@id\":\"https:\/\/www.nettali.com\/#website\"},\"primaryImageOfPage\":{\"@id\":\"https:\/\/www.nettali.com\/2023\/06\/15\/en-coulisses-le-chef-de-protocole-dousmane-sonko-econduit\/#primaryimage\"},\"datePublished\":\"2023-06-15T16:21:07+00:00\",\"dateModified\":\"2023-06-15T16:21:07+00:00\",\"author\":{\"@id\":\"https:\/\/www.nettali.com\/#\/schema\/person\/3317e0bb3aa1da309fbf7b2780901bf4\"},\"breadcrumb\":{\"@id\":\"https:\/\/www.nettali.com\/2023\/06\/15\/en-coulisses-le-chef-de-protocole-dousmane-sonko-econduit\/#breadcrumb\"},\"inLanguage\":\"fr-FR\",\"potentialAction\":[{\"@type\":\"ReadAction\",\"target\":[\"https:\/\/www.nettali.com\/2023\/06\/15\/en-coulisses-le-chef-de-protocole-dousmane-sonko-econduit\/\"]}]},{\"@type\":\"BreadcrumbList\",\"@id\":\"https:\/\/www.nettali.com\/2023\/06\/15\/en-coulisses-le-chef-de-protocole-dousmane-sonko-econduit\/#breadcrumb\",\"itemListElement\":[{\"@type\":\"ListItem\",\"position\":1,\"name\":\"Accueil\",\"item\":\"https:\/\/www.nettali.com\/\"},{\"@type\":\"ListItem\",\"position\":2,\"name\":\"EN COULISSES - Le chef de protocole d'Ousmane Sonko \\u00e9conduit\"}]},{\"@type\":\"Person\",\"@id\":\"https:\/\/www.nettali.com\/#\/schema\/person\/3317e0bb3aa1da309fbf7b2780901bf4\",\"name\":\"Daouda\",\"image\":{\"@type\":\"ImageObject\",\"@id\":\"https:\/\/www.nettali.com\/#personlogo\",\"inLanguage\":\"fr-FR\",\"url\":\"https:\/\/secure.gravatar.com\/avatar\/8d143b5a49345098ddcfee1c49c2f47c?s=96&d=mm&r=g\",\"contentUrl\":\"https:\/\/secure.gravatar.com\/avatar\/8d143b5a49345098ddcfee1c49c2f47c?s=96&d=mm&r=g\",\"caption\":\"Daouda\"},\"sameAs\":[\"https:\/\/www.nettali.com\"]}]}<\/script>\n<!-- \/ Yoast SEO Premium plugin. -->","yoast_head_json":{"title":"EN COULISSES - Le chef de protocole d'Ousmane Sonko \u00e9conduit | Nettali.com","robots":{"index":"index","follow":"follow","max-snippet":"max-snippet:-1","max-image-preview":"max-image-preview:large","max-video-preview":"max-video-preview:-1"},"canonical":"https:\/\/www.nettali.com\/2023\/06\/15\/en-coulisses-le-chef-de-protocole-dousmane-sonko-econduit\/","og_locale":"fr_FR","og_type":"article","og_title":"EN COULISSES - Le chef de protocole d'Ousmane Sonko \u00e9conduit","og_description":"NETTALI.COM - L'information vient du porte-parole de Pastef. Sur sa page Facebook, El Malick Ndiaye renseigne que \u00able chef de protocole, Djiby Gu\u00e8ye Ndiaye, qui s\u2019occupait des courses et du ravitaillement de la famille, est d\u00e9sormais interdit d\u2019acc\u00e8s au domicile du pr\u00e9sident Ousmane Sonko depuis ce matin (ce jeudi)\u00bb. Pour rappel, le leader du Pastef [&hellip;]","og_url":"https:\/\/www.nettali.com\/2023\/06\/15\/en-coulisses-le-chef-de-protocole-dousmane-sonko-econduit\/","og_site_name":"Nettali.com","article_publisher":"https:\/\/www.facebook.com\/nettalicom","article_published_time":"2023-06-15T16:21:07+00:00","og_image":[{"width":629,"height":352,"url":"https:\/\/www.nettali.com\/wp-content\/uploads\/2023\/06\/Capture-de\u0301cran-2023-06-15-a\u0300-16.20.14.png","type":"image\/png"}],"twitter_card":"summary_large_image","twitter_misc":{"\u00c9crit par":"Daouda","Dur\u00e9e de lecture estim\u00e9e":"1 minute"},"schema":{"@context":"https:\/\/schema.org","@graph":[{"@type":"WebSite","@id":"https:\/\/www.nettali.com\/#website","url":"https:\/\/www.nettali.com\/","name":"Nettali.com","description":"Le rendez-vous critique du Net","potentialAction":[{"@type":"SearchAction","target":{"@type":"EntryPoint","urlTemplate":"https:\/\/www.nettali.com\/?s={search_term_string}"},"query-input":"required name=search_term_string"}],"inLanguage":"fr-FR"},{"@type":"ImageObject","@id":"https:\/\/www.nettali.com\/2023\/06\/15\/en-coulisses-le-chef-de-protocole-dousmane-sonko-econduit\/#primaryimage","inLanguage":"fr-FR","url":"https:\/\/www.nettali.com\/wp-content\/uploads\/2023\/06\/Capture-de\u0301cran-2023-06-15-a\u0300-16.20.14.png","contentUrl":"https:\/\/www.nettali.com\/wp-content\/uploads\/2023\/06\/Capture-de\u0301cran-2023-06-15-a\u0300-16.20.14.png","width":629,"height":352},{"@type":"WebPage","@id":"https:\/\/www.nettali.com\/2023\/06\/15\/en-coulisses-le-chef-de-protocole-dousmane-sonko-econduit\/#webpage","url":"https:\/\/www.nettali.com\/2023\/06\/15\/en-coulisses-le-chef-de-protocole-dousmane-sonko-econduit\/","name":"EN COULISSES - Le chef de protocole d'Ousmane Sonko \u00e9conduit | Nettali.com","isPartOf":{"@id":"https:\/\/www.nettali.com\/#website"},"primaryImageOfPage":{"@id":"https:\/\/www.nettali.com\/2023\/06\/15\/en-coulisses-le-chef-de-protocole-dousmane-sonko-econduit\/#primaryimage"},"datePublished":"2023-06-15T16:21:07+00:00","dateModified":"2023-06-15T16:21:07+00:00","author":{"@id":"https:\/\/www.nettali.com\/#\/schema\/person\/3317e0bb3aa1da309fbf7b2780901bf4"},"breadcrumb":{"@id":"https:\/\/www.nettali.com\/2023\/06\/15\/en-coulisses-le-chef-de-protocole-dousmane-sonko-econduit\/#breadcrumb"},"inLanguage":"fr-FR","potentialAction":[{"@type":"ReadAction","target":["https:\/\/www.nettali.com\/2023\/06\/15\/en-coulisses-le-chef-de-protocole-dousmane-sonko-econduit\/"]}]},{"@type":"BreadcrumbList","@id":"https:\/\/www.nettali.com\/2023\/06\/15\/en-coulisses-le-chef-de-protocole-dousmane-sonko-econduit\/#breadcrumb","itemListElement":[{"@type":"ListItem","position":1,"name":"Accueil","item":"https:\/\/www.nettali.com\/"},{"@type":"ListItem","position":2,"name":"EN COULISSES - Le chef de protocole d'Ousmane Sonko \u00e9conduit"}]},{"@type":"Person","@id":"https:\/\/www.nettali.com\/#\/schema\/person\/3317e0bb3aa1da309fbf7b2780901bf4","name":"Daouda","image":{"@type":"ImageObject","@id":"https:\/\/www.nettali.com\/#personlogo","inLanguage":"fr-FR","url":"https:\/\/secure.gravatar.com\/avatar\/8d143b5a49345098ddcfee1c49c2f47c?s=96&d=mm&r=g","contentUrl":"https:\/\/secure.gravatar.com\/avatar\/8d143b5a49345098ddcfee1c49c2f47c?s=96&d=mm&r=g","caption":"Daouda"},"sameAs":["https:\/\/www.nettali.com"]}]}},"_links":{"self":[{"href":"https:\/\/www.nettali.com\/rest\/wp\/v2\/posts\/112170"}],"collection":[{"href":"https:\/\/www.nettali.com\/rest\/wp\/v2\/posts"}],"about":[{"href":"https:\/\/www.nettali.com\/rest\/wp\/v2\/types\/post"}],"author":[{"embeddable":true,"href":"https:\/\/www.nettali.com\/rest\/wp\/v2\/users\/4"}],"replies":[{"embeddable":true,"href":"https:\/\/www.nettali.com\/rest\/wp\/v2\/comments?post=112170"}],"version-history":[{"count":1,"href":"https:\/\/www.nettali.com\/rest\/wp\/v2\/posts\/112170\/revisions"}],"predecessor-version":[{"id":112172,"href":"https:\/\/www.nettali.com\/rest\/wp\/v2\/posts\/112170\/revisions\/112172"}],"wp:featuredmedia":[{"embeddable":true,"href":"https:\/\/www.nettali.com\/rest\/wp\/v2\/media\/112171"}],"wp:attachment":[{"href":"https:\/\/www.nettali.com\/rest\/wp\/v2\/media?parent=112170"}],"wp:term":[{"taxonomy":"category","embeddable":true,"href":"https:\/\/www.nettali.com\/rest\/wp\/v2\/categories?post=112170"},{"taxonomy":"post_tag","embeddable":true,"href":"https:\/\/www.nettali.com\/rest\/wp\/v2\/tags?post=112170"}],"curies":[{"name":"wp","href":"https:\/\/api.w.org\/{rel}","templated":true}]}}