{"id":112164,"date":"2023-06-15T14:08:49","date_gmt":"2023-06-15T14:08:49","guid":{"rendered":"https:\/\/www.nettali.com\/?p=112164"},"modified":"2023-06-15T14:08:49","modified_gmt":"2023-06-15T14:08:49","slug":"sortie-du-procureur-de-la-republique-pastef-de-sonko-deverse-sa-colere-sur-le-parquet","status":"publish","type":"post","link":"https:\/\/www.nettali.com\/2023\/06\/15\/sortie-du-procureur-de-la-republique-pastef-de-sonko-deverse-sa-colere-sur-le-parquet\/","title":{"rendered":"SORTIE DU PROCUREUR DE LA REPUBLIQUE -\u00a0Pastef de Sonko d\u00e9verse sa col\u00e8re sur le Parquet"},"content":{"rendered":"<p><strong>NETTALI.COM - Le Bureau politique de Pastef s\u2019est insurg\u00e9, \u00e0 travers un communiqu\u00e9, contre la sortie du procureur de la R\u00e9publique sur les derni\u00e8res manifestations et qualifie le Parquet d\u2019\u00eatre \u00e0 la solde du r\u00e9gime. <\/strong><\/p>\n<p>Pour le parti Pastef-Les Patriotes, la sortie du procureur de la R\u00e9publique, Abdou Karim Diop, est une preuve suppl\u00e9mentaire de l\u2019instrumentalisation de la Justice par le r\u00e9gime du Pr\u00e9sident Macky Sall. Dans un communiqu\u00e9 de leur Bureau politique, les partisans de Ousmane Sonko accusent le patron du Parquet de Dakar d\u2019\u00eatre \u00e0 la solde du pouvoir en place. <em>\u00abQue le Parquet se contente d\u2019un simple communiqu\u00e9, alors que le pays est pr\u00e9tendument d\u00e9stabilis\u00e9 par des terroristes, suffit \u00e0 lever le voile sur la com\u00e9die judiciaire qui entoure cette affaire. La clochardisation honteuse du Parquet, \u00e0 la solde du r\u00e9gime tyrannique de Macky Sall, et sa transformation en camp de concentration au service de la campagne de s\u00e9questration syst\u00e9matique de plus de 1 000 personnes, le disqualifient d\u00e9finitivement comme garant cr\u00e9dible de l\u2019ordre public et digne repr\u00e9sentant de la soci\u00e9t\u00e9\u00bb<\/em>, d\u00e9clare le Bureau politique de Pastef. Les partisans de Ousmane Sonko s\u2019insurgent contre le communiqu\u00e9 publi\u00e9 le mardi 13 juin 2023 par le procureur de la R\u00e9publique, Abdou Karim Diop, sur les violentes manifestations apr\u00e8s la condamnation du leader de Pastef dans le dossier l\u2019opposant \u00e0 l\u2019ex masseuse Adji Sarr.<\/p>\n<p>Selon eux, le procureur de la R\u00e9publique, dans un r\u00e9cit tendancieux, a port\u00e9 \u00e0 la connaissance de l\u2019opinion nationale et internationale, le traitement judiciaire r\u00e9serv\u00e9 aux mis en cause dans les manifestations du 1<sup>er<\/sup> juin 2023. <em>\u00abCet exercice lamentable, disent-ils, auquel le Parquet nous a habitu\u00e9s ces derni\u00e8res ann\u00e9es, n\u2019est qu\u2019une preuve suppl\u00e9mentaire de l\u2019instrumentalisation de la Justice par Macky Sall, dans le funeste dessein d\u2019\u00e9touffer l\u2019alternative patriotique incarn\u00e9e par Ousmane Sonko et d'ouvrir un boulevard \u00e0 la 3<sup>e<\/sup> candidature immorale, ill\u00e9gitime et anticonstitutionnelle de Macky Sall.\u00bb<\/em><\/p>\n<p>Les membres de Pastef s\u2019offusquent contre ce qu\u2019ils qualifient de <em>\u00abtraitement proc\u00e9dural cat\u00e9goris\u00e9 des manifestants en deux groupes\u00bb<\/em>. Selon eux, il ressort de la note du Parquet <em>\u00abune vaine tentative de manipulation de l\u2019opinion aux cons\u00e9quences nuisibles pour la d\u00e9mocratie, l\u2019\u00c9tat de droit et sur l\u2019image du S\u00e9n\u00e9gal \u00e0 l\u2019\u00e9tranger\u00bb<\/em>. Selon Pastef, le fait de viser des dispositions telles que l\u2019article 431-1 du Code p\u00e9nal relatif au crime de g\u00e9nocide contre des manifestants pacifiques issus de toutes les composantes religieuses, ethniques et r\u00e9gionales du pays, est une menace grave \u00e0 l\u2019unit\u00e9 nationale et \u00e0 l\u2019int\u00e9grit\u00e9 territoriale, ciment de la stabilit\u00e9 politique et sociale du S\u00e9n\u00e9gal.<\/p>\n<p><em>\u00abL\u2019assimilation de dignes citoyens s\u00e9n\u00e9galais, qui se battent contre la clochardisation de la Justice et la confiscation des libert\u00e9s, \u00e0 des terroristes, est une atteinte manifeste \u00e0 la coh\u00e9sion nationale et confirme l\u2019opposition dans ses multiples alertes, lorsque l\u2019article 279, r\u00e9primant les actes de terrorisme, a \u00e9t\u00e9 modifi\u00e9 en proc\u00e9dure d\u2019urgence par la majorit\u00e9 m\u00e9canique de Macky Sall \u00e0 l\u2019Assembl\u00e9e nationale par la Loi n\u00b02021-33 du 21 juillet 2021, au lendemain des manifestations de mars 2021\u00bb<\/em>, souligne Pastef. Le parti de Sonko accuse le procureur de la R\u00e9publique d\u2019avoir viol\u00e9 la loi.<\/p>\n<p><em>\u00abL\u2019article 11 du Code de proc\u00e9dure p\u00e9nale qui encadre les sorties de presse du Procureur a \u00e9t\u00e9 all\u00e8grement viol\u00e9. Par des formules affirmatives et dans un style lapidaire, l\u2019obligation faite \u00e0 ce magistrat de ne diffuser que des \u00e9l\u00e9ments objectifs de la proc\u00e9dure ne comportant aucune appr\u00e9ciation sur le bien-fond\u00e9 des indices ou charges retenues contre les personnes mises en causes, n\u2019a gu\u00e8re \u00e9t\u00e9 respect\u00e9e. Ce qui constitue une violation d\u00e9lib\u00e9r\u00e9e du principe de la pr\u00e9somption d\u2019innocence\u00bb<\/em>, explique Pastef.<\/p>\n<div class='share-to-whatsapp-wrapper'><div class='share-on-whsp'>PARTAGER SUR : <\/div><a data-text='SORTIE DU PROCUREUR DE LA REPUBLIQUE -\u00a0Pastef de Sonko d\u00e9verse sa col\u00e8re sur le Parquet' data-link='https:\/\/www.nettali.com\/2023\/06\/15\/sortie-du-procureur-de-la-republique-pastef-de-sonko-deverse-sa-colere-sur-le-parquet\/' class='whatsapp-button whatsapp-share'>WhatsApp<\/a><div class='clear '><\/div><\/div>","protected":false},"excerpt":{"rendered":"<p>NETTALI.COM - Le Bureau politique de Pastef s\u2019est insurg\u00e9, \u00e0 travers un communiqu\u00e9, contre la sortie du procureur de la R\u00e9publique sur les derni\u00e8res manifestations et qualifie le Parquet d\u2019\u00eatre \u00e0 la solde du r\u00e9gime. Pour le parti Pastef-Les Patriotes, la sortie du procureur de la R\u00e9publique, Abdou Karim Diop, est une preuve suppl\u00e9mentaire de [&hellip;]<\/p>\n","protected":false},"author":4,"featured_media":107297,"comment_status":"open","ping_status":"open","sticky":false,"template":"","format":"standard","meta":{"_et_pb_use_builder":"","_et_pb_old_content":""},"categories":[2],"tags":[],"yoast_head":"<!-- This site is optimized with the Yoast SEO Premium plugin v17.8 (Yoast SEO v17.8) - https:\/\/yoast.com\/wordpress\/plugins\/seo\/ -->\n<title>SORTIE DU PROCUREUR DE LA REPUBLIQUE -\u00a0Pastef de Sonko d\u00e9verse sa col\u00e8re sur le Parquet | Nettali.com<\/title>\n<meta name=\"robots\" content=\"index, follow, max-snippet:-1, max-image-preview:large, max-video-preview:-1\" \/>\n<link rel=\"canonical\" href=\"https:\/\/www.nettali.com\/2023\/06\/15\/sortie-du-procureur-de-la-republique-pastef-de-sonko-deverse-sa-colere-sur-le-parquet\/\" \/>\n<meta property=\"og:locale\" content=\"fr_FR\" \/>\n<meta property=\"og:type\" content=\"article\" \/>\n<meta property=\"og:title\" content=\"SORTIE DU PROCUREUR DE LA REPUBLIQUE -\u00a0Pastef de Sonko d\u00e9verse sa col\u00e8re sur le Parquet\" \/>\n<meta property=\"og:description\" content=\"NETTALI.COM - Le Bureau politique de Pastef s\u2019est insurg\u00e9, \u00e0 travers un communiqu\u00e9, contre la sortie du procureur de la R\u00e9publique sur les derni\u00e8res manifestations et qualifie le Parquet d\u2019\u00eatre \u00e0 la solde du r\u00e9gime. Pour le parti Pastef-Les Patriotes, la sortie du procureur de la R\u00e9publique, Abdou Karim Diop, est une preuve suppl\u00e9mentaire de [&hellip;]\" \/>\n<meta property=\"og:url\" content=\"https:\/\/www.nettali.com\/2023\/06\/15\/sortie-du-procureur-de-la-republique-pastef-de-sonko-deverse-sa-colere-sur-le-parquet\/\" \/>\n<meta property=\"og:site_name\" content=\"Nettali.com\" \/>\n<meta property=\"article:publisher\" content=\"https:\/\/www.facebook.com\/nettalicom\" \/>\n<meta property=\"article:published_time\" content=\"2023-06-15T14:08:49+00:00\" \/>\n<meta property=\"og:image\" content=\"https:\/\/www.nettali.com\/wp-content\/uploads\/2023\/03\/Abdou-Karim-Diop-Portrait-du-nouveau-procureur-de-la-Republique.jpeg\" \/>\n\t<meta property=\"og:image:width\" content=\"664\" \/>\n\t<meta property=\"og:image:height\" content=\"372\" \/>\n<meta name=\"twitter:card\" content=\"summary_large_image\" \/>\n<meta name=\"twitter:label1\" content=\"\u00c9crit par\" \/>\n\t<meta name=\"twitter:data1\" content=\"Daouda\" \/>\n\t<meta name=\"twitter:label2\" content=\"Dur\u00e9e de lecture estim\u00e9e\" \/>\n\t<meta name=\"twitter:data2\" content=\"4 minutes\" \/>\n<script type=\"application\/ld+json\" class=\"yoast-schema-graph\">{\"@context\":\"https:\/\/schema.org\",\"@graph\":[{\"@type\":\"WebSite\",\"@id\":\"https:\/\/www.nettali.com\/#website\",\"url\":\"https:\/\/www.nettali.com\/\",\"name\":\"Nettali.com\",\"description\":\"Le rendez-vous critique du Net\",\"potentialAction\":[{\"@type\":\"SearchAction\",\"target\":{\"@type\":\"EntryPoint\",\"urlTemplate\":\"https:\/\/www.nettali.com\/?s={search_term_string}\"},\"query-input\":\"required name=search_term_string\"}],\"inLanguage\":\"fr-FR\"},{\"@type\":\"ImageObject\",\"@id\":\"https:\/\/www.nettali.com\/2023\/06\/15\/sortie-du-procureur-de-la-republique-pastef-de-sonko-deverse-sa-colere-sur-le-parquet\/#primaryimage\",\"inLanguage\":\"fr-FR\",\"url\":\"https:\/\/www.nettali.com\/wp-content\/uploads\/2023\/03\/Abdou-Karim-Diop-Portrait-du-nouveau-procureur-de-la-Republique.jpeg\",\"contentUrl\":\"https:\/\/www.nettali.com\/wp-content\/uploads\/2023\/03\/Abdou-Karim-Diop-Portrait-du-nouveau-procureur-de-la-Republique.jpeg\",\"width\":664,\"height\":372},{\"@type\":\"WebPage\",\"@id\":\"https:\/\/www.nettali.com\/2023\/06\/15\/sortie-du-procureur-de-la-republique-pastef-de-sonko-deverse-sa-colere-sur-le-parquet\/#webpage\",\"url\":\"https:\/\/www.nettali.com\/2023\/06\/15\/sortie-du-procureur-de-la-republique-pastef-de-sonko-deverse-sa-colere-sur-le-parquet\/\",\"name\":\"SORTIE DU PROCUREUR DE LA REPUBLIQUE -\\u00a0Pastef de Sonko d\\u00e9verse sa col\\u00e8re sur le Parquet | Nettali.com\",\"isPartOf\":{\"@id\":\"https:\/\/www.nettali.com\/#website\"},\"primaryImageOfPage\":{\"@id\":\"https:\/\/www.nettali.com\/2023\/06\/15\/sortie-du-procureur-de-la-republique-pastef-de-sonko-deverse-sa-colere-sur-le-parquet\/#primaryimage\"},\"datePublished\":\"2023-06-15T14:08:49+00:00\",\"dateModified\":\"2023-06-15T14:08:49+00:00\",\"author\":{\"@id\":\"https:\/\/www.nettali.com\/#\/schema\/person\/3317e0bb3aa1da309fbf7b2780901bf4\"},\"breadcrumb\":{\"@id\":\"https:\/\/www.nettali.com\/2023\/06\/15\/sortie-du-procureur-de-la-republique-pastef-de-sonko-deverse-sa-colere-sur-le-parquet\/#breadcrumb\"},\"inLanguage\":\"fr-FR\",\"potentialAction\":[{\"@type\":\"ReadAction\",\"target\":[\"https:\/\/www.nettali.com\/2023\/06\/15\/sortie-du-procureur-de-la-republique-pastef-de-sonko-deverse-sa-colere-sur-le-parquet\/\"]}]},{\"@type\":\"BreadcrumbList\",\"@id\":\"https:\/\/www.nettali.com\/2023\/06\/15\/sortie-du-procureur-de-la-republique-pastef-de-sonko-deverse-sa-colere-sur-le-parquet\/#breadcrumb\",\"itemListElement\":[{\"@type\":\"ListItem\",\"position\":1,\"name\":\"Accueil\",\"item\":\"https:\/\/www.nettali.com\/\"},{\"@type\":\"ListItem\",\"position\":2,\"name\":\"SORTIE DU PROCUREUR DE LA REPUBLIQUE -\\u00a0Pastef de Sonko d\\u00e9verse sa col\\u00e8re sur le Parquet\"}]},{\"@type\":\"Person\",\"@id\":\"https:\/\/www.nettali.com\/#\/schema\/person\/3317e0bb3aa1da309fbf7b2780901bf4\",\"name\":\"Daouda\",\"image\":{\"@type\":\"ImageObject\",\"@id\":\"https:\/\/www.nettali.com\/#personlogo\",\"inLanguage\":\"fr-FR\",\"url\":\"https:\/\/secure.gravatar.com\/avatar\/8d143b5a49345098ddcfee1c49c2f47c?s=96&d=mm&r=g\",\"contentUrl\":\"https:\/\/secure.gravatar.com\/avatar\/8d143b5a49345098ddcfee1c49c2f47c?s=96&d=mm&r=g\",\"caption\":\"Daouda\"},\"sameAs\":[\"https:\/\/www.nettali.com\"]}]}<\/script>\n<!-- \/ Yoast SEO Premium plugin. -->","yoast_head_json":{"title":"SORTIE DU PROCUREUR DE LA REPUBLIQUE -\u00a0Pastef de Sonko d\u00e9verse sa col\u00e8re sur le Parquet | Nettali.com","robots":{"index":"index","follow":"follow","max-snippet":"max-snippet:-1","max-image-preview":"max-image-preview:large","max-video-preview":"max-video-preview:-1"},"canonical":"https:\/\/www.nettali.com\/2023\/06\/15\/sortie-du-procureur-de-la-republique-pastef-de-sonko-deverse-sa-colere-sur-le-parquet\/","og_locale":"fr_FR","og_type":"article","og_title":"SORTIE DU PROCUREUR DE LA REPUBLIQUE -\u00a0Pastef de Sonko d\u00e9verse sa col\u00e8re sur le Parquet","og_description":"NETTALI.COM - Le Bureau politique de Pastef s\u2019est insurg\u00e9, \u00e0 travers un communiqu\u00e9, contre la sortie du procureur de la R\u00e9publique sur les derni\u00e8res manifestations et qualifie le Parquet d\u2019\u00eatre \u00e0 la solde du r\u00e9gime. Pour le parti Pastef-Les Patriotes, la sortie du procureur de la R\u00e9publique, Abdou Karim Diop, est une preuve suppl\u00e9mentaire de [&hellip;]","og_url":"https:\/\/www.nettali.com\/2023\/06\/15\/sortie-du-procureur-de-la-republique-pastef-de-sonko-deverse-sa-colere-sur-le-parquet\/","og_site_name":"Nettali.com","article_publisher":"https:\/\/www.facebook.com\/nettalicom","article_published_time":"2023-06-15T14:08:49+00:00","og_image":[{"width":664,"height":372,"url":"https:\/\/www.nettali.com\/wp-content\/uploads\/2023\/03\/Abdou-Karim-Diop-Portrait-du-nouveau-procureur-de-la-Republique.jpeg","type":"image\/jpeg"}],"twitter_card":"summary_large_image","twitter_misc":{"\u00c9crit par":"Daouda","Dur\u00e9e de lecture estim\u00e9e":"4 minutes"},"schema":{"@context":"https:\/\/schema.org","@graph":[{"@type":"WebSite","@id":"https:\/\/www.nettali.com\/#website","url":"https:\/\/www.nettali.com\/","name":"Nettali.com","description":"Le rendez-vous critique du Net","potentialAction":[{"@type":"SearchAction","target":{"@type":"EntryPoint","urlTemplate":"https:\/\/www.nettali.com\/?s={search_term_string}"},"query-input":"required name=search_term_string"}],"inLanguage":"fr-FR"},{"@type":"ImageObject","@id":"https:\/\/www.nettali.com\/2023\/06\/15\/sortie-du-procureur-de-la-republique-pastef-de-sonko-deverse-sa-colere-sur-le-parquet\/#primaryimage","inLanguage":"fr-FR","url":"https:\/\/www.nettali.com\/wp-content\/uploads\/2023\/03\/Abdou-Karim-Diop-Portrait-du-nouveau-procureur-de-la-Republique.jpeg","contentUrl":"https:\/\/www.nettali.com\/wp-content\/uploads\/2023\/03\/Abdou-Karim-Diop-Portrait-du-nouveau-procureur-de-la-Republique.jpeg","width":664,"height":372},{"@type":"WebPage","@id":"https:\/\/www.nettali.com\/2023\/06\/15\/sortie-du-procureur-de-la-republique-pastef-de-sonko-deverse-sa-colere-sur-le-parquet\/#webpage","url":"https:\/\/www.nettali.com\/2023\/06\/15\/sortie-du-procureur-de-la-republique-pastef-de-sonko-deverse-sa-colere-sur-le-parquet\/","name":"SORTIE DU PROCUREUR DE LA REPUBLIQUE -\u00a0Pastef de Sonko d\u00e9verse sa col\u00e8re sur le Parquet | Nettali.com","isPartOf":{"@id":"https:\/\/www.nettali.com\/#website"},"primaryImageOfPage":{"@id":"https:\/\/www.nettali.com\/2023\/06\/15\/sortie-du-procureur-de-la-republique-pastef-de-sonko-deverse-sa-colere-sur-le-parquet\/#primaryimage"},"datePublished":"2023-06-15T14:08:49+00:00","dateModified":"2023-06-15T14:08:49+00:00","author":{"@id":"https:\/\/www.nettali.com\/#\/schema\/person\/3317e0bb3aa1da309fbf7b2780901bf4"},"breadcrumb":{"@id":"https:\/\/www.nettali.com\/2023\/06\/15\/sortie-du-procureur-de-la-republique-pastef-de-sonko-deverse-sa-colere-sur-le-parquet\/#breadcrumb"},"inLanguage":"fr-FR","potentialAction":[{"@type":"ReadAction","target":["https:\/\/www.nettali.com\/2023\/06\/15\/sortie-du-procureur-de-la-republique-pastef-de-sonko-deverse-sa-colere-sur-le-parquet\/"]}]},{"@type":"BreadcrumbList","@id":"https:\/\/www.nettali.com\/2023\/06\/15\/sortie-du-procureur-de-la-republique-pastef-de-sonko-deverse-sa-colere-sur-le-parquet\/#breadcrumb","itemListElement":[{"@type":"ListItem","position":1,"name":"Accueil","item":"https:\/\/www.nettali.com\/"},{"@type":"ListItem","position":2,"name":"SORTIE DU PROCUREUR DE LA REPUBLIQUE -\u00a0Pastef de Sonko d\u00e9verse sa col\u00e8re sur le Parquet"}]},{"@type":"Person","@id":"https:\/\/www.nettali.com\/#\/schema\/person\/3317e0bb3aa1da309fbf7b2780901bf4","name":"Daouda","image":{"@type":"ImageObject","@id":"https:\/\/www.nettali.com\/#personlogo","inLanguage":"fr-FR","url":"https:\/\/secure.gravatar.com\/avatar\/8d143b5a49345098ddcfee1c49c2f47c?s=96&d=mm&r=g","contentUrl":"https:\/\/secure.gravatar.com\/avatar\/8d143b5a49345098ddcfee1c49c2f47c?s=96&d=mm&r=g","caption":"Daouda"},"sameAs":["https:\/\/www.nettali.com"]}]}},"_links":{"self":[{"href":"https:\/\/www.nettali.com\/rest\/wp\/v2\/posts\/112164"}],"collection":[{"href":"https:\/\/www.nettali.com\/rest\/wp\/v2\/posts"}],"about":[{"href":"https:\/\/www.nettali.com\/rest\/wp\/v2\/types\/post"}],"author":[{"embeddable":true,"href":"https:\/\/www.nettali.com\/rest\/wp\/v2\/users\/4"}],"replies":[{"embeddable":true,"href":"https:\/\/www.nettali.com\/rest\/wp\/v2\/comments?post=112164"}],"version-history":[{"count":1,"href":"https:\/\/www.nettali.com\/rest\/wp\/v2\/posts\/112164\/revisions"}],"predecessor-version":[{"id":112165,"href":"https:\/\/www.nettali.com\/rest\/wp\/v2\/posts\/112164\/revisions\/112165"}],"wp:featuredmedia":[{"embeddable":true,"href":"https:\/\/www.nettali.com\/rest\/wp\/v2\/media\/107297"}],"wp:attachment":[{"href":"https:\/\/www.nettali.com\/rest\/wp\/v2\/media?parent=112164"}],"wp:term":[{"taxonomy":"category","embeddable":true,"href":"https:\/\/www.nettali.com\/rest\/wp\/v2\/categories?post=112164"},{"taxonomy":"post_tag","embeddable":true,"href":"https:\/\/www.nettali.com\/rest\/wp\/v2\/tags?post=112164"}],"curies":[{"name":"wp","href":"https:\/\/api.w.org\/{rel}","templated":true}]}}