{"id":112148,"date":"2023-06-15T09:07:00","date_gmt":"2023-06-15T09:07:00","guid":{"rendered":"https:\/\/www.nettali.com\/?p=112148"},"modified":"2023-06-15T09:07:29","modified_gmt":"2023-06-15T09:07:29","slug":"en-coulisses-le-bresil-ne-la%cc%82che-pas-ancelotti","status":"publish","type":"post","link":"https:\/\/www.nettali.com\/2023\/06\/15\/en-coulisses-le-bresil-ne-la%cc%82che-pas-ancelotti\/","title":{"rendered":"EN COULISSES - Le Bre\u0301sil ne la\u0302che pas Ancelotti"},"content":{"rendered":"<div class=\"page\" title=\"Page 12\">\n<div class=\"section\">\n<div class=\"layoutArea\">\n<div class=\"column\">\n<p><strong>NETTALI.COM -<\/strong> Malgre\u0301 un inte\u0301re\u0302t persistant du Bre\u0301sil, l'entrai\u0302neur du Real Madrid Carlo Ancelotti a de\u0301ja\u0300 publiquement annonce\u0301 son intention de respecter son contrat qui expire en juin 2024, avec le club espagnol.<\/p>\n<p>Mais de son co\u0302te\u0301, le pre\u0301sident de la Fe\u0301de\u0301ration Bre\u0301silienne de Football Ednaldo Rodrigues continue de cibler le technicien italien pour la Selec\u0327ao.<\/p>\n<p>\u201c<em>Attendre la fin du contrat d'Ancelotti en 2024 ? Dans ce sce\u0301nario, il ne s'agit pas d'une de\u0301cision que je peux prendre seul, je dois e\u0301couter et discuter avec notre conseil d'administration et avec les joueurs parce qu'ils ont besoin d'e\u0302tre entendus. La de\u0301cision doit e\u0302tre en phase avec ce que les joueurs pensent. Nous devrons donc en discuter a\u0300 l'avenir. Mais nous avons un objectif clair (Ancelotti, ndlr) et nous le poursuivons. Je vais rester en Espagne jusqu'au 18 juin et nous avons quelques re\u0301unions pre\u0301vues. Je ne peux pas dire publiquement que c'est avec Ancelotti lui-me\u0302me, mais nous espe\u0301rons retourner au Bre\u0301sil avec un message plus clair a\u0300 son sujet<\/em>\u201d, a me\u0302me fait savoir Rodrigues devant les me\u0301dias.<\/p>\n<\/div>\n<\/div>\n<\/div>\n<\/div>\n<div class='share-to-whatsapp-wrapper'><div class='share-on-whsp'>PARTAGER SUR : <\/div><a data-text='EN COULISSES - Le Bre\u0301sil ne la\u0302che pas Ancelotti' data-link='https:\/\/www.nettali.com\/2023\/06\/15\/en-coulisses-le-bresil-ne-la%cc%82che-pas-ancelotti\/' class='whatsapp-button whatsapp-share'>WhatsApp<\/a><div class='clear '><\/div><\/div>","protected":false},"excerpt":{"rendered":"<p>NETTALI.COM - Malgre\u0301 un inte\u0301re\u0302t persistant du Bre\u0301sil, l'entrai\u0302neur du Real Madrid Carlo Ancelotti a de\u0301ja\u0300 publiquement annonce\u0301 son intention de respecter son contrat qui expire en juin 2024, avec le club espagnol. Mais de son co\u0302te\u0301, le pre\u0301sident de la Fe\u0301de\u0301ration Bre\u0301silienne de Football Ednaldo Rodrigues continue de cibler le technicien italien pour la [&hellip;]<\/p>\n","protected":false},"author":2,"featured_media":112159,"comment_status":"open","ping_status":"open","sticky":false,"template":"","format":"standard","meta":{"_et_pb_use_builder":"","_et_pb_old_content":""},"categories":[34945],"tags":[],"yoast_head":"<!-- This site is optimized with the Yoast SEO Premium plugin v17.8 (Yoast SEO v17.8) - https:\/\/yoast.com\/wordpress\/plugins\/seo\/ -->\n<title>EN COULISSES - Le Bre\u0301sil ne la\u0302che pas Ancelotti | Nettali.com<\/title>\n<meta name=\"robots\" content=\"index, follow, max-snippet:-1, max-image-preview:large, max-video-preview:-1\" \/>\n<link rel=\"canonical\" href=\"https:\/\/www.nettali.com\/2023\/06\/15\/en-coulisses-le-bresil-ne-la\u0302che-pas-ancelotti\/\" \/>\n<meta property=\"og:locale\" content=\"fr_FR\" \/>\n<meta property=\"og:type\" content=\"article\" \/>\n<meta property=\"og:title\" content=\"EN COULISSES - Le Bre\u0301sil ne la\u0302che pas Ancelotti\" \/>\n<meta property=\"og:description\" content=\"NETTALI.COM - Malgre\u0301 un inte\u0301re\u0302t persistant du Bre\u0301sil, l&#039;entrai\u0302neur du Real Madrid Carlo Ancelotti a de\u0301ja\u0300 publiquement annonce\u0301 son intention de respecter son contrat qui expire en juin 2024, avec le club espagnol. Mais de son co\u0302te\u0301, le pre\u0301sident de la Fe\u0301de\u0301ration Bre\u0301silienne de Football Ednaldo Rodrigues continue de cibler le technicien italien pour la [&hellip;]\" \/>\n<meta property=\"og:url\" content=\"https:\/\/www.nettali.com\/2023\/06\/15\/en-coulisses-le-bresil-ne-la\u0302che-pas-ancelotti\/\" \/>\n<meta property=\"og:site_name\" content=\"Nettali.com\" \/>\n<meta property=\"article:publisher\" content=\"https:\/\/www.facebook.com\/nettalicom\" \/>\n<meta property=\"article:published_time\" content=\"2023-06-15T09:07:00+00:00\" \/>\n<meta property=\"article:modified_time\" content=\"2023-06-15T09:07:29+00:00\" \/>\n<meta property=\"og:image\" content=\"https:\/\/www.nettali.com\/wp-content\/uploads\/2023\/06\/te\u0301le\u0301chargement.jpeg\" \/>\n\t<meta property=\"og:image:width\" content=\"300\" \/>\n\t<meta property=\"og:image:height\" content=\"168\" \/>\n<meta name=\"twitter:card\" content=\"summary_large_image\" \/>\n<meta name=\"twitter:label1\" content=\"\u00c9crit par\" \/>\n\t<meta name=\"twitter:data1\" content=\"CK\" \/>\n\t<meta name=\"twitter:label2\" content=\"Dur\u00e9e de lecture estim\u00e9e\" \/>\n\t<meta name=\"twitter:data2\" content=\"1 minute\" \/>\n<script type=\"application\/ld+json\" class=\"yoast-schema-graph\">{\"@context\":\"https:\/\/schema.org\",\"@graph\":[{\"@type\":\"WebSite\",\"@id\":\"https:\/\/www.nettali.com\/#website\",\"url\":\"https:\/\/www.nettali.com\/\",\"name\":\"Nettali.com\",\"description\":\"Le rendez-vous critique du Net\",\"potentialAction\":[{\"@type\":\"SearchAction\",\"target\":{\"@type\":\"EntryPoint\",\"urlTemplate\":\"https:\/\/www.nettali.com\/?s={search_term_string}\"},\"query-input\":\"required name=search_term_string\"}],\"inLanguage\":\"fr-FR\"},{\"@type\":\"ImageObject\",\"@id\":\"https:\/\/www.nettali.com\/2023\/06\/15\/en-coulisses-le-bresil-ne-la%cc%82che-pas-ancelotti\/#primaryimage\",\"inLanguage\":\"fr-FR\",\"url\":\"https:\/\/www.nettali.com\/wp-content\/uploads\/2023\/06\/te\\u0301le\\u0301chargement.jpeg\",\"contentUrl\":\"https:\/\/www.nettali.com\/wp-content\/uploads\/2023\/06\/te\\u0301le\\u0301chargement.jpeg\",\"width\":300,\"height\":168},{\"@type\":\"WebPage\",\"@id\":\"https:\/\/www.nettali.com\/2023\/06\/15\/en-coulisses-le-bresil-ne-la%cc%82che-pas-ancelotti\/#webpage\",\"url\":\"https:\/\/www.nettali.com\/2023\/06\/15\/en-coulisses-le-bresil-ne-la%cc%82che-pas-ancelotti\/\",\"name\":\"EN COULISSES - Le Bre\\u0301sil ne la\\u0302che pas Ancelotti | Nettali.com\",\"isPartOf\":{\"@id\":\"https:\/\/www.nettali.com\/#website\"},\"primaryImageOfPage\":{\"@id\":\"https:\/\/www.nettali.com\/2023\/06\/15\/en-coulisses-le-bresil-ne-la%cc%82che-pas-ancelotti\/#primaryimage\"},\"datePublished\":\"2023-06-15T09:07:00+00:00\",\"dateModified\":\"2023-06-15T09:07:29+00:00\",\"author\":{\"@id\":\"https:\/\/www.nettali.com\/#\/schema\/person\/d8ac7b7e27ddad43f1c0d2ef090d7f71\"},\"breadcrumb\":{\"@id\":\"https:\/\/www.nettali.com\/2023\/06\/15\/en-coulisses-le-bresil-ne-la%cc%82che-pas-ancelotti\/#breadcrumb\"},\"inLanguage\":\"fr-FR\",\"potentialAction\":[{\"@type\":\"ReadAction\",\"target\":[\"https:\/\/www.nettali.com\/2023\/06\/15\/en-coulisses-le-bresil-ne-la%cc%82che-pas-ancelotti\/\"]}]},{\"@type\":\"BreadcrumbList\",\"@id\":\"https:\/\/www.nettali.com\/2023\/06\/15\/en-coulisses-le-bresil-ne-la%cc%82che-pas-ancelotti\/#breadcrumb\",\"itemListElement\":[{\"@type\":\"ListItem\",\"position\":1,\"name\":\"Accueil\",\"item\":\"https:\/\/www.nettali.com\/\"},{\"@type\":\"ListItem\",\"position\":2,\"name\":\"EN COULISSES - Le Bre\\u0301sil ne la\\u0302che pas Ancelotti\"}]},{\"@type\":\"Person\",\"@id\":\"https:\/\/www.nettali.com\/#\/schema\/person\/d8ac7b7e27ddad43f1c0d2ef090d7f71\",\"name\":\"CK\",\"image\":{\"@type\":\"ImageObject\",\"@id\":\"https:\/\/www.nettali.com\/#personlogo\",\"inLanguage\":\"fr-FR\",\"url\":\"https:\/\/secure.gravatar.com\/avatar\/1d8d5118b9327d94da7cd4ce7f17fec2?s=96&d=mm&r=g\",\"contentUrl\":\"https:\/\/secure.gravatar.com\/avatar\/1d8d5118b9327d94da7cd4ce7f17fec2?s=96&d=mm&r=g\",\"caption\":\"CK\"},\"sameAs\":[\"https:\/\/www.nettali.com\"]}]}<\/script>\n<!-- \/ Yoast SEO Premium plugin. -->","yoast_head_json":{"title":"EN COULISSES - Le Bre\u0301sil ne la\u0302che pas Ancelotti | Nettali.com","robots":{"index":"index","follow":"follow","max-snippet":"max-snippet:-1","max-image-preview":"max-image-preview:large","max-video-preview":"max-video-preview:-1"},"canonical":"https:\/\/www.nettali.com\/2023\/06\/15\/en-coulisses-le-bresil-ne-la\u0302che-pas-ancelotti\/","og_locale":"fr_FR","og_type":"article","og_title":"EN COULISSES - Le Bre\u0301sil ne la\u0302che pas Ancelotti","og_description":"NETTALI.COM - Malgre\u0301 un inte\u0301re\u0302t persistant du Bre\u0301sil, l'entrai\u0302neur du Real Madrid Carlo Ancelotti a de\u0301ja\u0300 publiquement annonce\u0301 son intention de respecter son contrat qui expire en juin 2024, avec le club espagnol. Mais de son co\u0302te\u0301, le pre\u0301sident de la Fe\u0301de\u0301ration Bre\u0301silienne de Football Ednaldo Rodrigues continue de cibler le technicien italien pour la [&hellip;]","og_url":"https:\/\/www.nettali.com\/2023\/06\/15\/en-coulisses-le-bresil-ne-la\u0302che-pas-ancelotti\/","og_site_name":"Nettali.com","article_publisher":"https:\/\/www.facebook.com\/nettalicom","article_published_time":"2023-06-15T09:07:00+00:00","article_modified_time":"2023-06-15T09:07:29+00:00","og_image":[{"width":300,"height":168,"url":"https:\/\/www.nettali.com\/wp-content\/uploads\/2023\/06\/te\u0301le\u0301chargement.jpeg","type":"image\/jpeg"}],"twitter_card":"summary_large_image","twitter_misc":{"\u00c9crit par":"CK","Dur\u00e9e de lecture estim\u00e9e":"1 minute"},"schema":{"@context":"https:\/\/schema.org","@graph":[{"@type":"WebSite","@id":"https:\/\/www.nettali.com\/#website","url":"https:\/\/www.nettali.com\/","name":"Nettali.com","description":"Le rendez-vous critique du Net","potentialAction":[{"@type":"SearchAction","target":{"@type":"EntryPoint","urlTemplate":"https:\/\/www.nettali.com\/?s={search_term_string}"},"query-input":"required name=search_term_string"}],"inLanguage":"fr-FR"},{"@type":"ImageObject","@id":"https:\/\/www.nettali.com\/2023\/06\/15\/en-coulisses-le-bresil-ne-la%cc%82che-pas-ancelotti\/#primaryimage","inLanguage":"fr-FR","url":"https:\/\/www.nettali.com\/wp-content\/uploads\/2023\/06\/te\u0301le\u0301chargement.jpeg","contentUrl":"https:\/\/www.nettali.com\/wp-content\/uploads\/2023\/06\/te\u0301le\u0301chargement.jpeg","width":300,"height":168},{"@type":"WebPage","@id":"https:\/\/www.nettali.com\/2023\/06\/15\/en-coulisses-le-bresil-ne-la%cc%82che-pas-ancelotti\/#webpage","url":"https:\/\/www.nettali.com\/2023\/06\/15\/en-coulisses-le-bresil-ne-la%cc%82che-pas-ancelotti\/","name":"EN COULISSES - Le Bre\u0301sil ne la\u0302che pas Ancelotti | Nettali.com","isPartOf":{"@id":"https:\/\/www.nettali.com\/#website"},"primaryImageOfPage":{"@id":"https:\/\/www.nettali.com\/2023\/06\/15\/en-coulisses-le-bresil-ne-la%cc%82che-pas-ancelotti\/#primaryimage"},"datePublished":"2023-06-15T09:07:00+00:00","dateModified":"2023-06-15T09:07:29+00:00","author":{"@id":"https:\/\/www.nettali.com\/#\/schema\/person\/d8ac7b7e27ddad43f1c0d2ef090d7f71"},"breadcrumb":{"@id":"https:\/\/www.nettali.com\/2023\/06\/15\/en-coulisses-le-bresil-ne-la%cc%82che-pas-ancelotti\/#breadcrumb"},"inLanguage":"fr-FR","potentialAction":[{"@type":"ReadAction","target":["https:\/\/www.nettali.com\/2023\/06\/15\/en-coulisses-le-bresil-ne-la%cc%82che-pas-ancelotti\/"]}]},{"@type":"BreadcrumbList","@id":"https:\/\/www.nettali.com\/2023\/06\/15\/en-coulisses-le-bresil-ne-la%cc%82che-pas-ancelotti\/#breadcrumb","itemListElement":[{"@type":"ListItem","position":1,"name":"Accueil","item":"https:\/\/www.nettali.com\/"},{"@type":"ListItem","position":2,"name":"EN COULISSES - Le Bre\u0301sil ne la\u0302che pas Ancelotti"}]},{"@type":"Person","@id":"https:\/\/www.nettali.com\/#\/schema\/person\/d8ac7b7e27ddad43f1c0d2ef090d7f71","name":"CK","image":{"@type":"ImageObject","@id":"https:\/\/www.nettali.com\/#personlogo","inLanguage":"fr-FR","url":"https:\/\/secure.gravatar.com\/avatar\/1d8d5118b9327d94da7cd4ce7f17fec2?s=96&d=mm&r=g","contentUrl":"https:\/\/secure.gravatar.com\/avatar\/1d8d5118b9327d94da7cd4ce7f17fec2?s=96&d=mm&r=g","caption":"CK"},"sameAs":["https:\/\/www.nettali.com"]}]}},"_links":{"self":[{"href":"https:\/\/www.nettali.com\/rest\/wp\/v2\/posts\/112148"}],"collection":[{"href":"https:\/\/www.nettali.com\/rest\/wp\/v2\/posts"}],"about":[{"href":"https:\/\/www.nettali.com\/rest\/wp\/v2\/types\/post"}],"author":[{"embeddable":true,"href":"https:\/\/www.nettali.com\/rest\/wp\/v2\/users\/2"}],"replies":[{"embeddable":true,"href":"https:\/\/www.nettali.com\/rest\/wp\/v2\/comments?post=112148"}],"version-history":[{"count":1,"href":"https:\/\/www.nettali.com\/rest\/wp\/v2\/posts\/112148\/revisions"}],"predecessor-version":[{"id":112149,"href":"https:\/\/www.nettali.com\/rest\/wp\/v2\/posts\/112148\/revisions\/112149"}],"wp:featuredmedia":[{"embeddable":true,"href":"https:\/\/www.nettali.com\/rest\/wp\/v2\/media\/112159"}],"wp:attachment":[{"href":"https:\/\/www.nettali.com\/rest\/wp\/v2\/media?parent=112148"}],"wp:term":[{"taxonomy":"category","embeddable":true,"href":"https:\/\/www.nettali.com\/rest\/wp\/v2\/categories?post=112148"},{"taxonomy":"post_tag","embeddable":true,"href":"https:\/\/www.nettali.com\/rest\/wp\/v2\/tags?post=112148"}],"curies":[{"name":"wp","href":"https:\/\/api.w.org\/{rel}","templated":true}]}}