{"id":112017,"date":"2023-06-13T12:49:25","date_gmt":"2023-06-13T12:49:25","guid":{"rendered":"https:\/\/www.nettali.com\/?p=112017"},"modified":"2023-06-14T08:37:24","modified_gmt":"2023-06-14T08:37:24","slug":"palais-presidentiel-macky-consulte-pour-remanier-son-gouvernement","status":"publish","type":"post","link":"https:\/\/www.nettali.com\/2023\/06\/13\/palais-presidentiel-macky-consulte-pour-remanier-son-gouvernement\/","title":{"rendered":"PALAIS PR\u00c9SIDENTIEL \u2013 Macky consulte pour remanier son gouvernement"},"content":{"rendered":"<p><strong>NETTALI.COM - Le chef de l\u2019\u00c9tat est en train de consulter pour un nouvel attelage gouvernemental, dans un contexte de fortes tensions politiques. L\u2019application des conclusions du Dialogue politique, attendues le 25 juin, explique en partie cette volont\u00e9 de Macky Sall de remodeler l\u2019attelage conduit par le Premier ministre Amadou B\u00e2. La s\u00e9curit\u00e9, la justice et la diplomatie devraient \u00eatre touch\u00e9es\u2026<\/strong><\/p>\n<p>Apr\u00e8s les \u00e9meutes li\u00e9es \u00e0 la condamnation d\u2019Ousmane Sonko, le pr\u00e9sident Macky Sall a d\u00e9cid\u00e9 de proc\u00e9der, apr\u00e8s la r\u00e9ception des conclusions du Dialogue national, \u00e0 un remaniement minist\u00e9riel. Des portefeuilles cl\u00e9s au sein du gouvernement Amadou B\u00e2 pourraient conna\u00eetre de nouveaux titulaires. Cette restructuration minist\u00e9rielle sera appel\u00e9e \u00e0 r\u00e9pondre \u00e0 de nouveaux d\u00e9fis li\u00e9s \u00e0 la conjoncture sociopolitique engendr\u00e9e par les violentes manifestations des 1er et 2 juin derniers, principalement \u00e0 Dakar et dans sa grande banlieue, \u00e0 Ziguinchor et accessoirement devant les consulats du S\u00e9n\u00e9gal \u00e0 Milan et \u00e0 Lyon.<\/p>\n<p>Concr\u00e8tement, ce r\u00e9am\u00e9nagement devrait consister en la mise en \u0153uvre des recommandations du Dialogue national attendues pour le 25 juin prochain, \u201ctant dans son format que dans sa feuille de route\u201d, a assur\u00e9 l\u2019une de nos sources. L\u2019ancien pr\u00e9sident du Conseil \u00e9conomique, social et environnemental, Idrissa Seck, ayant rompu avec la majorit\u00e9 Benno pour pr\u00e9parer sa candidature \u00e0 la Pr\u00e9sidentielle, les d\u00e9parts des ministres de Rewmi, Yankhoba Diattara et Aly Saleh Diop avaient chamboul\u00e9 la configuration gouvernementale, poussant le Premier ministre Amadou Ba \u00e0 cumuler les deux d\u00e9partements minist\u00e9riels qu\u2019ils occupaient : les Sports et l\u2019\u00c9levage.<\/p>\n<p>Plusieurs pistes s\u2019offrent \u00e0 Macky Sall. Aller vers l\u2019ouverture, avec l'int\u00e9gration des personnalit\u00e9s ayant particip\u00e9 au Dialogue national ou aller vers un recentrage autour d\u2019un noyau dur de fid\u00e8les afin de surmonter la crise politico-s\u00e9curitaire, le thermostat \u00e9tant calibr\u00e9 sur la propre d\u00e9cision de Macky Sall au sujet de la tentation d\u2019un troisi\u00e8me mandat. Mis \u00e0 mal au sein de l\u2019opinion, faisant face \u00e0 une adversit\u00e9 in\u00e9dite en onze ans de pouvoir, alors qu\u2019il refuse toujours de se prononcer sur sa participation au scrutin de f\u00e9vrier 2024, Macky Sall doit recadrer son attelage, ne serait-ce que pour s\u2019ajuster aux r\u00e9sultats attendus du dialogue, mais aussi par besoin d\u2019ouverture.<\/p>\n<p>Les consultations men\u00e9es par le palais visent des profils \u201cpour des responsabilit\u00e9s \u00e0 la t\u00eate de d\u00e9partements r\u00e9galiens, concernant la s\u00e9curit\u00e9 et l\u2019image du S\u00e9n\u00e9gal \u00e0 l\u2019\u00e9tranger principalement\u201d. Comme \u00e0 son habitude, le pr\u00e9sident de la R\u00e9publique s\u2019est inqui\u00e9t\u00e9 de la r\u00e9ponse apport\u00e9e aux nouvelles formes de gu\u00e9rilla urbaine, cons\u00e9cutives \u00e0 la condamnation du leader de Pastef Ousmane Sonko, \u00e0 deux ans de prison ferme par contumace dans l\u2019affaire Sweet Beaut\u00e9, avec des niveaux d\u2019armement jamais observ\u00e9s dans des manifestations politiques au S\u00e9n\u00e9gal. En mars 2021, de violentes manifestations avaient \u00e9clat\u00e9 au S\u00e9n\u00e9gal, apr\u00e8s la convocation d\u2019Ousmane Sonko au tout d\u00e9but de cette affaire qui a \u00e9t\u00e9 vid\u00e9e en premi\u00e8re instance le 1er juin dernier.<\/p>\n<p>Au total, 13 morts avaient \u00e9t\u00e9 d\u00e9nombr\u00e9s parmi les manifestants. Dans la foul\u00e9e, le chef de l\u2019\u00c9tat avait limog\u00e9 le patron de la gendarmerie, le g\u00e9n\u00e9ral Jean-Baptiste Tine (actuel ambassadeur en Russie) et son coll\u00e8gue de la police, le contr\u00f4leur g\u00e9n\u00e9ral Ousmane Sy. La derni\u00e8re s\u00e9rie de violences a certes \u00e9t\u00e9 contenue par les forces de d\u00e9fense et de s\u00e9curit\u00e9, mais les importants moyens humains et mat\u00e9riels mis \u00e0 la disposition du minist\u00e8re de l\u2019Int\u00e9rieur et la qualit\u00e9 des services de renseignement ne cadrent pas avec les r\u00e9sultats. Le profil de certains manifestants et la pr\u00e9sence parmi eux de membres du MFDC, la planification de leurs actions et les connexions \u00e9tablies avec des soutiens \u00e9trangers a chang\u00e9 la nature du probl\u00e8me. \u201cLe danger est l\u00e0 et on dort au S\u00e9n\u00e9gal. Les gens sont seulement int\u00e9ress\u00e9s par l\u2019avenir politique d\u2019une personne\u201d, r\u00e9sume un haut grad\u00e9 de l\u2019establishment s\u00e9curitaire.<\/p>\n<p><strong>L\u2019ordi et le t\u00e9l\u00e9phone de Sonko <\/strong><\/p>\n<p>Nos sources \u00e9voquent aussi la fin de mission de la ministre des Affaires \u00e9trang\u00e8res, Me A\u00efssata Tall Sall, alors qu\u2019une \u201creprise en main\u201d s\u2019av\u00e8re n\u00e9cessaire dans la diplomatie. Malgr\u00e9 l\u2019attrait suscit\u00e9 par le p\u00e9trole et le gaz, le bilan de Macky Sall \u00e0 la t\u00eate de l\u2019Union africaine et son implication dans l\u2019initiative continentale de m\u00e9diation dans le conflit russoukrainien, en quelques jours, une furia m\u00e9diatique a relat\u00e9, pour le d\u00e9plorer, une image \u00e9corn\u00e9e du S\u00e9n\u00e9gal suite aux op\u00e9rations de maintien de l\u2019ordre qui ont occasionn\u00e9 une r\u00e9pression par plusieurs organisations des Droits de l\u2019homme. Sans compter la d\u00e9cision du gouvernement de suspendre l\u2019acc\u00e8s aux applications des r\u00e9seaux sociaux et le flux des donn\u00e9es pour quelques jours, ainsi que la suspension de la chaine Walf TV.<\/p>\n<p>Toutes des d\u00e9cisions prises pour restaurer l\u2019ordre, mais qui n\u2019auraient pas \u00e9t\u00e9 accompagn\u00e9es d\u2019un plaidoyer cons\u00e9quent aupr\u00e8s de la communaut\u00e9 internationale, surtout que le gouvernement entend d\u00e9clencher des actions judiciaires contre des activistes pro-Sonko \u00e9tablis \u00e0 l\u2019\u00e9tranger. Last but not least, ainsi que le rapportent les r\u00e9seaux sociaux et les conversations entre observateurs de la sc\u00e8ne politique, Dakar murmure des \u201cbombes\u201d contenues dans le t\u00e9l\u00e9phone et l\u2019ordinateur d\u2019Ousmane Sonko saisis sur lui au moment de son interpellation pr\u00e8s de Koungheul, le dimanche 28 mai, avant sa mise en r\u00e9sidence surveill\u00e9e \u00e0 son domicile (sans d\u00e9cision de justice). Les enqu\u00eateurs auraient retrac\u00e9 des envois de fonds \u00e0 des journalistes, mais surtout des \u00e9changes compromettants impliquant au moins deux responsables de l\u2019APR si\u00e9geant en Conseil des ministres. Et ceux-l\u00e0 ne devraient pas rester au gouvernement, \u00e0 moins que Macky Sall ne leur fasse vivre le supplice du \u201ctraitre d\u00e9masqu\u00e9\u201d\u2026<\/p>\n<div class='share-to-whatsapp-wrapper'><div class='share-on-whsp'>PARTAGER SUR : <\/div><a data-text='PALAIS PR\u00c9SIDENTIEL \u2013 Macky consulte pour remanier son gouvernement' data-link='https:\/\/www.nettali.com\/2023\/06\/13\/palais-presidentiel-macky-consulte-pour-remanier-son-gouvernement\/' class='whatsapp-button whatsapp-share'>WhatsApp<\/a><div class='clear '><\/div><\/div>","protected":false},"excerpt":{"rendered":"<p>NETTALI.COM - Le chef de l\u2019\u00c9tat est en train de consulter pour un nouvel attelage gouvernemental, dans un contexte de fortes tensions politiques. L\u2019application des conclusions du Dialogue politique, attendues le 25 juin, explique en partie cette volont\u00e9 de Macky Sall de remodeler l\u2019attelage conduit par le Premier ministre Amadou B\u00e2. La s\u00e9curit\u00e9, la justice [&hellip;]<\/p>\n","protected":false},"author":4,"featured_media":96286,"comment_status":"open","ping_status":"open","sticky":false,"template":"","format":"standard","meta":{"_et_pb_use_builder":"","_et_pb_old_content":""},"categories":[2],"tags":[],"yoast_head":"<!-- This site is optimized with the Yoast SEO Premium plugin v17.8 (Yoast SEO v17.8) - https:\/\/yoast.com\/wordpress\/plugins\/seo\/ -->\n<title>PALAIS PR\u00c9SIDENTIEL \u2013 Macky consulte pour remanier son gouvernement | Nettali.com<\/title>\n<meta name=\"robots\" content=\"index, follow, max-snippet:-1, max-image-preview:large, max-video-preview:-1\" \/>\n<link rel=\"canonical\" href=\"https:\/\/www.nettali.com\/2023\/06\/13\/palais-presidentiel-macky-consulte-pour-remanier-son-gouvernement\/\" \/>\n<meta property=\"og:locale\" content=\"fr_FR\" \/>\n<meta property=\"og:type\" content=\"article\" \/>\n<meta property=\"og:title\" content=\"PALAIS PR\u00c9SIDENTIEL \u2013 Macky consulte pour remanier son gouvernement\" \/>\n<meta property=\"og:description\" content=\"NETTALI.COM - Le chef de l\u2019\u00c9tat est en train de consulter pour un nouvel attelage gouvernemental, dans un contexte de fortes tensions politiques. L\u2019application des conclusions du Dialogue politique, attendues le 25 juin, explique en partie cette volont\u00e9 de Macky Sall de remodeler l\u2019attelage conduit par le Premier ministre Amadou B\u00e2. La s\u00e9curit\u00e9, la justice [&hellip;]\" \/>\n<meta property=\"og:url\" content=\"https:\/\/www.nettali.com\/2023\/06\/13\/palais-presidentiel-macky-consulte-pour-remanier-son-gouvernement\/\" \/>\n<meta property=\"og:site_name\" content=\"Nettali.com\" \/>\n<meta property=\"article:publisher\" content=\"https:\/\/www.facebook.com\/nettalicom\" \/>\n<meta property=\"article:published_time\" content=\"2023-06-13T12:49:25+00:00\" \/>\n<meta property=\"article:modified_time\" content=\"2023-06-14T08:37:24+00:00\" \/>\n<meta property=\"og:image\" content=\"https:\/\/www.nettali.com\/wp-content\/uploads\/2022\/10\/sall_macky_8.jpg\" \/>\n\t<meta property=\"og:image:width\" content=\"900\" \/>\n\t<meta property=\"og:image:height\" content=\"506\" \/>\n<meta name=\"twitter:card\" content=\"summary_large_image\" \/>\n<meta name=\"twitter:label1\" content=\"\u00c9crit par\" \/>\n\t<meta name=\"twitter:data1\" content=\"Daouda\" \/>\n\t<meta name=\"twitter:label2\" content=\"Dur\u00e9e de lecture estim\u00e9e\" \/>\n\t<meta name=\"twitter:data2\" content=\"5 minutes\" \/>\n<script type=\"application\/ld+json\" class=\"yoast-schema-graph\">{\"@context\":\"https:\/\/schema.org\",\"@graph\":[{\"@type\":\"WebSite\",\"@id\":\"https:\/\/www.nettali.com\/#website\",\"url\":\"https:\/\/www.nettali.com\/\",\"name\":\"Nettali.com\",\"description\":\"Le rendez-vous critique du Net\",\"potentialAction\":[{\"@type\":\"SearchAction\",\"target\":{\"@type\":\"EntryPoint\",\"urlTemplate\":\"https:\/\/www.nettali.com\/?s={search_term_string}\"},\"query-input\":\"required name=search_term_string\"}],\"inLanguage\":\"fr-FR\"},{\"@type\":\"ImageObject\",\"@id\":\"https:\/\/www.nettali.com\/2023\/06\/13\/palais-presidentiel-macky-consulte-pour-remanier-son-gouvernement\/#primaryimage\",\"inLanguage\":\"fr-FR\",\"url\":\"https:\/\/www.nettali.com\/wp-content\/uploads\/2022\/10\/sall_macky_8.jpg\",\"contentUrl\":\"https:\/\/www.nettali.com\/wp-content\/uploads\/2022\/10\/sall_macky_8.jpg\",\"width\":900,\"height\":506},{\"@type\":\"WebPage\",\"@id\":\"https:\/\/www.nettali.com\/2023\/06\/13\/palais-presidentiel-macky-consulte-pour-remanier-son-gouvernement\/#webpage\",\"url\":\"https:\/\/www.nettali.com\/2023\/06\/13\/palais-presidentiel-macky-consulte-pour-remanier-son-gouvernement\/\",\"name\":\"PALAIS PR\\u00c9SIDENTIEL \\u2013 Macky consulte pour remanier son gouvernement | Nettali.com\",\"isPartOf\":{\"@id\":\"https:\/\/www.nettali.com\/#website\"},\"primaryImageOfPage\":{\"@id\":\"https:\/\/www.nettali.com\/2023\/06\/13\/palais-presidentiel-macky-consulte-pour-remanier-son-gouvernement\/#primaryimage\"},\"datePublished\":\"2023-06-13T12:49:25+00:00\",\"dateModified\":\"2023-06-14T08:37:24+00:00\",\"author\":{\"@id\":\"https:\/\/www.nettali.com\/#\/schema\/person\/3317e0bb3aa1da309fbf7b2780901bf4\"},\"breadcrumb\":{\"@id\":\"https:\/\/www.nettali.com\/2023\/06\/13\/palais-presidentiel-macky-consulte-pour-remanier-son-gouvernement\/#breadcrumb\"},\"inLanguage\":\"fr-FR\",\"potentialAction\":[{\"@type\":\"ReadAction\",\"target\":[\"https:\/\/www.nettali.com\/2023\/06\/13\/palais-presidentiel-macky-consulte-pour-remanier-son-gouvernement\/\"]}]},{\"@type\":\"BreadcrumbList\",\"@id\":\"https:\/\/www.nettali.com\/2023\/06\/13\/palais-presidentiel-macky-consulte-pour-remanier-son-gouvernement\/#breadcrumb\",\"itemListElement\":[{\"@type\":\"ListItem\",\"position\":1,\"name\":\"Accueil\",\"item\":\"https:\/\/www.nettali.com\/\"},{\"@type\":\"ListItem\",\"position\":2,\"name\":\"PALAIS PR\\u00c9SIDENTIEL \\u2013 Macky consulte pour remanier son gouvernement\"}]},{\"@type\":\"Person\",\"@id\":\"https:\/\/www.nettali.com\/#\/schema\/person\/3317e0bb3aa1da309fbf7b2780901bf4\",\"name\":\"Daouda\",\"image\":{\"@type\":\"ImageObject\",\"@id\":\"https:\/\/www.nettali.com\/#personlogo\",\"inLanguage\":\"fr-FR\",\"url\":\"https:\/\/secure.gravatar.com\/avatar\/8d143b5a49345098ddcfee1c49c2f47c?s=96&d=mm&r=g\",\"contentUrl\":\"https:\/\/secure.gravatar.com\/avatar\/8d143b5a49345098ddcfee1c49c2f47c?s=96&d=mm&r=g\",\"caption\":\"Daouda\"},\"sameAs\":[\"https:\/\/www.nettali.com\"]}]}<\/script>\n<!-- \/ Yoast SEO Premium plugin. -->","yoast_head_json":{"title":"PALAIS PR\u00c9SIDENTIEL \u2013 Macky consulte pour remanier son gouvernement | Nettali.com","robots":{"index":"index","follow":"follow","max-snippet":"max-snippet:-1","max-image-preview":"max-image-preview:large","max-video-preview":"max-video-preview:-1"},"canonical":"https:\/\/www.nettali.com\/2023\/06\/13\/palais-presidentiel-macky-consulte-pour-remanier-son-gouvernement\/","og_locale":"fr_FR","og_type":"article","og_title":"PALAIS PR\u00c9SIDENTIEL \u2013 Macky consulte pour remanier son gouvernement","og_description":"NETTALI.COM - Le chef de l\u2019\u00c9tat est en train de consulter pour un nouvel attelage gouvernemental, dans un contexte de fortes tensions politiques. L\u2019application des conclusions du Dialogue politique, attendues le 25 juin, explique en partie cette volont\u00e9 de Macky Sall de remodeler l\u2019attelage conduit par le Premier ministre Amadou B\u00e2. La s\u00e9curit\u00e9, la justice [&hellip;]","og_url":"https:\/\/www.nettali.com\/2023\/06\/13\/palais-presidentiel-macky-consulte-pour-remanier-son-gouvernement\/","og_site_name":"Nettali.com","article_publisher":"https:\/\/www.facebook.com\/nettalicom","article_published_time":"2023-06-13T12:49:25+00:00","article_modified_time":"2023-06-14T08:37:24+00:00","og_image":[{"width":900,"height":506,"url":"https:\/\/www.nettali.com\/wp-content\/uploads\/2022\/10\/sall_macky_8.jpg","type":"image\/jpeg"}],"twitter_card":"summary_large_image","twitter_misc":{"\u00c9crit par":"Daouda","Dur\u00e9e de lecture estim\u00e9e":"5 minutes"},"schema":{"@context":"https:\/\/schema.org","@graph":[{"@type":"WebSite","@id":"https:\/\/www.nettali.com\/#website","url":"https:\/\/www.nettali.com\/","name":"Nettali.com","description":"Le rendez-vous critique du Net","potentialAction":[{"@type":"SearchAction","target":{"@type":"EntryPoint","urlTemplate":"https:\/\/www.nettali.com\/?s={search_term_string}"},"query-input":"required name=search_term_string"}],"inLanguage":"fr-FR"},{"@type":"ImageObject","@id":"https:\/\/www.nettali.com\/2023\/06\/13\/palais-presidentiel-macky-consulte-pour-remanier-son-gouvernement\/#primaryimage","inLanguage":"fr-FR","url":"https:\/\/www.nettali.com\/wp-content\/uploads\/2022\/10\/sall_macky_8.jpg","contentUrl":"https:\/\/www.nettali.com\/wp-content\/uploads\/2022\/10\/sall_macky_8.jpg","width":900,"height":506},{"@type":"WebPage","@id":"https:\/\/www.nettali.com\/2023\/06\/13\/palais-presidentiel-macky-consulte-pour-remanier-son-gouvernement\/#webpage","url":"https:\/\/www.nettali.com\/2023\/06\/13\/palais-presidentiel-macky-consulte-pour-remanier-son-gouvernement\/","name":"PALAIS PR\u00c9SIDENTIEL \u2013 Macky consulte pour remanier son gouvernement | Nettali.com","isPartOf":{"@id":"https:\/\/www.nettali.com\/#website"},"primaryImageOfPage":{"@id":"https:\/\/www.nettali.com\/2023\/06\/13\/palais-presidentiel-macky-consulte-pour-remanier-son-gouvernement\/#primaryimage"},"datePublished":"2023-06-13T12:49:25+00:00","dateModified":"2023-06-14T08:37:24+00:00","author":{"@id":"https:\/\/www.nettali.com\/#\/schema\/person\/3317e0bb3aa1da309fbf7b2780901bf4"},"breadcrumb":{"@id":"https:\/\/www.nettali.com\/2023\/06\/13\/palais-presidentiel-macky-consulte-pour-remanier-son-gouvernement\/#breadcrumb"},"inLanguage":"fr-FR","potentialAction":[{"@type":"ReadAction","target":["https:\/\/www.nettali.com\/2023\/06\/13\/palais-presidentiel-macky-consulte-pour-remanier-son-gouvernement\/"]}]},{"@type":"BreadcrumbList","@id":"https:\/\/www.nettali.com\/2023\/06\/13\/palais-presidentiel-macky-consulte-pour-remanier-son-gouvernement\/#breadcrumb","itemListElement":[{"@type":"ListItem","position":1,"name":"Accueil","item":"https:\/\/www.nettali.com\/"},{"@type":"ListItem","position":2,"name":"PALAIS PR\u00c9SIDENTIEL \u2013 Macky consulte pour remanier son gouvernement"}]},{"@type":"Person","@id":"https:\/\/www.nettali.com\/#\/schema\/person\/3317e0bb3aa1da309fbf7b2780901bf4","name":"Daouda","image":{"@type":"ImageObject","@id":"https:\/\/www.nettali.com\/#personlogo","inLanguage":"fr-FR","url":"https:\/\/secure.gravatar.com\/avatar\/8d143b5a49345098ddcfee1c49c2f47c?s=96&d=mm&r=g","contentUrl":"https:\/\/secure.gravatar.com\/avatar\/8d143b5a49345098ddcfee1c49c2f47c?s=96&d=mm&r=g","caption":"Daouda"},"sameAs":["https:\/\/www.nettali.com"]}]}},"_links":{"self":[{"href":"https:\/\/www.nettali.com\/rest\/wp\/v2\/posts\/112017"}],"collection":[{"href":"https:\/\/www.nettali.com\/rest\/wp\/v2\/posts"}],"about":[{"href":"https:\/\/www.nettali.com\/rest\/wp\/v2\/types\/post"}],"author":[{"embeddable":true,"href":"https:\/\/www.nettali.com\/rest\/wp\/v2\/users\/4"}],"replies":[{"embeddable":true,"href":"https:\/\/www.nettali.com\/rest\/wp\/v2\/comments?post=112017"}],"version-history":[{"count":3,"href":"https:\/\/www.nettali.com\/rest\/wp\/v2\/posts\/112017\/revisions"}],"predecessor-version":[{"id":112020,"href":"https:\/\/www.nettali.com\/rest\/wp\/v2\/posts\/112017\/revisions\/112020"}],"wp:featuredmedia":[{"embeddable":true,"href":"https:\/\/www.nettali.com\/rest\/wp\/v2\/media\/96286"}],"wp:attachment":[{"href":"https:\/\/www.nettali.com\/rest\/wp\/v2\/media?parent=112017"}],"wp:term":[{"taxonomy":"category","embeddable":true,"href":"https:\/\/www.nettali.com\/rest\/wp\/v2\/categories?post=112017"},{"taxonomy":"post_tag","embeddable":true,"href":"https:\/\/www.nettali.com\/rest\/wp\/v2\/tags?post=112017"}],"curies":[{"name":"wp","href":"https:\/\/api.w.org\/{rel}","templated":true}]}}