{"id":112015,"date":"2023-06-13T13:03:26","date_gmt":"2023-06-13T13:03:26","guid":{"rendered":"https:\/\/www.nettali.com\/?p=112015"},"modified":"2023-06-13T13:03:26","modified_gmt":"2023-06-13T13:03:26","slug":"plage-de-lucad-le-corps-sans-vie-dun-etudiant-repeche","status":"publish","type":"post","link":"https:\/\/www.nettali.com\/2023\/06\/13\/plage-de-lucad-le-corps-sans-vie-dun-etudiant-repeche\/","title":{"rendered":"PLAGE DE L'UCAD - Le corps sans vie d\u2019un \u00e9tudiant rep\u00each\u00e9"},"content":{"rendered":"<p><strong>NETTALI.COM - Le corps sans vie d\u2019un \u00e9tudiant de 20 ans a \u00e9t\u00e9 d\u00e9couvert \u00e0 la plage de la corniche Ouest en face de l\u2019Universit\u00e9 Cheikh Anta Diop, sur l\u2019axe IFAN.<\/strong><\/p>\n<p>Avis\u00e9s, les sapeurs-pompiers et les policiers du Point E se sont d\u00e9ploy\u00e9s sur les lieux. Au terme des constats d\u2019usage, les soldats du feu ont achemin\u00e9 la d\u00e9pouille \u00e0 l'h\u00f4pital.<\/p>\n<p>Selon L\u2019Observateur dans sa parution de ce mardi 13 juin, ce sont des riverains qui fr\u00e9quentent la plage de la Corniche Ouest qui sont tomb\u00e9s ce lundi sur le corps sans vie dans un coin, sur le sable fin.<\/p>\n<div class='share-to-whatsapp-wrapper'><div class='share-on-whsp'>PARTAGER SUR : <\/div><a data-text='PLAGE DE L'UCAD - Le corps sans vie d\u2019un \u00e9tudiant rep\u00each\u00e9' data-link='https:\/\/www.nettali.com\/2023\/06\/13\/plage-de-lucad-le-corps-sans-vie-dun-etudiant-repeche\/' class='whatsapp-button whatsapp-share'>WhatsApp<\/a><div class='clear '><\/div><\/div>","protected":false},"excerpt":{"rendered":"<p>NETTALI.COM - Le corps sans vie d\u2019un \u00e9tudiant de 20 ans a \u00e9t\u00e9 d\u00e9couvert \u00e0 la plage de la corniche Ouest en face de l\u2019Universit\u00e9 Cheikh Anta Diop, sur l\u2019axe IFAN. Avis\u00e9s, les sapeurs-pompiers et les policiers du Point E se sont d\u00e9ploy\u00e9s sur les lieux. Au terme des constats d\u2019usage, les soldats du feu [&hellip;]<\/p>\n","protected":false},"author":5,"featured_media":65567,"comment_status":"open","ping_status":"open","sticky":false,"template":"","format":"standard","meta":{"_et_pb_use_builder":"","_et_pb_old_content":""},"categories":[3],"tags":[],"yoast_head":"<!-- This site is optimized with the Yoast SEO Premium plugin v17.8 (Yoast SEO v17.8) - https:\/\/yoast.com\/wordpress\/plugins\/seo\/ -->\n<title>PLAGE DE L&#039;UCAD - Le corps sans vie d\u2019un \u00e9tudiant rep\u00each\u00e9 | Nettali.com<\/title>\n<meta name=\"robots\" content=\"index, follow, max-snippet:-1, max-image-preview:large, max-video-preview:-1\" \/>\n<link rel=\"canonical\" href=\"https:\/\/www.nettali.com\/2023\/06\/13\/plage-de-lucad-le-corps-sans-vie-dun-etudiant-repeche\/\" \/>\n<meta property=\"og:locale\" content=\"fr_FR\" \/>\n<meta property=\"og:type\" content=\"article\" \/>\n<meta property=\"og:title\" content=\"PLAGE DE L&#039;UCAD - Le corps sans vie d\u2019un \u00e9tudiant rep\u00each\u00e9\" \/>\n<meta property=\"og:description\" content=\"NETTALI.COM - Le corps sans vie d\u2019un \u00e9tudiant de 20 ans a \u00e9t\u00e9 d\u00e9couvert \u00e0 la plage de la corniche Ouest en face de l\u2019Universit\u00e9 Cheikh Anta Diop, sur l\u2019axe IFAN. Avis\u00e9s, les sapeurs-pompiers et les policiers du Point E se sont d\u00e9ploy\u00e9s sur les lieux. Au terme des constats d\u2019usage, les soldats du feu [&hellip;]\" \/>\n<meta property=\"og:url\" content=\"https:\/\/www.nettali.com\/2023\/06\/13\/plage-de-lucad-le-corps-sans-vie-dun-etudiant-repeche\/\" \/>\n<meta property=\"og:site_name\" content=\"Nettali.com\" \/>\n<meta property=\"article:publisher\" content=\"https:\/\/www.facebook.com\/nettalicom\" \/>\n<meta property=\"article:published_time\" content=\"2023-06-13T13:03:26+00:00\" \/>\n<meta property=\"og:image\" content=\"https:\/\/www.nettali.com\/wp-content\/uploads\/2021\/06\/ambulance-sapeurs-pompiers-mort-accident-1.jpg\" \/>\n\t<meta property=\"og:image:width\" content=\"1200\" \/>\n\t<meta property=\"og:image:height\" content=\"718\" \/>\n<meta name=\"twitter:card\" content=\"summary_large_image\" \/>\n<meta name=\"twitter:label1\" content=\"\u00c9crit par\" \/>\n\t<meta name=\"twitter:data1\" content=\"Ibrahima\" \/>\n\t<meta name=\"twitter:label2\" content=\"Dur\u00e9e de lecture estim\u00e9e\" \/>\n\t<meta name=\"twitter:data2\" content=\"1 minute\" \/>\n<script type=\"application\/ld+json\" class=\"yoast-schema-graph\">{\"@context\":\"https:\/\/schema.org\",\"@graph\":[{\"@type\":\"WebSite\",\"@id\":\"https:\/\/www.nettali.com\/#website\",\"url\":\"https:\/\/www.nettali.com\/\",\"name\":\"Nettali.com\",\"description\":\"Le rendez-vous critique du Net\",\"potentialAction\":[{\"@type\":\"SearchAction\",\"target\":{\"@type\":\"EntryPoint\",\"urlTemplate\":\"https:\/\/www.nettali.com\/?s={search_term_string}\"},\"query-input\":\"required name=search_term_string\"}],\"inLanguage\":\"fr-FR\"},{\"@type\":\"ImageObject\",\"@id\":\"https:\/\/www.nettali.com\/2023\/06\/13\/plage-de-lucad-le-corps-sans-vie-dun-etudiant-repeche\/#primaryimage\",\"inLanguage\":\"fr-FR\",\"url\":\"https:\/\/www.nettali.com\/wp-content\/uploads\/2021\/06\/ambulance-sapeurs-pompiers-mort-accident-1.jpg\",\"contentUrl\":\"https:\/\/www.nettali.com\/wp-content\/uploads\/2021\/06\/ambulance-sapeurs-pompiers-mort-accident-1.jpg\",\"width\":1200,\"height\":718},{\"@type\":\"WebPage\",\"@id\":\"https:\/\/www.nettali.com\/2023\/06\/13\/plage-de-lucad-le-corps-sans-vie-dun-etudiant-repeche\/#webpage\",\"url\":\"https:\/\/www.nettali.com\/2023\/06\/13\/plage-de-lucad-le-corps-sans-vie-dun-etudiant-repeche\/\",\"name\":\"PLAGE DE L'UCAD - Le corps sans vie d\\u2019un \\u00e9tudiant rep\\u00each\\u00e9 | Nettali.com\",\"isPartOf\":{\"@id\":\"https:\/\/www.nettali.com\/#website\"},\"primaryImageOfPage\":{\"@id\":\"https:\/\/www.nettali.com\/2023\/06\/13\/plage-de-lucad-le-corps-sans-vie-dun-etudiant-repeche\/#primaryimage\"},\"datePublished\":\"2023-06-13T13:03:26+00:00\",\"dateModified\":\"2023-06-13T13:03:26+00:00\",\"author\":{\"@id\":\"https:\/\/www.nettali.com\/#\/schema\/person\/bb147657c2986240405a608162b9bb23\"},\"breadcrumb\":{\"@id\":\"https:\/\/www.nettali.com\/2023\/06\/13\/plage-de-lucad-le-corps-sans-vie-dun-etudiant-repeche\/#breadcrumb\"},\"inLanguage\":\"fr-FR\",\"potentialAction\":[{\"@type\":\"ReadAction\",\"target\":[\"https:\/\/www.nettali.com\/2023\/06\/13\/plage-de-lucad-le-corps-sans-vie-dun-etudiant-repeche\/\"]}]},{\"@type\":\"BreadcrumbList\",\"@id\":\"https:\/\/www.nettali.com\/2023\/06\/13\/plage-de-lucad-le-corps-sans-vie-dun-etudiant-repeche\/#breadcrumb\",\"itemListElement\":[{\"@type\":\"ListItem\",\"position\":1,\"name\":\"Accueil\",\"item\":\"https:\/\/www.nettali.com\/\"},{\"@type\":\"ListItem\",\"position\":2,\"name\":\"PLAGE DE L'UCAD - Le corps sans vie d\\u2019un \\u00e9tudiant rep\\u00each\\u00e9\"}]},{\"@type\":\"Person\",\"@id\":\"https:\/\/www.nettali.com\/#\/schema\/person\/bb147657c2986240405a608162b9bb23\",\"name\":\"Ibrahima\",\"image\":{\"@type\":\"ImageObject\",\"@id\":\"https:\/\/www.nettali.com\/#personlogo\",\"inLanguage\":\"fr-FR\",\"url\":\"https:\/\/secure.gravatar.com\/avatar\/26a8a81f09f0dd7624c9d5c36c9ba3a2?s=96&d=mm&r=g\",\"contentUrl\":\"https:\/\/secure.gravatar.com\/avatar\/26a8a81f09f0dd7624c9d5c36c9ba3a2?s=96&d=mm&r=g\",\"caption\":\"Ibrahima\"},\"sameAs\":[\"https:\/\/www.nettali.com\"]}]}<\/script>\n<!-- \/ Yoast SEO Premium plugin. -->","yoast_head_json":{"title":"PLAGE DE L'UCAD - Le corps sans vie d\u2019un \u00e9tudiant rep\u00each\u00e9 | Nettali.com","robots":{"index":"index","follow":"follow","max-snippet":"max-snippet:-1","max-image-preview":"max-image-preview:large","max-video-preview":"max-video-preview:-1"},"canonical":"https:\/\/www.nettali.com\/2023\/06\/13\/plage-de-lucad-le-corps-sans-vie-dun-etudiant-repeche\/","og_locale":"fr_FR","og_type":"article","og_title":"PLAGE DE L'UCAD - Le corps sans vie d\u2019un \u00e9tudiant rep\u00each\u00e9","og_description":"NETTALI.COM - Le corps sans vie d\u2019un \u00e9tudiant de 20 ans a \u00e9t\u00e9 d\u00e9couvert \u00e0 la plage de la corniche Ouest en face de l\u2019Universit\u00e9 Cheikh Anta Diop, sur l\u2019axe IFAN. Avis\u00e9s, les sapeurs-pompiers et les policiers du Point E se sont d\u00e9ploy\u00e9s sur les lieux. Au terme des constats d\u2019usage, les soldats du feu [&hellip;]","og_url":"https:\/\/www.nettali.com\/2023\/06\/13\/plage-de-lucad-le-corps-sans-vie-dun-etudiant-repeche\/","og_site_name":"Nettali.com","article_publisher":"https:\/\/www.facebook.com\/nettalicom","article_published_time":"2023-06-13T13:03:26+00:00","og_image":[{"width":1200,"height":718,"url":"https:\/\/www.nettali.com\/wp-content\/uploads\/2021\/06\/ambulance-sapeurs-pompiers-mort-accident-1.jpg","type":"image\/jpeg"}],"twitter_card":"summary_large_image","twitter_misc":{"\u00c9crit par":"Ibrahima","Dur\u00e9e de lecture estim\u00e9e":"1 minute"},"schema":{"@context":"https:\/\/schema.org","@graph":[{"@type":"WebSite","@id":"https:\/\/www.nettali.com\/#website","url":"https:\/\/www.nettali.com\/","name":"Nettali.com","description":"Le rendez-vous critique du Net","potentialAction":[{"@type":"SearchAction","target":{"@type":"EntryPoint","urlTemplate":"https:\/\/www.nettali.com\/?s={search_term_string}"},"query-input":"required name=search_term_string"}],"inLanguage":"fr-FR"},{"@type":"ImageObject","@id":"https:\/\/www.nettali.com\/2023\/06\/13\/plage-de-lucad-le-corps-sans-vie-dun-etudiant-repeche\/#primaryimage","inLanguage":"fr-FR","url":"https:\/\/www.nettali.com\/wp-content\/uploads\/2021\/06\/ambulance-sapeurs-pompiers-mort-accident-1.jpg","contentUrl":"https:\/\/www.nettali.com\/wp-content\/uploads\/2021\/06\/ambulance-sapeurs-pompiers-mort-accident-1.jpg","width":1200,"height":718},{"@type":"WebPage","@id":"https:\/\/www.nettali.com\/2023\/06\/13\/plage-de-lucad-le-corps-sans-vie-dun-etudiant-repeche\/#webpage","url":"https:\/\/www.nettali.com\/2023\/06\/13\/plage-de-lucad-le-corps-sans-vie-dun-etudiant-repeche\/","name":"PLAGE DE L'UCAD - Le corps sans vie d\u2019un \u00e9tudiant rep\u00each\u00e9 | Nettali.com","isPartOf":{"@id":"https:\/\/www.nettali.com\/#website"},"primaryImageOfPage":{"@id":"https:\/\/www.nettali.com\/2023\/06\/13\/plage-de-lucad-le-corps-sans-vie-dun-etudiant-repeche\/#primaryimage"},"datePublished":"2023-06-13T13:03:26+00:00","dateModified":"2023-06-13T13:03:26+00:00","author":{"@id":"https:\/\/www.nettali.com\/#\/schema\/person\/bb147657c2986240405a608162b9bb23"},"breadcrumb":{"@id":"https:\/\/www.nettali.com\/2023\/06\/13\/plage-de-lucad-le-corps-sans-vie-dun-etudiant-repeche\/#breadcrumb"},"inLanguage":"fr-FR","potentialAction":[{"@type":"ReadAction","target":["https:\/\/www.nettali.com\/2023\/06\/13\/plage-de-lucad-le-corps-sans-vie-dun-etudiant-repeche\/"]}]},{"@type":"BreadcrumbList","@id":"https:\/\/www.nettali.com\/2023\/06\/13\/plage-de-lucad-le-corps-sans-vie-dun-etudiant-repeche\/#breadcrumb","itemListElement":[{"@type":"ListItem","position":1,"name":"Accueil","item":"https:\/\/www.nettali.com\/"},{"@type":"ListItem","position":2,"name":"PLAGE DE L'UCAD - Le corps sans vie d\u2019un \u00e9tudiant rep\u00each\u00e9"}]},{"@type":"Person","@id":"https:\/\/www.nettali.com\/#\/schema\/person\/bb147657c2986240405a608162b9bb23","name":"Ibrahima","image":{"@type":"ImageObject","@id":"https:\/\/www.nettali.com\/#personlogo","inLanguage":"fr-FR","url":"https:\/\/secure.gravatar.com\/avatar\/26a8a81f09f0dd7624c9d5c36c9ba3a2?s=96&d=mm&r=g","contentUrl":"https:\/\/secure.gravatar.com\/avatar\/26a8a81f09f0dd7624c9d5c36c9ba3a2?s=96&d=mm&r=g","caption":"Ibrahima"},"sameAs":["https:\/\/www.nettali.com"]}]}},"_links":{"self":[{"href":"https:\/\/www.nettali.com\/rest\/wp\/v2\/posts\/112015"}],"collection":[{"href":"https:\/\/www.nettali.com\/rest\/wp\/v2\/posts"}],"about":[{"href":"https:\/\/www.nettali.com\/rest\/wp\/v2\/types\/post"}],"author":[{"embeddable":true,"href":"https:\/\/www.nettali.com\/rest\/wp\/v2\/users\/5"}],"replies":[{"embeddable":true,"href":"https:\/\/www.nettali.com\/rest\/wp\/v2\/comments?post=112015"}],"version-history":[{"count":1,"href":"https:\/\/www.nettali.com\/rest\/wp\/v2\/posts\/112015\/revisions"}],"predecessor-version":[{"id":112021,"href":"https:\/\/www.nettali.com\/rest\/wp\/v2\/posts\/112015\/revisions\/112021"}],"wp:featuredmedia":[{"embeddable":true,"href":"https:\/\/www.nettali.com\/rest\/wp\/v2\/media\/65567"}],"wp:attachment":[{"href":"https:\/\/www.nettali.com\/rest\/wp\/v2\/media?parent=112015"}],"wp:term":[{"taxonomy":"category","embeddable":true,"href":"https:\/\/www.nettali.com\/rest\/wp\/v2\/categories?post=112015"},{"taxonomy":"post_tag","embeddable":true,"href":"https:\/\/www.nettali.com\/rest\/wp\/v2\/tags?post=112015"}],"curies":[{"name":"wp","href":"https:\/\/api.w.org\/{rel}","templated":true}]}}