{"id":111977,"date":"2023-06-13T08:21:05","date_gmt":"2023-06-13T08:21:05","guid":{"rendered":"https:\/\/www.nettali.com\/?p=111977"},"modified":"2023-06-13T08:22:55","modified_gmt":"2023-06-13T08:22:55","slug":"diplomatie-pourquoi-des-senegalais-ont-ete-rapatries-dallemagne","status":"publish","type":"post","link":"https:\/\/www.nettali.com\/2023\/06\/13\/diplomatie-pourquoi-des-senegalais-ont-ete-rapatries-dallemagne\/","title":{"rendered":"DIPLOMATIE - Pourquoi des S\u00e9n\u00e9galais ont \u00e9t\u00e9 rapatri\u00e9s d'Allemagne"},"content":{"rendered":"<p><strong>NETTALI.COM - Mme le ministre des Affaires \u00e9trang\u00e8res et des S\u00e9n\u00e9galais de l'ext\u00e9rieur, A\u00efssata Tall Sall, en r\u00e9ponse \u00e0 l'interpellation de certains d\u00e9put\u00e9s a tenu \u00e0 r\u00e9v\u00e9ler que ces s\u00e9n\u00e9galais qui sont rapatri\u00e9s d'Allemagne le sont parce que le gouvernement n'avait d'autres choix.<\/strong><\/p>\n<p>A\u00efssata Tall Sall, qui faisait face aux d\u00e9put\u00e9s ce lundi, a \u00e9t\u00e9 interpell\u00e9 sur les s\u00e9n\u00e9galais rapatri\u00e9s d'Allemagne. Certaines personnes ont reproch\u00e9 au gouvernement S\u00e9n\u00e9galais de collaborer avec l'Allemagne pour ramener au pays des ressortissants qui se ont brav\u00e9 le mer ou se sont priv\u00e9s de beaucoup de choses pour se retrouver en Europe afin de changer positivement leur existence et celle de leurs familles.<\/p>\n<p>Mme le ministre des Affaires \u00e9trang\u00e8res et des S\u00e9n\u00e9galais de l'ext\u00e9rieur s'est montr\u00e9e tr\u00e8s claire. Ce n'est pas de gaiet\u00e9 de coeur que le S\u00e9n\u00e9gal a \u00e9t\u00e9 oblig\u00e9 de prendre cette d\u00e9cision malheureuse.<\/p>\n<p><em>\"Beaucoup de ceux-l\u00e0 qui sont rentr\u00e9s d\u2019Allemagne sont des repris de justice, m\u00eame si je ne voudrais pas le dire\u2019<\/em>\u2019, a-t-elle d\u00e9clar\u00e9 lorsqu\u2019elle a \u00e9t\u00e9 interrog\u00e9e sur le sort de plusieurs S\u00e9n\u00e9galais revenus r\u00e9cemment de ce pays d\u2019Europe.<\/p>\n<p><em>\u2018\u2019Ce sont des gens condamn\u00e9s \u00e0 une peine de prison ferme. Nous en avons les preuves. Devons-nous dire aux dirigeants des autres pays de garder chez eux des repris de justice qui sont de chez nous ? On ne doit pas le faire. Pour leur propre s\u00e9curit\u00e9, nous devons les ramener au S\u00e9n\u00e9gal\u2019\u2019<\/em>, a poursuivi Mme Sall.<\/p>\n<div class='share-to-whatsapp-wrapper'><div class='share-on-whsp'>PARTAGER SUR : <\/div><a data-text='DIPLOMATIE - Pourquoi des S\u00e9n\u00e9galais ont \u00e9t\u00e9 rapatri\u00e9s d'Allemagne' data-link='https:\/\/www.nettali.com\/2023\/06\/13\/diplomatie-pourquoi-des-senegalais-ont-ete-rapatries-dallemagne\/' class='whatsapp-button whatsapp-share'>WhatsApp<\/a><div class='clear '><\/div><\/div>","protected":false},"excerpt":{"rendered":"<p>NETTALI.COM - Mme le ministre des Affaires \u00e9trang\u00e8res et des S\u00e9n\u00e9galais de l'ext\u00e9rieur, A\u00efssata Tall Sall, en r\u00e9ponse \u00e0 l'interpellation de certains d\u00e9put\u00e9s a tenu \u00e0 r\u00e9v\u00e9ler que ces s\u00e9n\u00e9galais qui sont rapatri\u00e9s d'Allemagne le sont parce que le gouvernement n'avait d'autres choix. A\u00efssata Tall Sall, qui faisait face aux d\u00e9put\u00e9s ce lundi, a \u00e9t\u00e9 [&hellip;]<\/p>\n","protected":false},"author":4,"featured_media":111984,"comment_status":"open","ping_status":"open","sticky":false,"template":"","format":"standard","meta":{"_et_pb_use_builder":"","_et_pb_old_content":""},"categories":[3],"tags":[],"yoast_head":"<!-- This site is optimized with the Yoast SEO Premium plugin v17.8 (Yoast SEO v17.8) - https:\/\/yoast.com\/wordpress\/plugins\/seo\/ -->\n<title>DIPLOMATIE - Pourquoi des S\u00e9n\u00e9galais ont \u00e9t\u00e9 rapatri\u00e9s d&#039;Allemagne | Nettali.com<\/title>\n<meta name=\"robots\" content=\"index, follow, max-snippet:-1, max-image-preview:large, max-video-preview:-1\" \/>\n<link rel=\"canonical\" href=\"https:\/\/www.nettali.com\/2023\/06\/13\/diplomatie-pourquoi-des-senegalais-ont-ete-rapatries-dallemagne\/\" \/>\n<meta property=\"og:locale\" content=\"fr_FR\" \/>\n<meta property=\"og:type\" content=\"article\" \/>\n<meta property=\"og:title\" content=\"DIPLOMATIE - Pourquoi des S\u00e9n\u00e9galais ont \u00e9t\u00e9 rapatri\u00e9s d&#039;Allemagne\" \/>\n<meta property=\"og:description\" content=\"NETTALI.COM - Mme le ministre des Affaires \u00e9trang\u00e8res et des S\u00e9n\u00e9galais de l&#039;ext\u00e9rieur, A\u00efssata Tall Sall, en r\u00e9ponse \u00e0 l&#039;interpellation de certains d\u00e9put\u00e9s a tenu \u00e0 r\u00e9v\u00e9ler que ces s\u00e9n\u00e9galais qui sont rapatri\u00e9s d&#039;Allemagne le sont parce que le gouvernement n&#039;avait d&#039;autres choix. A\u00efssata Tall Sall, qui faisait face aux d\u00e9put\u00e9s ce lundi, a \u00e9t\u00e9 [&hellip;]\" \/>\n<meta property=\"og:url\" content=\"https:\/\/www.nettali.com\/2023\/06\/13\/diplomatie-pourquoi-des-senegalais-ont-ete-rapatries-dallemagne\/\" \/>\n<meta property=\"og:site_name\" content=\"Nettali.com\" \/>\n<meta property=\"article:publisher\" content=\"https:\/\/www.facebook.com\/nettalicom\" \/>\n<meta property=\"article:published_time\" content=\"2023-06-13T08:21:05+00:00\" \/>\n<meta property=\"article:modified_time\" content=\"2023-06-13T08:22:55+00:00\" \/>\n<meta property=\"og:image\" content=\"https:\/\/www.nettali.com\/wp-content\/uploads\/2023\/06\/rapatriement.jpeg\" \/>\n\t<meta property=\"og:image:width\" content=\"720\" \/>\n\t<meta property=\"og:image:height\" content=\"430\" \/>\n<meta name=\"twitter:card\" content=\"summary_large_image\" \/>\n<meta name=\"twitter:label1\" content=\"\u00c9crit par\" \/>\n\t<meta name=\"twitter:data1\" content=\"Daouda\" \/>\n\t<meta name=\"twitter:label2\" content=\"Dur\u00e9e de lecture estim\u00e9e\" \/>\n\t<meta name=\"twitter:data2\" content=\"2 minutes\" \/>\n<script type=\"application\/ld+json\" class=\"yoast-schema-graph\">{\"@context\":\"https:\/\/schema.org\",\"@graph\":[{\"@type\":\"WebSite\",\"@id\":\"https:\/\/www.nettali.com\/#website\",\"url\":\"https:\/\/www.nettali.com\/\",\"name\":\"Nettali.com\",\"description\":\"Le rendez-vous critique du Net\",\"potentialAction\":[{\"@type\":\"SearchAction\",\"target\":{\"@type\":\"EntryPoint\",\"urlTemplate\":\"https:\/\/www.nettali.com\/?s={search_term_string}\"},\"query-input\":\"required name=search_term_string\"}],\"inLanguage\":\"fr-FR\"},{\"@type\":\"ImageObject\",\"@id\":\"https:\/\/www.nettali.com\/2023\/06\/13\/diplomatie-pourquoi-des-senegalais-ont-ete-rapatries-dallemagne\/#primaryimage\",\"inLanguage\":\"fr-FR\",\"url\":\"https:\/\/www.nettali.com\/wp-content\/uploads\/2023\/06\/rapatriement.jpeg\",\"contentUrl\":\"https:\/\/www.nettali.com\/wp-content\/uploads\/2023\/06\/rapatriement.jpeg\",\"width\":720,\"height\":430},{\"@type\":\"WebPage\",\"@id\":\"https:\/\/www.nettali.com\/2023\/06\/13\/diplomatie-pourquoi-des-senegalais-ont-ete-rapatries-dallemagne\/#webpage\",\"url\":\"https:\/\/www.nettali.com\/2023\/06\/13\/diplomatie-pourquoi-des-senegalais-ont-ete-rapatries-dallemagne\/\",\"name\":\"DIPLOMATIE - Pourquoi des S\\u00e9n\\u00e9galais ont \\u00e9t\\u00e9 rapatri\\u00e9s d'Allemagne | Nettali.com\",\"isPartOf\":{\"@id\":\"https:\/\/www.nettali.com\/#website\"},\"primaryImageOfPage\":{\"@id\":\"https:\/\/www.nettali.com\/2023\/06\/13\/diplomatie-pourquoi-des-senegalais-ont-ete-rapatries-dallemagne\/#primaryimage\"},\"datePublished\":\"2023-06-13T08:21:05+00:00\",\"dateModified\":\"2023-06-13T08:22:55+00:00\",\"author\":{\"@id\":\"https:\/\/www.nettali.com\/#\/schema\/person\/3317e0bb3aa1da309fbf7b2780901bf4\"},\"breadcrumb\":{\"@id\":\"https:\/\/www.nettali.com\/2023\/06\/13\/diplomatie-pourquoi-des-senegalais-ont-ete-rapatries-dallemagne\/#breadcrumb\"},\"inLanguage\":\"fr-FR\",\"potentialAction\":[{\"@type\":\"ReadAction\",\"target\":[\"https:\/\/www.nettali.com\/2023\/06\/13\/diplomatie-pourquoi-des-senegalais-ont-ete-rapatries-dallemagne\/\"]}]},{\"@type\":\"BreadcrumbList\",\"@id\":\"https:\/\/www.nettali.com\/2023\/06\/13\/diplomatie-pourquoi-des-senegalais-ont-ete-rapatries-dallemagne\/#breadcrumb\",\"itemListElement\":[{\"@type\":\"ListItem\",\"position\":1,\"name\":\"Accueil\",\"item\":\"https:\/\/www.nettali.com\/\"},{\"@type\":\"ListItem\",\"position\":2,\"name\":\"DIPLOMATIE - Pourquoi des S\\u00e9n\\u00e9galais ont \\u00e9t\\u00e9 rapatri\\u00e9s d'Allemagne\"}]},{\"@type\":\"Person\",\"@id\":\"https:\/\/www.nettali.com\/#\/schema\/person\/3317e0bb3aa1da309fbf7b2780901bf4\",\"name\":\"Daouda\",\"image\":{\"@type\":\"ImageObject\",\"@id\":\"https:\/\/www.nettali.com\/#personlogo\",\"inLanguage\":\"fr-FR\",\"url\":\"https:\/\/secure.gravatar.com\/avatar\/8d143b5a49345098ddcfee1c49c2f47c?s=96&d=mm&r=g\",\"contentUrl\":\"https:\/\/secure.gravatar.com\/avatar\/8d143b5a49345098ddcfee1c49c2f47c?s=96&d=mm&r=g\",\"caption\":\"Daouda\"},\"sameAs\":[\"https:\/\/www.nettali.com\"]}]}<\/script>\n<!-- \/ Yoast SEO Premium plugin. -->","yoast_head_json":{"title":"DIPLOMATIE - Pourquoi des S\u00e9n\u00e9galais ont \u00e9t\u00e9 rapatri\u00e9s d'Allemagne | Nettali.com","robots":{"index":"index","follow":"follow","max-snippet":"max-snippet:-1","max-image-preview":"max-image-preview:large","max-video-preview":"max-video-preview:-1"},"canonical":"https:\/\/www.nettali.com\/2023\/06\/13\/diplomatie-pourquoi-des-senegalais-ont-ete-rapatries-dallemagne\/","og_locale":"fr_FR","og_type":"article","og_title":"DIPLOMATIE - Pourquoi des S\u00e9n\u00e9galais ont \u00e9t\u00e9 rapatri\u00e9s d'Allemagne","og_description":"NETTALI.COM - Mme le ministre des Affaires \u00e9trang\u00e8res et des S\u00e9n\u00e9galais de l'ext\u00e9rieur, A\u00efssata Tall Sall, en r\u00e9ponse \u00e0 l'interpellation de certains d\u00e9put\u00e9s a tenu \u00e0 r\u00e9v\u00e9ler que ces s\u00e9n\u00e9galais qui sont rapatri\u00e9s d'Allemagne le sont parce que le gouvernement n'avait d'autres choix. A\u00efssata Tall Sall, qui faisait face aux d\u00e9put\u00e9s ce lundi, a \u00e9t\u00e9 [&hellip;]","og_url":"https:\/\/www.nettali.com\/2023\/06\/13\/diplomatie-pourquoi-des-senegalais-ont-ete-rapatries-dallemagne\/","og_site_name":"Nettali.com","article_publisher":"https:\/\/www.facebook.com\/nettalicom","article_published_time":"2023-06-13T08:21:05+00:00","article_modified_time":"2023-06-13T08:22:55+00:00","og_image":[{"width":720,"height":430,"url":"https:\/\/www.nettali.com\/wp-content\/uploads\/2023\/06\/rapatriement.jpeg","type":"image\/jpeg"}],"twitter_card":"summary_large_image","twitter_misc":{"\u00c9crit par":"Daouda","Dur\u00e9e de lecture estim\u00e9e":"2 minutes"},"schema":{"@context":"https:\/\/schema.org","@graph":[{"@type":"WebSite","@id":"https:\/\/www.nettali.com\/#website","url":"https:\/\/www.nettali.com\/","name":"Nettali.com","description":"Le rendez-vous critique du Net","potentialAction":[{"@type":"SearchAction","target":{"@type":"EntryPoint","urlTemplate":"https:\/\/www.nettali.com\/?s={search_term_string}"},"query-input":"required name=search_term_string"}],"inLanguage":"fr-FR"},{"@type":"ImageObject","@id":"https:\/\/www.nettali.com\/2023\/06\/13\/diplomatie-pourquoi-des-senegalais-ont-ete-rapatries-dallemagne\/#primaryimage","inLanguage":"fr-FR","url":"https:\/\/www.nettali.com\/wp-content\/uploads\/2023\/06\/rapatriement.jpeg","contentUrl":"https:\/\/www.nettali.com\/wp-content\/uploads\/2023\/06\/rapatriement.jpeg","width":720,"height":430},{"@type":"WebPage","@id":"https:\/\/www.nettali.com\/2023\/06\/13\/diplomatie-pourquoi-des-senegalais-ont-ete-rapatries-dallemagne\/#webpage","url":"https:\/\/www.nettali.com\/2023\/06\/13\/diplomatie-pourquoi-des-senegalais-ont-ete-rapatries-dallemagne\/","name":"DIPLOMATIE - Pourquoi des S\u00e9n\u00e9galais ont \u00e9t\u00e9 rapatri\u00e9s d'Allemagne | Nettali.com","isPartOf":{"@id":"https:\/\/www.nettali.com\/#website"},"primaryImageOfPage":{"@id":"https:\/\/www.nettali.com\/2023\/06\/13\/diplomatie-pourquoi-des-senegalais-ont-ete-rapatries-dallemagne\/#primaryimage"},"datePublished":"2023-06-13T08:21:05+00:00","dateModified":"2023-06-13T08:22:55+00:00","author":{"@id":"https:\/\/www.nettali.com\/#\/schema\/person\/3317e0bb3aa1da309fbf7b2780901bf4"},"breadcrumb":{"@id":"https:\/\/www.nettali.com\/2023\/06\/13\/diplomatie-pourquoi-des-senegalais-ont-ete-rapatries-dallemagne\/#breadcrumb"},"inLanguage":"fr-FR","potentialAction":[{"@type":"ReadAction","target":["https:\/\/www.nettali.com\/2023\/06\/13\/diplomatie-pourquoi-des-senegalais-ont-ete-rapatries-dallemagne\/"]}]},{"@type":"BreadcrumbList","@id":"https:\/\/www.nettali.com\/2023\/06\/13\/diplomatie-pourquoi-des-senegalais-ont-ete-rapatries-dallemagne\/#breadcrumb","itemListElement":[{"@type":"ListItem","position":1,"name":"Accueil","item":"https:\/\/www.nettali.com\/"},{"@type":"ListItem","position":2,"name":"DIPLOMATIE - Pourquoi des S\u00e9n\u00e9galais ont \u00e9t\u00e9 rapatri\u00e9s d'Allemagne"}]},{"@type":"Person","@id":"https:\/\/www.nettali.com\/#\/schema\/person\/3317e0bb3aa1da309fbf7b2780901bf4","name":"Daouda","image":{"@type":"ImageObject","@id":"https:\/\/www.nettali.com\/#personlogo","inLanguage":"fr-FR","url":"https:\/\/secure.gravatar.com\/avatar\/8d143b5a49345098ddcfee1c49c2f47c?s=96&d=mm&r=g","contentUrl":"https:\/\/secure.gravatar.com\/avatar\/8d143b5a49345098ddcfee1c49c2f47c?s=96&d=mm&r=g","caption":"Daouda"},"sameAs":["https:\/\/www.nettali.com"]}]}},"_links":{"self":[{"href":"https:\/\/www.nettali.com\/rest\/wp\/v2\/posts\/111977"}],"collection":[{"href":"https:\/\/www.nettali.com\/rest\/wp\/v2\/posts"}],"about":[{"href":"https:\/\/www.nettali.com\/rest\/wp\/v2\/types\/post"}],"author":[{"embeddable":true,"href":"https:\/\/www.nettali.com\/rest\/wp\/v2\/users\/4"}],"replies":[{"embeddable":true,"href":"https:\/\/www.nettali.com\/rest\/wp\/v2\/comments?post=111977"}],"version-history":[{"count":1,"href":"https:\/\/www.nettali.com\/rest\/wp\/v2\/posts\/111977\/revisions"}],"predecessor-version":[{"id":111983,"href":"https:\/\/www.nettali.com\/rest\/wp\/v2\/posts\/111977\/revisions\/111983"}],"wp:featuredmedia":[{"embeddable":true,"href":"https:\/\/www.nettali.com\/rest\/wp\/v2\/media\/111984"}],"wp:attachment":[{"href":"https:\/\/www.nettali.com\/rest\/wp\/v2\/media?parent=111977"}],"wp:term":[{"taxonomy":"category","embeddable":true,"href":"https:\/\/www.nettali.com\/rest\/wp\/v2\/categories?post=111977"},{"taxonomy":"post_tag","embeddable":true,"href":"https:\/\/www.nettali.com\/rest\/wp\/v2\/tags?post=111977"}],"curies":[{"name":"wp","href":"https:\/\/api.w.org\/{rel}","templated":true}]}}