{"id":111963,"date":"2023-06-13T08:00:06","date_gmt":"2023-06-13T08:00:06","guid":{"rendered":"https:\/\/www.nettali.com\/?p=111963"},"modified":"2023-06-13T08:00:06","modified_gmt":"2023-06-13T08:00:06","slug":"en-coulisses-mbappe-refuse-de-prolonger","status":"publish","type":"post","link":"https:\/\/www.nettali.com\/2023\/06\/13\/en-coulisses-mbappe-refuse-de-prolonger\/","title":{"rendered":"EN COULISSES - Mbapp\u00e9 refuse de prolonger !"},"content":{"rendered":"<p><strong>NETTALI.COM -\u00a0<\/strong>La tension vient subitement de grimper du c\u00f4t\u00e9 du Qatar, puisque le lundi 12 juin, Kylian Mbapp\u00e9 a pris sa plus belle plume pour annoncer qu\u2019il ne faisait pas jouer son option pour une ann\u00e9e de contrat en plus. Une information r\u00e9v\u00e9l\u00e9e par L\u2019Equipe.<\/p>\n<p>En effet, le vice-champion du monde avait jusqu\u2019au 31 juillet pour d\u00e9cider unilat\u00e9ralement de prolonger jusqu\u2019en 2025, mais le num\u00e9ro 7 du PSG a d\u00e9j\u00e0 pr\u00e9venu Nasser Al-Khelaifi qu\u2019il ne le fera pas.<\/p>\n<p>Concr\u00e8tement, cela veut dire que Mbapp\u00e9 est li\u00e9 encore un an avec les champions de France. Et donc, si Paris veut r\u00e9aliser un transfert payant, ce sera lors de ce mercato et pas dans un an.<\/p>\n<p>De quoi ouvrir les portes \u00e0 une offre du Real Madrid, m\u00eame si Florentino Perez a dit ce week-end qu\u2019il ne voulait pas recruter le joueur fran\u00e7ais cet \u00e9t\u00e9.<\/p>\n<p>Du c\u00f4t\u00e9 du Paris Saint-Germain, une fois le coup encaiss\u00e9, on semble avoir d\u00e9cid\u00e9 de rester fort.<\/p>\n<div class='share-to-whatsapp-wrapper'><div class='share-on-whsp'>PARTAGER SUR : <\/div><a data-text='EN COULISSES - Mbapp\u00e9 refuse de prolonger !' data-link='https:\/\/www.nettali.com\/2023\/06\/13\/en-coulisses-mbappe-refuse-de-prolonger\/' class='whatsapp-button whatsapp-share'>WhatsApp<\/a><div class='clear '><\/div><\/div>","protected":false},"excerpt":{"rendered":"<p>NETTALI.COM -\u00a0La tension vient subitement de grimper du c\u00f4t\u00e9 du Qatar, puisque le lundi 12 juin, Kylian Mbapp\u00e9 a pris sa plus belle plume pour annoncer qu\u2019il ne faisait pas jouer son option pour une ann\u00e9e de contrat en plus. Une information r\u00e9v\u00e9l\u00e9e par L\u2019Equipe. En effet, le vice-champion du monde avait jusqu\u2019au 31 juillet [&hellip;]<\/p>\n","protected":false},"author":5,"featured_media":111964,"comment_status":"open","ping_status":"open","sticky":false,"template":"","format":"standard","meta":{"_et_pb_use_builder":"","_et_pb_old_content":""},"categories":[34945],"tags":[],"yoast_head":"<!-- This site is optimized with the Yoast SEO Premium plugin v17.8 (Yoast SEO v17.8) - https:\/\/yoast.com\/wordpress\/plugins\/seo\/ -->\n<title>EN COULISSES - Mbapp\u00e9 refuse de prolonger ! | Nettali.com<\/title>\n<meta name=\"robots\" content=\"index, follow, max-snippet:-1, max-image-preview:large, max-video-preview:-1\" \/>\n<link rel=\"canonical\" href=\"https:\/\/www.nettali.com\/2023\/06\/13\/en-coulisses-mbappe-refuse-de-prolonger\/\" \/>\n<meta property=\"og:locale\" content=\"fr_FR\" \/>\n<meta property=\"og:type\" content=\"article\" \/>\n<meta property=\"og:title\" content=\"EN COULISSES - Mbapp\u00e9 refuse de prolonger !\" \/>\n<meta property=\"og:description\" content=\"NETTALI.COM -\u00a0La tension vient subitement de grimper du c\u00f4t\u00e9 du Qatar, puisque le lundi 12 juin, Kylian Mbapp\u00e9 a pris sa plus belle plume pour annoncer qu\u2019il ne faisait pas jouer son option pour une ann\u00e9e de contrat en plus. Une information r\u00e9v\u00e9l\u00e9e par L\u2019Equipe. En effet, le vice-champion du monde avait jusqu\u2019au 31 juillet [&hellip;]\" \/>\n<meta property=\"og:url\" content=\"https:\/\/www.nettali.com\/2023\/06\/13\/en-coulisses-mbappe-refuse-de-prolonger\/\" \/>\n<meta property=\"og:site_name\" content=\"Nettali.com\" \/>\n<meta property=\"article:publisher\" content=\"https:\/\/www.facebook.com\/nettalicom\" \/>\n<meta property=\"article:published_time\" content=\"2023-06-13T08:00:06+00:00\" \/>\n<meta property=\"og:image\" content=\"https:\/\/www.nettali.com\/wp-content\/uploads\/2023\/06\/Kylian-Mbappe-scaled.jpeg\" \/>\n\t<meta property=\"og:image:width\" content=\"2560\" \/>\n\t<meta property=\"og:image:height\" content=\"1440\" \/>\n<meta name=\"twitter:card\" content=\"summary_large_image\" \/>\n<meta name=\"twitter:label1\" content=\"\u00c9crit par\" \/>\n\t<meta name=\"twitter:data1\" content=\"Ibrahima\" \/>\n\t<meta name=\"twitter:label2\" content=\"Dur\u00e9e de lecture estim\u00e9e\" \/>\n\t<meta name=\"twitter:data2\" content=\"1 minute\" \/>\n<script type=\"application\/ld+json\" class=\"yoast-schema-graph\">{\"@context\":\"https:\/\/schema.org\",\"@graph\":[{\"@type\":\"WebSite\",\"@id\":\"https:\/\/www.nettali.com\/#website\",\"url\":\"https:\/\/www.nettali.com\/\",\"name\":\"Nettali.com\",\"description\":\"Le rendez-vous critique du Net\",\"potentialAction\":[{\"@type\":\"SearchAction\",\"target\":{\"@type\":\"EntryPoint\",\"urlTemplate\":\"https:\/\/www.nettali.com\/?s={search_term_string}\"},\"query-input\":\"required name=search_term_string\"}],\"inLanguage\":\"fr-FR\"},{\"@type\":\"ImageObject\",\"@id\":\"https:\/\/www.nettali.com\/2023\/06\/13\/en-coulisses-mbappe-refuse-de-prolonger\/#primaryimage\",\"inLanguage\":\"fr-FR\",\"url\":\"https:\/\/www.nettali.com\/wp-content\/uploads\/2023\/06\/Kylian-Mbappe-scaled.jpeg\",\"contentUrl\":\"https:\/\/www.nettali.com\/wp-content\/uploads\/2023\/06\/Kylian-Mbappe-scaled.jpeg\",\"width\":2560,\"height\":1440},{\"@type\":\"WebPage\",\"@id\":\"https:\/\/www.nettali.com\/2023\/06\/13\/en-coulisses-mbappe-refuse-de-prolonger\/#webpage\",\"url\":\"https:\/\/www.nettali.com\/2023\/06\/13\/en-coulisses-mbappe-refuse-de-prolonger\/\",\"name\":\"EN COULISSES - Mbapp\\u00e9 refuse de prolonger ! | Nettali.com\",\"isPartOf\":{\"@id\":\"https:\/\/www.nettali.com\/#website\"},\"primaryImageOfPage\":{\"@id\":\"https:\/\/www.nettali.com\/2023\/06\/13\/en-coulisses-mbappe-refuse-de-prolonger\/#primaryimage\"},\"datePublished\":\"2023-06-13T08:00:06+00:00\",\"dateModified\":\"2023-06-13T08:00:06+00:00\",\"author\":{\"@id\":\"https:\/\/www.nettali.com\/#\/schema\/person\/bb147657c2986240405a608162b9bb23\"},\"breadcrumb\":{\"@id\":\"https:\/\/www.nettali.com\/2023\/06\/13\/en-coulisses-mbappe-refuse-de-prolonger\/#breadcrumb\"},\"inLanguage\":\"fr-FR\",\"potentialAction\":[{\"@type\":\"ReadAction\",\"target\":[\"https:\/\/www.nettali.com\/2023\/06\/13\/en-coulisses-mbappe-refuse-de-prolonger\/\"]}]},{\"@type\":\"BreadcrumbList\",\"@id\":\"https:\/\/www.nettali.com\/2023\/06\/13\/en-coulisses-mbappe-refuse-de-prolonger\/#breadcrumb\",\"itemListElement\":[{\"@type\":\"ListItem\",\"position\":1,\"name\":\"Accueil\",\"item\":\"https:\/\/www.nettali.com\/\"},{\"@type\":\"ListItem\",\"position\":2,\"name\":\"EN COULISSES - Mbapp\\u00e9 refuse de prolonger !\"}]},{\"@type\":\"Person\",\"@id\":\"https:\/\/www.nettali.com\/#\/schema\/person\/bb147657c2986240405a608162b9bb23\",\"name\":\"Ibrahima\",\"image\":{\"@type\":\"ImageObject\",\"@id\":\"https:\/\/www.nettali.com\/#personlogo\",\"inLanguage\":\"fr-FR\",\"url\":\"https:\/\/secure.gravatar.com\/avatar\/26a8a81f09f0dd7624c9d5c36c9ba3a2?s=96&d=mm&r=g\",\"contentUrl\":\"https:\/\/secure.gravatar.com\/avatar\/26a8a81f09f0dd7624c9d5c36c9ba3a2?s=96&d=mm&r=g\",\"caption\":\"Ibrahima\"},\"sameAs\":[\"https:\/\/www.nettali.com\"]}]}<\/script>\n<!-- \/ Yoast SEO Premium plugin. -->","yoast_head_json":{"title":"EN COULISSES - Mbapp\u00e9 refuse de prolonger ! | Nettali.com","robots":{"index":"index","follow":"follow","max-snippet":"max-snippet:-1","max-image-preview":"max-image-preview:large","max-video-preview":"max-video-preview:-1"},"canonical":"https:\/\/www.nettali.com\/2023\/06\/13\/en-coulisses-mbappe-refuse-de-prolonger\/","og_locale":"fr_FR","og_type":"article","og_title":"EN COULISSES - Mbapp\u00e9 refuse de prolonger !","og_description":"NETTALI.COM -\u00a0La tension vient subitement de grimper du c\u00f4t\u00e9 du Qatar, puisque le lundi 12 juin, Kylian Mbapp\u00e9 a pris sa plus belle plume pour annoncer qu\u2019il ne faisait pas jouer son option pour une ann\u00e9e de contrat en plus. Une information r\u00e9v\u00e9l\u00e9e par L\u2019Equipe. En effet, le vice-champion du monde avait jusqu\u2019au 31 juillet [&hellip;]","og_url":"https:\/\/www.nettali.com\/2023\/06\/13\/en-coulisses-mbappe-refuse-de-prolonger\/","og_site_name":"Nettali.com","article_publisher":"https:\/\/www.facebook.com\/nettalicom","article_published_time":"2023-06-13T08:00:06+00:00","og_image":[{"width":2560,"height":1440,"url":"https:\/\/www.nettali.com\/wp-content\/uploads\/2023\/06\/Kylian-Mbappe-scaled.jpeg","type":"image\/jpeg"}],"twitter_card":"summary_large_image","twitter_misc":{"\u00c9crit par":"Ibrahima","Dur\u00e9e de lecture estim\u00e9e":"1 minute"},"schema":{"@context":"https:\/\/schema.org","@graph":[{"@type":"WebSite","@id":"https:\/\/www.nettali.com\/#website","url":"https:\/\/www.nettali.com\/","name":"Nettali.com","description":"Le rendez-vous critique du Net","potentialAction":[{"@type":"SearchAction","target":{"@type":"EntryPoint","urlTemplate":"https:\/\/www.nettali.com\/?s={search_term_string}"},"query-input":"required name=search_term_string"}],"inLanguage":"fr-FR"},{"@type":"ImageObject","@id":"https:\/\/www.nettali.com\/2023\/06\/13\/en-coulisses-mbappe-refuse-de-prolonger\/#primaryimage","inLanguage":"fr-FR","url":"https:\/\/www.nettali.com\/wp-content\/uploads\/2023\/06\/Kylian-Mbappe-scaled.jpeg","contentUrl":"https:\/\/www.nettali.com\/wp-content\/uploads\/2023\/06\/Kylian-Mbappe-scaled.jpeg","width":2560,"height":1440},{"@type":"WebPage","@id":"https:\/\/www.nettali.com\/2023\/06\/13\/en-coulisses-mbappe-refuse-de-prolonger\/#webpage","url":"https:\/\/www.nettali.com\/2023\/06\/13\/en-coulisses-mbappe-refuse-de-prolonger\/","name":"EN COULISSES - Mbapp\u00e9 refuse de prolonger ! | Nettali.com","isPartOf":{"@id":"https:\/\/www.nettali.com\/#website"},"primaryImageOfPage":{"@id":"https:\/\/www.nettali.com\/2023\/06\/13\/en-coulisses-mbappe-refuse-de-prolonger\/#primaryimage"},"datePublished":"2023-06-13T08:00:06+00:00","dateModified":"2023-06-13T08:00:06+00:00","author":{"@id":"https:\/\/www.nettali.com\/#\/schema\/person\/bb147657c2986240405a608162b9bb23"},"breadcrumb":{"@id":"https:\/\/www.nettali.com\/2023\/06\/13\/en-coulisses-mbappe-refuse-de-prolonger\/#breadcrumb"},"inLanguage":"fr-FR","potentialAction":[{"@type":"ReadAction","target":["https:\/\/www.nettali.com\/2023\/06\/13\/en-coulisses-mbappe-refuse-de-prolonger\/"]}]},{"@type":"BreadcrumbList","@id":"https:\/\/www.nettali.com\/2023\/06\/13\/en-coulisses-mbappe-refuse-de-prolonger\/#breadcrumb","itemListElement":[{"@type":"ListItem","position":1,"name":"Accueil","item":"https:\/\/www.nettali.com\/"},{"@type":"ListItem","position":2,"name":"EN COULISSES - Mbapp\u00e9 refuse de prolonger !"}]},{"@type":"Person","@id":"https:\/\/www.nettali.com\/#\/schema\/person\/bb147657c2986240405a608162b9bb23","name":"Ibrahima","image":{"@type":"ImageObject","@id":"https:\/\/www.nettali.com\/#personlogo","inLanguage":"fr-FR","url":"https:\/\/secure.gravatar.com\/avatar\/26a8a81f09f0dd7624c9d5c36c9ba3a2?s=96&d=mm&r=g","contentUrl":"https:\/\/secure.gravatar.com\/avatar\/26a8a81f09f0dd7624c9d5c36c9ba3a2?s=96&d=mm&r=g","caption":"Ibrahima"},"sameAs":["https:\/\/www.nettali.com"]}]}},"_links":{"self":[{"href":"https:\/\/www.nettali.com\/rest\/wp\/v2\/posts\/111963"}],"collection":[{"href":"https:\/\/www.nettali.com\/rest\/wp\/v2\/posts"}],"about":[{"href":"https:\/\/www.nettali.com\/rest\/wp\/v2\/types\/post"}],"author":[{"embeddable":true,"href":"https:\/\/www.nettali.com\/rest\/wp\/v2\/users\/5"}],"replies":[{"embeddable":true,"href":"https:\/\/www.nettali.com\/rest\/wp\/v2\/comments?post=111963"}],"version-history":[{"count":3,"href":"https:\/\/www.nettali.com\/rest\/wp\/v2\/posts\/111963\/revisions"}],"predecessor-version":[{"id":111973,"href":"https:\/\/www.nettali.com\/rest\/wp\/v2\/posts\/111963\/revisions\/111973"}],"wp:featuredmedia":[{"embeddable":true,"href":"https:\/\/www.nettali.com\/rest\/wp\/v2\/media\/111964"}],"wp:attachment":[{"href":"https:\/\/www.nettali.com\/rest\/wp\/v2\/media?parent=111963"}],"wp:term":[{"taxonomy":"category","embeddable":true,"href":"https:\/\/www.nettali.com\/rest\/wp\/v2\/categories?post=111963"},{"taxonomy":"post_tag","embeddable":true,"href":"https:\/\/www.nettali.com\/rest\/wp\/v2\/tags?post=111963"}],"curies":[{"name":"wp","href":"https:\/\/api.w.org\/{rel}","templated":true}]}}