{"id":111923,"date":"2023-06-12T11:43:30","date_gmt":"2023-06-12T11:43:30","guid":{"rendered":"https:\/\/www.nettali.com\/?p=111923"},"modified":"2023-06-12T11:43:30","modified_gmt":"2023-06-12T11:43:30","slug":"en-coulisses-ousmane-sonko-je-ladmire-beaucoup","status":"publish","type":"post","link":"https:\/\/www.nettali.com\/2023\/06\/12\/en-coulisses-ousmane-sonko-je-ladmire-beaucoup\/","title":{"rendered":"EN COULISSES - \"Ousmane Sonko, je l'admire beaucoup...\""},"content":{"rendered":"<div class=\"page\" title=\"Page 5\">\n<div class=\"layoutArea\">\n<div class=\"column\">\n<p><strong>NETTA.COM -<\/strong> Restons sur le sargal de Serigne Moustapa Sy qui a eu lieu, le samedi 10 juin. C'est pour dire qu'il a parl\u00e9 d'Ousmane Sonko, le leader de Pastef, et c'est pour lui apporter son soutien.<\/p>\n<p>\"<em>Ousmane Sonko, je l\u2019admire beaucoup. Je lui envoie souvent Cheikh Youm pour lui prodiguer mes conseils. Je l\u2019encourage aussi dans cette e\u0301preuve qu\u2019il est en train d\u2019en- durer\"<\/em>, a-t-il lance\u0301 a\u0300 la nombreuse assistance devant une assistante o\u00f9 l'on a not\u00e9 la pr\u00e9sence de journalistes dont Pape Al\u00e9 Niang.<\/p>\n<p>\"J<em>\u2019encourage Pape Ale\u0301. Je lui demande de continuer son travail. Lors de son emprisonnement, je lui avais donne\u0301 l\u2019ordre de surseoir a\u0300 sa gre\u0300ve de la faim, parce qu\u2019on avait besoin de lui vivant et bien portant<\/em>\", a re\u0301ve\u0301le\u0301 le marabout-politicien.<\/p>\n<\/div>\n<\/div>\n<\/div>\n<div class='share-to-whatsapp-wrapper'><div class='share-on-whsp'>PARTAGER SUR : <\/div><a data-text='EN COULISSES - \"Ousmane Sonko, je l'admire beaucoup...\"' data-link='https:\/\/www.nettali.com\/2023\/06\/12\/en-coulisses-ousmane-sonko-je-ladmire-beaucoup\/' class='whatsapp-button whatsapp-share'>WhatsApp<\/a><div class='clear '><\/div><\/div>","protected":false},"excerpt":{"rendered":"<p>NETTA.COM - Restons sur le sargal de Serigne Moustapa Sy qui a eu lieu, le samedi 10 juin. C'est pour dire qu'il a parl\u00e9 d'Ousmane Sonko, le leader de Pastef, et c'est pour lui apporter son soutien. \"Ousmane Sonko, je l\u2019admire beaucoup. Je lui envoie souvent Cheikh Youm pour lui prodiguer mes conseils. Je l\u2019encourage [&hellip;]<\/p>\n","protected":false},"author":2,"featured_media":111936,"comment_status":"open","ping_status":"open","sticky":false,"template":"","format":"standard","meta":{"_et_pb_use_builder":"","_et_pb_old_content":""},"categories":[34945],"tags":[],"yoast_head":"<!-- This site is optimized with the Yoast SEO Premium plugin v17.8 (Yoast SEO v17.8) - https:\/\/yoast.com\/wordpress\/plugins\/seo\/ -->\n<title>EN COULISSES - &quot;Ousmane Sonko, je l&#039;admire beaucoup...&quot; | Nettali.com<\/title>\n<meta name=\"robots\" content=\"index, follow, max-snippet:-1, max-image-preview:large, max-video-preview:-1\" \/>\n<link rel=\"canonical\" href=\"https:\/\/www.nettali.com\/2023\/06\/12\/en-coulisses-ousmane-sonko-je-ladmire-beaucoup\/\" \/>\n<meta property=\"og:locale\" content=\"fr_FR\" \/>\n<meta property=\"og:type\" content=\"article\" \/>\n<meta property=\"og:title\" content=\"EN COULISSES - &quot;Ousmane Sonko, je l&#039;admire beaucoup...&quot;\" \/>\n<meta property=\"og:description\" content=\"NETTA.COM - Restons sur le sargal de Serigne Moustapa Sy qui a eu lieu, le samedi 10 juin. C&#039;est pour dire qu&#039;il a parl\u00e9 d&#039;Ousmane Sonko, le leader de Pastef, et c&#039;est pour lui apporter son soutien. &quot;Ousmane Sonko, je l\u2019admire beaucoup. Je lui envoie souvent Cheikh Youm pour lui prodiguer mes conseils. Je l\u2019encourage [&hellip;]\" \/>\n<meta property=\"og:url\" content=\"https:\/\/www.nettali.com\/2023\/06\/12\/en-coulisses-ousmane-sonko-je-ladmire-beaucoup\/\" \/>\n<meta property=\"og:site_name\" content=\"Nettali.com\" \/>\n<meta property=\"article:publisher\" content=\"https:\/\/www.facebook.com\/nettalicom\" \/>\n<meta property=\"article:published_time\" content=\"2023-06-12T11:43:30+00:00\" \/>\n<meta property=\"og:image\" content=\"https:\/\/www.nettali.com\/wp-content\/uploads\/2023\/06\/SERIGNE-MOUSTAPHA-SY.jpg\" \/>\n\t<meta property=\"og:image:width\" content=\"600\" \/>\n\t<meta property=\"og:image:height\" content=\"454\" \/>\n<meta name=\"twitter:card\" content=\"summary_large_image\" \/>\n<meta name=\"twitter:label1\" content=\"\u00c9crit par\" \/>\n\t<meta name=\"twitter:data1\" content=\"CK\" \/>\n\t<meta name=\"twitter:label2\" content=\"Dur\u00e9e de lecture estim\u00e9e\" \/>\n\t<meta name=\"twitter:data2\" content=\"1 minute\" \/>\n<script type=\"application\/ld+json\" class=\"yoast-schema-graph\">{\"@context\":\"https:\/\/schema.org\",\"@graph\":[{\"@type\":\"WebSite\",\"@id\":\"https:\/\/www.nettali.com\/#website\",\"url\":\"https:\/\/www.nettali.com\/\",\"name\":\"Nettali.com\",\"description\":\"Le rendez-vous critique du Net\",\"potentialAction\":[{\"@type\":\"SearchAction\",\"target\":{\"@type\":\"EntryPoint\",\"urlTemplate\":\"https:\/\/www.nettali.com\/?s={search_term_string}\"},\"query-input\":\"required name=search_term_string\"}],\"inLanguage\":\"fr-FR\"},{\"@type\":\"ImageObject\",\"@id\":\"https:\/\/www.nettali.com\/2023\/06\/12\/en-coulisses-ousmane-sonko-je-ladmire-beaucoup\/#primaryimage\",\"inLanguage\":\"fr-FR\",\"url\":\"https:\/\/www.nettali.com\/wp-content\/uploads\/2023\/06\/SERIGNE-MOUSTAPHA-SY.jpg\",\"contentUrl\":\"https:\/\/www.nettali.com\/wp-content\/uploads\/2023\/06\/SERIGNE-MOUSTAPHA-SY.jpg\",\"width\":600,\"height\":454},{\"@type\":\"WebPage\",\"@id\":\"https:\/\/www.nettali.com\/2023\/06\/12\/en-coulisses-ousmane-sonko-je-ladmire-beaucoup\/#webpage\",\"url\":\"https:\/\/www.nettali.com\/2023\/06\/12\/en-coulisses-ousmane-sonko-je-ladmire-beaucoup\/\",\"name\":\"EN COULISSES - \\\"Ousmane Sonko, je l'admire beaucoup...\\\" | Nettali.com\",\"isPartOf\":{\"@id\":\"https:\/\/www.nettali.com\/#website\"},\"primaryImageOfPage\":{\"@id\":\"https:\/\/www.nettali.com\/2023\/06\/12\/en-coulisses-ousmane-sonko-je-ladmire-beaucoup\/#primaryimage\"},\"datePublished\":\"2023-06-12T11:43:30+00:00\",\"dateModified\":\"2023-06-12T11:43:30+00:00\",\"author\":{\"@id\":\"https:\/\/www.nettali.com\/#\/schema\/person\/d8ac7b7e27ddad43f1c0d2ef090d7f71\"},\"breadcrumb\":{\"@id\":\"https:\/\/www.nettali.com\/2023\/06\/12\/en-coulisses-ousmane-sonko-je-ladmire-beaucoup\/#breadcrumb\"},\"inLanguage\":\"fr-FR\",\"potentialAction\":[{\"@type\":\"ReadAction\",\"target\":[\"https:\/\/www.nettali.com\/2023\/06\/12\/en-coulisses-ousmane-sonko-je-ladmire-beaucoup\/\"]}]},{\"@type\":\"BreadcrumbList\",\"@id\":\"https:\/\/www.nettali.com\/2023\/06\/12\/en-coulisses-ousmane-sonko-je-ladmire-beaucoup\/#breadcrumb\",\"itemListElement\":[{\"@type\":\"ListItem\",\"position\":1,\"name\":\"Accueil\",\"item\":\"https:\/\/www.nettali.com\/\"},{\"@type\":\"ListItem\",\"position\":2,\"name\":\"EN COULISSES - \\\"Ousmane Sonko, je l'admire beaucoup...\\\"\"}]},{\"@type\":\"Person\",\"@id\":\"https:\/\/www.nettali.com\/#\/schema\/person\/d8ac7b7e27ddad43f1c0d2ef090d7f71\",\"name\":\"CK\",\"image\":{\"@type\":\"ImageObject\",\"@id\":\"https:\/\/www.nettali.com\/#personlogo\",\"inLanguage\":\"fr-FR\",\"url\":\"https:\/\/secure.gravatar.com\/avatar\/1d8d5118b9327d94da7cd4ce7f17fec2?s=96&d=mm&r=g\",\"contentUrl\":\"https:\/\/secure.gravatar.com\/avatar\/1d8d5118b9327d94da7cd4ce7f17fec2?s=96&d=mm&r=g\",\"caption\":\"CK\"},\"sameAs\":[\"https:\/\/www.nettali.com\"]}]}<\/script>\n<!-- \/ Yoast SEO Premium plugin. -->","yoast_head_json":{"title":"EN COULISSES - \"Ousmane Sonko, je l'admire beaucoup...\" | Nettali.com","robots":{"index":"index","follow":"follow","max-snippet":"max-snippet:-1","max-image-preview":"max-image-preview:large","max-video-preview":"max-video-preview:-1"},"canonical":"https:\/\/www.nettali.com\/2023\/06\/12\/en-coulisses-ousmane-sonko-je-ladmire-beaucoup\/","og_locale":"fr_FR","og_type":"article","og_title":"EN COULISSES - \"Ousmane Sonko, je l'admire beaucoup...\"","og_description":"NETTA.COM - Restons sur le sargal de Serigne Moustapa Sy qui a eu lieu, le samedi 10 juin. C'est pour dire qu'il a parl\u00e9 d'Ousmane Sonko, le leader de Pastef, et c'est pour lui apporter son soutien. \"Ousmane Sonko, je l\u2019admire beaucoup. Je lui envoie souvent Cheikh Youm pour lui prodiguer mes conseils. Je l\u2019encourage [&hellip;]","og_url":"https:\/\/www.nettali.com\/2023\/06\/12\/en-coulisses-ousmane-sonko-je-ladmire-beaucoup\/","og_site_name":"Nettali.com","article_publisher":"https:\/\/www.facebook.com\/nettalicom","article_published_time":"2023-06-12T11:43:30+00:00","og_image":[{"width":600,"height":454,"url":"https:\/\/www.nettali.com\/wp-content\/uploads\/2023\/06\/SERIGNE-MOUSTAPHA-SY.jpg","type":"image\/jpeg"}],"twitter_card":"summary_large_image","twitter_misc":{"\u00c9crit par":"CK","Dur\u00e9e de lecture estim\u00e9e":"1 minute"},"schema":{"@context":"https:\/\/schema.org","@graph":[{"@type":"WebSite","@id":"https:\/\/www.nettali.com\/#website","url":"https:\/\/www.nettali.com\/","name":"Nettali.com","description":"Le rendez-vous critique du Net","potentialAction":[{"@type":"SearchAction","target":{"@type":"EntryPoint","urlTemplate":"https:\/\/www.nettali.com\/?s={search_term_string}"},"query-input":"required name=search_term_string"}],"inLanguage":"fr-FR"},{"@type":"ImageObject","@id":"https:\/\/www.nettali.com\/2023\/06\/12\/en-coulisses-ousmane-sonko-je-ladmire-beaucoup\/#primaryimage","inLanguage":"fr-FR","url":"https:\/\/www.nettali.com\/wp-content\/uploads\/2023\/06\/SERIGNE-MOUSTAPHA-SY.jpg","contentUrl":"https:\/\/www.nettali.com\/wp-content\/uploads\/2023\/06\/SERIGNE-MOUSTAPHA-SY.jpg","width":600,"height":454},{"@type":"WebPage","@id":"https:\/\/www.nettali.com\/2023\/06\/12\/en-coulisses-ousmane-sonko-je-ladmire-beaucoup\/#webpage","url":"https:\/\/www.nettali.com\/2023\/06\/12\/en-coulisses-ousmane-sonko-je-ladmire-beaucoup\/","name":"EN COULISSES - \"Ousmane Sonko, je l'admire beaucoup...\" | Nettali.com","isPartOf":{"@id":"https:\/\/www.nettali.com\/#website"},"primaryImageOfPage":{"@id":"https:\/\/www.nettali.com\/2023\/06\/12\/en-coulisses-ousmane-sonko-je-ladmire-beaucoup\/#primaryimage"},"datePublished":"2023-06-12T11:43:30+00:00","dateModified":"2023-06-12T11:43:30+00:00","author":{"@id":"https:\/\/www.nettali.com\/#\/schema\/person\/d8ac7b7e27ddad43f1c0d2ef090d7f71"},"breadcrumb":{"@id":"https:\/\/www.nettali.com\/2023\/06\/12\/en-coulisses-ousmane-sonko-je-ladmire-beaucoup\/#breadcrumb"},"inLanguage":"fr-FR","potentialAction":[{"@type":"ReadAction","target":["https:\/\/www.nettali.com\/2023\/06\/12\/en-coulisses-ousmane-sonko-je-ladmire-beaucoup\/"]}]},{"@type":"BreadcrumbList","@id":"https:\/\/www.nettali.com\/2023\/06\/12\/en-coulisses-ousmane-sonko-je-ladmire-beaucoup\/#breadcrumb","itemListElement":[{"@type":"ListItem","position":1,"name":"Accueil","item":"https:\/\/www.nettali.com\/"},{"@type":"ListItem","position":2,"name":"EN COULISSES - \"Ousmane Sonko, je l'admire beaucoup...\""}]},{"@type":"Person","@id":"https:\/\/www.nettali.com\/#\/schema\/person\/d8ac7b7e27ddad43f1c0d2ef090d7f71","name":"CK","image":{"@type":"ImageObject","@id":"https:\/\/www.nettali.com\/#personlogo","inLanguage":"fr-FR","url":"https:\/\/secure.gravatar.com\/avatar\/1d8d5118b9327d94da7cd4ce7f17fec2?s=96&d=mm&r=g","contentUrl":"https:\/\/secure.gravatar.com\/avatar\/1d8d5118b9327d94da7cd4ce7f17fec2?s=96&d=mm&r=g","caption":"CK"},"sameAs":["https:\/\/www.nettali.com"]}]}},"_links":{"self":[{"href":"https:\/\/www.nettali.com\/rest\/wp\/v2\/posts\/111923"}],"collection":[{"href":"https:\/\/www.nettali.com\/rest\/wp\/v2\/posts"}],"about":[{"href":"https:\/\/www.nettali.com\/rest\/wp\/v2\/types\/post"}],"author":[{"embeddable":true,"href":"https:\/\/www.nettali.com\/rest\/wp\/v2\/users\/2"}],"replies":[{"embeddable":true,"href":"https:\/\/www.nettali.com\/rest\/wp\/v2\/comments?post=111923"}],"version-history":[{"count":2,"href":"https:\/\/www.nettali.com\/rest\/wp\/v2\/posts\/111923\/revisions"}],"predecessor-version":[{"id":111925,"href":"https:\/\/www.nettali.com\/rest\/wp\/v2\/posts\/111923\/revisions\/111925"}],"wp:featuredmedia":[{"embeddable":true,"href":"https:\/\/www.nettali.com\/rest\/wp\/v2\/media\/111936"}],"wp:attachment":[{"href":"https:\/\/www.nettali.com\/rest\/wp\/v2\/media?parent=111923"}],"wp:term":[{"taxonomy":"category","embeddable":true,"href":"https:\/\/www.nettali.com\/rest\/wp\/v2\/categories?post=111923"},{"taxonomy":"post_tag","embeddable":true,"href":"https:\/\/www.nettali.com\/rest\/wp\/v2\/tags?post=111923"}],"curies":[{"name":"wp","href":"https:\/\/api.w.org\/{rel}","templated":true}]}}