{"id":111913,"date":"2023-06-12T11:34:49","date_gmt":"2023-06-12T11:34:49","guid":{"rendered":"https:\/\/www.nettali.com\/?p=111913"},"modified":"2023-06-12T11:34:49","modified_gmt":"2023-06-12T11:34:49","slug":"en-coulisses-les-points-du-dialogue-de-2019-remis-a-jour","status":"publish","type":"post","link":"https:\/\/www.nettali.com\/2023\/06\/12\/en-coulisses-les-points-du-dialogue-de-2019-remis-a-jour\/","title":{"rendered":"EN COULISSES - Les points du dialogue de 2019 remis \u00e0 jour"},"content":{"rendered":"<div class=\"page\" title=\"Page 3\">\n<div class=\"layoutArea\">\n<div class=\"column\">\n<p><strong>NETTALI.COM -<\/strong> Pour rester sur dialogue et ses termes de r\u00e9f\u00e9rence, soulignons que pour aller vite, \u00e0 8 mois de la pr\u00e9sidentielle, les TDR du dialogue de 2019 en lien avec l\u2019apaisement perc\u0327u comme une demande sociale largement partage\u0301e, implique la mise en \u0153uvre des consensus de\u0301ja\u0300 scelle\u0301s entre 2019 et 2021, sont pris en compte.<\/p>\n<p>C\u2019est ainsi que plusieurs points de\u0301ja\u0300 de\u0301battus, ont e\u0301te\u0301 re\u0301inscrits. C\u2019est le cas avec les premiers points inscrits sur les TDR : \"<em>L\u2019autorite\u0301 en charge des e\u0301lections : le bulletin unique ; la caution ; le ro\u0302le et la place de la justice dans le processus e\u0301lectoral ; l\u2019e\u0301valuation de la Cena et du CNRA ; le contro\u0302le du fichier e\u0301lectoral ; la re\u0301forme du parrainage aux e\u0301lections nationales<\/em>\", etc.<\/p>\n<p>Tout ce qui re\u0301sume dans le premier des objectifs spe\u0301cifiques qui soutient que \"<em>la consolidation des acquis de\u0301mocratiques en \u0153uvrant pour de nouveaux consensus autour des re\u0301formes institutionnelles, du Code e\u0301lectoral, du processus e\u0301lectoral, des droits civiques et politiques voit la participation des forces vives de la nation<\/em>\".<\/p>\n<\/div>\n<div class=\"column\">\n<p>Bien que les questions d'ordre politique soient pr\u00e9dominantes, plusieurs points des TDR concernent la paix et la se\u0301curite\u0301, l\u2019e\u0301ducation, la culture, la sante\u0301, le sport, la jeunesse, la conjoncture e\u0301conomique et les facteurs exoge\u0300nes, l\u2019exploitation des ressources gazie\u0300res et pe\u0301trolie\u0300res, etc ont \u00e9t\u00e9 prises en compte au regard du caract\u00e8re national que rev\u00eat la dialogue. etc.<\/p>\n<div class=\"page\" title=\"Page 3\">\n<div class=\"layoutArea\">\n<div class=\"column\">\n<p>Relevons aussi que l\u2019e\u0301galite\u0301 devant la justice et l\u2019inde\u0301pendance de la magistrature magistrats sont des the\u0300mes not\u00e9s. D\u2019ou\u0300 le point 22 des TDR qui pre\u0301conise de \"r<em>enforcer le syste\u0300me judiciaire, l\u2019acce\u0300s a\u0300 la justice pour tous les citoyens et d\u2019ame\u0301liorer la perception que les populations ont de la justice<\/em>\".<\/p>\n<\/div>\n<\/div>\n<\/div>\n<\/div>\n<\/div>\n<\/div>\n<div class='share-to-whatsapp-wrapper'><div class='share-on-whsp'>PARTAGER SUR : <\/div><a data-text='EN COULISSES - Les points du dialogue de 2019 remis \u00e0 jour' data-link='https:\/\/www.nettali.com\/2023\/06\/12\/en-coulisses-les-points-du-dialogue-de-2019-remis-a-jour\/' class='whatsapp-button whatsapp-share'>WhatsApp<\/a><div class='clear '><\/div><\/div>","protected":false},"excerpt":{"rendered":"<p>NETTALI.COM - Pour rester sur dialogue et ses termes de r\u00e9f\u00e9rence, soulignons que pour aller vite, \u00e0 8 mois de la pr\u00e9sidentielle, les TDR du dialogue de 2019 en lien avec l\u2019apaisement perc\u0327u comme une demande sociale largement partage\u0301e, implique la mise en \u0153uvre des consensus de\u0301ja\u0300 scelle\u0301s entre 2019 et 2021, sont pris en [&hellip;]<\/p>\n","protected":false},"author":2,"featured_media":111933,"comment_status":"open","ping_status":"open","sticky":false,"template":"","format":"standard","meta":{"_et_pb_use_builder":"","_et_pb_old_content":""},"categories":[34945],"tags":[],"yoast_head":"<!-- This site is optimized with the Yoast SEO Premium plugin v17.8 (Yoast SEO v17.8) - https:\/\/yoast.com\/wordpress\/plugins\/seo\/ -->\n<title>EN COULISSES - Les points du dialogue de 2019 remis \u00e0 jour | Nettali.com<\/title>\n<meta name=\"robots\" content=\"index, follow, max-snippet:-1, max-image-preview:large, max-video-preview:-1\" \/>\n<link rel=\"canonical\" href=\"https:\/\/www.nettali.com\/2023\/06\/12\/en-coulisses-les-points-du-dialogue-de-2019-remis-a-jour\/\" \/>\n<meta property=\"og:locale\" content=\"fr_FR\" \/>\n<meta property=\"og:type\" content=\"article\" \/>\n<meta property=\"og:title\" content=\"EN COULISSES - Les points du dialogue de 2019 remis \u00e0 jour\" \/>\n<meta property=\"og:description\" content=\"NETTALI.COM - Pour rester sur dialogue et ses termes de r\u00e9f\u00e9rence, soulignons que pour aller vite, \u00e0 8 mois de la pr\u00e9sidentielle, les TDR du dialogue de 2019 en lien avec l\u2019apaisement perc\u0327u comme une demande sociale largement partage\u0301e, implique la mise en \u0153uvre des consensus de\u0301ja\u0300 scelle\u0301s entre 2019 et 2021, sont pris en [&hellip;]\" \/>\n<meta property=\"og:url\" content=\"https:\/\/www.nettali.com\/2023\/06\/12\/en-coulisses-les-points-du-dialogue-de-2019-remis-a-jour\/\" \/>\n<meta property=\"og:site_name\" content=\"Nettali.com\" \/>\n<meta property=\"article:publisher\" content=\"https:\/\/www.facebook.com\/nettalicom\" \/>\n<meta property=\"article:published_time\" content=\"2023-06-12T11:34:49+00:00\" \/>\n<meta property=\"og:image\" content=\"https:\/\/www.nettali.com\/wp-content\/uploads\/2023\/06\/Ouf.jpg\" \/>\n\t<meta property=\"og:image:width\" content=\"960\" \/>\n\t<meta property=\"og:image:height\" content=\"616\" \/>\n<meta name=\"twitter:card\" content=\"summary_large_image\" \/>\n<meta name=\"twitter:label1\" content=\"\u00c9crit par\" \/>\n\t<meta name=\"twitter:data1\" content=\"CK\" \/>\n\t<meta name=\"twitter:label2\" content=\"Dur\u00e9e de lecture estim\u00e9e\" \/>\n\t<meta name=\"twitter:data2\" content=\"1 minute\" \/>\n<script type=\"application\/ld+json\" class=\"yoast-schema-graph\">{\"@context\":\"https:\/\/schema.org\",\"@graph\":[{\"@type\":\"WebSite\",\"@id\":\"https:\/\/www.nettali.com\/#website\",\"url\":\"https:\/\/www.nettali.com\/\",\"name\":\"Nettali.com\",\"description\":\"Le rendez-vous critique du Net\",\"potentialAction\":[{\"@type\":\"SearchAction\",\"target\":{\"@type\":\"EntryPoint\",\"urlTemplate\":\"https:\/\/www.nettali.com\/?s={search_term_string}\"},\"query-input\":\"required name=search_term_string\"}],\"inLanguage\":\"fr-FR\"},{\"@type\":\"ImageObject\",\"@id\":\"https:\/\/www.nettali.com\/2023\/06\/12\/en-coulisses-les-points-du-dialogue-de-2019-remis-a-jour\/#primaryimage\",\"inLanguage\":\"fr-FR\",\"url\":\"https:\/\/www.nettali.com\/wp-content\/uploads\/2023\/06\/Ouf.jpg\",\"contentUrl\":\"https:\/\/www.nettali.com\/wp-content\/uploads\/2023\/06\/Ouf.jpg\",\"width\":960,\"height\":616},{\"@type\":\"WebPage\",\"@id\":\"https:\/\/www.nettali.com\/2023\/06\/12\/en-coulisses-les-points-du-dialogue-de-2019-remis-a-jour\/#webpage\",\"url\":\"https:\/\/www.nettali.com\/2023\/06\/12\/en-coulisses-les-points-du-dialogue-de-2019-remis-a-jour\/\",\"name\":\"EN COULISSES - Les points du dialogue de 2019 remis \\u00e0 jour | Nettali.com\",\"isPartOf\":{\"@id\":\"https:\/\/www.nettali.com\/#website\"},\"primaryImageOfPage\":{\"@id\":\"https:\/\/www.nettali.com\/2023\/06\/12\/en-coulisses-les-points-du-dialogue-de-2019-remis-a-jour\/#primaryimage\"},\"datePublished\":\"2023-06-12T11:34:49+00:00\",\"dateModified\":\"2023-06-12T11:34:49+00:00\",\"author\":{\"@id\":\"https:\/\/www.nettali.com\/#\/schema\/person\/d8ac7b7e27ddad43f1c0d2ef090d7f71\"},\"breadcrumb\":{\"@id\":\"https:\/\/www.nettali.com\/2023\/06\/12\/en-coulisses-les-points-du-dialogue-de-2019-remis-a-jour\/#breadcrumb\"},\"inLanguage\":\"fr-FR\",\"potentialAction\":[{\"@type\":\"ReadAction\",\"target\":[\"https:\/\/www.nettali.com\/2023\/06\/12\/en-coulisses-les-points-du-dialogue-de-2019-remis-a-jour\/\"]}]},{\"@type\":\"BreadcrumbList\",\"@id\":\"https:\/\/www.nettali.com\/2023\/06\/12\/en-coulisses-les-points-du-dialogue-de-2019-remis-a-jour\/#breadcrumb\",\"itemListElement\":[{\"@type\":\"ListItem\",\"position\":1,\"name\":\"Accueil\",\"item\":\"https:\/\/www.nettali.com\/\"},{\"@type\":\"ListItem\",\"position\":2,\"name\":\"EN COULISSES - Les points du dialogue de 2019 remis \\u00e0 jour\"}]},{\"@type\":\"Person\",\"@id\":\"https:\/\/www.nettali.com\/#\/schema\/person\/d8ac7b7e27ddad43f1c0d2ef090d7f71\",\"name\":\"CK\",\"image\":{\"@type\":\"ImageObject\",\"@id\":\"https:\/\/www.nettali.com\/#personlogo\",\"inLanguage\":\"fr-FR\",\"url\":\"https:\/\/secure.gravatar.com\/avatar\/1d8d5118b9327d94da7cd4ce7f17fec2?s=96&d=mm&r=g\",\"contentUrl\":\"https:\/\/secure.gravatar.com\/avatar\/1d8d5118b9327d94da7cd4ce7f17fec2?s=96&d=mm&r=g\",\"caption\":\"CK\"},\"sameAs\":[\"https:\/\/www.nettali.com\"]}]}<\/script>\n<!-- \/ Yoast SEO Premium plugin. -->","yoast_head_json":{"title":"EN COULISSES - Les points du dialogue de 2019 remis \u00e0 jour | Nettali.com","robots":{"index":"index","follow":"follow","max-snippet":"max-snippet:-1","max-image-preview":"max-image-preview:large","max-video-preview":"max-video-preview:-1"},"canonical":"https:\/\/www.nettali.com\/2023\/06\/12\/en-coulisses-les-points-du-dialogue-de-2019-remis-a-jour\/","og_locale":"fr_FR","og_type":"article","og_title":"EN COULISSES - Les points du dialogue de 2019 remis \u00e0 jour","og_description":"NETTALI.COM - Pour rester sur dialogue et ses termes de r\u00e9f\u00e9rence, soulignons que pour aller vite, \u00e0 8 mois de la pr\u00e9sidentielle, les TDR du dialogue de 2019 en lien avec l\u2019apaisement perc\u0327u comme une demande sociale largement partage\u0301e, implique la mise en \u0153uvre des consensus de\u0301ja\u0300 scelle\u0301s entre 2019 et 2021, sont pris en [&hellip;]","og_url":"https:\/\/www.nettali.com\/2023\/06\/12\/en-coulisses-les-points-du-dialogue-de-2019-remis-a-jour\/","og_site_name":"Nettali.com","article_publisher":"https:\/\/www.facebook.com\/nettalicom","article_published_time":"2023-06-12T11:34:49+00:00","og_image":[{"width":960,"height":616,"url":"https:\/\/www.nettali.com\/wp-content\/uploads\/2023\/06\/Ouf.jpg","type":"image\/jpeg"}],"twitter_card":"summary_large_image","twitter_misc":{"\u00c9crit par":"CK","Dur\u00e9e de lecture estim\u00e9e":"1 minute"},"schema":{"@context":"https:\/\/schema.org","@graph":[{"@type":"WebSite","@id":"https:\/\/www.nettali.com\/#website","url":"https:\/\/www.nettali.com\/","name":"Nettali.com","description":"Le rendez-vous critique du Net","potentialAction":[{"@type":"SearchAction","target":{"@type":"EntryPoint","urlTemplate":"https:\/\/www.nettali.com\/?s={search_term_string}"},"query-input":"required name=search_term_string"}],"inLanguage":"fr-FR"},{"@type":"ImageObject","@id":"https:\/\/www.nettali.com\/2023\/06\/12\/en-coulisses-les-points-du-dialogue-de-2019-remis-a-jour\/#primaryimage","inLanguage":"fr-FR","url":"https:\/\/www.nettali.com\/wp-content\/uploads\/2023\/06\/Ouf.jpg","contentUrl":"https:\/\/www.nettali.com\/wp-content\/uploads\/2023\/06\/Ouf.jpg","width":960,"height":616},{"@type":"WebPage","@id":"https:\/\/www.nettali.com\/2023\/06\/12\/en-coulisses-les-points-du-dialogue-de-2019-remis-a-jour\/#webpage","url":"https:\/\/www.nettali.com\/2023\/06\/12\/en-coulisses-les-points-du-dialogue-de-2019-remis-a-jour\/","name":"EN COULISSES - Les points du dialogue de 2019 remis \u00e0 jour | Nettali.com","isPartOf":{"@id":"https:\/\/www.nettali.com\/#website"},"primaryImageOfPage":{"@id":"https:\/\/www.nettali.com\/2023\/06\/12\/en-coulisses-les-points-du-dialogue-de-2019-remis-a-jour\/#primaryimage"},"datePublished":"2023-06-12T11:34:49+00:00","dateModified":"2023-06-12T11:34:49+00:00","author":{"@id":"https:\/\/www.nettali.com\/#\/schema\/person\/d8ac7b7e27ddad43f1c0d2ef090d7f71"},"breadcrumb":{"@id":"https:\/\/www.nettali.com\/2023\/06\/12\/en-coulisses-les-points-du-dialogue-de-2019-remis-a-jour\/#breadcrumb"},"inLanguage":"fr-FR","potentialAction":[{"@type":"ReadAction","target":["https:\/\/www.nettali.com\/2023\/06\/12\/en-coulisses-les-points-du-dialogue-de-2019-remis-a-jour\/"]}]},{"@type":"BreadcrumbList","@id":"https:\/\/www.nettali.com\/2023\/06\/12\/en-coulisses-les-points-du-dialogue-de-2019-remis-a-jour\/#breadcrumb","itemListElement":[{"@type":"ListItem","position":1,"name":"Accueil","item":"https:\/\/www.nettali.com\/"},{"@type":"ListItem","position":2,"name":"EN COULISSES - Les points du dialogue de 2019 remis \u00e0 jour"}]},{"@type":"Person","@id":"https:\/\/www.nettali.com\/#\/schema\/person\/d8ac7b7e27ddad43f1c0d2ef090d7f71","name":"CK","image":{"@type":"ImageObject","@id":"https:\/\/www.nettali.com\/#personlogo","inLanguage":"fr-FR","url":"https:\/\/secure.gravatar.com\/avatar\/1d8d5118b9327d94da7cd4ce7f17fec2?s=96&d=mm&r=g","contentUrl":"https:\/\/secure.gravatar.com\/avatar\/1d8d5118b9327d94da7cd4ce7f17fec2?s=96&d=mm&r=g","caption":"CK"},"sameAs":["https:\/\/www.nettali.com"]}]}},"_links":{"self":[{"href":"https:\/\/www.nettali.com\/rest\/wp\/v2\/posts\/111913"}],"collection":[{"href":"https:\/\/www.nettali.com\/rest\/wp\/v2\/posts"}],"about":[{"href":"https:\/\/www.nettali.com\/rest\/wp\/v2\/types\/post"}],"author":[{"embeddable":true,"href":"https:\/\/www.nettali.com\/rest\/wp\/v2\/users\/2"}],"replies":[{"embeddable":true,"href":"https:\/\/www.nettali.com\/rest\/wp\/v2\/comments?post=111913"}],"version-history":[{"count":4,"href":"https:\/\/www.nettali.com\/rest\/wp\/v2\/posts\/111913\/revisions"}],"predecessor-version":[{"id":111917,"href":"https:\/\/www.nettali.com\/rest\/wp\/v2\/posts\/111913\/revisions\/111917"}],"wp:featuredmedia":[{"embeddable":true,"href":"https:\/\/www.nettali.com\/rest\/wp\/v2\/media\/111933"}],"wp:attachment":[{"href":"https:\/\/www.nettali.com\/rest\/wp\/v2\/media?parent=111913"}],"wp:term":[{"taxonomy":"category","embeddable":true,"href":"https:\/\/www.nettali.com\/rest\/wp\/v2\/categories?post=111913"},{"taxonomy":"post_tag","embeddable":true,"href":"https:\/\/www.nettali.com\/rest\/wp\/v2\/tags?post=111913"}],"curies":[{"name":"wp","href":"https:\/\/api.w.org\/{rel}","templated":true}]}}