{"id":111909,"date":"2023-06-12T11:38:44","date_gmt":"2023-06-12T11:38:44","guid":{"rendered":"https:\/\/www.nettali.com\/?p=111909"},"modified":"2023-06-12T11:38:44","modified_gmt":"2023-06-12T11:38:44","slug":"en-coulisses-le-dialogue-de-la-montre","status":"publish","type":"post","link":"https:\/\/www.nettali.com\/2023\/06\/12\/en-coulisses-le-dialogue-de-la-montre\/","title":{"rendered":"EN COULISSES - Le dialogue de la montre"},"content":{"rendered":"<div class=\"page\" title=\"Page 3\">\n<div class=\"layoutArea\">\n<div class=\"column\">\n<p><strong>NETTALI.COM -<\/strong> S\u2019 il y a un point sur lequel les participants au Dialogue national lance\u0301 par le pre\u0301sident de la Re\u0301publique, Macky Sall, sont d\u2019ores et de\u0301ja\u0300 d\u2019accord, c\u2019est que le temps presse. Le chef de l\u2019E\u0301tat a mis la pression pour avoir des re\u0301sultats dans moins d\u2019une quinzaine de jours (25 juin).<\/p>\n<p>Aussi, apre\u0300s le de\u0301marrage des travaux des commissions, vendredi dernier, des propositions ont e\u0301te\u0301 formule\u0301es sur les termes de re\u0301fe\u0301rence (TDR). Quarante-sept points pour \"<em>traiter la situation lie\u0301e a\u0300 l\u2019actualite\u0301 bru\u0302lante, tout en se projetant sur le moyen et le long terme\"<\/em>.<\/p>\n<p>A noter que les TDR propose\u0301s ont e\u0301te\u0301 principalement articule\u0301s autour d\u2019objectifs ge\u0301ne\u0301raux, d\u2019objectifs spe\u0301cifiques et de re\u0301sultats attendus. Le temps d\u2019obtenir les de\u0301tails des travaux des neuf commissions, aucune spe\u0301cificite\u0301 n\u2019a e\u0301te\u0301 e\u0301voque\u0301e sur les questions pole\u0301miques attendues, que sont le troisie\u0300me mandat et l\u2019e\u0301ligibilite\u0301 des candidats. Seulement, pre\u0301cise le document issu des participants, \"<em>en ce qui concerne les urgences, la participation remarque\u0301e de certains acteurs doit amener toutes les parties prenantes a\u0300 inte\u0301grer la ne\u0301cessite\u0301 d\u2019encourager des consensus lie\u0301s au caracte\u0300re inclusif de l\u2019e\u0301lection pre\u0301sidentielle a\u0300 venir<\/em>\u201d.<\/p>\n<\/div>\n<\/div>\n<\/div>\n<div class='share-to-whatsapp-wrapper'><div class='share-on-whsp'>PARTAGER SUR : <\/div><a data-text='EN COULISSES - Le dialogue de la montre' data-link='https:\/\/www.nettali.com\/2023\/06\/12\/en-coulisses-le-dialogue-de-la-montre\/' class='whatsapp-button whatsapp-share'>WhatsApp<\/a><div class='clear '><\/div><\/div>","protected":false},"excerpt":{"rendered":"<p>NETTALI.COM - S\u2019 il y a un point sur lequel les participants au Dialogue national lance\u0301 par le pre\u0301sident de la Re\u0301publique, Macky Sall, sont d\u2019ores et de\u0301ja\u0300 d\u2019accord, c\u2019est que le temps presse. Le chef de l\u2019E\u0301tat a mis la pression pour avoir des re\u0301sultats dans moins d\u2019une quinzaine de jours (25 juin). Aussi, [&hellip;]<\/p>\n","protected":false},"author":2,"featured_media":111935,"comment_status":"open","ping_status":"open","sticky":false,"template":"","format":"standard","meta":{"_et_pb_use_builder":"","_et_pb_old_content":""},"categories":[34945],"tags":[],"yoast_head":"<!-- This site is optimized with the Yoast SEO Premium plugin v17.8 (Yoast SEO v17.8) - https:\/\/yoast.com\/wordpress\/plugins\/seo\/ -->\n<title>EN COULISSES - Le dialogue de la montre | Nettali.com<\/title>\n<meta name=\"robots\" content=\"index, follow, max-snippet:-1, max-image-preview:large, max-video-preview:-1\" \/>\n<link rel=\"canonical\" href=\"https:\/\/www.nettali.com\/2023\/06\/12\/en-coulisses-le-dialogue-de-la-montre\/\" \/>\n<meta property=\"og:locale\" content=\"fr_FR\" \/>\n<meta property=\"og:type\" content=\"article\" \/>\n<meta property=\"og:title\" content=\"EN COULISSES - Le dialogue de la montre\" \/>\n<meta property=\"og:description\" content=\"NETTALI.COM - S\u2019 il y a un point sur lequel les participants au Dialogue national lance\u0301 par le pre\u0301sident de la Re\u0301publique, Macky Sall, sont d\u2019ores et de\u0301ja\u0300 d\u2019accord, c\u2019est que le temps presse. Le chef de l\u2019E\u0301tat a mis la pression pour avoir des re\u0301sultats dans moins d\u2019une quinzaine de jours (25 juin). Aussi, [&hellip;]\" \/>\n<meta property=\"og:url\" content=\"https:\/\/www.nettali.com\/2023\/06\/12\/en-coulisses-le-dialogue-de-la-montre\/\" \/>\n<meta property=\"og:site_name\" content=\"Nettali.com\" \/>\n<meta property=\"article:publisher\" content=\"https:\/\/www.facebook.com\/nettalicom\" \/>\n<meta property=\"article:published_time\" content=\"2023-06-12T11:38:44+00:00\" \/>\n<meta property=\"og:image\" content=\"https:\/\/www.nettali.com\/wp-content\/uploads\/2023\/06\/00530068-623c83162463654dac85b82ee8429046-arc614x376-w735-us1.jpg\" \/>\n\t<meta property=\"og:image:width\" content=\"735\" \/>\n\t<meta property=\"og:image:height\" content=\"450\" \/>\n<meta name=\"twitter:card\" content=\"summary_large_image\" \/>\n<meta name=\"twitter:label1\" content=\"\u00c9crit par\" \/>\n\t<meta name=\"twitter:data1\" content=\"CK\" \/>\n\t<meta name=\"twitter:label2\" content=\"Dur\u00e9e de lecture estim\u00e9e\" \/>\n\t<meta name=\"twitter:data2\" content=\"1 minute\" \/>\n<script type=\"application\/ld+json\" class=\"yoast-schema-graph\">{\"@context\":\"https:\/\/schema.org\",\"@graph\":[{\"@type\":\"WebSite\",\"@id\":\"https:\/\/www.nettali.com\/#website\",\"url\":\"https:\/\/www.nettali.com\/\",\"name\":\"Nettali.com\",\"description\":\"Le rendez-vous critique du Net\",\"potentialAction\":[{\"@type\":\"SearchAction\",\"target\":{\"@type\":\"EntryPoint\",\"urlTemplate\":\"https:\/\/www.nettali.com\/?s={search_term_string}\"},\"query-input\":\"required name=search_term_string\"}],\"inLanguage\":\"fr-FR\"},{\"@type\":\"ImageObject\",\"@id\":\"https:\/\/www.nettali.com\/2023\/06\/12\/en-coulisses-le-dialogue-de-la-montre\/#primaryimage\",\"inLanguage\":\"fr-FR\",\"url\":\"https:\/\/www.nettali.com\/wp-content\/uploads\/2023\/06\/00530068-623c83162463654dac85b82ee8429046-arc614x376-w735-us1.jpg\",\"contentUrl\":\"https:\/\/www.nettali.com\/wp-content\/uploads\/2023\/06\/00530068-623c83162463654dac85b82ee8429046-arc614x376-w735-us1.jpg\",\"width\":735,\"height\":450},{\"@type\":\"WebPage\",\"@id\":\"https:\/\/www.nettali.com\/2023\/06\/12\/en-coulisses-le-dialogue-de-la-montre\/#webpage\",\"url\":\"https:\/\/www.nettali.com\/2023\/06\/12\/en-coulisses-le-dialogue-de-la-montre\/\",\"name\":\"EN COULISSES - Le dialogue de la montre | Nettali.com\",\"isPartOf\":{\"@id\":\"https:\/\/www.nettali.com\/#website\"},\"primaryImageOfPage\":{\"@id\":\"https:\/\/www.nettali.com\/2023\/06\/12\/en-coulisses-le-dialogue-de-la-montre\/#primaryimage\"},\"datePublished\":\"2023-06-12T11:38:44+00:00\",\"dateModified\":\"2023-06-12T11:38:44+00:00\",\"author\":{\"@id\":\"https:\/\/www.nettali.com\/#\/schema\/person\/d8ac7b7e27ddad43f1c0d2ef090d7f71\"},\"breadcrumb\":{\"@id\":\"https:\/\/www.nettali.com\/2023\/06\/12\/en-coulisses-le-dialogue-de-la-montre\/#breadcrumb\"},\"inLanguage\":\"fr-FR\",\"potentialAction\":[{\"@type\":\"ReadAction\",\"target\":[\"https:\/\/www.nettali.com\/2023\/06\/12\/en-coulisses-le-dialogue-de-la-montre\/\"]}]},{\"@type\":\"BreadcrumbList\",\"@id\":\"https:\/\/www.nettali.com\/2023\/06\/12\/en-coulisses-le-dialogue-de-la-montre\/#breadcrumb\",\"itemListElement\":[{\"@type\":\"ListItem\",\"position\":1,\"name\":\"Accueil\",\"item\":\"https:\/\/www.nettali.com\/\"},{\"@type\":\"ListItem\",\"position\":2,\"name\":\"EN COULISSES - Le dialogue de la montre\"}]},{\"@type\":\"Person\",\"@id\":\"https:\/\/www.nettali.com\/#\/schema\/person\/d8ac7b7e27ddad43f1c0d2ef090d7f71\",\"name\":\"CK\",\"image\":{\"@type\":\"ImageObject\",\"@id\":\"https:\/\/www.nettali.com\/#personlogo\",\"inLanguage\":\"fr-FR\",\"url\":\"https:\/\/secure.gravatar.com\/avatar\/1d8d5118b9327d94da7cd4ce7f17fec2?s=96&d=mm&r=g\",\"contentUrl\":\"https:\/\/secure.gravatar.com\/avatar\/1d8d5118b9327d94da7cd4ce7f17fec2?s=96&d=mm&r=g\",\"caption\":\"CK\"},\"sameAs\":[\"https:\/\/www.nettali.com\"]}]}<\/script>\n<!-- \/ Yoast SEO Premium plugin. -->","yoast_head_json":{"title":"EN COULISSES - Le dialogue de la montre | Nettali.com","robots":{"index":"index","follow":"follow","max-snippet":"max-snippet:-1","max-image-preview":"max-image-preview:large","max-video-preview":"max-video-preview:-1"},"canonical":"https:\/\/www.nettali.com\/2023\/06\/12\/en-coulisses-le-dialogue-de-la-montre\/","og_locale":"fr_FR","og_type":"article","og_title":"EN COULISSES - Le dialogue de la montre","og_description":"NETTALI.COM - S\u2019 il y a un point sur lequel les participants au Dialogue national lance\u0301 par le pre\u0301sident de la Re\u0301publique, Macky Sall, sont d\u2019ores et de\u0301ja\u0300 d\u2019accord, c\u2019est que le temps presse. Le chef de l\u2019E\u0301tat a mis la pression pour avoir des re\u0301sultats dans moins d\u2019une quinzaine de jours (25 juin). Aussi, [&hellip;]","og_url":"https:\/\/www.nettali.com\/2023\/06\/12\/en-coulisses-le-dialogue-de-la-montre\/","og_site_name":"Nettali.com","article_publisher":"https:\/\/www.facebook.com\/nettalicom","article_published_time":"2023-06-12T11:38:44+00:00","og_image":[{"width":735,"height":450,"url":"https:\/\/www.nettali.com\/wp-content\/uploads\/2023\/06\/00530068-623c83162463654dac85b82ee8429046-arc614x376-w735-us1.jpg","type":"image\/jpeg"}],"twitter_card":"summary_large_image","twitter_misc":{"\u00c9crit par":"CK","Dur\u00e9e de lecture estim\u00e9e":"1 minute"},"schema":{"@context":"https:\/\/schema.org","@graph":[{"@type":"WebSite","@id":"https:\/\/www.nettali.com\/#website","url":"https:\/\/www.nettali.com\/","name":"Nettali.com","description":"Le rendez-vous critique du Net","potentialAction":[{"@type":"SearchAction","target":{"@type":"EntryPoint","urlTemplate":"https:\/\/www.nettali.com\/?s={search_term_string}"},"query-input":"required name=search_term_string"}],"inLanguage":"fr-FR"},{"@type":"ImageObject","@id":"https:\/\/www.nettali.com\/2023\/06\/12\/en-coulisses-le-dialogue-de-la-montre\/#primaryimage","inLanguage":"fr-FR","url":"https:\/\/www.nettali.com\/wp-content\/uploads\/2023\/06\/00530068-623c83162463654dac85b82ee8429046-arc614x376-w735-us1.jpg","contentUrl":"https:\/\/www.nettali.com\/wp-content\/uploads\/2023\/06\/00530068-623c83162463654dac85b82ee8429046-arc614x376-w735-us1.jpg","width":735,"height":450},{"@type":"WebPage","@id":"https:\/\/www.nettali.com\/2023\/06\/12\/en-coulisses-le-dialogue-de-la-montre\/#webpage","url":"https:\/\/www.nettali.com\/2023\/06\/12\/en-coulisses-le-dialogue-de-la-montre\/","name":"EN COULISSES - Le dialogue de la montre | Nettali.com","isPartOf":{"@id":"https:\/\/www.nettali.com\/#website"},"primaryImageOfPage":{"@id":"https:\/\/www.nettali.com\/2023\/06\/12\/en-coulisses-le-dialogue-de-la-montre\/#primaryimage"},"datePublished":"2023-06-12T11:38:44+00:00","dateModified":"2023-06-12T11:38:44+00:00","author":{"@id":"https:\/\/www.nettali.com\/#\/schema\/person\/d8ac7b7e27ddad43f1c0d2ef090d7f71"},"breadcrumb":{"@id":"https:\/\/www.nettali.com\/2023\/06\/12\/en-coulisses-le-dialogue-de-la-montre\/#breadcrumb"},"inLanguage":"fr-FR","potentialAction":[{"@type":"ReadAction","target":["https:\/\/www.nettali.com\/2023\/06\/12\/en-coulisses-le-dialogue-de-la-montre\/"]}]},{"@type":"BreadcrumbList","@id":"https:\/\/www.nettali.com\/2023\/06\/12\/en-coulisses-le-dialogue-de-la-montre\/#breadcrumb","itemListElement":[{"@type":"ListItem","position":1,"name":"Accueil","item":"https:\/\/www.nettali.com\/"},{"@type":"ListItem","position":2,"name":"EN COULISSES - Le dialogue de la montre"}]},{"@type":"Person","@id":"https:\/\/www.nettali.com\/#\/schema\/person\/d8ac7b7e27ddad43f1c0d2ef090d7f71","name":"CK","image":{"@type":"ImageObject","@id":"https:\/\/www.nettali.com\/#personlogo","inLanguage":"fr-FR","url":"https:\/\/secure.gravatar.com\/avatar\/1d8d5118b9327d94da7cd4ce7f17fec2?s=96&d=mm&r=g","contentUrl":"https:\/\/secure.gravatar.com\/avatar\/1d8d5118b9327d94da7cd4ce7f17fec2?s=96&d=mm&r=g","caption":"CK"},"sameAs":["https:\/\/www.nettali.com"]}]}},"_links":{"self":[{"href":"https:\/\/www.nettali.com\/rest\/wp\/v2\/posts\/111909"}],"collection":[{"href":"https:\/\/www.nettali.com\/rest\/wp\/v2\/posts"}],"about":[{"href":"https:\/\/www.nettali.com\/rest\/wp\/v2\/types\/post"}],"author":[{"embeddable":true,"href":"https:\/\/www.nettali.com\/rest\/wp\/v2\/users\/2"}],"replies":[{"embeddable":true,"href":"https:\/\/www.nettali.com\/rest\/wp\/v2\/comments?post=111909"}],"version-history":[{"count":2,"href":"https:\/\/www.nettali.com\/rest\/wp\/v2\/posts\/111909\/revisions"}],"predecessor-version":[{"id":111918,"href":"https:\/\/www.nettali.com\/rest\/wp\/v2\/posts\/111909\/revisions\/111918"}],"wp:featuredmedia":[{"embeddable":true,"href":"https:\/\/www.nettali.com\/rest\/wp\/v2\/media\/111935"}],"wp:attachment":[{"href":"https:\/\/www.nettali.com\/rest\/wp\/v2\/media?parent=111909"}],"wp:term":[{"taxonomy":"category","embeddable":true,"href":"https:\/\/www.nettali.com\/rest\/wp\/v2\/categories?post=111909"},{"taxonomy":"post_tag","embeddable":true,"href":"https:\/\/www.nettali.com\/rest\/wp\/v2\/tags?post=111909"}],"curies":[{"name":"wp","href":"https:\/\/api.w.org\/{rel}","templated":true}]}}