{"id":111828,"date":"2023-06-10T10:54:43","date_gmt":"2023-06-10T10:54:43","guid":{"rendered":"https:\/\/www.nettali.com\/?p=111828"},"modified":"2023-06-10T10:54:43","modified_gmt":"2023-06-10T10:54:43","slug":"suspension-des-programmes-de-walf-combat-pour-eviter-un-drame-social","status":"publish","type":"post","link":"https:\/\/www.nettali.com\/2023\/06\/10\/suspension-des-programmes-de-walf-combat-pour-eviter-un-drame-social\/","title":{"rendered":"SUSPENSION DES PROGRAMMES DE WALF \u2013 Combat pour \u00e9viter un drame social"},"content":{"rendered":"<p><strong>NETTALI.COM - La direction du groupe Walfadjri a re\u00e7u ce vendredi une note du minist\u00e8re de la Communication, des t\u00e9l\u00e9communications et de l\u2019\u00e9conomie num\u00e9rique l\u2019informant de la d\u00e9cision de suspendre les programmes du groupe m\u00e9diatique pendant un mois. Une situation difficile pour Walf, puisque son personnel\u00a0 est d\u2019ores et d\u00e9j\u00e0 mis au ch\u00f4mage technique et des licenciements collectifs suivront pour la survie de l\u2019entreprise.<\/strong><\/p>\n<p>30 jours de suspension pour Walf. Une d\u00e9cision lourde de cons\u00e9quences tant sur le plan \u00e9conomique que social. Dans une note sign\u00e9e par le ministre des T\u00e9l\u00e9communications et de l\u2019\u00e9conomie num\u00e9rique, Moussa Bocar Thiam, il est pr\u00e9cis\u00e9 que le signal du groupe Walfadjri est suspendu pour un mois \u00e0 partir du jeudi 1<sup>er<\/sup> juin 2023 date \u00e0 laquelle, les violentes manifestations avaient \u00e9clat\u00e9. D\u2019ailleurs, le ministre, dans ce communiqu\u00e9, a estim\u00e9 que cette d\u00e9cision du gouvernement fait suite au <em>\u00abconstat dans la couverture de la situation de tensions par le groupe Walfadjri, la diffusion en boucle des images de violences exposant des adolescents, accompagn\u00e9es de propos subversifs, haineux, dangereux incitant \u00e0 la violence et portant manifestement atteinte \u00e0 la s\u00e9curit\u00e9 de l'\u00c9tat, \u00e0 l'int\u00e9grit\u00e9 territoriale, \u00e0 la stabilit\u00e9 et \u00e0 la paix sociale, en violation flagrante de toutes ses obligations\u00bb. \u00a0Moussa Bocar Thiam ajoute aussi que ces images sont \u00aben violation flagrante des obligations de l\u2019Etat \u00e0 sauvegarder la paix, l'ordre public et les imp\u00e9ratifs de la s\u00e9curit\u00e9 et de la d\u00e9fense nationale\u00bb.<\/em> Il informe toujours dans la note qu\u2019en <em>\u00abcas de r\u00e9cidive, apr\u00e8s la reprise de la diffusion des programmes du groupe Walfadjri, conform\u00e9ment \u00e0 la r\u00e9glementation, l'autorisation pourrait faire l'objet d'un retrait d\u00e9finitif\u00bb.<\/em> Une d\u00e9cision qui aura de lourdes cons\u00e9quences sur les agents du groupe de feu Sidy Lamine Niass.<\/p>\n<p><strong>Tout le personnel du groupe Walf mis au ch\u00f4mage technique, des licenciements collectifs annonc\u00e9s<\/strong><\/p>\n<p>En sit-in hier dans leurs locaux, le directeur du groupe Cheikh Niass estime que la coupure du signal du groupe Walf sans aucune\u00a0notification, ni pr\u00e9avis est une d\u00e9cision injuste de la part de l\u2019Etat du S\u00e9n\u00e9gal.\u00a0 <em>\u00abC\u2019est une injustice. La lettre de notification nous a \u00e9t\u00e9 envoy\u00e9e par le ministre de la communication ce vendredi. C\u2019est la troisi\u00e8me fois qu\u2019on coupe notre signal en l\u2019espace de deux ann\u00e9es. En mars 2021, nous n\u2019avions pas port\u00e9 plainte ni fait un sitin, pensant \u00eatre dans un Etat de droit. La deuxi\u00e8me fois, en f\u00e9vrier 2023, nous avions organis\u00e9 un sit-in et port\u00e9 plainte au niveau de la Cour supr\u00eame. Mais, depuis lors, notre plainte n\u2019a pas \u00e9t\u00e9 enr\u00f4l\u00e9e. Aucune date n\u2019a \u00e9t\u00e9 retenue\u00bb,<\/em> a regrett\u00e9 Cheikh Niass qui, furax, embraye\u00a0: <em>\u00abIls ont commis une injustice envers nous. Ils ont coup\u00e9 notre signal sans pr\u00e9avis. Quand nous avons demand\u00e9 \u00e0 Babacar Diagne s\u2019il \u00e9tait l\u2019auteur de cette forfaiture, il s\u2019est d\u00e9douan\u00e9. C\u2019est apr\u00e8s avoir parl\u00e9 avec le directeur de Canal Plus que ce dernier m\u2019a dit avoir re\u00e7u une lettre du ministre de la Communication Moussa Bocar Thiam, lui disant de couper notre signal sur ce bouquet pour diffusion de messages mensongers et subversifs\u00bb.\u00a0<\/em><\/p>\n<p>Une d\u00e9cision lourde de cons\u00e9quences, fait constater Cheikh Niass. <em>\u00abCette coupure de signal, nous porte vraiment pr\u00e9judice. Nous avons une entreprise avec des charges et des d\u00e9penses. Aujourd\u2019hui, nos charges tournent autour de plus de 60 millions FCFA. Avant, il fallait qu\u2019on maintienne nos partenaires et employ\u00e9s \u00e0 l\u2019aise. Nous avons tout fait pour qu\u2019il n\u2019y ait ni d\u00e9mission encore moins de licenciement. Mais, \u00e0 l\u2019impossible, nul n\u2019est tenu\u00bb, <\/em>reconna\u00eet-il. C\u2019est la raison pour laquelle<em>, \u00abtout le personnel du groupe Walf est d\u2019ores et d\u00e9j\u00e0 mis au ch\u00f4mage technique et des licenciements collectifs suivront pour la survie de l\u2019entreprise\u00bb<\/em>. Pour autant, le directeur du groupe Walf ne compte pas baisser les bras.\u00a0 Pour Cheikh Niass, le gouvernement veut liquider Walf. <em>\u00abCette d\u00e9cision est une d\u00e9claration de guerre. De notre c\u00f4t\u00e9, nous allons boycotter toutes les activit\u00e9s de l\u2019Etat. De plus, nous appelons \u00e0 une marche vers le Palais. D\u00e9sormais, la r\u00e9volution est en marche et rien ne l\u2019arr\u00eatera\u00bb<\/em>, annonce le Directeur du groupe Walf.<\/p>\n<p><strong>\u00abUne d\u00e9cision fallacieuse et un abus de pouvoir\u00bb<\/strong><\/p>\n<p>\u00abC\u2019est un abus de pouvoir\u00bb, l\u00e2che Mamadou Ibra Kane. Le pr\u00e9sident du conseil des diffuseurs et \u00e9diteurs de presse (Cdeps) estime que la proc\u00e9dure de suspension est infond\u00e9e. <em>\u00abWalf a re\u00e7u la notification de suspension du signal de ses programmes ce vendredi. Un manquement tr\u00e8s grave par rapport \u00e0 la loi. Car, en principe, la d\u00e9cision administrative doit \u00eatre motiv\u00e9e et servie au responsable moral de l\u2019entreprise de presse. Donc, en retardant la notification, on a l\u00e9s\u00e9 les droits de Walf Tv en ce sens que c\u2019\u00e9tait depuis le 1<sup>er<\/sup> et la notification n\u2019a eu lieu que le 9 juin. Donc, huit jours plus tard\u00bb.<\/em> De plus, encha\u00eene-t-il, <em>\u00able fait que la d\u00e9cision a \u00e9t\u00e9 prise par le ministre de la Communication est une violation de la loi. Puisque l\u2019article 192 de la loi portant Code de la presse stipule que l\u2019autorit\u00e9 administrative comp\u00e9tente est le gouverneur, le pr\u00e9fet ou le sous-pr\u00e9fet. En aucun cas, il est fait mention du ministre ou du minist\u00e8re de la Communication. Il faut que l\u2019Etat apprenne \u00e0 faire respecter les lois\u00bb<\/em>. Aujourd\u2019hui, pour Mamadou Ibrahima Kane, il faut que le Walf use de tous les recours de droit qui lui est offert. <em>\u00abRien ne sert de sortir des communiqu\u00e9s ou d\u2019engager des actions qui ne sont pas conformes \u00e0 la loi, il faut utiliser l\u2019Etat de droit\u00bb.<\/em><\/p>\n<p>&nbsp;<\/p>\n<div class='share-to-whatsapp-wrapper'><div class='share-on-whsp'>PARTAGER SUR : <\/div><a data-text='SUSPENSION DES PROGRAMMES DE WALF \u2013 Combat pour \u00e9viter un drame social' data-link='https:\/\/www.nettali.com\/2023\/06\/10\/suspension-des-programmes-de-walf-combat-pour-eviter-un-drame-social\/' class='whatsapp-button whatsapp-share'>WhatsApp<\/a><div class='clear '><\/div><\/div>","protected":false},"excerpt":{"rendered":"<p>NETTALI.COM - La direction du groupe Walfadjri a re\u00e7u ce vendredi une note du minist\u00e8re de la Communication, des t\u00e9l\u00e9communications et de l\u2019\u00e9conomie num\u00e9rique l\u2019informant de la d\u00e9cision de suspendre les programmes du groupe m\u00e9diatique pendant un mois. Une situation difficile pour Walf, puisque son personnel\u00a0 est d\u2019ores et d\u00e9j\u00e0 mis au ch\u00f4mage technique et [&hellip;]<\/p>\n","protected":false},"author":4,"featured_media":111829,"comment_status":"open","ping_status":"open","sticky":false,"template":"","format":"standard","meta":{"_et_pb_use_builder":"","_et_pb_old_content":""},"categories":[3],"tags":[],"yoast_head":"<!-- This site is optimized with the Yoast SEO Premium plugin v17.8 (Yoast SEO v17.8) - https:\/\/yoast.com\/wordpress\/plugins\/seo\/ -->\n<title>SUSPENSION DES PROGRAMMES DE WALF \u2013 Combat pour \u00e9viter un drame social | Nettali.com<\/title>\n<meta name=\"robots\" content=\"index, follow, max-snippet:-1, max-image-preview:large, max-video-preview:-1\" \/>\n<link rel=\"canonical\" href=\"https:\/\/www.nettali.com\/2023\/06\/10\/suspension-des-programmes-de-walf-combat-pour-eviter-un-drame-social\/\" \/>\n<meta property=\"og:locale\" content=\"fr_FR\" \/>\n<meta property=\"og:type\" content=\"article\" \/>\n<meta property=\"og:title\" content=\"SUSPENSION DES PROGRAMMES DE WALF \u2013 Combat pour \u00e9viter un drame social\" \/>\n<meta property=\"og:description\" content=\"NETTALI.COM - La direction du groupe Walfadjri a re\u00e7u ce vendredi une note du minist\u00e8re de la Communication, des t\u00e9l\u00e9communications et de l\u2019\u00e9conomie num\u00e9rique l\u2019informant de la d\u00e9cision de suspendre les programmes du groupe m\u00e9diatique pendant un mois. Une situation difficile pour Walf, puisque son personnel\u00a0 est d\u2019ores et d\u00e9j\u00e0 mis au ch\u00f4mage technique et [&hellip;]\" \/>\n<meta property=\"og:url\" content=\"https:\/\/www.nettali.com\/2023\/06\/10\/suspension-des-programmes-de-walf-combat-pour-eviter-un-drame-social\/\" \/>\n<meta property=\"og:site_name\" content=\"Nettali.com\" \/>\n<meta property=\"article:publisher\" content=\"https:\/\/www.facebook.com\/nettalicom\" \/>\n<meta property=\"article:published_time\" content=\"2023-06-10T10:54:43+00:00\" \/>\n<meta property=\"og:image\" content=\"https:\/\/www.nettali.com\/wp-content\/uploads\/2023\/06\/Walfadjri.jpeg\" \/>\n\t<meta property=\"og:image:width\" content=\"800\" \/>\n\t<meta property=\"og:image:height\" content=\"450\" \/>\n<meta name=\"twitter:card\" content=\"summary_large_image\" \/>\n<meta name=\"twitter:label1\" content=\"\u00c9crit par\" \/>\n\t<meta name=\"twitter:data1\" content=\"Daouda\" \/>\n\t<meta name=\"twitter:label2\" content=\"Dur\u00e9e de lecture estim\u00e9e\" \/>\n\t<meta name=\"twitter:data2\" content=\"5 minutes\" \/>\n<script type=\"application\/ld+json\" class=\"yoast-schema-graph\">{\"@context\":\"https:\/\/schema.org\",\"@graph\":[{\"@type\":\"WebSite\",\"@id\":\"https:\/\/www.nettali.com\/#website\",\"url\":\"https:\/\/www.nettali.com\/\",\"name\":\"Nettali.com\",\"description\":\"Le rendez-vous critique du Net\",\"potentialAction\":[{\"@type\":\"SearchAction\",\"target\":{\"@type\":\"EntryPoint\",\"urlTemplate\":\"https:\/\/www.nettali.com\/?s={search_term_string}\"},\"query-input\":\"required name=search_term_string\"}],\"inLanguage\":\"fr-FR\"},{\"@type\":\"ImageObject\",\"@id\":\"https:\/\/www.nettali.com\/2023\/06\/10\/suspension-des-programmes-de-walf-combat-pour-eviter-un-drame-social\/#primaryimage\",\"inLanguage\":\"fr-FR\",\"url\":\"https:\/\/www.nettali.com\/wp-content\/uploads\/2023\/06\/Walfadjri.jpeg\",\"contentUrl\":\"https:\/\/www.nettali.com\/wp-content\/uploads\/2023\/06\/Walfadjri.jpeg\",\"width\":800,\"height\":450},{\"@type\":\"WebPage\",\"@id\":\"https:\/\/www.nettali.com\/2023\/06\/10\/suspension-des-programmes-de-walf-combat-pour-eviter-un-drame-social\/#webpage\",\"url\":\"https:\/\/www.nettali.com\/2023\/06\/10\/suspension-des-programmes-de-walf-combat-pour-eviter-un-drame-social\/\",\"name\":\"SUSPENSION DES PROGRAMMES DE WALF \\u2013 Combat pour \\u00e9viter un drame social | Nettali.com\",\"isPartOf\":{\"@id\":\"https:\/\/www.nettali.com\/#website\"},\"primaryImageOfPage\":{\"@id\":\"https:\/\/www.nettali.com\/2023\/06\/10\/suspension-des-programmes-de-walf-combat-pour-eviter-un-drame-social\/#primaryimage\"},\"datePublished\":\"2023-06-10T10:54:43+00:00\",\"dateModified\":\"2023-06-10T10:54:43+00:00\",\"author\":{\"@id\":\"https:\/\/www.nettali.com\/#\/schema\/person\/3317e0bb3aa1da309fbf7b2780901bf4\"},\"breadcrumb\":{\"@id\":\"https:\/\/www.nettali.com\/2023\/06\/10\/suspension-des-programmes-de-walf-combat-pour-eviter-un-drame-social\/#breadcrumb\"},\"inLanguage\":\"fr-FR\",\"potentialAction\":[{\"@type\":\"ReadAction\",\"target\":[\"https:\/\/www.nettali.com\/2023\/06\/10\/suspension-des-programmes-de-walf-combat-pour-eviter-un-drame-social\/\"]}]},{\"@type\":\"BreadcrumbList\",\"@id\":\"https:\/\/www.nettali.com\/2023\/06\/10\/suspension-des-programmes-de-walf-combat-pour-eviter-un-drame-social\/#breadcrumb\",\"itemListElement\":[{\"@type\":\"ListItem\",\"position\":1,\"name\":\"Accueil\",\"item\":\"https:\/\/www.nettali.com\/\"},{\"@type\":\"ListItem\",\"position\":2,\"name\":\"SUSPENSION DES PROGRAMMES DE WALF \\u2013 Combat pour \\u00e9viter un drame social\"}]},{\"@type\":\"Person\",\"@id\":\"https:\/\/www.nettali.com\/#\/schema\/person\/3317e0bb3aa1da309fbf7b2780901bf4\",\"name\":\"Daouda\",\"image\":{\"@type\":\"ImageObject\",\"@id\":\"https:\/\/www.nettali.com\/#personlogo\",\"inLanguage\":\"fr-FR\",\"url\":\"https:\/\/secure.gravatar.com\/avatar\/8d143b5a49345098ddcfee1c49c2f47c?s=96&d=mm&r=g\",\"contentUrl\":\"https:\/\/secure.gravatar.com\/avatar\/8d143b5a49345098ddcfee1c49c2f47c?s=96&d=mm&r=g\",\"caption\":\"Daouda\"},\"sameAs\":[\"https:\/\/www.nettali.com\"]}]}<\/script>\n<!-- \/ Yoast SEO Premium plugin. -->","yoast_head_json":{"title":"SUSPENSION DES PROGRAMMES DE WALF \u2013 Combat pour \u00e9viter un drame social | Nettali.com","robots":{"index":"index","follow":"follow","max-snippet":"max-snippet:-1","max-image-preview":"max-image-preview:large","max-video-preview":"max-video-preview:-1"},"canonical":"https:\/\/www.nettali.com\/2023\/06\/10\/suspension-des-programmes-de-walf-combat-pour-eviter-un-drame-social\/","og_locale":"fr_FR","og_type":"article","og_title":"SUSPENSION DES PROGRAMMES DE WALF \u2013 Combat pour \u00e9viter un drame social","og_description":"NETTALI.COM - La direction du groupe Walfadjri a re\u00e7u ce vendredi une note du minist\u00e8re de la Communication, des t\u00e9l\u00e9communications et de l\u2019\u00e9conomie num\u00e9rique l\u2019informant de la d\u00e9cision de suspendre les programmes du groupe m\u00e9diatique pendant un mois. Une situation difficile pour Walf, puisque son personnel\u00a0 est d\u2019ores et d\u00e9j\u00e0 mis au ch\u00f4mage technique et [&hellip;]","og_url":"https:\/\/www.nettali.com\/2023\/06\/10\/suspension-des-programmes-de-walf-combat-pour-eviter-un-drame-social\/","og_site_name":"Nettali.com","article_publisher":"https:\/\/www.facebook.com\/nettalicom","article_published_time":"2023-06-10T10:54:43+00:00","og_image":[{"width":800,"height":450,"url":"https:\/\/www.nettali.com\/wp-content\/uploads\/2023\/06\/Walfadjri.jpeg","type":"image\/jpeg"}],"twitter_card":"summary_large_image","twitter_misc":{"\u00c9crit par":"Daouda","Dur\u00e9e de lecture estim\u00e9e":"5 minutes"},"schema":{"@context":"https:\/\/schema.org","@graph":[{"@type":"WebSite","@id":"https:\/\/www.nettali.com\/#website","url":"https:\/\/www.nettali.com\/","name":"Nettali.com","description":"Le rendez-vous critique du Net","potentialAction":[{"@type":"SearchAction","target":{"@type":"EntryPoint","urlTemplate":"https:\/\/www.nettali.com\/?s={search_term_string}"},"query-input":"required name=search_term_string"}],"inLanguage":"fr-FR"},{"@type":"ImageObject","@id":"https:\/\/www.nettali.com\/2023\/06\/10\/suspension-des-programmes-de-walf-combat-pour-eviter-un-drame-social\/#primaryimage","inLanguage":"fr-FR","url":"https:\/\/www.nettali.com\/wp-content\/uploads\/2023\/06\/Walfadjri.jpeg","contentUrl":"https:\/\/www.nettali.com\/wp-content\/uploads\/2023\/06\/Walfadjri.jpeg","width":800,"height":450},{"@type":"WebPage","@id":"https:\/\/www.nettali.com\/2023\/06\/10\/suspension-des-programmes-de-walf-combat-pour-eviter-un-drame-social\/#webpage","url":"https:\/\/www.nettali.com\/2023\/06\/10\/suspension-des-programmes-de-walf-combat-pour-eviter-un-drame-social\/","name":"SUSPENSION DES PROGRAMMES DE WALF \u2013 Combat pour \u00e9viter un drame social | Nettali.com","isPartOf":{"@id":"https:\/\/www.nettali.com\/#website"},"primaryImageOfPage":{"@id":"https:\/\/www.nettali.com\/2023\/06\/10\/suspension-des-programmes-de-walf-combat-pour-eviter-un-drame-social\/#primaryimage"},"datePublished":"2023-06-10T10:54:43+00:00","dateModified":"2023-06-10T10:54:43+00:00","author":{"@id":"https:\/\/www.nettali.com\/#\/schema\/person\/3317e0bb3aa1da309fbf7b2780901bf4"},"breadcrumb":{"@id":"https:\/\/www.nettali.com\/2023\/06\/10\/suspension-des-programmes-de-walf-combat-pour-eviter-un-drame-social\/#breadcrumb"},"inLanguage":"fr-FR","potentialAction":[{"@type":"ReadAction","target":["https:\/\/www.nettali.com\/2023\/06\/10\/suspension-des-programmes-de-walf-combat-pour-eviter-un-drame-social\/"]}]},{"@type":"BreadcrumbList","@id":"https:\/\/www.nettali.com\/2023\/06\/10\/suspension-des-programmes-de-walf-combat-pour-eviter-un-drame-social\/#breadcrumb","itemListElement":[{"@type":"ListItem","position":1,"name":"Accueil","item":"https:\/\/www.nettali.com\/"},{"@type":"ListItem","position":2,"name":"SUSPENSION DES PROGRAMMES DE WALF \u2013 Combat pour \u00e9viter un drame social"}]},{"@type":"Person","@id":"https:\/\/www.nettali.com\/#\/schema\/person\/3317e0bb3aa1da309fbf7b2780901bf4","name":"Daouda","image":{"@type":"ImageObject","@id":"https:\/\/www.nettali.com\/#personlogo","inLanguage":"fr-FR","url":"https:\/\/secure.gravatar.com\/avatar\/8d143b5a49345098ddcfee1c49c2f47c?s=96&d=mm&r=g","contentUrl":"https:\/\/secure.gravatar.com\/avatar\/8d143b5a49345098ddcfee1c49c2f47c?s=96&d=mm&r=g","caption":"Daouda"},"sameAs":["https:\/\/www.nettali.com"]}]}},"_links":{"self":[{"href":"https:\/\/www.nettali.com\/rest\/wp\/v2\/posts\/111828"}],"collection":[{"href":"https:\/\/www.nettali.com\/rest\/wp\/v2\/posts"}],"about":[{"href":"https:\/\/www.nettali.com\/rest\/wp\/v2\/types\/post"}],"author":[{"embeddable":true,"href":"https:\/\/www.nettali.com\/rest\/wp\/v2\/users\/4"}],"replies":[{"embeddable":true,"href":"https:\/\/www.nettali.com\/rest\/wp\/v2\/comments?post=111828"}],"version-history":[{"count":1,"href":"https:\/\/www.nettali.com\/rest\/wp\/v2\/posts\/111828\/revisions"}],"predecessor-version":[{"id":111830,"href":"https:\/\/www.nettali.com\/rest\/wp\/v2\/posts\/111828\/revisions\/111830"}],"wp:featuredmedia":[{"embeddable":true,"href":"https:\/\/www.nettali.com\/rest\/wp\/v2\/media\/111829"}],"wp:attachment":[{"href":"https:\/\/www.nettali.com\/rest\/wp\/v2\/media?parent=111828"}],"wp:term":[{"taxonomy":"category","embeddable":true,"href":"https:\/\/www.nettali.com\/rest\/wp\/v2\/categories?post=111828"},{"taxonomy":"post_tag","embeddable":true,"href":"https:\/\/www.nettali.com\/rest\/wp\/v2\/tags?post=111828"}],"curies":[{"name":"wp","href":"https:\/\/api.w.org\/{rel}","templated":true}]}}