{"id":111777,"date":"2023-06-09T12:52:53","date_gmt":"2023-06-09T12:52:53","guid":{"rendered":"https:\/\/www.nettali.com\/?p=111777"},"modified":"2023-06-09T12:52:53","modified_gmt":"2023-06-09T12:52:53","slug":"absence-dedouard-mendy-les-eclaircissements-de-cisse","status":"publish","type":"post","link":"https:\/\/www.nettali.com\/2023\/06\/09\/absence-dedouard-mendy-les-eclaircissements-de-cisse\/","title":{"rendered":"ABSENCE D'\u00c9DOUARD MENDY - Les \u00e9claircissements de Ciss\u00e9"},"content":{"rendered":"<p><strong>NETTALI.COM - Aliou Ciss\u00e9 a tenu \u00e0 clarifier la situation concernant l\u2019absence du gardien de but Edouard Mendy lors du rassemblement de juin. Contrairement aux rumeurs de divergence, le s\u00e9lectionneur des Lions a confirm\u00e9 le statut de num\u00e9ro 1 de Mendy Edouard Mendy, non apparu avec les champions d'Afrique depuis la Coupe du Monde au Qatar.<\/strong><\/p>\n<p>Le s\u00e9lectionneur de l\u2019\u00e9quipe nationale du S\u00e9n\u00e9gal a d\u00e9cid\u00e9 de dissiper les malentendus entourant l\u2019absence d\u2019Edouard Mendy lors de ce regroupement. Aliou Ciss\u00e9 a r\u00e9affirm\u00e9 le talent et le niveau du gardien de but, confirmant qu\u2019il reste le num\u00e9ro 1 dans la s\u00e9lection nationale.<\/p>\n<p>\"<em>Je ne le dirais jamais assez, Edouard Mendy fait partie des meilleurs gardiens. Comme vous le savez, lui et d\u2019autres dans l\u2019\u00e9quipe, ont v\u00e9cu une saison tr\u00e8s difficile, tr\u00e8s compliqu\u00e9e. Mais cela n\u2019enl\u00e8ve rien du tout des qualit\u00e9s, du standing de ce gar\u00e7on la. Aujourd\u2019hui, c\u2019est le gardien num\u00e9ro 1 de l\u2019\u00e9quipe nationale du S\u00e9n\u00e9gal quand il est en forme. Cela est clair et net<\/em>\", a clairement indiqu\u00e9 Aliou Ciss\u00e9.<\/p>\n<p>Apparu \u00e0 douze reprises seulement avec les Blues durant la saison \u00e9coul\u00e9e, l\u2019ancien R\u00e9mois et Rennais ne compte qu\u2019une titularisation en Premier League depuis la Coupe du Monde au Qatar. Face \u00e0 cette situation, priorit\u00e9 a \u00e9t\u00e9 donn\u00e9e au trio compos\u00e9 de Mory Diaw (Clermont), Seny Dieng (Queens Park Rangers) et Alfred Gomis (SPAL), num\u00e9ro 2 dans l\u2019esprit du s\u00e9lectionneur.<\/p>\n<p>Ainsi, en accord avec Mendy, Ciss\u00e9 a pris la d\u00e9cision de le laisser se reposer et de se pr\u00e9parer pour la prochaine saison. Le s\u00e9lectionneur est convaincu que cette p\u00e9riode de repos lui permettra de revenir plus fort.<br \/>\n\"<em>Les r\u00e9alit\u00e9s d\u2019aujourd\u2019hui font qu\u2019il revient de blessure et cette ann\u00e9e \u00e9tait compliqu\u00e9e. En amont, on a discut\u00e9 et on a \u00e9t\u00e9 d\u2019accord que la meilleure mani\u00e8re de l\u2019aider, c\u2019est de rester en famille et se pr\u00e9parera pour la saison prochaine. Et il pourra revenir encore plus fort. En tout cas, il a tout mon soutien, ma confiance et je prie pour lui que rapidement, il trouve un club et qu\u2019on puisse retrouver le Edouard Mendy qu\u2019on connaissait<\/em>\", a conclu le coach s\u00e9n\u00e9galais.<\/p>\n<p>Rappelons que l'\u00e9quipe du S\u00e9n\u00e9gal a entam\u00e9 sa pr\u00e9paration, ce jeudi 8 juin, au terrain annexe du stade Abdoulaye Wade de Diamniadio en perspective des matches B\u00e9nin-S\u00e9n\u00e9gal (5\u00e8 journ\u00e9e \u00e9liminatoires CAN 2023 le 17 juin 2023) et Br\u00e9sil-S\u00e9n\u00e9gal (en amical le 20 juin 2023). Vingt des 26 lions ont pris part au premier galop.<\/p>\n<p>Parmi les 6 absents on peut citer Kr\u00e9pin Diatta, Cheikhou Kouyat\u00e9, Idrissa Gana, Alfred Gomis, Iliman Ndiaye, et Youssouf Sabaly.<\/p>\n<div class='share-to-whatsapp-wrapper'><div class='share-on-whsp'>PARTAGER SUR : <\/div><a data-text='ABSENCE D'\u00c9DOUARD MENDY - Les \u00e9claircissements de Ciss\u00e9' data-link='https:\/\/www.nettali.com\/2023\/06\/09\/absence-dedouard-mendy-les-eclaircissements-de-cisse\/' class='whatsapp-button whatsapp-share'>WhatsApp<\/a><div class='clear '><\/div><\/div>","protected":false},"excerpt":{"rendered":"<p>NETTALI.COM - Aliou Ciss\u00e9 a tenu \u00e0 clarifier la situation concernant l\u2019absence du gardien de but Edouard Mendy lors du rassemblement de juin. Contrairement aux rumeurs de divergence, le s\u00e9lectionneur des Lions a confirm\u00e9 le statut de num\u00e9ro 1 de Mendy Edouard Mendy, non apparu avec les champions d'Afrique depuis la Coupe du Monde au [&hellip;]<\/p>\n","protected":false},"author":5,"featured_media":111778,"comment_status":"open","ping_status":"open","sticky":false,"template":"","format":"standard","meta":{"_et_pb_use_builder":"","_et_pb_old_content":""},"categories":[6],"tags":[],"yoast_head":"<!-- This site is optimized with the Yoast SEO Premium plugin v17.8 (Yoast SEO v17.8) - https:\/\/yoast.com\/wordpress\/plugins\/seo\/ -->\n<title>ABSENCE D&#039;\u00c9DOUARD MENDY - Les \u00e9claircissements de Ciss\u00e9 | Nettali.com<\/title>\n<meta name=\"robots\" content=\"index, follow, max-snippet:-1, max-image-preview:large, max-video-preview:-1\" \/>\n<link rel=\"canonical\" href=\"https:\/\/www.nettali.com\/2023\/06\/09\/absence-dedouard-mendy-les-eclaircissements-de-cisse\/\" \/>\n<meta property=\"og:locale\" content=\"fr_FR\" \/>\n<meta property=\"og:type\" content=\"article\" \/>\n<meta property=\"og:title\" content=\"ABSENCE D&#039;\u00c9DOUARD MENDY - Les \u00e9claircissements de Ciss\u00e9\" \/>\n<meta property=\"og:description\" content=\"NETTALI.COM - Aliou Ciss\u00e9 a tenu \u00e0 clarifier la situation concernant l\u2019absence du gardien de but Edouard Mendy lors du rassemblement de juin. Contrairement aux rumeurs de divergence, le s\u00e9lectionneur des Lions a confirm\u00e9 le statut de num\u00e9ro 1 de Mendy Edouard Mendy, non apparu avec les champions d&#039;Afrique depuis la Coupe du Monde au [&hellip;]\" \/>\n<meta property=\"og:url\" content=\"https:\/\/www.nettali.com\/2023\/06\/09\/absence-dedouard-mendy-les-eclaircissements-de-cisse\/\" \/>\n<meta property=\"og:site_name\" content=\"Nettali.com\" \/>\n<meta property=\"article:publisher\" content=\"https:\/\/www.facebook.com\/nettalicom\" \/>\n<meta property=\"article:published_time\" content=\"2023-06-09T12:52:53+00:00\" \/>\n<meta property=\"og:image\" content=\"https:\/\/www.nettali.com\/wp-content\/uploads\/2023\/06\/504_sport_Media365-Sport-News_8ef_8ab_01413188668ab2e1e35510bfde_senegal-edouard-mendy-absent-la-mise-au-point-d-aliou-cisse_10458672_senegal_mendy-cisse_090623-1024x425_ext.jpg\" \/>\n\t<meta property=\"og:image:width\" content=\"980\" \/>\n\t<meta property=\"og:image:height\" content=\"450\" \/>\n<meta name=\"twitter:card\" content=\"summary_large_image\" \/>\n<meta name=\"twitter:label1\" content=\"\u00c9crit par\" \/>\n\t<meta name=\"twitter:data1\" content=\"Ibrahima\" \/>\n\t<meta name=\"twitter:label2\" content=\"Dur\u00e9e de lecture estim\u00e9e\" \/>\n\t<meta name=\"twitter:data2\" content=\"2 minutes\" \/>\n<script type=\"application\/ld+json\" class=\"yoast-schema-graph\">{\"@context\":\"https:\/\/schema.org\",\"@graph\":[{\"@type\":\"WebSite\",\"@id\":\"https:\/\/www.nettali.com\/#website\",\"url\":\"https:\/\/www.nettali.com\/\",\"name\":\"Nettali.com\",\"description\":\"Le rendez-vous critique du Net\",\"potentialAction\":[{\"@type\":\"SearchAction\",\"target\":{\"@type\":\"EntryPoint\",\"urlTemplate\":\"https:\/\/www.nettali.com\/?s={search_term_string}\"},\"query-input\":\"required name=search_term_string\"}],\"inLanguage\":\"fr-FR\"},{\"@type\":\"ImageObject\",\"@id\":\"https:\/\/www.nettali.com\/2023\/06\/09\/absence-dedouard-mendy-les-eclaircissements-de-cisse\/#primaryimage\",\"inLanguage\":\"fr-FR\",\"url\":\"https:\/\/www.nettali.com\/wp-content\/uploads\/2023\/06\/504_sport_Media365-Sport-News_8ef_8ab_01413188668ab2e1e35510bfde_senegal-edouard-mendy-absent-la-mise-au-point-d-aliou-cisse_10458672_senegal_mendy-cisse_090623-1024x425_ext.jpg\",\"contentUrl\":\"https:\/\/www.nettali.com\/wp-content\/uploads\/2023\/06\/504_sport_Media365-Sport-News_8ef_8ab_01413188668ab2e1e35510bfde_senegal-edouard-mendy-absent-la-mise-au-point-d-aliou-cisse_10458672_senegal_mendy-cisse_090623-1024x425_ext.jpg\",\"width\":980,\"height\":450},{\"@type\":\"WebPage\",\"@id\":\"https:\/\/www.nettali.com\/2023\/06\/09\/absence-dedouard-mendy-les-eclaircissements-de-cisse\/#webpage\",\"url\":\"https:\/\/www.nettali.com\/2023\/06\/09\/absence-dedouard-mendy-les-eclaircissements-de-cisse\/\",\"name\":\"ABSENCE D'\\u00c9DOUARD MENDY - Les \\u00e9claircissements de Ciss\\u00e9 | Nettali.com\",\"isPartOf\":{\"@id\":\"https:\/\/www.nettali.com\/#website\"},\"primaryImageOfPage\":{\"@id\":\"https:\/\/www.nettali.com\/2023\/06\/09\/absence-dedouard-mendy-les-eclaircissements-de-cisse\/#primaryimage\"},\"datePublished\":\"2023-06-09T12:52:53+00:00\",\"dateModified\":\"2023-06-09T12:52:53+00:00\",\"author\":{\"@id\":\"https:\/\/www.nettali.com\/#\/schema\/person\/bb147657c2986240405a608162b9bb23\"},\"breadcrumb\":{\"@id\":\"https:\/\/www.nettali.com\/2023\/06\/09\/absence-dedouard-mendy-les-eclaircissements-de-cisse\/#breadcrumb\"},\"inLanguage\":\"fr-FR\",\"potentialAction\":[{\"@type\":\"ReadAction\",\"target\":[\"https:\/\/www.nettali.com\/2023\/06\/09\/absence-dedouard-mendy-les-eclaircissements-de-cisse\/\"]}]},{\"@type\":\"BreadcrumbList\",\"@id\":\"https:\/\/www.nettali.com\/2023\/06\/09\/absence-dedouard-mendy-les-eclaircissements-de-cisse\/#breadcrumb\",\"itemListElement\":[{\"@type\":\"ListItem\",\"position\":1,\"name\":\"Accueil\",\"item\":\"https:\/\/www.nettali.com\/\"},{\"@type\":\"ListItem\",\"position\":2,\"name\":\"ABSENCE D'\\u00c9DOUARD MENDY - Les \\u00e9claircissements de Ciss\\u00e9\"}]},{\"@type\":\"Person\",\"@id\":\"https:\/\/www.nettali.com\/#\/schema\/person\/bb147657c2986240405a608162b9bb23\",\"name\":\"Ibrahima\",\"image\":{\"@type\":\"ImageObject\",\"@id\":\"https:\/\/www.nettali.com\/#personlogo\",\"inLanguage\":\"fr-FR\",\"url\":\"https:\/\/secure.gravatar.com\/avatar\/26a8a81f09f0dd7624c9d5c36c9ba3a2?s=96&d=mm&r=g\",\"contentUrl\":\"https:\/\/secure.gravatar.com\/avatar\/26a8a81f09f0dd7624c9d5c36c9ba3a2?s=96&d=mm&r=g\",\"caption\":\"Ibrahima\"},\"sameAs\":[\"https:\/\/www.nettali.com\"]}]}<\/script>\n<!-- \/ Yoast SEO Premium plugin. -->","yoast_head_json":{"title":"ABSENCE D'\u00c9DOUARD MENDY - Les \u00e9claircissements de Ciss\u00e9 | Nettali.com","robots":{"index":"index","follow":"follow","max-snippet":"max-snippet:-1","max-image-preview":"max-image-preview:large","max-video-preview":"max-video-preview:-1"},"canonical":"https:\/\/www.nettali.com\/2023\/06\/09\/absence-dedouard-mendy-les-eclaircissements-de-cisse\/","og_locale":"fr_FR","og_type":"article","og_title":"ABSENCE D'\u00c9DOUARD MENDY - Les \u00e9claircissements de Ciss\u00e9","og_description":"NETTALI.COM - Aliou Ciss\u00e9 a tenu \u00e0 clarifier la situation concernant l\u2019absence du gardien de but Edouard Mendy lors du rassemblement de juin. Contrairement aux rumeurs de divergence, le s\u00e9lectionneur des Lions a confirm\u00e9 le statut de num\u00e9ro 1 de Mendy Edouard Mendy, non apparu avec les champions d'Afrique depuis la Coupe du Monde au [&hellip;]","og_url":"https:\/\/www.nettali.com\/2023\/06\/09\/absence-dedouard-mendy-les-eclaircissements-de-cisse\/","og_site_name":"Nettali.com","article_publisher":"https:\/\/www.facebook.com\/nettalicom","article_published_time":"2023-06-09T12:52:53+00:00","og_image":[{"width":980,"height":450,"url":"https:\/\/www.nettali.com\/wp-content\/uploads\/2023\/06\/504_sport_Media365-Sport-News_8ef_8ab_01413188668ab2e1e35510bfde_senegal-edouard-mendy-absent-la-mise-au-point-d-aliou-cisse_10458672_senegal_mendy-cisse_090623-1024x425_ext.jpg","type":"image\/jpeg"}],"twitter_card":"summary_large_image","twitter_misc":{"\u00c9crit par":"Ibrahima","Dur\u00e9e de lecture estim\u00e9e":"2 minutes"},"schema":{"@context":"https:\/\/schema.org","@graph":[{"@type":"WebSite","@id":"https:\/\/www.nettali.com\/#website","url":"https:\/\/www.nettali.com\/","name":"Nettali.com","description":"Le rendez-vous critique du Net","potentialAction":[{"@type":"SearchAction","target":{"@type":"EntryPoint","urlTemplate":"https:\/\/www.nettali.com\/?s={search_term_string}"},"query-input":"required name=search_term_string"}],"inLanguage":"fr-FR"},{"@type":"ImageObject","@id":"https:\/\/www.nettali.com\/2023\/06\/09\/absence-dedouard-mendy-les-eclaircissements-de-cisse\/#primaryimage","inLanguage":"fr-FR","url":"https:\/\/www.nettali.com\/wp-content\/uploads\/2023\/06\/504_sport_Media365-Sport-News_8ef_8ab_01413188668ab2e1e35510bfde_senegal-edouard-mendy-absent-la-mise-au-point-d-aliou-cisse_10458672_senegal_mendy-cisse_090623-1024x425_ext.jpg","contentUrl":"https:\/\/www.nettali.com\/wp-content\/uploads\/2023\/06\/504_sport_Media365-Sport-News_8ef_8ab_01413188668ab2e1e35510bfde_senegal-edouard-mendy-absent-la-mise-au-point-d-aliou-cisse_10458672_senegal_mendy-cisse_090623-1024x425_ext.jpg","width":980,"height":450},{"@type":"WebPage","@id":"https:\/\/www.nettali.com\/2023\/06\/09\/absence-dedouard-mendy-les-eclaircissements-de-cisse\/#webpage","url":"https:\/\/www.nettali.com\/2023\/06\/09\/absence-dedouard-mendy-les-eclaircissements-de-cisse\/","name":"ABSENCE D'\u00c9DOUARD MENDY - Les \u00e9claircissements de Ciss\u00e9 | Nettali.com","isPartOf":{"@id":"https:\/\/www.nettali.com\/#website"},"primaryImageOfPage":{"@id":"https:\/\/www.nettali.com\/2023\/06\/09\/absence-dedouard-mendy-les-eclaircissements-de-cisse\/#primaryimage"},"datePublished":"2023-06-09T12:52:53+00:00","dateModified":"2023-06-09T12:52:53+00:00","author":{"@id":"https:\/\/www.nettali.com\/#\/schema\/person\/bb147657c2986240405a608162b9bb23"},"breadcrumb":{"@id":"https:\/\/www.nettali.com\/2023\/06\/09\/absence-dedouard-mendy-les-eclaircissements-de-cisse\/#breadcrumb"},"inLanguage":"fr-FR","potentialAction":[{"@type":"ReadAction","target":["https:\/\/www.nettali.com\/2023\/06\/09\/absence-dedouard-mendy-les-eclaircissements-de-cisse\/"]}]},{"@type":"BreadcrumbList","@id":"https:\/\/www.nettali.com\/2023\/06\/09\/absence-dedouard-mendy-les-eclaircissements-de-cisse\/#breadcrumb","itemListElement":[{"@type":"ListItem","position":1,"name":"Accueil","item":"https:\/\/www.nettali.com\/"},{"@type":"ListItem","position":2,"name":"ABSENCE D'\u00c9DOUARD MENDY - Les \u00e9claircissements de Ciss\u00e9"}]},{"@type":"Person","@id":"https:\/\/www.nettali.com\/#\/schema\/person\/bb147657c2986240405a608162b9bb23","name":"Ibrahima","image":{"@type":"ImageObject","@id":"https:\/\/www.nettali.com\/#personlogo","inLanguage":"fr-FR","url":"https:\/\/secure.gravatar.com\/avatar\/26a8a81f09f0dd7624c9d5c36c9ba3a2?s=96&d=mm&r=g","contentUrl":"https:\/\/secure.gravatar.com\/avatar\/26a8a81f09f0dd7624c9d5c36c9ba3a2?s=96&d=mm&r=g","caption":"Ibrahima"},"sameAs":["https:\/\/www.nettali.com"]}]}},"_links":{"self":[{"href":"https:\/\/www.nettali.com\/rest\/wp\/v2\/posts\/111777"}],"collection":[{"href":"https:\/\/www.nettali.com\/rest\/wp\/v2\/posts"}],"about":[{"href":"https:\/\/www.nettali.com\/rest\/wp\/v2\/types\/post"}],"author":[{"embeddable":true,"href":"https:\/\/www.nettali.com\/rest\/wp\/v2\/users\/5"}],"replies":[{"embeddable":true,"href":"https:\/\/www.nettali.com\/rest\/wp\/v2\/comments?post=111777"}],"version-history":[{"count":1,"href":"https:\/\/www.nettali.com\/rest\/wp\/v2\/posts\/111777\/revisions"}],"predecessor-version":[{"id":111779,"href":"https:\/\/www.nettali.com\/rest\/wp\/v2\/posts\/111777\/revisions\/111779"}],"wp:featuredmedia":[{"embeddable":true,"href":"https:\/\/www.nettali.com\/rest\/wp\/v2\/media\/111778"}],"wp:attachment":[{"href":"https:\/\/www.nettali.com\/rest\/wp\/v2\/media?parent=111777"}],"wp:term":[{"taxonomy":"category","embeddable":true,"href":"https:\/\/www.nettali.com\/rest\/wp\/v2\/categories?post=111777"},{"taxonomy":"post_tag","embeddable":true,"href":"https:\/\/www.nettali.com\/rest\/wp\/v2\/tags?post=111777"}],"curies":[{"name":"wp","href":"https:\/\/api.w.org\/{rel}","templated":true}]}}