{"id":111707,"date":"2023-06-08T17:46:56","date_gmt":"2023-06-08T17:46:56","guid":{"rendered":"https:\/\/www.nettali.com\/?p=111707"},"modified":"2023-06-08T17:46:56","modified_gmt":"2023-06-08T17:46:56","slug":"parquet-de-dakar-ndeye-ndack-toure-liberee","status":"publish","type":"post","link":"https:\/\/www.nettali.com\/2023\/06\/08\/parquet-de-dakar-ndeye-ndack-toure-liberee\/","title":{"rendered":"PARQUET DE DAKAR - Nd\u00e8ye Ndack Tour\u00e9 lib\u00e9r\u00e9e"},"content":{"rendered":"<p><strong>NETTALI.COM - Apr\u00e8s une garde \u00e0 vue \u00e0 la Brigade de recherches de Faidherbe et un retour de parquet,\u00a0 \u00a0Nd\u00e8ye Ndack Tour\u00e9 a finalement \u00e9t\u00e9 lib\u00e9r\u00e9e. Selon son avocat, Me Moussa Sarr, aucune charge n\u2019a \u00e9t\u00e9 retenue contre elle.<\/strong><\/p>\n<p>Elle avait \u00e9t\u00e9 arr\u00eat\u00e9e sur instruction du Procureur de la R\u00e9publique. Plac\u00e9e en garde \u00e0 vue \u00e0 la gendarmerie de Faidherbe, elle s\u2019\u00e9tait vue reproch\u00e9e des faits de manoeuvres tendant \u00e0 troubler l'ordre public. D\u00e9f\u00e9r\u00e9e au parquet, elle avait fait l'objet d'un retour de parquet. Ce jeudi, elle a pass\u00e9 la journ\u00e9e \u00e0 la cave avant de faire face au Procureur.<\/p>\n<p>Heureusement pour elle, elle a \u00e9t\u00e9 lib\u00e9r\u00e9e. Selon son avocat, Me Moussa Sarr, aucune charge n'a \u00e9t\u00e9 retenue contre elle.<\/p>\n<p>Mardi dernier, c'est elle-m\u00eame qui avait annonc\u00e9 sa convocation par la gendarmerie. <em>\u00abJe suis convoqu\u00e9e aujourd\u2019hui \u00e0 10h \u00e0 la brigade de Faidherbe. La peur est un poison qui tue l\u2019\u00e2me. Se taire devant cette crise que traverse le S\u00e9n\u00e9gal est une trahison envers la nation. Ne prends pas partie mais parle \u00bb<\/em>, avait-elle post\u00e9.<\/p>\n<p>Tr\u00e8s active sur les r\u00e9seaux sociaux, Nd\u00e8ye Ndack Tour\u00e9 assume ouvertement son soutien \u00e0 l\u2019opposant Ousmane Sonko.<\/p>\n<p align=\"justify\">\n<div class='share-to-whatsapp-wrapper'><div class='share-on-whsp'>PARTAGER SUR : <\/div><a data-text='PARQUET DE DAKAR - Nd\u00e8ye Ndack Tour\u00e9 lib\u00e9r\u00e9e' data-link='https:\/\/www.nettali.com\/2023\/06\/08\/parquet-de-dakar-ndeye-ndack-toure-liberee\/' class='whatsapp-button whatsapp-share'>WhatsApp<\/a><div class='clear '><\/div><\/div>","protected":false},"excerpt":{"rendered":"<p>NETTALI.COM - Apr\u00e8s une garde \u00e0 vue \u00e0 la Brigade de recherches de Faidherbe et un retour de parquet,\u00a0 \u00a0Nd\u00e8ye Ndack Tour\u00e9 a finalement \u00e9t\u00e9 lib\u00e9r\u00e9e. Selon son avocat, Me Moussa Sarr, aucune charge n\u2019a \u00e9t\u00e9 retenue contre elle. Elle avait \u00e9t\u00e9 arr\u00eat\u00e9e sur instruction du Procureur de la R\u00e9publique. Plac\u00e9e en garde \u00e0 vue [&hellip;]<\/p>\n","protected":false},"author":4,"featured_media":111708,"comment_status":"open","ping_status":"open","sticky":false,"template":"","format":"standard","meta":{"_et_pb_use_builder":"","_et_pb_old_content":""},"categories":[3],"tags":[],"yoast_head":"<!-- This site is optimized with the Yoast SEO Premium plugin v17.8 (Yoast SEO v17.8) - https:\/\/yoast.com\/wordpress\/plugins\/seo\/ -->\n<title>PARQUET DE DAKAR - Nd\u00e8ye Ndack Tour\u00e9 lib\u00e9r\u00e9e | Nettali.com<\/title>\n<meta name=\"robots\" content=\"index, follow, max-snippet:-1, max-image-preview:large, max-video-preview:-1\" \/>\n<link rel=\"canonical\" href=\"https:\/\/www.nettali.com\/2023\/06\/08\/parquet-de-dakar-ndeye-ndack-toure-liberee\/\" \/>\n<meta property=\"og:locale\" content=\"fr_FR\" \/>\n<meta property=\"og:type\" content=\"article\" \/>\n<meta property=\"og:title\" content=\"PARQUET DE DAKAR - Nd\u00e8ye Ndack Tour\u00e9 lib\u00e9r\u00e9e\" \/>\n<meta property=\"og:description\" content=\"NETTALI.COM - Apr\u00e8s une garde \u00e0 vue \u00e0 la Brigade de recherches de Faidherbe et un retour de parquet,\u00a0 \u00a0Nd\u00e8ye Ndack Tour\u00e9 a finalement \u00e9t\u00e9 lib\u00e9r\u00e9e. Selon son avocat, Me Moussa Sarr, aucune charge n\u2019a \u00e9t\u00e9 retenue contre elle. Elle avait \u00e9t\u00e9 arr\u00eat\u00e9e sur instruction du Procureur de la R\u00e9publique. Plac\u00e9e en garde \u00e0 vue [&hellip;]\" \/>\n<meta property=\"og:url\" content=\"https:\/\/www.nettali.com\/2023\/06\/08\/parquet-de-dakar-ndeye-ndack-toure-liberee\/\" \/>\n<meta property=\"og:site_name\" content=\"Nettali.com\" \/>\n<meta property=\"article:publisher\" content=\"https:\/\/www.facebook.com\/nettalicom\" \/>\n<meta property=\"article:published_time\" content=\"2023-06-08T17:46:56+00:00\" \/>\n<meta property=\"og:image\" content=\"https:\/\/www.nettali.com\/wp-content\/uploads\/2023\/06\/Ndeye-Ndack-Toure-1.jpeg\" \/>\n\t<meta property=\"og:image:width\" content=\"1280\" \/>\n\t<meta property=\"og:image:height\" content=\"960\" \/>\n<meta name=\"twitter:card\" content=\"summary_large_image\" \/>\n<meta name=\"twitter:label1\" content=\"\u00c9crit par\" \/>\n\t<meta name=\"twitter:data1\" content=\"Daouda\" \/>\n\t<meta name=\"twitter:label2\" content=\"Dur\u00e9e de lecture estim\u00e9e\" \/>\n\t<meta name=\"twitter:data2\" content=\"1 minute\" \/>\n<script type=\"application\/ld+json\" class=\"yoast-schema-graph\">{\"@context\":\"https:\/\/schema.org\",\"@graph\":[{\"@type\":\"WebSite\",\"@id\":\"https:\/\/www.nettali.com\/#website\",\"url\":\"https:\/\/www.nettali.com\/\",\"name\":\"Nettali.com\",\"description\":\"Le rendez-vous critique du Net\",\"potentialAction\":[{\"@type\":\"SearchAction\",\"target\":{\"@type\":\"EntryPoint\",\"urlTemplate\":\"https:\/\/www.nettali.com\/?s={search_term_string}\"},\"query-input\":\"required name=search_term_string\"}],\"inLanguage\":\"fr-FR\"},{\"@type\":\"ImageObject\",\"@id\":\"https:\/\/www.nettali.com\/2023\/06\/08\/parquet-de-dakar-ndeye-ndack-toure-liberee\/#primaryimage\",\"inLanguage\":\"fr-FR\",\"url\":\"https:\/\/www.nettali.com\/wp-content\/uploads\/2023\/06\/Ndeye-Ndack-Toure-1.jpeg\",\"contentUrl\":\"https:\/\/www.nettali.com\/wp-content\/uploads\/2023\/06\/Ndeye-Ndack-Toure-1.jpeg\",\"width\":1280,\"height\":960},{\"@type\":\"WebPage\",\"@id\":\"https:\/\/www.nettali.com\/2023\/06\/08\/parquet-de-dakar-ndeye-ndack-toure-liberee\/#webpage\",\"url\":\"https:\/\/www.nettali.com\/2023\/06\/08\/parquet-de-dakar-ndeye-ndack-toure-liberee\/\",\"name\":\"PARQUET DE DAKAR - Nd\\u00e8ye Ndack Tour\\u00e9 lib\\u00e9r\\u00e9e | Nettali.com\",\"isPartOf\":{\"@id\":\"https:\/\/www.nettali.com\/#website\"},\"primaryImageOfPage\":{\"@id\":\"https:\/\/www.nettali.com\/2023\/06\/08\/parquet-de-dakar-ndeye-ndack-toure-liberee\/#primaryimage\"},\"datePublished\":\"2023-06-08T17:46:56+00:00\",\"dateModified\":\"2023-06-08T17:46:56+00:00\",\"author\":{\"@id\":\"https:\/\/www.nettali.com\/#\/schema\/person\/3317e0bb3aa1da309fbf7b2780901bf4\"},\"breadcrumb\":{\"@id\":\"https:\/\/www.nettali.com\/2023\/06\/08\/parquet-de-dakar-ndeye-ndack-toure-liberee\/#breadcrumb\"},\"inLanguage\":\"fr-FR\",\"potentialAction\":[{\"@type\":\"ReadAction\",\"target\":[\"https:\/\/www.nettali.com\/2023\/06\/08\/parquet-de-dakar-ndeye-ndack-toure-liberee\/\"]}]},{\"@type\":\"BreadcrumbList\",\"@id\":\"https:\/\/www.nettali.com\/2023\/06\/08\/parquet-de-dakar-ndeye-ndack-toure-liberee\/#breadcrumb\",\"itemListElement\":[{\"@type\":\"ListItem\",\"position\":1,\"name\":\"Accueil\",\"item\":\"https:\/\/www.nettali.com\/\"},{\"@type\":\"ListItem\",\"position\":2,\"name\":\"PARQUET DE DAKAR - Nd\\u00e8ye Ndack Tour\\u00e9 lib\\u00e9r\\u00e9e\"}]},{\"@type\":\"Person\",\"@id\":\"https:\/\/www.nettali.com\/#\/schema\/person\/3317e0bb3aa1da309fbf7b2780901bf4\",\"name\":\"Daouda\",\"image\":{\"@type\":\"ImageObject\",\"@id\":\"https:\/\/www.nettali.com\/#personlogo\",\"inLanguage\":\"fr-FR\",\"url\":\"https:\/\/secure.gravatar.com\/avatar\/8d143b5a49345098ddcfee1c49c2f47c?s=96&d=mm&r=g\",\"contentUrl\":\"https:\/\/secure.gravatar.com\/avatar\/8d143b5a49345098ddcfee1c49c2f47c?s=96&d=mm&r=g\",\"caption\":\"Daouda\"},\"sameAs\":[\"https:\/\/www.nettali.com\"]}]}<\/script>\n<!-- \/ Yoast SEO Premium plugin. -->","yoast_head_json":{"title":"PARQUET DE DAKAR - Nd\u00e8ye Ndack Tour\u00e9 lib\u00e9r\u00e9e | Nettali.com","robots":{"index":"index","follow":"follow","max-snippet":"max-snippet:-1","max-image-preview":"max-image-preview:large","max-video-preview":"max-video-preview:-1"},"canonical":"https:\/\/www.nettali.com\/2023\/06\/08\/parquet-de-dakar-ndeye-ndack-toure-liberee\/","og_locale":"fr_FR","og_type":"article","og_title":"PARQUET DE DAKAR - Nd\u00e8ye Ndack Tour\u00e9 lib\u00e9r\u00e9e","og_description":"NETTALI.COM - Apr\u00e8s une garde \u00e0 vue \u00e0 la Brigade de recherches de Faidherbe et un retour de parquet,\u00a0 \u00a0Nd\u00e8ye Ndack Tour\u00e9 a finalement \u00e9t\u00e9 lib\u00e9r\u00e9e. Selon son avocat, Me Moussa Sarr, aucune charge n\u2019a \u00e9t\u00e9 retenue contre elle. Elle avait \u00e9t\u00e9 arr\u00eat\u00e9e sur instruction du Procureur de la R\u00e9publique. Plac\u00e9e en garde \u00e0 vue [&hellip;]","og_url":"https:\/\/www.nettali.com\/2023\/06\/08\/parquet-de-dakar-ndeye-ndack-toure-liberee\/","og_site_name":"Nettali.com","article_publisher":"https:\/\/www.facebook.com\/nettalicom","article_published_time":"2023-06-08T17:46:56+00:00","og_image":[{"width":1280,"height":960,"url":"https:\/\/www.nettali.com\/wp-content\/uploads\/2023\/06\/Ndeye-Ndack-Toure-1.jpeg","type":"image\/jpeg"}],"twitter_card":"summary_large_image","twitter_misc":{"\u00c9crit par":"Daouda","Dur\u00e9e de lecture estim\u00e9e":"1 minute"},"schema":{"@context":"https:\/\/schema.org","@graph":[{"@type":"WebSite","@id":"https:\/\/www.nettali.com\/#website","url":"https:\/\/www.nettali.com\/","name":"Nettali.com","description":"Le rendez-vous critique du Net","potentialAction":[{"@type":"SearchAction","target":{"@type":"EntryPoint","urlTemplate":"https:\/\/www.nettali.com\/?s={search_term_string}"},"query-input":"required name=search_term_string"}],"inLanguage":"fr-FR"},{"@type":"ImageObject","@id":"https:\/\/www.nettali.com\/2023\/06\/08\/parquet-de-dakar-ndeye-ndack-toure-liberee\/#primaryimage","inLanguage":"fr-FR","url":"https:\/\/www.nettali.com\/wp-content\/uploads\/2023\/06\/Ndeye-Ndack-Toure-1.jpeg","contentUrl":"https:\/\/www.nettali.com\/wp-content\/uploads\/2023\/06\/Ndeye-Ndack-Toure-1.jpeg","width":1280,"height":960},{"@type":"WebPage","@id":"https:\/\/www.nettali.com\/2023\/06\/08\/parquet-de-dakar-ndeye-ndack-toure-liberee\/#webpage","url":"https:\/\/www.nettali.com\/2023\/06\/08\/parquet-de-dakar-ndeye-ndack-toure-liberee\/","name":"PARQUET DE DAKAR - Nd\u00e8ye Ndack Tour\u00e9 lib\u00e9r\u00e9e | Nettali.com","isPartOf":{"@id":"https:\/\/www.nettali.com\/#website"},"primaryImageOfPage":{"@id":"https:\/\/www.nettali.com\/2023\/06\/08\/parquet-de-dakar-ndeye-ndack-toure-liberee\/#primaryimage"},"datePublished":"2023-06-08T17:46:56+00:00","dateModified":"2023-06-08T17:46:56+00:00","author":{"@id":"https:\/\/www.nettali.com\/#\/schema\/person\/3317e0bb3aa1da309fbf7b2780901bf4"},"breadcrumb":{"@id":"https:\/\/www.nettali.com\/2023\/06\/08\/parquet-de-dakar-ndeye-ndack-toure-liberee\/#breadcrumb"},"inLanguage":"fr-FR","potentialAction":[{"@type":"ReadAction","target":["https:\/\/www.nettali.com\/2023\/06\/08\/parquet-de-dakar-ndeye-ndack-toure-liberee\/"]}]},{"@type":"BreadcrumbList","@id":"https:\/\/www.nettali.com\/2023\/06\/08\/parquet-de-dakar-ndeye-ndack-toure-liberee\/#breadcrumb","itemListElement":[{"@type":"ListItem","position":1,"name":"Accueil","item":"https:\/\/www.nettali.com\/"},{"@type":"ListItem","position":2,"name":"PARQUET DE DAKAR - Nd\u00e8ye Ndack Tour\u00e9 lib\u00e9r\u00e9e"}]},{"@type":"Person","@id":"https:\/\/www.nettali.com\/#\/schema\/person\/3317e0bb3aa1da309fbf7b2780901bf4","name":"Daouda","image":{"@type":"ImageObject","@id":"https:\/\/www.nettali.com\/#personlogo","inLanguage":"fr-FR","url":"https:\/\/secure.gravatar.com\/avatar\/8d143b5a49345098ddcfee1c49c2f47c?s=96&d=mm&r=g","contentUrl":"https:\/\/secure.gravatar.com\/avatar\/8d143b5a49345098ddcfee1c49c2f47c?s=96&d=mm&r=g","caption":"Daouda"},"sameAs":["https:\/\/www.nettali.com"]}]}},"_links":{"self":[{"href":"https:\/\/www.nettali.com\/rest\/wp\/v2\/posts\/111707"}],"collection":[{"href":"https:\/\/www.nettali.com\/rest\/wp\/v2\/posts"}],"about":[{"href":"https:\/\/www.nettali.com\/rest\/wp\/v2\/types\/post"}],"author":[{"embeddable":true,"href":"https:\/\/www.nettali.com\/rest\/wp\/v2\/users\/4"}],"replies":[{"embeddable":true,"href":"https:\/\/www.nettali.com\/rest\/wp\/v2\/comments?post=111707"}],"version-history":[{"count":1,"href":"https:\/\/www.nettali.com\/rest\/wp\/v2\/posts\/111707\/revisions"}],"predecessor-version":[{"id":111709,"href":"https:\/\/www.nettali.com\/rest\/wp\/v2\/posts\/111707\/revisions\/111709"}],"wp:featuredmedia":[{"embeddable":true,"href":"https:\/\/www.nettali.com\/rest\/wp\/v2\/media\/111708"}],"wp:attachment":[{"href":"https:\/\/www.nettali.com\/rest\/wp\/v2\/media?parent=111707"}],"wp:term":[{"taxonomy":"category","embeddable":true,"href":"https:\/\/www.nettali.com\/rest\/wp\/v2\/categories?post=111707"},{"taxonomy":"post_tag","embeddable":true,"href":"https:\/\/www.nettali.com\/rest\/wp\/v2\/tags?post=111707"}],"curies":[{"name":"wp","href":"https:\/\/api.w.org\/{rel}","templated":true}]}}