{"id":111704,"date":"2023-06-08T17:36:01","date_gmt":"2023-06-08T17:36:01","guid":{"rendered":"https:\/\/www.nettali.com\/?p=111704"},"modified":"2023-06-08T17:36:22","modified_gmt":"2023-06-08T17:36:22","slug":"le-prefet-de-dakar-interdit-les-manifestation-du-f24","status":"publish","type":"post","link":"https:\/\/www.nettali.com\/2023\/06\/08\/le-prefet-de-dakar-interdit-les-manifestation-du-f24\/","title":{"rendered":"ARRET\u00c9 - Le pr\u00e9fet de Dakar interdit les manifestations du F24"},"content":{"rendered":"<p class=\"summary_label\"><strong>NETTALI.COM - Les manifestations que la plateforme F24 projetait d'organiser les vendredi 09 et samedi 10 juin ont finalement \u00e9t\u00e9 interdites par le pr\u00e9fet de Dakar.<\/strong><\/p>\n<div id=\"printable\" class=\"text_body\">\n<p>Le pr\u00e9fet de Dakar, Mor Talla Tine, a d\u00e9cid\u00e9 d\u2019interdire les manifestations pr\u00e9vues par le F24 demain vendredi et samedi prochain \u00e0 la Place de la Nation (ex-Ob\u00e9lisque) et sur la Vdn. Il a expliqu\u00e9 que d\u00e9j\u00e0, le \"Y en a marre\" qui a d\u00e9pos\u00e9 la d\u00e9claration, n'a pas respect\u00e9 le d\u00e9lai l\u00e9gal imparti. Ce qui fait que leur document est irrecevable.<\/p>\n<p>Aussi, ajoute-t-il, la situation actuelle du pays ne s\u2019y pr\u00eate pas. Selon lui, le pays se rel\u00e8ve des violentes manifestations de la semaine derni\u00e8re suite \u00e0 la condamnation d'Ousmane Sonko \u00e0 2 ans de prison ferme, des familles des victimes n\u2019ont pas encore fait leur deuil et d'autres manifestants sont en train de panser leurs blessures.<\/p>\n<p>Il a expliqu\u00e9 que des membres de la mouvance pr\u00e9sidentielle projetaient \u00e9galement d'organiser des rassemblements aux Parcelles assainies et \u00e0 la Place de l'Ob\u00e9lisque, mais il a interdit toutes ces manifestations, car la situation ne s'y pr\u00eate pas.<\/p>\n<\/div>\n<div class='share-to-whatsapp-wrapper'><div class='share-on-whsp'>PARTAGER SUR : <\/div><a data-text='ARRET\u00c9 - Le pr\u00e9fet de Dakar interdit les manifestations du F24' data-link='https:\/\/www.nettali.com\/2023\/06\/08\/le-prefet-de-dakar-interdit-les-manifestation-du-f24\/' class='whatsapp-button whatsapp-share'>WhatsApp<\/a><div class='clear '><\/div><\/div>","protected":false},"excerpt":{"rendered":"<p>NETTALI.COM - Les manifestations que la plateforme F24 projetait d'organiser les vendredi 09 et samedi 10 juin ont finalement \u00e9t\u00e9 interdites par le pr\u00e9fet de Dakar. Le pr\u00e9fet de Dakar, Mor Talla Tine, a d\u00e9cid\u00e9 d\u2019interdire les manifestations pr\u00e9vues par le F24 demain vendredi et samedi prochain \u00e0 la Place de la Nation (ex-Ob\u00e9lisque) et [&hellip;]<\/p>\n","protected":false},"author":4,"featured_media":104454,"comment_status":"open","ping_status":"open","sticky":false,"template":"","format":"standard","meta":{"_et_pb_use_builder":"","_et_pb_old_content":""},"categories":[2],"tags":[],"yoast_head":"<!-- This site is optimized with the Yoast SEO Premium plugin v17.8 (Yoast SEO v17.8) - https:\/\/yoast.com\/wordpress\/plugins\/seo\/ -->\n<title>ARRET\u00c9 - Le pr\u00e9fet de Dakar interdit les manifestations du F24 | Nettali.com<\/title>\n<meta name=\"robots\" content=\"index, follow, max-snippet:-1, max-image-preview:large, max-video-preview:-1\" \/>\n<link rel=\"canonical\" href=\"https:\/\/www.nettali.com\/2023\/06\/08\/le-prefet-de-dakar-interdit-les-manifestation-du-f24\/\" \/>\n<meta property=\"og:locale\" content=\"fr_FR\" \/>\n<meta property=\"og:type\" content=\"article\" \/>\n<meta property=\"og:title\" content=\"ARRET\u00c9 - Le pr\u00e9fet de Dakar interdit les manifestations du F24\" \/>\n<meta property=\"og:description\" content=\"NETTALI.COM - Les manifestations que la plateforme F24 projetait d&#039;organiser les vendredi 09 et samedi 10 juin ont finalement \u00e9t\u00e9 interdites par le pr\u00e9fet de Dakar. Le pr\u00e9fet de Dakar, Mor Talla Tine, a d\u00e9cid\u00e9 d\u2019interdire les manifestations pr\u00e9vues par le F24 demain vendredi et samedi prochain \u00e0 la Place de la Nation (ex-Ob\u00e9lisque) et [&hellip;]\" \/>\n<meta property=\"og:url\" content=\"https:\/\/www.nettali.com\/2023\/06\/08\/le-prefet-de-dakar-interdit-les-manifestation-du-f24\/\" \/>\n<meta property=\"og:site_name\" content=\"Nettali.com\" \/>\n<meta property=\"article:publisher\" content=\"https:\/\/www.facebook.com\/nettalicom\" \/>\n<meta property=\"article:published_time\" content=\"2023-06-08T17:36:01+00:00\" \/>\n<meta property=\"article:modified_time\" content=\"2023-06-08T17:36:22+00:00\" \/>\n<meta property=\"og:image\" content=\"https:\/\/www.nettali.com\/wp-content\/uploads\/2023\/02\/prefet-de-Dakar.jpeg\" \/>\n\t<meta property=\"og:image:width\" content=\"600\" \/>\n\t<meta property=\"og:image:height\" content=\"337\" \/>\n<meta name=\"twitter:card\" content=\"summary_large_image\" \/>\n<meta name=\"twitter:label1\" content=\"\u00c9crit par\" \/>\n\t<meta name=\"twitter:data1\" content=\"Daouda\" \/>\n\t<meta name=\"twitter:label2\" content=\"Dur\u00e9e de lecture estim\u00e9e\" \/>\n\t<meta name=\"twitter:data2\" content=\"1 minute\" \/>\n<script type=\"application\/ld+json\" class=\"yoast-schema-graph\">{\"@context\":\"https:\/\/schema.org\",\"@graph\":[{\"@type\":\"WebSite\",\"@id\":\"https:\/\/www.nettali.com\/#website\",\"url\":\"https:\/\/www.nettali.com\/\",\"name\":\"Nettali.com\",\"description\":\"Le rendez-vous critique du Net\",\"potentialAction\":[{\"@type\":\"SearchAction\",\"target\":{\"@type\":\"EntryPoint\",\"urlTemplate\":\"https:\/\/www.nettali.com\/?s={search_term_string}\"},\"query-input\":\"required name=search_term_string\"}],\"inLanguage\":\"fr-FR\"},{\"@type\":\"ImageObject\",\"@id\":\"https:\/\/www.nettali.com\/2023\/06\/08\/le-prefet-de-dakar-interdit-les-manifestation-du-f24\/#primaryimage\",\"inLanguage\":\"fr-FR\",\"url\":\"https:\/\/www.nettali.com\/wp-content\/uploads\/2023\/02\/prefet-de-Dakar.jpeg\",\"contentUrl\":\"https:\/\/www.nettali.com\/wp-content\/uploads\/2023\/02\/prefet-de-Dakar.jpeg\",\"width\":600,\"height\":337},{\"@type\":\"WebPage\",\"@id\":\"https:\/\/www.nettali.com\/2023\/06\/08\/le-prefet-de-dakar-interdit-les-manifestation-du-f24\/#webpage\",\"url\":\"https:\/\/www.nettali.com\/2023\/06\/08\/le-prefet-de-dakar-interdit-les-manifestation-du-f24\/\",\"name\":\"ARRET\\u00c9 - Le pr\\u00e9fet de Dakar interdit les manifestations du F24 | Nettali.com\",\"isPartOf\":{\"@id\":\"https:\/\/www.nettali.com\/#website\"},\"primaryImageOfPage\":{\"@id\":\"https:\/\/www.nettali.com\/2023\/06\/08\/le-prefet-de-dakar-interdit-les-manifestation-du-f24\/#primaryimage\"},\"datePublished\":\"2023-06-08T17:36:01+00:00\",\"dateModified\":\"2023-06-08T17:36:22+00:00\",\"author\":{\"@id\":\"https:\/\/www.nettali.com\/#\/schema\/person\/3317e0bb3aa1da309fbf7b2780901bf4\"},\"breadcrumb\":{\"@id\":\"https:\/\/www.nettali.com\/2023\/06\/08\/le-prefet-de-dakar-interdit-les-manifestation-du-f24\/#breadcrumb\"},\"inLanguage\":\"fr-FR\",\"potentialAction\":[{\"@type\":\"ReadAction\",\"target\":[\"https:\/\/www.nettali.com\/2023\/06\/08\/le-prefet-de-dakar-interdit-les-manifestation-du-f24\/\"]}]},{\"@type\":\"BreadcrumbList\",\"@id\":\"https:\/\/www.nettali.com\/2023\/06\/08\/le-prefet-de-dakar-interdit-les-manifestation-du-f24\/#breadcrumb\",\"itemListElement\":[{\"@type\":\"ListItem\",\"position\":1,\"name\":\"Accueil\",\"item\":\"https:\/\/www.nettali.com\/\"},{\"@type\":\"ListItem\",\"position\":2,\"name\":\"ARRET\\u00c9 - Le pr\\u00e9fet de Dakar interdit les manifestations du F24\"}]},{\"@type\":\"Person\",\"@id\":\"https:\/\/www.nettali.com\/#\/schema\/person\/3317e0bb3aa1da309fbf7b2780901bf4\",\"name\":\"Daouda\",\"image\":{\"@type\":\"ImageObject\",\"@id\":\"https:\/\/www.nettali.com\/#personlogo\",\"inLanguage\":\"fr-FR\",\"url\":\"https:\/\/secure.gravatar.com\/avatar\/8d143b5a49345098ddcfee1c49c2f47c?s=96&d=mm&r=g\",\"contentUrl\":\"https:\/\/secure.gravatar.com\/avatar\/8d143b5a49345098ddcfee1c49c2f47c?s=96&d=mm&r=g\",\"caption\":\"Daouda\"},\"sameAs\":[\"https:\/\/www.nettali.com\"]}]}<\/script>\n<!-- \/ Yoast SEO Premium plugin. -->","yoast_head_json":{"title":"ARRET\u00c9 - Le pr\u00e9fet de Dakar interdit les manifestations du F24 | Nettali.com","robots":{"index":"index","follow":"follow","max-snippet":"max-snippet:-1","max-image-preview":"max-image-preview:large","max-video-preview":"max-video-preview:-1"},"canonical":"https:\/\/www.nettali.com\/2023\/06\/08\/le-prefet-de-dakar-interdit-les-manifestation-du-f24\/","og_locale":"fr_FR","og_type":"article","og_title":"ARRET\u00c9 - Le pr\u00e9fet de Dakar interdit les manifestations du F24","og_description":"NETTALI.COM - Les manifestations que la plateforme F24 projetait d'organiser les vendredi 09 et samedi 10 juin ont finalement \u00e9t\u00e9 interdites par le pr\u00e9fet de Dakar. Le pr\u00e9fet de Dakar, Mor Talla Tine, a d\u00e9cid\u00e9 d\u2019interdire les manifestations pr\u00e9vues par le F24 demain vendredi et samedi prochain \u00e0 la Place de la Nation (ex-Ob\u00e9lisque) et [&hellip;]","og_url":"https:\/\/www.nettali.com\/2023\/06\/08\/le-prefet-de-dakar-interdit-les-manifestation-du-f24\/","og_site_name":"Nettali.com","article_publisher":"https:\/\/www.facebook.com\/nettalicom","article_published_time":"2023-06-08T17:36:01+00:00","article_modified_time":"2023-06-08T17:36:22+00:00","og_image":[{"width":600,"height":337,"url":"https:\/\/www.nettali.com\/wp-content\/uploads\/2023\/02\/prefet-de-Dakar.jpeg","type":"image\/jpeg"}],"twitter_card":"summary_large_image","twitter_misc":{"\u00c9crit par":"Daouda","Dur\u00e9e de lecture estim\u00e9e":"1 minute"},"schema":{"@context":"https:\/\/schema.org","@graph":[{"@type":"WebSite","@id":"https:\/\/www.nettali.com\/#website","url":"https:\/\/www.nettali.com\/","name":"Nettali.com","description":"Le rendez-vous critique du Net","potentialAction":[{"@type":"SearchAction","target":{"@type":"EntryPoint","urlTemplate":"https:\/\/www.nettali.com\/?s={search_term_string}"},"query-input":"required name=search_term_string"}],"inLanguage":"fr-FR"},{"@type":"ImageObject","@id":"https:\/\/www.nettali.com\/2023\/06\/08\/le-prefet-de-dakar-interdit-les-manifestation-du-f24\/#primaryimage","inLanguage":"fr-FR","url":"https:\/\/www.nettali.com\/wp-content\/uploads\/2023\/02\/prefet-de-Dakar.jpeg","contentUrl":"https:\/\/www.nettali.com\/wp-content\/uploads\/2023\/02\/prefet-de-Dakar.jpeg","width":600,"height":337},{"@type":"WebPage","@id":"https:\/\/www.nettali.com\/2023\/06\/08\/le-prefet-de-dakar-interdit-les-manifestation-du-f24\/#webpage","url":"https:\/\/www.nettali.com\/2023\/06\/08\/le-prefet-de-dakar-interdit-les-manifestation-du-f24\/","name":"ARRET\u00c9 - Le pr\u00e9fet de Dakar interdit les manifestations du F24 | Nettali.com","isPartOf":{"@id":"https:\/\/www.nettali.com\/#website"},"primaryImageOfPage":{"@id":"https:\/\/www.nettali.com\/2023\/06\/08\/le-prefet-de-dakar-interdit-les-manifestation-du-f24\/#primaryimage"},"datePublished":"2023-06-08T17:36:01+00:00","dateModified":"2023-06-08T17:36:22+00:00","author":{"@id":"https:\/\/www.nettali.com\/#\/schema\/person\/3317e0bb3aa1da309fbf7b2780901bf4"},"breadcrumb":{"@id":"https:\/\/www.nettali.com\/2023\/06\/08\/le-prefet-de-dakar-interdit-les-manifestation-du-f24\/#breadcrumb"},"inLanguage":"fr-FR","potentialAction":[{"@type":"ReadAction","target":["https:\/\/www.nettali.com\/2023\/06\/08\/le-prefet-de-dakar-interdit-les-manifestation-du-f24\/"]}]},{"@type":"BreadcrumbList","@id":"https:\/\/www.nettali.com\/2023\/06\/08\/le-prefet-de-dakar-interdit-les-manifestation-du-f24\/#breadcrumb","itemListElement":[{"@type":"ListItem","position":1,"name":"Accueil","item":"https:\/\/www.nettali.com\/"},{"@type":"ListItem","position":2,"name":"ARRET\u00c9 - Le pr\u00e9fet de Dakar interdit les manifestations du F24"}]},{"@type":"Person","@id":"https:\/\/www.nettali.com\/#\/schema\/person\/3317e0bb3aa1da309fbf7b2780901bf4","name":"Daouda","image":{"@type":"ImageObject","@id":"https:\/\/www.nettali.com\/#personlogo","inLanguage":"fr-FR","url":"https:\/\/secure.gravatar.com\/avatar\/8d143b5a49345098ddcfee1c49c2f47c?s=96&d=mm&r=g","contentUrl":"https:\/\/secure.gravatar.com\/avatar\/8d143b5a49345098ddcfee1c49c2f47c?s=96&d=mm&r=g","caption":"Daouda"},"sameAs":["https:\/\/www.nettali.com"]}]}},"_links":{"self":[{"href":"https:\/\/www.nettali.com\/rest\/wp\/v2\/posts\/111704"}],"collection":[{"href":"https:\/\/www.nettali.com\/rest\/wp\/v2\/posts"}],"about":[{"href":"https:\/\/www.nettali.com\/rest\/wp\/v2\/types\/post"}],"author":[{"embeddable":true,"href":"https:\/\/www.nettali.com\/rest\/wp\/v2\/users\/4"}],"replies":[{"embeddable":true,"href":"https:\/\/www.nettali.com\/rest\/wp\/v2\/comments?post=111704"}],"version-history":[{"count":2,"href":"https:\/\/www.nettali.com\/rest\/wp\/v2\/posts\/111704\/revisions"}],"predecessor-version":[{"id":111706,"href":"https:\/\/www.nettali.com\/rest\/wp\/v2\/posts\/111704\/revisions\/111706"}],"wp:featuredmedia":[{"embeddable":true,"href":"https:\/\/www.nettali.com\/rest\/wp\/v2\/media\/104454"}],"wp:attachment":[{"href":"https:\/\/www.nettali.com\/rest\/wp\/v2\/media?parent=111704"}],"wp:term":[{"taxonomy":"category","embeddable":true,"href":"https:\/\/www.nettali.com\/rest\/wp\/v2\/categories?post=111704"},{"taxonomy":"post_tag","embeddable":true,"href":"https:\/\/www.nettali.com\/rest\/wp\/v2\/tags?post=111704"}],"curies":[{"name":"wp","href":"https:\/\/api.w.org\/{rel}","templated":true}]}}