{"id":111697,"date":"2023-06-08T14:53:10","date_gmt":"2023-06-08T14:53:10","guid":{"rendered":"https:\/\/www.nettali.com\/?p=111697"},"modified":"2023-06-08T14:53:10","modified_gmt":"2023-06-08T14:53:10","slug":"messi-je-netais-pas-heureux-au-psg","status":"publish","type":"post","link":"https:\/\/www.nettali.com\/2023\/06\/08\/messi-je-netais-pas-heureux-au-psg\/","title":{"rendered":"MESSI - \"Je n'\u00e9tais pas heureux au PSG\""},"content":{"rendered":"<p><strong>NETTALI.COM - Lors d'un entretien accord\u00e9 \u00e0 Mundo Deportivo annon\u00e7ant son arriv\u00e9e \u00e0 l'Inter Miami, Lionel Messi est revenu sur ses deux ann\u00e9es pass\u00e9es au PSG.<\/strong><\/p>\n<p>Pendant son passage au sein du club de la capitale, les supporters parisiens ont exprim\u00e9 leur d\u00e9ception quant aux performances de l'Argentin au PSG. Il n'a pas pu mener l'\u00e9quipe au sacre de la Ligue des Champions et ses performances lors des grands rendez-vous n'ont pas toujours \u00e9t\u00e9 \u00e0 la hauteur.<\/p>\n<p><strong>Un Messi malheureux au Paris Saint-Germain<\/strong><\/p>\n<p>Dans l'interview Messi revient sur ses deux saisons au Parc des Princes\u00a0:\u00a0\"<em>J'ai des sentiments mitig\u00e9s. La premi\u00e8re ann\u00e9e a \u00e9t\u00e9 tr\u00e8s difficile, comme je l'ai d\u00e9j\u00e0 mentionn\u00e9, pour diverses raisons. Pendant les six premiers mois de la deuxi\u00e8me saison, je me suis senti tr\u00e8s bien, \u00e0 l'aise dans le club, dans la ville, en famille.<\/em>\"<\/p>\n<p>\"<em>Mais ensuite, il y a eu la Coupe du Monde, qui a affect\u00e9 toutes les \u00e9quipes et a divis\u00e9 la saison. Je pense que cela a conditionn\u00e9 la suite. J'esp\u00e9rais terminer d'une autre mani\u00e8re, mais bon, ce sont deux ann\u00e9es qui ont \u00e9t\u00e9 difficiles pour moi, mais elles sont maintenant derri\u00e8re moi<\/em>\", a expliqu\u00e9 Messi.<\/p>\n<p>\"<em>Ces deux ann\u00e9es, je n'\u00e9tais pas heureux, je ne profitais pas et cela affectait ma vie personnelle. Je manquais beaucoup de moments avec mes enfants<\/em>\", a ajout\u00e9 la Pulga.<\/p>\n<p>L'Argentin a continu\u00e9 en soulignant : \"<em>\u00c0 Barcelone, j'accompagnais mes enfants, ici beaucoup moins. Nous avions moins d'activit\u00e9s communes. Ma d\u00e9cision de partir est \u00e9galement due \u00e0 cela, pour retrouver ma famille et profiter de mes enfants<\/em>\".<\/p>\n<div class='share-to-whatsapp-wrapper'><div class='share-on-whsp'>PARTAGER SUR : <\/div><a data-text='MESSI - \"Je n'\u00e9tais pas heureux au PSG\"' data-link='https:\/\/www.nettali.com\/2023\/06\/08\/messi-je-netais-pas-heureux-au-psg\/' class='whatsapp-button whatsapp-share'>WhatsApp<\/a><div class='clear '><\/div><\/div>","protected":false},"excerpt":{"rendered":"<p>NETTALI.COM - Lors d'un entretien accord\u00e9 \u00e0 Mundo Deportivo annon\u00e7ant son arriv\u00e9e \u00e0 l'Inter Miami, Lionel Messi est revenu sur ses deux ann\u00e9es pass\u00e9es au PSG. Pendant son passage au sein du club de la capitale, les supporters parisiens ont exprim\u00e9 leur d\u00e9ception quant aux performances de l'Argentin au PSG. Il n'a pas pu mener [&hellip;]<\/p>\n","protected":false},"author":5,"featured_media":111698,"comment_status":"open","ping_status":"open","sticky":false,"template":"","format":"standard","meta":{"_et_pb_use_builder":"","_et_pb_old_content":""},"categories":[6],"tags":[],"yoast_head":"<!-- This site is optimized with the Yoast SEO Premium plugin v17.8 (Yoast SEO v17.8) - https:\/\/yoast.com\/wordpress\/plugins\/seo\/ -->\n<title>MESSI - &quot;Je n&#039;\u00e9tais pas heureux au PSG&quot; | Nettali.com<\/title>\n<meta name=\"robots\" content=\"index, follow, max-snippet:-1, max-image-preview:large, max-video-preview:-1\" \/>\n<link rel=\"canonical\" href=\"https:\/\/www.nettali.com\/2023\/06\/08\/messi-je-netais-pas-heureux-au-psg\/\" \/>\n<meta property=\"og:locale\" content=\"fr_FR\" \/>\n<meta property=\"og:type\" content=\"article\" \/>\n<meta property=\"og:title\" content=\"MESSI - &quot;Je n&#039;\u00e9tais pas heureux au PSG&quot;\" \/>\n<meta property=\"og:description\" content=\"NETTALI.COM - Lors d&#039;un entretien accord\u00e9 \u00e0 Mundo Deportivo annon\u00e7ant son arriv\u00e9e \u00e0 l&#039;Inter Miami, Lionel Messi est revenu sur ses deux ann\u00e9es pass\u00e9es au PSG. Pendant son passage au sein du club de la capitale, les supporters parisiens ont exprim\u00e9 leur d\u00e9ception quant aux performances de l&#039;Argentin au PSG. Il n&#039;a pas pu mener [&hellip;]\" \/>\n<meta property=\"og:url\" content=\"https:\/\/www.nettali.com\/2023\/06\/08\/messi-je-netais-pas-heureux-au-psg\/\" \/>\n<meta property=\"og:site_name\" content=\"Nettali.com\" \/>\n<meta property=\"article:publisher\" content=\"https:\/\/www.facebook.com\/nettalicom\" \/>\n<meta property=\"article:published_time\" content=\"2023-06-08T14:53:10+00:00\" \/>\n<meta property=\"og:image\" content=\"https:\/\/www.nettali.com\/wp-content\/uploads\/2023\/06\/AP23154746723061.jpg\" \/>\n\t<meta property=\"og:image:width\" content=\"1024\" \/>\n\t<meta property=\"og:image:height\" content=\"576\" \/>\n<meta name=\"twitter:card\" content=\"summary_large_image\" \/>\n<meta name=\"twitter:label1\" content=\"\u00c9crit par\" \/>\n\t<meta name=\"twitter:data1\" content=\"Ibrahima\" \/>\n\t<meta name=\"twitter:label2\" content=\"Dur\u00e9e de lecture estim\u00e9e\" \/>\n\t<meta name=\"twitter:data2\" content=\"2 minutes\" \/>\n<script type=\"application\/ld+json\" class=\"yoast-schema-graph\">{\"@context\":\"https:\/\/schema.org\",\"@graph\":[{\"@type\":\"WebSite\",\"@id\":\"https:\/\/www.nettali.com\/#website\",\"url\":\"https:\/\/www.nettali.com\/\",\"name\":\"Nettali.com\",\"description\":\"Le rendez-vous critique du Net\",\"potentialAction\":[{\"@type\":\"SearchAction\",\"target\":{\"@type\":\"EntryPoint\",\"urlTemplate\":\"https:\/\/www.nettali.com\/?s={search_term_string}\"},\"query-input\":\"required name=search_term_string\"}],\"inLanguage\":\"fr-FR\"},{\"@type\":\"ImageObject\",\"@id\":\"https:\/\/www.nettali.com\/2023\/06\/08\/messi-je-netais-pas-heureux-au-psg\/#primaryimage\",\"inLanguage\":\"fr-FR\",\"url\":\"https:\/\/www.nettali.com\/wp-content\/uploads\/2023\/06\/AP23154746723061.jpg\",\"contentUrl\":\"https:\/\/www.nettali.com\/wp-content\/uploads\/2023\/06\/AP23154746723061.jpg\",\"width\":1024,\"height\":576},{\"@type\":\"WebPage\",\"@id\":\"https:\/\/www.nettali.com\/2023\/06\/08\/messi-je-netais-pas-heureux-au-psg\/#webpage\",\"url\":\"https:\/\/www.nettali.com\/2023\/06\/08\/messi-je-netais-pas-heureux-au-psg\/\",\"name\":\"MESSI - \\\"Je n'\\u00e9tais pas heureux au PSG\\\" | Nettali.com\",\"isPartOf\":{\"@id\":\"https:\/\/www.nettali.com\/#website\"},\"primaryImageOfPage\":{\"@id\":\"https:\/\/www.nettali.com\/2023\/06\/08\/messi-je-netais-pas-heureux-au-psg\/#primaryimage\"},\"datePublished\":\"2023-06-08T14:53:10+00:00\",\"dateModified\":\"2023-06-08T14:53:10+00:00\",\"author\":{\"@id\":\"https:\/\/www.nettali.com\/#\/schema\/person\/bb147657c2986240405a608162b9bb23\"},\"breadcrumb\":{\"@id\":\"https:\/\/www.nettali.com\/2023\/06\/08\/messi-je-netais-pas-heureux-au-psg\/#breadcrumb\"},\"inLanguage\":\"fr-FR\",\"potentialAction\":[{\"@type\":\"ReadAction\",\"target\":[\"https:\/\/www.nettali.com\/2023\/06\/08\/messi-je-netais-pas-heureux-au-psg\/\"]}]},{\"@type\":\"BreadcrumbList\",\"@id\":\"https:\/\/www.nettali.com\/2023\/06\/08\/messi-je-netais-pas-heureux-au-psg\/#breadcrumb\",\"itemListElement\":[{\"@type\":\"ListItem\",\"position\":1,\"name\":\"Accueil\",\"item\":\"https:\/\/www.nettali.com\/\"},{\"@type\":\"ListItem\",\"position\":2,\"name\":\"MESSI - \\\"Je n'\\u00e9tais pas heureux au PSG\\\"\"}]},{\"@type\":\"Person\",\"@id\":\"https:\/\/www.nettali.com\/#\/schema\/person\/bb147657c2986240405a608162b9bb23\",\"name\":\"Ibrahima\",\"image\":{\"@type\":\"ImageObject\",\"@id\":\"https:\/\/www.nettali.com\/#personlogo\",\"inLanguage\":\"fr-FR\",\"url\":\"https:\/\/secure.gravatar.com\/avatar\/26a8a81f09f0dd7624c9d5c36c9ba3a2?s=96&d=mm&r=g\",\"contentUrl\":\"https:\/\/secure.gravatar.com\/avatar\/26a8a81f09f0dd7624c9d5c36c9ba3a2?s=96&d=mm&r=g\",\"caption\":\"Ibrahima\"},\"sameAs\":[\"https:\/\/www.nettali.com\"]}]}<\/script>\n<!-- \/ Yoast SEO Premium plugin. -->","yoast_head_json":{"title":"MESSI - \"Je n'\u00e9tais pas heureux au PSG\" | Nettali.com","robots":{"index":"index","follow":"follow","max-snippet":"max-snippet:-1","max-image-preview":"max-image-preview:large","max-video-preview":"max-video-preview:-1"},"canonical":"https:\/\/www.nettali.com\/2023\/06\/08\/messi-je-netais-pas-heureux-au-psg\/","og_locale":"fr_FR","og_type":"article","og_title":"MESSI - \"Je n'\u00e9tais pas heureux au PSG\"","og_description":"NETTALI.COM - Lors d'un entretien accord\u00e9 \u00e0 Mundo Deportivo annon\u00e7ant son arriv\u00e9e \u00e0 l'Inter Miami, Lionel Messi est revenu sur ses deux ann\u00e9es pass\u00e9es au PSG. Pendant son passage au sein du club de la capitale, les supporters parisiens ont exprim\u00e9 leur d\u00e9ception quant aux performances de l'Argentin au PSG. Il n'a pas pu mener [&hellip;]","og_url":"https:\/\/www.nettali.com\/2023\/06\/08\/messi-je-netais-pas-heureux-au-psg\/","og_site_name":"Nettali.com","article_publisher":"https:\/\/www.facebook.com\/nettalicom","article_published_time":"2023-06-08T14:53:10+00:00","og_image":[{"width":1024,"height":576,"url":"https:\/\/www.nettali.com\/wp-content\/uploads\/2023\/06\/AP23154746723061.jpg","type":"image\/jpeg"}],"twitter_card":"summary_large_image","twitter_misc":{"\u00c9crit par":"Ibrahima","Dur\u00e9e de lecture estim\u00e9e":"2 minutes"},"schema":{"@context":"https:\/\/schema.org","@graph":[{"@type":"WebSite","@id":"https:\/\/www.nettali.com\/#website","url":"https:\/\/www.nettali.com\/","name":"Nettali.com","description":"Le rendez-vous critique du Net","potentialAction":[{"@type":"SearchAction","target":{"@type":"EntryPoint","urlTemplate":"https:\/\/www.nettali.com\/?s={search_term_string}"},"query-input":"required name=search_term_string"}],"inLanguage":"fr-FR"},{"@type":"ImageObject","@id":"https:\/\/www.nettali.com\/2023\/06\/08\/messi-je-netais-pas-heureux-au-psg\/#primaryimage","inLanguage":"fr-FR","url":"https:\/\/www.nettali.com\/wp-content\/uploads\/2023\/06\/AP23154746723061.jpg","contentUrl":"https:\/\/www.nettali.com\/wp-content\/uploads\/2023\/06\/AP23154746723061.jpg","width":1024,"height":576},{"@type":"WebPage","@id":"https:\/\/www.nettali.com\/2023\/06\/08\/messi-je-netais-pas-heureux-au-psg\/#webpage","url":"https:\/\/www.nettali.com\/2023\/06\/08\/messi-je-netais-pas-heureux-au-psg\/","name":"MESSI - \"Je n'\u00e9tais pas heureux au PSG\" | Nettali.com","isPartOf":{"@id":"https:\/\/www.nettali.com\/#website"},"primaryImageOfPage":{"@id":"https:\/\/www.nettali.com\/2023\/06\/08\/messi-je-netais-pas-heureux-au-psg\/#primaryimage"},"datePublished":"2023-06-08T14:53:10+00:00","dateModified":"2023-06-08T14:53:10+00:00","author":{"@id":"https:\/\/www.nettali.com\/#\/schema\/person\/bb147657c2986240405a608162b9bb23"},"breadcrumb":{"@id":"https:\/\/www.nettali.com\/2023\/06\/08\/messi-je-netais-pas-heureux-au-psg\/#breadcrumb"},"inLanguage":"fr-FR","potentialAction":[{"@type":"ReadAction","target":["https:\/\/www.nettali.com\/2023\/06\/08\/messi-je-netais-pas-heureux-au-psg\/"]}]},{"@type":"BreadcrumbList","@id":"https:\/\/www.nettali.com\/2023\/06\/08\/messi-je-netais-pas-heureux-au-psg\/#breadcrumb","itemListElement":[{"@type":"ListItem","position":1,"name":"Accueil","item":"https:\/\/www.nettali.com\/"},{"@type":"ListItem","position":2,"name":"MESSI - \"Je n'\u00e9tais pas heureux au PSG\""}]},{"@type":"Person","@id":"https:\/\/www.nettali.com\/#\/schema\/person\/bb147657c2986240405a608162b9bb23","name":"Ibrahima","image":{"@type":"ImageObject","@id":"https:\/\/www.nettali.com\/#personlogo","inLanguage":"fr-FR","url":"https:\/\/secure.gravatar.com\/avatar\/26a8a81f09f0dd7624c9d5c36c9ba3a2?s=96&d=mm&r=g","contentUrl":"https:\/\/secure.gravatar.com\/avatar\/26a8a81f09f0dd7624c9d5c36c9ba3a2?s=96&d=mm&r=g","caption":"Ibrahima"},"sameAs":["https:\/\/www.nettali.com"]}]}},"_links":{"self":[{"href":"https:\/\/www.nettali.com\/rest\/wp\/v2\/posts\/111697"}],"collection":[{"href":"https:\/\/www.nettali.com\/rest\/wp\/v2\/posts"}],"about":[{"href":"https:\/\/www.nettali.com\/rest\/wp\/v2\/types\/post"}],"author":[{"embeddable":true,"href":"https:\/\/www.nettali.com\/rest\/wp\/v2\/users\/5"}],"replies":[{"embeddable":true,"href":"https:\/\/www.nettali.com\/rest\/wp\/v2\/comments?post=111697"}],"version-history":[{"count":2,"href":"https:\/\/www.nettali.com\/rest\/wp\/v2\/posts\/111697\/revisions"}],"predecessor-version":[{"id":111700,"href":"https:\/\/www.nettali.com\/rest\/wp\/v2\/posts\/111697\/revisions\/111700"}],"wp:featuredmedia":[{"embeddable":true,"href":"https:\/\/www.nettali.com\/rest\/wp\/v2\/media\/111698"}],"wp:attachment":[{"href":"https:\/\/www.nettali.com\/rest\/wp\/v2\/media?parent=111697"}],"wp:term":[{"taxonomy":"category","embeddable":true,"href":"https:\/\/www.nettali.com\/rest\/wp\/v2\/categories?post=111697"},{"taxonomy":"post_tag","embeddable":true,"href":"https:\/\/www.nettali.com\/rest\/wp\/v2\/tags?post=111697"}],"curies":[{"name":"wp","href":"https:\/\/api.w.org\/{rel}","templated":true}]}}