{"id":111673,"date":"2023-06-08T08:39:11","date_gmt":"2023-06-08T08:39:11","guid":{"rendered":"https:\/\/www.nettali.com\/?p=111673"},"modified":"2023-06-08T22:03:27","modified_gmt":"2023-06-08T22:03:27","slug":"en-coulisses-le-president-a-choisi-son-moment","status":"publish","type":"post","link":"https:\/\/www.nettali.com\/2023\/06\/08\/en-coulisses-le-president-a-choisi-son-moment\/","title":{"rendered":"EN COULISSES - Le pr\u00e9sident a choisi son moment"},"content":{"rendered":"<p><strong>NETTALI.COM -<\/strong> Ceux qui s'attendaient \u00e0 ce que Macky Sall s'adress\u00e2t \u00e0 la nation, vont devoir attendre encore un peu. Il va parler \u00e0 la Nation. C\u2019est le pr\u00e9sident de la R\u00e9publique himself qui a fait l\u2019annonce en conseil des ministres ce mercredi 7 juin. Une adresse \u00e0 la Nation qui interviendra au terme du dialogue national.<\/p>\n<p>Lors du conseil des ministres de mercredi, le Chef de l\u2019Etat a indiqu\u00e9 que les propositions et recommandations d\u00e9finitives du travail des commissions doivent lui parvenir avant le 25 juin 2023, en vue de la mise en oeuvre rapide des conclusions et d\u00e9cisions pr\u00e9sidentielles issues du Dialogue national qu\u2019il souhaite, encore une fois, inclusif, constructif et prospectif.<\/p>\n<p>Au terme de ce dialogue, le Pr\u00e9sident de la R\u00e9publique a inform\u00e9 le Conseil qu\u2019il s\u2019adressera \u00e0 la nation pour partager les conclusions et donner les grandes orientations qui permettront la consolidation de notre mod\u00e8le d\u00e9mocratique et r\u00e9publicain.<\/p>\n<div class='share-to-whatsapp-wrapper'><div class='share-on-whsp'>PARTAGER SUR : <\/div><a data-text='EN COULISSES - Le pr\u00e9sident a choisi son moment' data-link='https:\/\/www.nettali.com\/2023\/06\/08\/en-coulisses-le-president-a-choisi-son-moment\/' class='whatsapp-button whatsapp-share'>WhatsApp<\/a><div class='clear '><\/div><\/div>","protected":false},"excerpt":{"rendered":"<p>NETTALI.COM - Ceux qui s'attendaient \u00e0 ce que Macky Sall s'adress\u00e2t \u00e0 la nation, vont devoir attendre encore un peu. Il va parler \u00e0 la Nation. C\u2019est le pr\u00e9sident de la R\u00e9publique himself qui a fait l\u2019annonce en conseil des ministres ce mercredi 7 juin. Une adresse \u00e0 la Nation qui interviendra au terme du [&hellip;]<\/p>\n","protected":false},"author":2,"featured_media":111560,"comment_status":"open","ping_status":"open","sticky":false,"template":"","format":"standard","meta":{"_et_pb_use_builder":"","_et_pb_old_content":""},"categories":[34945],"tags":[],"yoast_head":"<!-- This site is optimized with the Yoast SEO Premium plugin v17.8 (Yoast SEO v17.8) - https:\/\/yoast.com\/wordpress\/plugins\/seo\/ -->\n<title>EN COULISSES - Le pr\u00e9sident a choisi son moment | Nettali.com<\/title>\n<meta name=\"robots\" content=\"index, follow, max-snippet:-1, max-image-preview:large, max-video-preview:-1\" \/>\n<link rel=\"canonical\" href=\"https:\/\/www.nettali.com\/2023\/06\/08\/en-coulisses-le-president-a-choisi-son-moment\/\" \/>\n<meta property=\"og:locale\" content=\"fr_FR\" \/>\n<meta property=\"og:type\" content=\"article\" \/>\n<meta property=\"og:title\" content=\"EN COULISSES - Le pr\u00e9sident a choisi son moment\" \/>\n<meta property=\"og:description\" content=\"NETTALI.COM - Ceux qui s&#039;attendaient \u00e0 ce que Macky Sall s&#039;adress\u00e2t \u00e0 la nation, vont devoir attendre encore un peu. Il va parler \u00e0 la Nation. C\u2019est le pr\u00e9sident de la R\u00e9publique himself qui a fait l\u2019annonce en conseil des ministres ce mercredi 7 juin. Une adresse \u00e0 la Nation qui interviendra au terme du [&hellip;]\" \/>\n<meta property=\"og:url\" content=\"https:\/\/www.nettali.com\/2023\/06\/08\/en-coulisses-le-president-a-choisi-son-moment\/\" \/>\n<meta property=\"og:site_name\" content=\"Nettali.com\" \/>\n<meta property=\"article:publisher\" content=\"https:\/\/www.facebook.com\/nettalicom\" \/>\n<meta property=\"article:published_time\" content=\"2023-06-08T08:39:11+00:00\" \/>\n<meta property=\"article:modified_time\" content=\"2023-06-08T22:03:27+00:00\" \/>\n<meta property=\"og:image\" content=\"https:\/\/www.nettali.com\/wp-content\/uploads\/2023\/06\/Le-pr-sident-S-n-gal-Macky-Sall_0.jpg\" \/>\n\t<meta property=\"og:image:width\" content=\"1200\" \/>\n\t<meta property=\"og:image:height\" content=\"675\" \/>\n<meta name=\"twitter:card\" content=\"summary_large_image\" \/>\n<meta name=\"twitter:label1\" content=\"\u00c9crit par\" \/>\n\t<meta name=\"twitter:data1\" content=\"CK\" \/>\n\t<meta name=\"twitter:label2\" content=\"Dur\u00e9e de lecture estim\u00e9e\" \/>\n\t<meta name=\"twitter:data2\" content=\"1 minute\" \/>\n<script type=\"application\/ld+json\" class=\"yoast-schema-graph\">{\"@context\":\"https:\/\/schema.org\",\"@graph\":[{\"@type\":\"WebSite\",\"@id\":\"https:\/\/www.nettali.com\/#website\",\"url\":\"https:\/\/www.nettali.com\/\",\"name\":\"Nettali.com\",\"description\":\"Le rendez-vous critique du Net\",\"potentialAction\":[{\"@type\":\"SearchAction\",\"target\":{\"@type\":\"EntryPoint\",\"urlTemplate\":\"https:\/\/www.nettali.com\/?s={search_term_string}\"},\"query-input\":\"required name=search_term_string\"}],\"inLanguage\":\"fr-FR\"},{\"@type\":\"ImageObject\",\"@id\":\"https:\/\/www.nettali.com\/2023\/06\/08\/en-coulisses-le-president-a-choisi-son-moment\/#primaryimage\",\"inLanguage\":\"fr-FR\",\"url\":\"https:\/\/www.nettali.com\/wp-content\/uploads\/2023\/06\/Le-pr-sident-S-n-gal-Macky-Sall_0.jpg\",\"contentUrl\":\"https:\/\/www.nettali.com\/wp-content\/uploads\/2023\/06\/Le-pr-sident-S-n-gal-Macky-Sall_0.jpg\",\"width\":1200,\"height\":675},{\"@type\":\"WebPage\",\"@id\":\"https:\/\/www.nettali.com\/2023\/06\/08\/en-coulisses-le-president-a-choisi-son-moment\/#webpage\",\"url\":\"https:\/\/www.nettali.com\/2023\/06\/08\/en-coulisses-le-president-a-choisi-son-moment\/\",\"name\":\"EN COULISSES - Le pr\\u00e9sident a choisi son moment | Nettali.com\",\"isPartOf\":{\"@id\":\"https:\/\/www.nettali.com\/#website\"},\"primaryImageOfPage\":{\"@id\":\"https:\/\/www.nettali.com\/2023\/06\/08\/en-coulisses-le-president-a-choisi-son-moment\/#primaryimage\"},\"datePublished\":\"2023-06-08T08:39:11+00:00\",\"dateModified\":\"2023-06-08T22:03:27+00:00\",\"author\":{\"@id\":\"https:\/\/www.nettali.com\/#\/schema\/person\/d8ac7b7e27ddad43f1c0d2ef090d7f71\"},\"breadcrumb\":{\"@id\":\"https:\/\/www.nettali.com\/2023\/06\/08\/en-coulisses-le-president-a-choisi-son-moment\/#breadcrumb\"},\"inLanguage\":\"fr-FR\",\"potentialAction\":[{\"@type\":\"ReadAction\",\"target\":[\"https:\/\/www.nettali.com\/2023\/06\/08\/en-coulisses-le-president-a-choisi-son-moment\/\"]}]},{\"@type\":\"BreadcrumbList\",\"@id\":\"https:\/\/www.nettali.com\/2023\/06\/08\/en-coulisses-le-president-a-choisi-son-moment\/#breadcrumb\",\"itemListElement\":[{\"@type\":\"ListItem\",\"position\":1,\"name\":\"Accueil\",\"item\":\"https:\/\/www.nettali.com\/\"},{\"@type\":\"ListItem\",\"position\":2,\"name\":\"EN COULISSES - Le pr\\u00e9sident a choisi son moment\"}]},{\"@type\":\"Person\",\"@id\":\"https:\/\/www.nettali.com\/#\/schema\/person\/d8ac7b7e27ddad43f1c0d2ef090d7f71\",\"name\":\"CK\",\"image\":{\"@type\":\"ImageObject\",\"@id\":\"https:\/\/www.nettali.com\/#personlogo\",\"inLanguage\":\"fr-FR\",\"url\":\"https:\/\/secure.gravatar.com\/avatar\/1d8d5118b9327d94da7cd4ce7f17fec2?s=96&d=mm&r=g\",\"contentUrl\":\"https:\/\/secure.gravatar.com\/avatar\/1d8d5118b9327d94da7cd4ce7f17fec2?s=96&d=mm&r=g\",\"caption\":\"CK\"},\"sameAs\":[\"https:\/\/www.nettali.com\"]}]}<\/script>\n<!-- \/ Yoast SEO Premium plugin. -->","yoast_head_json":{"title":"EN COULISSES - Le pr\u00e9sident a choisi son moment | Nettali.com","robots":{"index":"index","follow":"follow","max-snippet":"max-snippet:-1","max-image-preview":"max-image-preview:large","max-video-preview":"max-video-preview:-1"},"canonical":"https:\/\/www.nettali.com\/2023\/06\/08\/en-coulisses-le-president-a-choisi-son-moment\/","og_locale":"fr_FR","og_type":"article","og_title":"EN COULISSES - Le pr\u00e9sident a choisi son moment","og_description":"NETTALI.COM - Ceux qui s'attendaient \u00e0 ce que Macky Sall s'adress\u00e2t \u00e0 la nation, vont devoir attendre encore un peu. Il va parler \u00e0 la Nation. C\u2019est le pr\u00e9sident de la R\u00e9publique himself qui a fait l\u2019annonce en conseil des ministres ce mercredi 7 juin. Une adresse \u00e0 la Nation qui interviendra au terme du [&hellip;]","og_url":"https:\/\/www.nettali.com\/2023\/06\/08\/en-coulisses-le-president-a-choisi-son-moment\/","og_site_name":"Nettali.com","article_publisher":"https:\/\/www.facebook.com\/nettalicom","article_published_time":"2023-06-08T08:39:11+00:00","article_modified_time":"2023-06-08T22:03:27+00:00","og_image":[{"width":1200,"height":675,"url":"https:\/\/www.nettali.com\/wp-content\/uploads\/2023\/06\/Le-pr-sident-S-n-gal-Macky-Sall_0.jpg","type":"image\/jpeg"}],"twitter_card":"summary_large_image","twitter_misc":{"\u00c9crit par":"CK","Dur\u00e9e de lecture estim\u00e9e":"1 minute"},"schema":{"@context":"https:\/\/schema.org","@graph":[{"@type":"WebSite","@id":"https:\/\/www.nettali.com\/#website","url":"https:\/\/www.nettali.com\/","name":"Nettali.com","description":"Le rendez-vous critique du Net","potentialAction":[{"@type":"SearchAction","target":{"@type":"EntryPoint","urlTemplate":"https:\/\/www.nettali.com\/?s={search_term_string}"},"query-input":"required name=search_term_string"}],"inLanguage":"fr-FR"},{"@type":"ImageObject","@id":"https:\/\/www.nettali.com\/2023\/06\/08\/en-coulisses-le-president-a-choisi-son-moment\/#primaryimage","inLanguage":"fr-FR","url":"https:\/\/www.nettali.com\/wp-content\/uploads\/2023\/06\/Le-pr-sident-S-n-gal-Macky-Sall_0.jpg","contentUrl":"https:\/\/www.nettali.com\/wp-content\/uploads\/2023\/06\/Le-pr-sident-S-n-gal-Macky-Sall_0.jpg","width":1200,"height":675},{"@type":"WebPage","@id":"https:\/\/www.nettali.com\/2023\/06\/08\/en-coulisses-le-president-a-choisi-son-moment\/#webpage","url":"https:\/\/www.nettali.com\/2023\/06\/08\/en-coulisses-le-president-a-choisi-son-moment\/","name":"EN COULISSES - Le pr\u00e9sident a choisi son moment | Nettali.com","isPartOf":{"@id":"https:\/\/www.nettali.com\/#website"},"primaryImageOfPage":{"@id":"https:\/\/www.nettali.com\/2023\/06\/08\/en-coulisses-le-president-a-choisi-son-moment\/#primaryimage"},"datePublished":"2023-06-08T08:39:11+00:00","dateModified":"2023-06-08T22:03:27+00:00","author":{"@id":"https:\/\/www.nettali.com\/#\/schema\/person\/d8ac7b7e27ddad43f1c0d2ef090d7f71"},"breadcrumb":{"@id":"https:\/\/www.nettali.com\/2023\/06\/08\/en-coulisses-le-president-a-choisi-son-moment\/#breadcrumb"},"inLanguage":"fr-FR","potentialAction":[{"@type":"ReadAction","target":["https:\/\/www.nettali.com\/2023\/06\/08\/en-coulisses-le-president-a-choisi-son-moment\/"]}]},{"@type":"BreadcrumbList","@id":"https:\/\/www.nettali.com\/2023\/06\/08\/en-coulisses-le-president-a-choisi-son-moment\/#breadcrumb","itemListElement":[{"@type":"ListItem","position":1,"name":"Accueil","item":"https:\/\/www.nettali.com\/"},{"@type":"ListItem","position":2,"name":"EN COULISSES - Le pr\u00e9sident a choisi son moment"}]},{"@type":"Person","@id":"https:\/\/www.nettali.com\/#\/schema\/person\/d8ac7b7e27ddad43f1c0d2ef090d7f71","name":"CK","image":{"@type":"ImageObject","@id":"https:\/\/www.nettali.com\/#personlogo","inLanguage":"fr-FR","url":"https:\/\/secure.gravatar.com\/avatar\/1d8d5118b9327d94da7cd4ce7f17fec2?s=96&d=mm&r=g","contentUrl":"https:\/\/secure.gravatar.com\/avatar\/1d8d5118b9327d94da7cd4ce7f17fec2?s=96&d=mm&r=g","caption":"CK"},"sameAs":["https:\/\/www.nettali.com"]}]}},"_links":{"self":[{"href":"https:\/\/www.nettali.com\/rest\/wp\/v2\/posts\/111673"}],"collection":[{"href":"https:\/\/www.nettali.com\/rest\/wp\/v2\/posts"}],"about":[{"href":"https:\/\/www.nettali.com\/rest\/wp\/v2\/types\/post"}],"author":[{"embeddable":true,"href":"https:\/\/www.nettali.com\/rest\/wp\/v2\/users\/2"}],"replies":[{"embeddable":true,"href":"https:\/\/www.nettali.com\/rest\/wp\/v2\/comments?post=111673"}],"version-history":[{"count":2,"href":"https:\/\/www.nettali.com\/rest\/wp\/v2\/posts\/111673\/revisions"}],"predecessor-version":[{"id":111737,"href":"https:\/\/www.nettali.com\/rest\/wp\/v2\/posts\/111673\/revisions\/111737"}],"wp:featuredmedia":[{"embeddable":true,"href":"https:\/\/www.nettali.com\/rest\/wp\/v2\/media\/111560"}],"wp:attachment":[{"href":"https:\/\/www.nettali.com\/rest\/wp\/v2\/media?parent=111673"}],"wp:term":[{"taxonomy":"category","embeddable":true,"href":"https:\/\/www.nettali.com\/rest\/wp\/v2\/categories?post=111673"},{"taxonomy":"post_tag","embeddable":true,"href":"https:\/\/www.nettali.com\/rest\/wp\/v2\/tags?post=111673"}],"curies":[{"name":"wp","href":"https:\/\/api.w.org\/{rel}","templated":true}]}}