{"id":111655,"date":"2023-06-07T22:30:53","date_gmt":"2023-06-07T22:30:53","guid":{"rendered":"https:\/\/www.nettali.com\/?p=111655"},"modified":"2023-06-08T22:27:26","modified_gmt":"2023-06-08T22:27:26","slug":"manifestations-macky-sall-ordonne-louverture-denquetes-judiciaires-immediates-et-systematiques","status":"publish","type":"post","link":"https:\/\/www.nettali.com\/2023\/06\/07\/manifestations-macky-sall-ordonne-louverture-denquetes-judiciaires-immediates-et-systematiques\/","title":{"rendered":"MANIFESTATIONS - Macky Sall ordonne \u2018\u2019l\u2019ouverture d\u2019enqu\u00eates judiciaires imm\u00e9diates et syst\u00e9matiques\u201d"},"content":{"rendered":"<p><strong>NETTALI.COM - Le pr\u00e9sident de la R\u00e9publique, Macky Sall, a demand\u00e9 mercredi \u2018\u2019l\u2019ouverture d\u2019enqu\u00eates judiciaires imm\u00e9diates et syst\u00e9matiques pour faire la lumi\u00e8re sur les responsabilit\u00e9s\u2019\u2019 li\u00e9es aux manifestations qui ont secou\u00e9 plusieurs villes du pays, en particulier les r\u00e9gions de Dakar et Ziguinchor \u00e0 la suite de la condamnation, le 1<sup>er<\/sup>\u00a0juin dernier, de l\u2019opposant Ousmane Sonko pour corruption de la jeunesse, dans l\u2019affaire dite Sweet Beaut\u00e9.<\/strong><\/p>\n<p><em>\u2018\u2019Devant la gravit\u00e9 sans commune mesure des faits, le Pr\u00e9sident de la r\u00e9publique a r\u00e9it\u00e9r\u00e9 sa d\u00e9termination \u00e0 prot\u00e9ger la Nation, l\u2019Etat, la R\u00e9publique, ses valeurs, et ses fondements. Il a cet effet ordonn\u00e9 l\u2019ouverture d\u2019enqu\u00eates judiciaires imm\u00e9diates et syst\u00e9matiques pour faire la lumi\u00e8re sur les responsabilit\u00e9s li\u00e9es \u00e0 ces \u00e9v\u00e8nements\u2019\u2019<\/em>, rapporte le communiqu\u00e9 du conseil des ministres, qui s\u2019est r\u00e9uni mercredi.<\/p>\n<p>L\u2019opposant Ousmane Sonko, poursuivi en justice pour viol et menaces de mort sur la jeune dame Adji Sarr, a \u00e9t\u00e9 condamn\u00e9 le 1er juin par la chambre criminelle du tribunal de Dakar \u00e0 deux ans de prison ferme pour \u2018\u2019corruption de la jeunesse\u2019\u2019. La juridiction lui a aussi inflig\u00e9 une amende de 600.000 francs CFA.<\/p>\n<p>Dans la foul\u00e9e de la condamnation de M. Sonko, de violentes manifestations ont \u00e9clat\u00e9 \u00e0 Ziguinchor (sud), ville dont il est le maire, \u00e0 Dakar, et dans une moindre mesure dans d\u2019autres villes du pays.<\/p>\n<p>Les manifestants protestaient contre la menace d\u2019in\u00e9ligibilit\u00e9 que cette condamnation fait planer sur la t\u00eate du leader de Pastef-Les patriotes, candidat d\u00e9clar\u00e9 \u00e0 l\u2019\u00e9lection pr\u00e9sidentielle de 2024. Apr\u00e8s la d\u00e9cision rendue par la chambre criminelle, Me\u00a0Djiby Diagne, l\u2019un de ses avocats, a d\u00e9clar\u00e9 que \u2018\u2019la candidature d\u2019Ousmane Sonko est hypoth\u00e9qu\u00e9e\u2019\u2019.<\/p>\n<p>Des \u00e9difices publics, des commerces et des banques ont \u00e9t\u00e9 attaqu\u00e9s \u00e0 l\u2019occasion de ces manifestations qui ont caus\u00e9 la mort de seize personnes.<\/p>\n<p>A l\u2019entame de sa communication lors du conseil des ministres de ce mercredi, le Pr\u00e9sident de la R\u00e9publique \u2018\u2019s\u2019est inclin\u00e9 devant la m\u00e9moire des personnes d\u00e9c\u00e9d\u00e9es lors des incidents graves not\u00e9s ces derniers jours, plus particuli\u00e8rement, dans les r\u00e9gions de Dakar et de Ziguinchor\u2019\u2019. \u2018\u2019En cette circonstance douloureuse, le Conseil des ministres a observ\u00e9 une minute de silence \u00e0 la m\u00e9moire des victimes des \u00e9v\u00e8nements\u2019\u2019, signale le communiqu\u00e9 ayant sanctionn\u00e9 la rencontre.<\/p>\n<p>Il signale qu\u2019il a \u2018\u2019saisi l\u2019occasion pour pr\u00e9senter ses condol\u00e9ances attrist\u00e9es \u00e0 la nation et aux familles des victimes et leur a assur\u00e9 du soutien et de la pr\u00e9sence de l\u2019Etat \u00e0 leurs c\u00f4t\u00e9s\u2019\u2019.<\/p>\n<p>\u2018\u2019Le Pr\u00e9sident de la R\u00e9publique a aussi souhait\u00e9 un prompt r\u00e9tablissement aux bless\u00e9s civils, policiers et gendarmes\u2019\u2019, informe le communiqu\u00e9.<\/p>\n<p>Il sgnale aussi qu\u2019il a \u2018\u2019saisi l\u2019occasion pour saluer le professionnalisme remarquable et la posture r\u00e9publicaine efficace des forces de d\u00e9fense et de s\u00e9curit\u00e9 qui ont permis de maitriser, malgr\u00e9 tout, la violence sans pr\u00e9c\u00e9dent des attaques malveillantes, et d\u2019arr\u00eater les actes de vandalisme et de grand banditisme relev\u00e9s\u2019\u2019.<\/p>\n<p>Il a \u2018\u2019condamn\u00e9 fermement ces agressions caract\u00e9ris\u00e9es extr\u00eamement graves contre l\u2019Etat, la R\u00e9publique et ses institutions et contre la nation s\u00e9n\u00e9galaise \u00e0 travers des violences humaines, des actes de saccages contre des biens publics et priv\u00e9s et des cyber-attaques contre des sites strat\u00e9giques du Gouvernement et des services publics vitaux, dont l\u2019objectif \u00e9tait sans aucun doute de semer la terreur et de mettre \u00e0 l\u2019arr\u00eat notre pays\u2019\u2019.<\/p>\n<p>Il a \u2018\u2019rappel\u00e9 au Gouvernement l\u2019imp\u00e9rative n\u00e9cessit\u00e9 de prot\u00e9ger notre R\u00e9publique et de pr\u00e9server notre nation face aux attaques qui sont devenues r\u00e9currentes et multiformes visant la paralysie de notre \u00e9conomie, la mise \u00e0 mal de l\u2019image de marque de r\u00e9f\u00e9rence de notre pays, le S\u00e9n\u00e9gal, qui demeure, avant tout, une grande d\u00e9mocratie\u2019\u2019.<\/p>\n<p>\u2018\u2019Au regard de la situation, souligne le communiqu\u00e9, le Pr\u00e9sident de la R\u00e9publique a demand\u00e9 au Gouvernement de pr\u00e9parer un M\u00e9morandum complet sur les d\u00e9c\u00e8s, actes de vandalisme et d\u00e9fiance vis-\u00e0-vis de l\u2019Etat perp\u00e9tr\u00e9s \u00e0 l\u2019occasion de ces manifestations.\u2019\u2019<\/p>\n<p>Il a aussi \u2018\u2019invit\u00e9 le Gouvernement \u00e0 faire un bilan exhaustif des pertes \u00e9conomiques et des d\u00e9g\u00e2ts mat\u00e9riels caus\u00e9s pour avoir une \u00e9valuation exacte des pr\u00e9judices subis\u2019\u2019.<\/p>\n<p>Il a \u2018\u2019tenu particuli\u00e8rement \u00e0 rassurer nos compatriotes et les h\u00f4tes \u00e9trangers qui vivent parmi nous, sur les dispositions prises pour pr\u00e9server la stabilit\u00e9 du pays et la s\u00e9curit\u00e9 des personnes et des biens\u2019\u2019.<\/p>\n<p>Il a par ailleurs \u2018\u2019demand\u00e9 au Gouvernement de prendre toutes les dispositions n\u00e9cessaires pour assister les familles des victimes, ainsi que les personnes et les entit\u00e9s ayant subies des pr\u00e9judices\u2019\u2019.<\/p>\n<div class='share-to-whatsapp-wrapper'><div class='share-on-whsp'>PARTAGER SUR : <\/div><a data-text='MANIFESTATIONS - Macky Sall ordonne \u2018\u2019l\u2019ouverture d\u2019enqu\u00eates judiciaires imm\u00e9diates et syst\u00e9matiques\u201d' data-link='https:\/\/www.nettali.com\/2023\/06\/07\/manifestations-macky-sall-ordonne-louverture-denquetes-judiciaires-immediates-et-systematiques\/' class='whatsapp-button whatsapp-share'>WhatsApp<\/a><div class='clear '><\/div><\/div>","protected":false},"excerpt":{"rendered":"<p>NETTALI.COM - Le pr\u00e9sident de la R\u00e9publique, Macky Sall, a demand\u00e9 mercredi \u2018\u2019l\u2019ouverture d\u2019enqu\u00eates judiciaires imm\u00e9diates et syst\u00e9matiques pour faire la lumi\u00e8re sur les responsabilit\u00e9s\u2019\u2019 li\u00e9es aux manifestations qui ont secou\u00e9 plusieurs villes du pays, en particulier les r\u00e9gions de Dakar et Ziguinchor \u00e0 la suite de la condamnation, le 1er\u00a0juin dernier, de l\u2019opposant Ousmane [&hellip;]<\/p>\n","protected":false},"author":4,"featured_media":109424,"comment_status":"open","ping_status":"open","sticky":false,"template":"","format":"standard","meta":{"_et_pb_use_builder":"","_et_pb_old_content":""},"categories":[2],"tags":[],"yoast_head":"<!-- This site is optimized with the Yoast SEO Premium plugin v17.8 (Yoast SEO v17.8) - https:\/\/yoast.com\/wordpress\/plugins\/seo\/ -->\n<title>MANIFESTATIONS - Macky Sall ordonne \u2018\u2019l\u2019ouverture d\u2019enqu\u00eates judiciaires imm\u00e9diates et syst\u00e9matiques\u201d | Nettali.com<\/title>\n<meta name=\"robots\" content=\"index, follow, max-snippet:-1, max-image-preview:large, max-video-preview:-1\" \/>\n<link rel=\"canonical\" href=\"https:\/\/www.nettali.com\/2023\/06\/07\/manifestations-macky-sall-ordonne-louverture-denquetes-judiciaires-immediates-et-systematiques\/\" \/>\n<meta property=\"og:locale\" content=\"fr_FR\" \/>\n<meta property=\"og:type\" content=\"article\" \/>\n<meta property=\"og:title\" content=\"MANIFESTATIONS - Macky Sall ordonne \u2018\u2019l\u2019ouverture d\u2019enqu\u00eates judiciaires imm\u00e9diates et syst\u00e9matiques\u201d\" \/>\n<meta property=\"og:description\" content=\"NETTALI.COM - Le pr\u00e9sident de la R\u00e9publique, Macky Sall, a demand\u00e9 mercredi \u2018\u2019l\u2019ouverture d\u2019enqu\u00eates judiciaires imm\u00e9diates et syst\u00e9matiques pour faire la lumi\u00e8re sur les responsabilit\u00e9s\u2019\u2019 li\u00e9es aux manifestations qui ont secou\u00e9 plusieurs villes du pays, en particulier les r\u00e9gions de Dakar et Ziguinchor \u00e0 la suite de la condamnation, le 1er\u00a0juin dernier, de l\u2019opposant Ousmane [&hellip;]\" \/>\n<meta property=\"og:url\" content=\"https:\/\/www.nettali.com\/2023\/06\/07\/manifestations-macky-sall-ordonne-louverture-denquetes-judiciaires-immediates-et-systematiques\/\" \/>\n<meta property=\"og:site_name\" content=\"Nettali.com\" \/>\n<meta property=\"article:publisher\" content=\"https:\/\/www.facebook.com\/nettalicom\" \/>\n<meta property=\"article:published_time\" content=\"2023-06-07T22:30:53+00:00\" \/>\n<meta property=\"article:modified_time\" content=\"2023-06-08T22:27:26+00:00\" \/>\n<meta property=\"og:image\" content=\"https:\/\/www.nettali.com\/wp-content\/uploads\/2023\/05\/macky-sall9.jpg\" \/>\n\t<meta property=\"og:image:width\" content=\"1280\" \/>\n\t<meta property=\"og:image:height\" content=\"621\" \/>\n<meta name=\"twitter:card\" content=\"summary_large_image\" \/>\n<meta name=\"twitter:label1\" content=\"\u00c9crit par\" \/>\n\t<meta name=\"twitter:data1\" content=\"Daouda\" \/>\n\t<meta name=\"twitter:label2\" content=\"Dur\u00e9e de lecture estim\u00e9e\" \/>\n\t<meta name=\"twitter:data2\" content=\"4 minutes\" \/>\n<script type=\"application\/ld+json\" class=\"yoast-schema-graph\">{\"@context\":\"https:\/\/schema.org\",\"@graph\":[{\"@type\":\"WebSite\",\"@id\":\"https:\/\/www.nettali.com\/#website\",\"url\":\"https:\/\/www.nettali.com\/\",\"name\":\"Nettali.com\",\"description\":\"Le rendez-vous critique du Net\",\"potentialAction\":[{\"@type\":\"SearchAction\",\"target\":{\"@type\":\"EntryPoint\",\"urlTemplate\":\"https:\/\/www.nettali.com\/?s={search_term_string}\"},\"query-input\":\"required name=search_term_string\"}],\"inLanguage\":\"fr-FR\"},{\"@type\":\"ImageObject\",\"@id\":\"https:\/\/www.nettali.com\/2023\/06\/07\/manifestations-macky-sall-ordonne-louverture-denquetes-judiciaires-immediates-et-systematiques\/#primaryimage\",\"inLanguage\":\"fr-FR\",\"url\":\"https:\/\/www.nettali.com\/wp-content\/uploads\/2023\/05\/macky-sall9.jpg\",\"contentUrl\":\"https:\/\/www.nettali.com\/wp-content\/uploads\/2023\/05\/macky-sall9.jpg\",\"width\":1280,\"height\":621},{\"@type\":\"WebPage\",\"@id\":\"https:\/\/www.nettali.com\/2023\/06\/07\/manifestations-macky-sall-ordonne-louverture-denquetes-judiciaires-immediates-et-systematiques\/#webpage\",\"url\":\"https:\/\/www.nettali.com\/2023\/06\/07\/manifestations-macky-sall-ordonne-louverture-denquetes-judiciaires-immediates-et-systematiques\/\",\"name\":\"MANIFESTATIONS - Macky Sall ordonne \\u2018\\u2019l\\u2019ouverture d\\u2019enqu\\u00eates judiciaires imm\\u00e9diates et syst\\u00e9matiques\\u201d | Nettali.com\",\"isPartOf\":{\"@id\":\"https:\/\/www.nettali.com\/#website\"},\"primaryImageOfPage\":{\"@id\":\"https:\/\/www.nettali.com\/2023\/06\/07\/manifestations-macky-sall-ordonne-louverture-denquetes-judiciaires-immediates-et-systematiques\/#primaryimage\"},\"datePublished\":\"2023-06-07T22:30:53+00:00\",\"dateModified\":\"2023-06-08T22:27:26+00:00\",\"author\":{\"@id\":\"https:\/\/www.nettali.com\/#\/schema\/person\/3317e0bb3aa1da309fbf7b2780901bf4\"},\"breadcrumb\":{\"@id\":\"https:\/\/www.nettali.com\/2023\/06\/07\/manifestations-macky-sall-ordonne-louverture-denquetes-judiciaires-immediates-et-systematiques\/#breadcrumb\"},\"inLanguage\":\"fr-FR\",\"potentialAction\":[{\"@type\":\"ReadAction\",\"target\":[\"https:\/\/www.nettali.com\/2023\/06\/07\/manifestations-macky-sall-ordonne-louverture-denquetes-judiciaires-immediates-et-systematiques\/\"]}]},{\"@type\":\"BreadcrumbList\",\"@id\":\"https:\/\/www.nettali.com\/2023\/06\/07\/manifestations-macky-sall-ordonne-louverture-denquetes-judiciaires-immediates-et-systematiques\/#breadcrumb\",\"itemListElement\":[{\"@type\":\"ListItem\",\"position\":1,\"name\":\"Accueil\",\"item\":\"https:\/\/www.nettali.com\/\"},{\"@type\":\"ListItem\",\"position\":2,\"name\":\"MANIFESTATIONS - Macky Sall ordonne \\u2018\\u2019l\\u2019ouverture d\\u2019enqu\\u00eates judiciaires imm\\u00e9diates et syst\\u00e9matiques\\u201d\"}]},{\"@type\":\"Person\",\"@id\":\"https:\/\/www.nettali.com\/#\/schema\/person\/3317e0bb3aa1da309fbf7b2780901bf4\",\"name\":\"Daouda\",\"image\":{\"@type\":\"ImageObject\",\"@id\":\"https:\/\/www.nettali.com\/#personlogo\",\"inLanguage\":\"fr-FR\",\"url\":\"https:\/\/secure.gravatar.com\/avatar\/8d143b5a49345098ddcfee1c49c2f47c?s=96&d=mm&r=g\",\"contentUrl\":\"https:\/\/secure.gravatar.com\/avatar\/8d143b5a49345098ddcfee1c49c2f47c?s=96&d=mm&r=g\",\"caption\":\"Daouda\"},\"sameAs\":[\"https:\/\/www.nettali.com\"]}]}<\/script>\n<!-- \/ Yoast SEO Premium plugin. -->","yoast_head_json":{"title":"MANIFESTATIONS - Macky Sall ordonne \u2018\u2019l\u2019ouverture d\u2019enqu\u00eates judiciaires imm\u00e9diates et syst\u00e9matiques\u201d | Nettali.com","robots":{"index":"index","follow":"follow","max-snippet":"max-snippet:-1","max-image-preview":"max-image-preview:large","max-video-preview":"max-video-preview:-1"},"canonical":"https:\/\/www.nettali.com\/2023\/06\/07\/manifestations-macky-sall-ordonne-louverture-denquetes-judiciaires-immediates-et-systematiques\/","og_locale":"fr_FR","og_type":"article","og_title":"MANIFESTATIONS - Macky Sall ordonne \u2018\u2019l\u2019ouverture d\u2019enqu\u00eates judiciaires imm\u00e9diates et syst\u00e9matiques\u201d","og_description":"NETTALI.COM - Le pr\u00e9sident de la R\u00e9publique, Macky Sall, a demand\u00e9 mercredi \u2018\u2019l\u2019ouverture d\u2019enqu\u00eates judiciaires imm\u00e9diates et syst\u00e9matiques pour faire la lumi\u00e8re sur les responsabilit\u00e9s\u2019\u2019 li\u00e9es aux manifestations qui ont secou\u00e9 plusieurs villes du pays, en particulier les r\u00e9gions de Dakar et Ziguinchor \u00e0 la suite de la condamnation, le 1er\u00a0juin dernier, de l\u2019opposant Ousmane [&hellip;]","og_url":"https:\/\/www.nettali.com\/2023\/06\/07\/manifestations-macky-sall-ordonne-louverture-denquetes-judiciaires-immediates-et-systematiques\/","og_site_name":"Nettali.com","article_publisher":"https:\/\/www.facebook.com\/nettalicom","article_published_time":"2023-06-07T22:30:53+00:00","article_modified_time":"2023-06-08T22:27:26+00:00","og_image":[{"width":1280,"height":621,"url":"https:\/\/www.nettali.com\/wp-content\/uploads\/2023\/05\/macky-sall9.jpg","type":"image\/jpeg"}],"twitter_card":"summary_large_image","twitter_misc":{"\u00c9crit par":"Daouda","Dur\u00e9e de lecture estim\u00e9e":"4 minutes"},"schema":{"@context":"https:\/\/schema.org","@graph":[{"@type":"WebSite","@id":"https:\/\/www.nettali.com\/#website","url":"https:\/\/www.nettali.com\/","name":"Nettali.com","description":"Le rendez-vous critique du Net","potentialAction":[{"@type":"SearchAction","target":{"@type":"EntryPoint","urlTemplate":"https:\/\/www.nettali.com\/?s={search_term_string}"},"query-input":"required name=search_term_string"}],"inLanguage":"fr-FR"},{"@type":"ImageObject","@id":"https:\/\/www.nettali.com\/2023\/06\/07\/manifestations-macky-sall-ordonne-louverture-denquetes-judiciaires-immediates-et-systematiques\/#primaryimage","inLanguage":"fr-FR","url":"https:\/\/www.nettali.com\/wp-content\/uploads\/2023\/05\/macky-sall9.jpg","contentUrl":"https:\/\/www.nettali.com\/wp-content\/uploads\/2023\/05\/macky-sall9.jpg","width":1280,"height":621},{"@type":"WebPage","@id":"https:\/\/www.nettali.com\/2023\/06\/07\/manifestations-macky-sall-ordonne-louverture-denquetes-judiciaires-immediates-et-systematiques\/#webpage","url":"https:\/\/www.nettali.com\/2023\/06\/07\/manifestations-macky-sall-ordonne-louverture-denquetes-judiciaires-immediates-et-systematiques\/","name":"MANIFESTATIONS - Macky Sall ordonne \u2018\u2019l\u2019ouverture d\u2019enqu\u00eates judiciaires imm\u00e9diates et syst\u00e9matiques\u201d | Nettali.com","isPartOf":{"@id":"https:\/\/www.nettali.com\/#website"},"primaryImageOfPage":{"@id":"https:\/\/www.nettali.com\/2023\/06\/07\/manifestations-macky-sall-ordonne-louverture-denquetes-judiciaires-immediates-et-systematiques\/#primaryimage"},"datePublished":"2023-06-07T22:30:53+00:00","dateModified":"2023-06-08T22:27:26+00:00","author":{"@id":"https:\/\/www.nettali.com\/#\/schema\/person\/3317e0bb3aa1da309fbf7b2780901bf4"},"breadcrumb":{"@id":"https:\/\/www.nettali.com\/2023\/06\/07\/manifestations-macky-sall-ordonne-louverture-denquetes-judiciaires-immediates-et-systematiques\/#breadcrumb"},"inLanguage":"fr-FR","potentialAction":[{"@type":"ReadAction","target":["https:\/\/www.nettali.com\/2023\/06\/07\/manifestations-macky-sall-ordonne-louverture-denquetes-judiciaires-immediates-et-systematiques\/"]}]},{"@type":"BreadcrumbList","@id":"https:\/\/www.nettali.com\/2023\/06\/07\/manifestations-macky-sall-ordonne-louverture-denquetes-judiciaires-immediates-et-systematiques\/#breadcrumb","itemListElement":[{"@type":"ListItem","position":1,"name":"Accueil","item":"https:\/\/www.nettali.com\/"},{"@type":"ListItem","position":2,"name":"MANIFESTATIONS - Macky Sall ordonne \u2018\u2019l\u2019ouverture d\u2019enqu\u00eates judiciaires imm\u00e9diates et syst\u00e9matiques\u201d"}]},{"@type":"Person","@id":"https:\/\/www.nettali.com\/#\/schema\/person\/3317e0bb3aa1da309fbf7b2780901bf4","name":"Daouda","image":{"@type":"ImageObject","@id":"https:\/\/www.nettali.com\/#personlogo","inLanguage":"fr-FR","url":"https:\/\/secure.gravatar.com\/avatar\/8d143b5a49345098ddcfee1c49c2f47c?s=96&d=mm&r=g","contentUrl":"https:\/\/secure.gravatar.com\/avatar\/8d143b5a49345098ddcfee1c49c2f47c?s=96&d=mm&r=g","caption":"Daouda"},"sameAs":["https:\/\/www.nettali.com"]}]}},"_links":{"self":[{"href":"https:\/\/www.nettali.com\/rest\/wp\/v2\/posts\/111655"}],"collection":[{"href":"https:\/\/www.nettali.com\/rest\/wp\/v2\/posts"}],"about":[{"href":"https:\/\/www.nettali.com\/rest\/wp\/v2\/types\/post"}],"author":[{"embeddable":true,"href":"https:\/\/www.nettali.com\/rest\/wp\/v2\/users\/4"}],"replies":[{"embeddable":true,"href":"https:\/\/www.nettali.com\/rest\/wp\/v2\/comments?post=111655"}],"version-history":[{"count":2,"href":"https:\/\/www.nettali.com\/rest\/wp\/v2\/posts\/111655\/revisions"}],"predecessor-version":[{"id":111715,"href":"https:\/\/www.nettali.com\/rest\/wp\/v2\/posts\/111655\/revisions\/111715"}],"wp:featuredmedia":[{"embeddable":true,"href":"https:\/\/www.nettali.com\/rest\/wp\/v2\/media\/109424"}],"wp:attachment":[{"href":"https:\/\/www.nettali.com\/rest\/wp\/v2\/media?parent=111655"}],"wp:term":[{"taxonomy":"category","embeddable":true,"href":"https:\/\/www.nettali.com\/rest\/wp\/v2\/categories?post=111655"},{"taxonomy":"post_tag","embeddable":true,"href":"https:\/\/www.nettali.com\/rest\/wp\/v2\/tags?post=111655"}],"curies":[{"name":"wp","href":"https:\/\/api.w.org\/{rel}","templated":true}]}}