{"id":111651,"date":"2023-06-07T22:15:14","date_gmt":"2023-06-07T22:15:14","guid":{"rendered":"https:\/\/www.nettali.com\/?p=111651"},"modified":"2023-06-08T18:57:26","modified_gmt":"2023-06-08T18:57:26","slug":"blocus-du-domicile-du-leader-de-pastef-me-cire-cledor-ly-saisit-antoine-diome","status":"publish","type":"post","link":"https:\/\/www.nettali.com\/2023\/06\/07\/blocus-du-domicile-du-leader-de-pastef-me-cire-cledor-ly-saisit-antoine-diome\/","title":{"rendered":"BLOCUS DU DOMICILE DU LEADER DE PASTEF - Me Cir\u00e9 Cl\u00e9dor Ly saisit Antoine Diome"},"content":{"rendered":"<p><b>NETTALI.COM- Me <\/b><strong>Cir\u00e9 Cl\u00e9dor Ly n'en peut plus d'\u00eatre \u00e9conduit de chez Ousmane Sonko. Il a adress\u00e9 une lettre de r\u00e9clamation, \u00a0adress\u00e9e au ministre de l\u2019Int\u00e9rieur avec application \u00e0 la communaut\u00e9 internationale. <\/strong><\/p>\n<p>Neuf. C'est le nombre de fois que Me Cir\u00e9 Cl\u00e9dor Ly a \u00e9t\u00e9, selon ses dires, \u00e9conduit de chez son client Ousmane Sonko. En fait, le domicile du leader de Pastef fait l'objet d'un blocus depuis le 28 mai 2023. Ainsi, ce dernier ne re\u00e7oit plus de visite, m\u00eame celle de ses avocats. Exasp\u00e9r\u00e9 par cette restriction, Me Cir\u00e9 Cl\u00e9dor a saisi le ministre de l'Int\u00e9rieur \u00e0 travers une correspondance avec ampliation au Pr\u00e9sident de la R\u00e9publique, \u00e0 l'Ordre des avocats, aux Nations Unies et \u00e0 certaines Ambassades.<\/p>\n<p>\u00ab <em>J\u2019ai l'avantage d'attirer votre attention sur des faits insolites qui portent atteinte aux droits fondamentaux de la D\u00e9fense et aux droits du travail. Depuis trois (03) jours, je me suis rendu neuf (09) fois au domicile de mon client Monsieur Ousmane Sonko chef de l'opposition qui a besoin de parler et de communiquer avec ses conseils. J'ai \u00e9t\u00e9 \u00e9conduit 9 fois, ce qui au-del\u00e0 d'une atteinte aux droits de la D\u00e9fense porte aussi atteinte aux droits \u00e9conomiques et sociaux de la profession d'avocat en tant qu'elle constitue une entrave \u00e0 l'exercice de la profession, au droit et \u00e0 la libert\u00e9 du travail<\/em> \u00bb d\u00e9nonce Me Ly, dans sa correspondance.<\/p>\n<p>Il rel\u00e8ve que \u00ab <em>la d\u00e9fense est un droit absolu auquel il ne peut \u00eatre apport\u00e9 aucune restriction, ce droit est reconnu et respect\u00e9 m\u00eame dans les \u00c9tats dictatoriaux et fascistes\u00bb<\/em>. Et d'ajouter que\u00a0\u00ab <em>cette situation ne peut perdurer, le ministre de l\u2019 int\u00e9rieur \u00e9tant le sup\u00e9rieur hi\u00e9rarchique des personnes coiff\u00e9es de b\u00e9rets rouges identifi\u00e9es comme faisant partie du Groupement Mobile d'Intervention de la police d\u00e9pendant de votre hi\u00e9rarchie directe, cette correspondance vous est adress\u00e9e pour que les ordres idoines soient donn\u00e9s afin que les avocats de Monsieur Ousmane Sonko puissent exercer librement leur travail de conseillers et avoir acc\u00e8s \u00e0 ce dernier<\/em> \u00bb.<\/p>\n<p>Poursuivant sa r\u00e9crimination, le conseil renseigne : \u00ab <em>il m'a toujours \u00e9t\u00e9 r\u00e9pondu apr\u00e8s plus d'une heure d'attente et de consultations t\u00e9l\u00e9phoniques de la hi\u00e9rarchie :\u00a0 '' Nous sommes d\u00e9sol\u00e9s Ma\u00eetre, mais nous avons re\u00e7u ordre de ne pas vous laisser approcher votre client qui ne peut non plus sortir de sa maison pour vous rejoindre.<\/em><\/p>\n<p>Soulignant qu' \u00ab <em>il ne peut donc \u00eatre compris que dans un \u00c9tat qui se dit d\u00e9mocratique, qu'un citoyen soit interdit de rendre visite ou d'\u00eatre visit\u00e9 par son Avocat-Conseil pour des raisons professionnelles<\/em> \u00bb, Me Ly esp\u00e8re une suite rapide et favorable \u00e0 cette r\u00e9clamation. Car, \u00e0 ses yeux, \u00ab <em>le S\u00e9n\u00e9gal ne saurait renier ses engagements, internationaux et les articles 23alin\u00e9alde la d\u00e9claration Universelles des Droits de I \u2018Homme ; 6 alin\u00e9a du Pacte International Relatif aux Droits Economiques Sociaux et Culturels ; 15 de la Charte Africaine des Droits de I \u2018Homme et des Peuples ; 4 alin\u00e9a 1 in limine du R\u00e8glement 05 de I'UEMOA ; 8.10 de la Constitution de 2001 modifi\u00e9e ; 4 alin\u00e9a 2 de la loi 84-09 du 04 Janvier 1984 sur le Barreau ; 392 du Code p\u00e9nal<\/em> \u00bb.<\/p>\n<div class='share-to-whatsapp-wrapper'><div class='share-on-whsp'>PARTAGER SUR : <\/div><a data-text='BLOCUS DU DOMICILE DU LEADER DE PASTEF - Me Cir\u00e9 Cl\u00e9dor Ly saisit Antoine Diome' data-link='https:\/\/www.nettali.com\/2023\/06\/07\/blocus-du-domicile-du-leader-de-pastef-me-cire-cledor-ly-saisit-antoine-diome\/' class='whatsapp-button whatsapp-share'>WhatsApp<\/a><div class='clear '><\/div><\/div>","protected":false},"excerpt":{"rendered":"<p>NETTALI.COM- Me Cir\u00e9 Cl\u00e9dor Ly n'en peut plus d'\u00eatre \u00e9conduit de chez Ousmane Sonko. Il a adress\u00e9 une lettre de r\u00e9clamation, \u00a0adress\u00e9e au ministre de l\u2019Int\u00e9rieur avec application \u00e0 la communaut\u00e9 internationale. Neuf. C'est le nombre de fois que Me Cir\u00e9 Cl\u00e9dor Ly a \u00e9t\u00e9, selon ses dires, \u00e9conduit de chez son client Ousmane Sonko. [&hellip;]<\/p>\n","protected":false},"author":6,"featured_media":98737,"comment_status":"open","ping_status":"open","sticky":false,"template":"","format":"standard","meta":{"_et_pb_use_builder":"","_et_pb_old_content":""},"categories":[3],"tags":[],"yoast_head":"<!-- This site is optimized with the Yoast SEO Premium plugin v17.8 (Yoast SEO v17.8) - https:\/\/yoast.com\/wordpress\/plugins\/seo\/ -->\n<title>BLOCUS DU DOMICILE DU LEADER DE PASTEF - Me Cir\u00e9 Cl\u00e9dor Ly saisit Antoine Diome | Nettali.com<\/title>\n<meta name=\"robots\" content=\"index, follow, max-snippet:-1, max-image-preview:large, max-video-preview:-1\" \/>\n<link rel=\"canonical\" href=\"https:\/\/www.nettali.com\/2023\/06\/07\/blocus-du-domicile-du-leader-de-pastef-me-cire-cledor-ly-saisit-antoine-diome\/\" \/>\n<meta property=\"og:locale\" content=\"fr_FR\" \/>\n<meta property=\"og:type\" content=\"article\" \/>\n<meta property=\"og:title\" content=\"BLOCUS DU DOMICILE DU LEADER DE PASTEF - Me Cir\u00e9 Cl\u00e9dor Ly saisit Antoine Diome\" \/>\n<meta property=\"og:description\" content=\"NETTALI.COM- Me Cir\u00e9 Cl\u00e9dor Ly n&#039;en peut plus d&#039;\u00eatre \u00e9conduit de chez Ousmane Sonko. Il a adress\u00e9 une lettre de r\u00e9clamation, \u00a0adress\u00e9e au ministre de l\u2019Int\u00e9rieur avec application \u00e0 la communaut\u00e9 internationale. Neuf. C&#039;est le nombre de fois que Me Cir\u00e9 Cl\u00e9dor Ly a \u00e9t\u00e9, selon ses dires, \u00e9conduit de chez son client Ousmane Sonko. [&hellip;]\" \/>\n<meta property=\"og:url\" content=\"https:\/\/www.nettali.com\/2023\/06\/07\/blocus-du-domicile-du-leader-de-pastef-me-cire-cledor-ly-saisit-antoine-diome\/\" \/>\n<meta property=\"og:site_name\" content=\"Nettali.com\" \/>\n<meta property=\"article:publisher\" content=\"https:\/\/www.facebook.com\/nettalicom\" \/>\n<meta property=\"article:published_time\" content=\"2023-06-07T22:15:14+00:00\" \/>\n<meta property=\"article:modified_time\" content=\"2023-06-08T18:57:26+00:00\" \/>\n<meta property=\"og:image\" content=\"https:\/\/www.nettali.com\/wp-content\/uploads\/2022\/12\/CIRE-CLEDOR.jpg\" \/>\n\t<meta property=\"og:image:width\" content=\"755\" \/>\n\t<meta property=\"og:image:height\" content=\"449\" \/>\n<meta name=\"twitter:card\" content=\"summary_large_image\" \/>\n<meta name=\"twitter:label1\" content=\"\u00c9crit par\" \/>\n\t<meta name=\"twitter:data1\" content=\"Fatou\" \/>\n\t<meta name=\"twitter:label2\" content=\"Dur\u00e9e de lecture estim\u00e9e\" \/>\n\t<meta name=\"twitter:data2\" content=\"3 minutes\" \/>\n<script type=\"application\/ld+json\" class=\"yoast-schema-graph\">{\"@context\":\"https:\/\/schema.org\",\"@graph\":[{\"@type\":\"WebSite\",\"@id\":\"https:\/\/www.nettali.com\/#website\",\"url\":\"https:\/\/www.nettali.com\/\",\"name\":\"Nettali.com\",\"description\":\"Le rendez-vous critique du Net\",\"potentialAction\":[{\"@type\":\"SearchAction\",\"target\":{\"@type\":\"EntryPoint\",\"urlTemplate\":\"https:\/\/www.nettali.com\/?s={search_term_string}\"},\"query-input\":\"required name=search_term_string\"}],\"inLanguage\":\"fr-FR\"},{\"@type\":\"ImageObject\",\"@id\":\"https:\/\/www.nettali.com\/2023\/06\/07\/blocus-du-domicile-du-leader-de-pastef-me-cire-cledor-ly-saisit-antoine-diome\/#primaryimage\",\"inLanguage\":\"fr-FR\",\"url\":\"https:\/\/www.nettali.com\/wp-content\/uploads\/2022\/12\/CIRE-CLEDOR.jpg\",\"contentUrl\":\"https:\/\/www.nettali.com\/wp-content\/uploads\/2022\/12\/CIRE-CLEDOR.jpg\",\"width\":755,\"height\":449},{\"@type\":\"WebPage\",\"@id\":\"https:\/\/www.nettali.com\/2023\/06\/07\/blocus-du-domicile-du-leader-de-pastef-me-cire-cledor-ly-saisit-antoine-diome\/#webpage\",\"url\":\"https:\/\/www.nettali.com\/2023\/06\/07\/blocus-du-domicile-du-leader-de-pastef-me-cire-cledor-ly-saisit-antoine-diome\/\",\"name\":\"BLOCUS DU DOMICILE DU LEADER DE PASTEF - Me Cir\\u00e9 Cl\\u00e9dor Ly saisit Antoine Diome | Nettali.com\",\"isPartOf\":{\"@id\":\"https:\/\/www.nettali.com\/#website\"},\"primaryImageOfPage\":{\"@id\":\"https:\/\/www.nettali.com\/2023\/06\/07\/blocus-du-domicile-du-leader-de-pastef-me-cire-cledor-ly-saisit-antoine-diome\/#primaryimage\"},\"datePublished\":\"2023-06-07T22:15:14+00:00\",\"dateModified\":\"2023-06-08T18:57:26+00:00\",\"author\":{\"@id\":\"https:\/\/www.nettali.com\/#\/schema\/person\/418274a86bdf87caff7a3ef476bd0bbf\"},\"breadcrumb\":{\"@id\":\"https:\/\/www.nettali.com\/2023\/06\/07\/blocus-du-domicile-du-leader-de-pastef-me-cire-cledor-ly-saisit-antoine-diome\/#breadcrumb\"},\"inLanguage\":\"fr-FR\",\"potentialAction\":[{\"@type\":\"ReadAction\",\"target\":[\"https:\/\/www.nettali.com\/2023\/06\/07\/blocus-du-domicile-du-leader-de-pastef-me-cire-cledor-ly-saisit-antoine-diome\/\"]}]},{\"@type\":\"BreadcrumbList\",\"@id\":\"https:\/\/www.nettali.com\/2023\/06\/07\/blocus-du-domicile-du-leader-de-pastef-me-cire-cledor-ly-saisit-antoine-diome\/#breadcrumb\",\"itemListElement\":[{\"@type\":\"ListItem\",\"position\":1,\"name\":\"Accueil\",\"item\":\"https:\/\/www.nettali.com\/\"},{\"@type\":\"ListItem\",\"position\":2,\"name\":\"BLOCUS DU DOMICILE DU LEADER DE PASTEF - Me Cir\\u00e9 Cl\\u00e9dor Ly saisit Antoine Diome\"}]},{\"@type\":\"Person\",\"@id\":\"https:\/\/www.nettali.com\/#\/schema\/person\/418274a86bdf87caff7a3ef476bd0bbf\",\"name\":\"Fatou\",\"image\":{\"@type\":\"ImageObject\",\"@id\":\"https:\/\/www.nettali.com\/#personlogo\",\"inLanguage\":\"fr-FR\",\"url\":\"https:\/\/secure.gravatar.com\/avatar\/5a9442a2bee7b4dcf167cab035858e9a?s=96&d=mm&r=g\",\"contentUrl\":\"https:\/\/secure.gravatar.com\/avatar\/5a9442a2bee7b4dcf167cab035858e9a?s=96&d=mm&r=g\",\"caption\":\"Fatou\"},\"sameAs\":[\"https:\/\/www.nettali.com\"]}]}<\/script>\n<!-- \/ Yoast SEO Premium plugin. -->","yoast_head_json":{"title":"BLOCUS DU DOMICILE DU LEADER DE PASTEF - Me Cir\u00e9 Cl\u00e9dor Ly saisit Antoine Diome | Nettali.com","robots":{"index":"index","follow":"follow","max-snippet":"max-snippet:-1","max-image-preview":"max-image-preview:large","max-video-preview":"max-video-preview:-1"},"canonical":"https:\/\/www.nettali.com\/2023\/06\/07\/blocus-du-domicile-du-leader-de-pastef-me-cire-cledor-ly-saisit-antoine-diome\/","og_locale":"fr_FR","og_type":"article","og_title":"BLOCUS DU DOMICILE DU LEADER DE PASTEF - Me Cir\u00e9 Cl\u00e9dor Ly saisit Antoine Diome","og_description":"NETTALI.COM- Me Cir\u00e9 Cl\u00e9dor Ly n'en peut plus d'\u00eatre \u00e9conduit de chez Ousmane Sonko. Il a adress\u00e9 une lettre de r\u00e9clamation, \u00a0adress\u00e9e au ministre de l\u2019Int\u00e9rieur avec application \u00e0 la communaut\u00e9 internationale. Neuf. C'est le nombre de fois que Me Cir\u00e9 Cl\u00e9dor Ly a \u00e9t\u00e9, selon ses dires, \u00e9conduit de chez son client Ousmane Sonko. [&hellip;]","og_url":"https:\/\/www.nettali.com\/2023\/06\/07\/blocus-du-domicile-du-leader-de-pastef-me-cire-cledor-ly-saisit-antoine-diome\/","og_site_name":"Nettali.com","article_publisher":"https:\/\/www.facebook.com\/nettalicom","article_published_time":"2023-06-07T22:15:14+00:00","article_modified_time":"2023-06-08T18:57:26+00:00","og_image":[{"width":755,"height":449,"url":"https:\/\/www.nettali.com\/wp-content\/uploads\/2022\/12\/CIRE-CLEDOR.jpg","type":"image\/jpeg"}],"twitter_card":"summary_large_image","twitter_misc":{"\u00c9crit par":"Fatou","Dur\u00e9e de lecture estim\u00e9e":"3 minutes"},"schema":{"@context":"https:\/\/schema.org","@graph":[{"@type":"WebSite","@id":"https:\/\/www.nettali.com\/#website","url":"https:\/\/www.nettali.com\/","name":"Nettali.com","description":"Le rendez-vous critique du Net","potentialAction":[{"@type":"SearchAction","target":{"@type":"EntryPoint","urlTemplate":"https:\/\/www.nettali.com\/?s={search_term_string}"},"query-input":"required name=search_term_string"}],"inLanguage":"fr-FR"},{"@type":"ImageObject","@id":"https:\/\/www.nettali.com\/2023\/06\/07\/blocus-du-domicile-du-leader-de-pastef-me-cire-cledor-ly-saisit-antoine-diome\/#primaryimage","inLanguage":"fr-FR","url":"https:\/\/www.nettali.com\/wp-content\/uploads\/2022\/12\/CIRE-CLEDOR.jpg","contentUrl":"https:\/\/www.nettali.com\/wp-content\/uploads\/2022\/12\/CIRE-CLEDOR.jpg","width":755,"height":449},{"@type":"WebPage","@id":"https:\/\/www.nettali.com\/2023\/06\/07\/blocus-du-domicile-du-leader-de-pastef-me-cire-cledor-ly-saisit-antoine-diome\/#webpage","url":"https:\/\/www.nettali.com\/2023\/06\/07\/blocus-du-domicile-du-leader-de-pastef-me-cire-cledor-ly-saisit-antoine-diome\/","name":"BLOCUS DU DOMICILE DU LEADER DE PASTEF - Me Cir\u00e9 Cl\u00e9dor Ly saisit Antoine Diome | Nettali.com","isPartOf":{"@id":"https:\/\/www.nettali.com\/#website"},"primaryImageOfPage":{"@id":"https:\/\/www.nettali.com\/2023\/06\/07\/blocus-du-domicile-du-leader-de-pastef-me-cire-cledor-ly-saisit-antoine-diome\/#primaryimage"},"datePublished":"2023-06-07T22:15:14+00:00","dateModified":"2023-06-08T18:57:26+00:00","author":{"@id":"https:\/\/www.nettali.com\/#\/schema\/person\/418274a86bdf87caff7a3ef476bd0bbf"},"breadcrumb":{"@id":"https:\/\/www.nettali.com\/2023\/06\/07\/blocus-du-domicile-du-leader-de-pastef-me-cire-cledor-ly-saisit-antoine-diome\/#breadcrumb"},"inLanguage":"fr-FR","potentialAction":[{"@type":"ReadAction","target":["https:\/\/www.nettali.com\/2023\/06\/07\/blocus-du-domicile-du-leader-de-pastef-me-cire-cledor-ly-saisit-antoine-diome\/"]}]},{"@type":"BreadcrumbList","@id":"https:\/\/www.nettali.com\/2023\/06\/07\/blocus-du-domicile-du-leader-de-pastef-me-cire-cledor-ly-saisit-antoine-diome\/#breadcrumb","itemListElement":[{"@type":"ListItem","position":1,"name":"Accueil","item":"https:\/\/www.nettali.com\/"},{"@type":"ListItem","position":2,"name":"BLOCUS DU DOMICILE DU LEADER DE PASTEF - Me Cir\u00e9 Cl\u00e9dor Ly saisit Antoine Diome"}]},{"@type":"Person","@id":"https:\/\/www.nettali.com\/#\/schema\/person\/418274a86bdf87caff7a3ef476bd0bbf","name":"Fatou","image":{"@type":"ImageObject","@id":"https:\/\/www.nettali.com\/#personlogo","inLanguage":"fr-FR","url":"https:\/\/secure.gravatar.com\/avatar\/5a9442a2bee7b4dcf167cab035858e9a?s=96&d=mm&r=g","contentUrl":"https:\/\/secure.gravatar.com\/avatar\/5a9442a2bee7b4dcf167cab035858e9a?s=96&d=mm&r=g","caption":"Fatou"},"sameAs":["https:\/\/www.nettali.com"]}]}},"_links":{"self":[{"href":"https:\/\/www.nettali.com\/rest\/wp\/v2\/posts\/111651"}],"collection":[{"href":"https:\/\/www.nettali.com\/rest\/wp\/v2\/posts"}],"about":[{"href":"https:\/\/www.nettali.com\/rest\/wp\/v2\/types\/post"}],"author":[{"embeddable":true,"href":"https:\/\/www.nettali.com\/rest\/wp\/v2\/users\/6"}],"replies":[{"embeddable":true,"href":"https:\/\/www.nettali.com\/rest\/wp\/v2\/comments?post=111651"}],"version-history":[{"count":2,"href":"https:\/\/www.nettali.com\/rest\/wp\/v2\/posts\/111651\/revisions"}],"predecessor-version":[{"id":111717,"href":"https:\/\/www.nettali.com\/rest\/wp\/v2\/posts\/111651\/revisions\/111717"}],"wp:featuredmedia":[{"embeddable":true,"href":"https:\/\/www.nettali.com\/rest\/wp\/v2\/media\/98737"}],"wp:attachment":[{"href":"https:\/\/www.nettali.com\/rest\/wp\/v2\/media?parent=111651"}],"wp:term":[{"taxonomy":"category","embeddable":true,"href":"https:\/\/www.nettali.com\/rest\/wp\/v2\/categories?post=111651"},{"taxonomy":"post_tag","embeddable":true,"href":"https:\/\/www.nettali.com\/rest\/wp\/v2\/tags?post=111651"}],"curies":[{"name":"wp","href":"https:\/\/api.w.org\/{rel}","templated":true}]}}