{"id":111642,"date":"2023-06-07T14:18:05","date_gmt":"2023-06-07T14:18:05","guid":{"rendered":"https:\/\/www.nettali.com\/?p=111642"},"modified":"2023-06-08T20:00:09","modified_gmt":"2023-06-08T20:00:09","slug":"audition-dans-le-fond-le-conseil-de-hadjibou-soumare-a-macky-sall","status":"publish","type":"post","link":"https:\/\/www.nettali.com\/2023\/06\/07\/audition-dans-le-fond-le-conseil-de-hadjibou-soumare-a-macky-sall\/","title":{"rendered":"SITUATION POLITIQUE - Le conseil de Hadjibou Soumar\u00e9 \u00e0 Macky Sall"},"content":{"rendered":"<p class=\"MsoNormal\" style=\"margin: 0cm 0cm 0.0001pt; font-size: 12pt; font-family: Calibri, sans-serif; background: white; text-align: left;\" align=\"center\"><span style=\"font-size: 16px;\"><b>NETTALI.COM - Convoqu\u00e9 par le juge du troisi\u00e8me cabinet d\u2019instruction du tribunal de grande instance de Dakar, Cheikh Hadjibou Soumar\u00e9 a \u00e9t\u00e9 entendu dans le fond ce mercredi. Une audition qui entre dans le cadre de l\u2019instruction ouverte, suite \u00e0 des all\u00e9gations faites \u00e0 travers une lettre ouverte adress\u00e9e au chef de l\u2019Etat, Macky Sall, interpellant ce dernier sur un suppos\u00e9 versement d\u2019un montant de 7,9 milliards F Cfa en faveur de la Fran\u00e7aise Marine Le Pen. A sa sortie d'audition, il a donn\u00e9 un conseil \u00e0 Macky Sall.<\/b><\/span><\/p>\n<p style=\"margin-right: 0cm; margin-left: 0cm; font-size: 12pt; font-family: 'Times New Roman', serif; text-align: justify;\"><em><span style=\"font-size: 16px;\">\u00a0<\/span><\/em><span style=\"font-size: 16px;\"><span style=\"font-family: proximanova, serif; color: #1e2123; letter-spacing: -0.3pt;\"><em>\u201cN\u2019\u00e9coutez pas ceux qui divisent.\u00a0 N\u2019\u00e9coutez pas les va-t-en-guerre. Vous\u00a0 \u00eates le\u00a0 Pr\u00e9sident de tous les S\u00e9n\u00e9galais. Soyez celui qui rassemble. M\u00e9fiez-vous des gens qui ont travers\u00e9 tous les pouvoirs et qui sont en train de vous dire des choses qui sont inexactes. Soyez courageux et dites que vous n\u2019\u00eates pas candidat \u00e0 la Pr\u00e9sidentielle et je suis persuad\u00e9 qu\u2019il n\u2019y aura plus de jeunes morts. Toutes les guerres se sont termin\u00e9es par des n\u00e9gociations. Et nous sommes dans une situation de\u00a0 conflits politiques\u00bb<\/em>, a lanc\u00e9 Cheikh Hadjibou Soumar\u00e9, \u00e0 la suite de son audition dans le fond par le juge du 3<sup>e<\/sup> cabinet.<\/span><\/span><span style=\"font-size: 16px; font-family: proximanova, serif; color: #1e2123; letter-spacing: -0.3pt;\">\u00a0<\/span><\/p>\n<p class=\"MsoNormal\" style=\"margin: 0cm 0cm 0.0001pt; font-size: 12pt; font-family: Calibri, sans-serif; text-align: justify; background: white;\"><span style=\"font-size: 16px; font-family: proximanova, serif; color: #1e2123; letter-spacing: -0.3pt;\">Il a refus\u00e9, toutefois, de se prononcer sur son face \u00e0 face avec le magistrat instructeur. <em>\u201cNous sommes en proc\u00e9dure judiciaire. Je suis\u00a0 sous contr\u00f4le judiciaire et vous savez les astreintes du contr\u00f4le judiciaire. Je respecte les institutions de mon pays et j\u2019ai confiance en la justice de mon pays.\u00a0 Fort de cela,\u00a0 je ne peux pas aller \u00e0 l\u2019encontre de sa d\u00e9cision.\u00a0 C\u2019est pourquoi je ne souhaite plus \u00e9voquer ce dossier\u201d<\/em>, fait-il savoir.<\/span><\/p>\n<p style=\"margin-right: 0cm; margin-left: 0cm; font-size: 12pt; font-family: 'Times New Roman', serif; text-align: justify;\"><span style=\"font-size: 16px;\">Premier ministre du S\u00e9n\u00e9gal de 2007 \u00e0 2009, Cheikh Hadjibou Soumar\u00e9, 71 ans, a \u00e9t\u00e9 entendu le 9 mars 2023 au commissariat central de Dakar et plac\u00e9 en garde \u00e0 vue par la S\u00fbret\u00e9 Urbaine. Dans une lettre ouverte devenue virale, celui qui fut aussi pr\u00e9sident de la Commission de l\u2019Union \u00c9conomique et Mon\u00e9taire Ouest Africaine (UEMOA) avait insinu\u00e9 que le pr\u00e9sident Macky Sall aurait remis un montant de 12 millions d\u2019euros (7,9 milliards de FCFA) \u00e0 Marine Le Pen, leader de l\u2019extr\u00eame droite, r\u00e9cemment en visite au S\u00e9n\u00e9gal.<\/span><\/p>\n<p style=\"margin-right: 0cm; margin-left: 0cm; font-size: 12pt; font-family: 'Times New Roman', serif; text-align: justify;\"><span style=\"font-size: 16px;\">Des all\u00e9gations faites au conditionnel et \u00e0 la forme interrogative qui vaudront \u00e0 leur auteur d\u2019\u00eatre entendu en ex\u00e9cution d\u2019un soit-transmis du Parquet pr\u00e8s le tribunal de Dakar. Suite \u00e0 la publication de cette lettre ouverte, le gouvernement avait r\u00e9agi une premi\u00e8re fois par la voix de son porte-parole, le ministre Abdou Karim Fofana, condamnant des \u00ab insinuations, l\u00e2ches et sans fondement\".<\/span><\/p>\n<p style=\"margin-right: 0cm; margin-left: 0cm; font-size: 12pt; font-family: 'Times New Roman', serif; text-align: justify;\"><span style=\"font-size: 16px;\">Il a \u00e9t\u00e9 d\u00e9f\u00e9r\u00e9 au parquet le vendredi 10 mars 2023 par la S\u00fbret\u00e9 Urbaine apr\u00e8s une nuit pass\u00e9e en garde \u00e0 vue. \u00a0Inculp\u00e9 pour diffamation et diffusion de fausses nouvelles, il a \u00e9t\u00e9 plac\u00e9 sous contr\u00f4le judiciaire.<\/span><\/p>\n<p class=\"MsoNormal\" style=\"margin: 0cm 0cm 0.0001pt; font-size: 12pt; font-family: Calibri, sans-serif; text-align: justify; background: white;\"><span style=\"font-size: 16px; font-family: proximanova, serif; color: #1e2123; letter-spacing: -0.3pt;\">\u00a0<\/span><\/p>\n<p class=\"MsoNormal\" style=\"margin: 0cm 0cm 0.0001pt; font-size: 12pt; font-family: Calibri, sans-serif; text-align: justify;\">\n<div class='share-to-whatsapp-wrapper'><div class='share-on-whsp'>PARTAGER SUR : <\/div><a data-text='SITUATION POLITIQUE - Le conseil de Hadjibou Soumar\u00e9 \u00e0 Macky Sall' data-link='https:\/\/www.nettali.com\/2023\/06\/07\/audition-dans-le-fond-le-conseil-de-hadjibou-soumare-a-macky-sall\/' class='whatsapp-button whatsapp-share'>WhatsApp<\/a><div class='clear '><\/div><\/div>","protected":false},"excerpt":{"rendered":"<p>NETTALI.COM - Convoqu\u00e9 par le juge du troisi\u00e8me cabinet d\u2019instruction du tribunal de grande instance de Dakar, Cheikh Hadjibou Soumar\u00e9 a \u00e9t\u00e9 entendu dans le fond ce mercredi. Une audition qui entre dans le cadre de l\u2019instruction ouverte, suite \u00e0 des all\u00e9gations faites \u00e0 travers une lettre ouverte adress\u00e9e au chef de l\u2019Etat, Macky Sall, [&hellip;]<\/p>\n","protected":false},"author":4,"featured_media":111643,"comment_status":"open","ping_status":"open","sticky":false,"template":"","format":"standard","meta":{"_et_pb_use_builder":"","_et_pb_old_content":""},"categories":[3],"tags":[],"yoast_head":"<!-- This site is optimized with the Yoast SEO Premium plugin v17.8 (Yoast SEO v17.8) - https:\/\/yoast.com\/wordpress\/plugins\/seo\/ -->\n<title>SITUATION POLITIQUE - Le conseil de Hadjibou Soumar\u00e9 \u00e0 Macky Sall | Nettali.com<\/title>\n<meta name=\"robots\" content=\"index, follow, max-snippet:-1, max-image-preview:large, max-video-preview:-1\" \/>\n<link rel=\"canonical\" href=\"https:\/\/www.nettali.com\/2023\/06\/07\/audition-dans-le-fond-le-conseil-de-hadjibou-soumare-a-macky-sall\/\" \/>\n<meta property=\"og:locale\" content=\"fr_FR\" \/>\n<meta property=\"og:type\" content=\"article\" \/>\n<meta property=\"og:title\" content=\"SITUATION POLITIQUE - Le conseil de Hadjibou Soumar\u00e9 \u00e0 Macky Sall\" \/>\n<meta property=\"og:description\" content=\"NETTALI.COM - Convoqu\u00e9 par le juge du troisi\u00e8me cabinet d\u2019instruction du tribunal de grande instance de Dakar, Cheikh Hadjibou Soumar\u00e9 a \u00e9t\u00e9 entendu dans le fond ce mercredi. Une audition qui entre dans le cadre de l\u2019instruction ouverte, suite \u00e0 des all\u00e9gations faites \u00e0 travers une lettre ouverte adress\u00e9e au chef de l\u2019Etat, Macky Sall, [&hellip;]\" \/>\n<meta property=\"og:url\" content=\"https:\/\/www.nettali.com\/2023\/06\/07\/audition-dans-le-fond-le-conseil-de-hadjibou-soumare-a-macky-sall\/\" \/>\n<meta property=\"og:site_name\" content=\"Nettali.com\" \/>\n<meta property=\"article:publisher\" content=\"https:\/\/www.facebook.com\/nettalicom\" \/>\n<meta property=\"article:published_time\" content=\"2023-06-07T14:18:05+00:00\" \/>\n<meta property=\"article:modified_time\" content=\"2023-06-08T20:00:09+00:00\" \/>\n<meta property=\"og:image\" content=\"https:\/\/www.nettali.com\/wp-content\/uploads\/2023\/06\/Cheikh-Adjibou-Soumare.jpeg\" \/>\n\t<meta property=\"og:image:width\" content=\"640\" \/>\n\t<meta property=\"og:image:height\" content=\"472\" \/>\n<meta name=\"twitter:card\" content=\"summary_large_image\" \/>\n<meta name=\"twitter:label1\" content=\"\u00c9crit par\" \/>\n\t<meta name=\"twitter:data1\" content=\"Daouda\" \/>\n\t<meta name=\"twitter:label2\" content=\"Dur\u00e9e de lecture estim\u00e9e\" \/>\n\t<meta name=\"twitter:data2\" content=\"3 minutes\" \/>\n<script type=\"application\/ld+json\" class=\"yoast-schema-graph\">{\"@context\":\"https:\/\/schema.org\",\"@graph\":[{\"@type\":\"WebSite\",\"@id\":\"https:\/\/www.nettali.com\/#website\",\"url\":\"https:\/\/www.nettali.com\/\",\"name\":\"Nettali.com\",\"description\":\"Le rendez-vous critique du Net\",\"potentialAction\":[{\"@type\":\"SearchAction\",\"target\":{\"@type\":\"EntryPoint\",\"urlTemplate\":\"https:\/\/www.nettali.com\/?s={search_term_string}\"},\"query-input\":\"required name=search_term_string\"}],\"inLanguage\":\"fr-FR\"},{\"@type\":\"ImageObject\",\"@id\":\"https:\/\/www.nettali.com\/2023\/06\/07\/audition-dans-le-fond-le-conseil-de-hadjibou-soumare-a-macky-sall\/#primaryimage\",\"inLanguage\":\"fr-FR\",\"url\":\"https:\/\/www.nettali.com\/wp-content\/uploads\/2023\/06\/Cheikh-Adjibou-Soumare.jpeg\",\"contentUrl\":\"https:\/\/www.nettali.com\/wp-content\/uploads\/2023\/06\/Cheikh-Adjibou-Soumare.jpeg\",\"width\":640,\"height\":472},{\"@type\":\"WebPage\",\"@id\":\"https:\/\/www.nettali.com\/2023\/06\/07\/audition-dans-le-fond-le-conseil-de-hadjibou-soumare-a-macky-sall\/#webpage\",\"url\":\"https:\/\/www.nettali.com\/2023\/06\/07\/audition-dans-le-fond-le-conseil-de-hadjibou-soumare-a-macky-sall\/\",\"name\":\"SITUATION POLITIQUE - Le conseil de Hadjibou Soumar\\u00e9 \\u00e0 Macky Sall | Nettali.com\",\"isPartOf\":{\"@id\":\"https:\/\/www.nettali.com\/#website\"},\"primaryImageOfPage\":{\"@id\":\"https:\/\/www.nettali.com\/2023\/06\/07\/audition-dans-le-fond-le-conseil-de-hadjibou-soumare-a-macky-sall\/#primaryimage\"},\"datePublished\":\"2023-06-07T14:18:05+00:00\",\"dateModified\":\"2023-06-08T20:00:09+00:00\",\"author\":{\"@id\":\"https:\/\/www.nettali.com\/#\/schema\/person\/3317e0bb3aa1da309fbf7b2780901bf4\"},\"breadcrumb\":{\"@id\":\"https:\/\/www.nettali.com\/2023\/06\/07\/audition-dans-le-fond-le-conseil-de-hadjibou-soumare-a-macky-sall\/#breadcrumb\"},\"inLanguage\":\"fr-FR\",\"potentialAction\":[{\"@type\":\"ReadAction\",\"target\":[\"https:\/\/www.nettali.com\/2023\/06\/07\/audition-dans-le-fond-le-conseil-de-hadjibou-soumare-a-macky-sall\/\"]}]},{\"@type\":\"BreadcrumbList\",\"@id\":\"https:\/\/www.nettali.com\/2023\/06\/07\/audition-dans-le-fond-le-conseil-de-hadjibou-soumare-a-macky-sall\/#breadcrumb\",\"itemListElement\":[{\"@type\":\"ListItem\",\"position\":1,\"name\":\"Accueil\",\"item\":\"https:\/\/www.nettali.com\/\"},{\"@type\":\"ListItem\",\"position\":2,\"name\":\"SITUATION POLITIQUE - Le conseil de Hadjibou Soumar\\u00e9 \\u00e0 Macky Sall\"}]},{\"@type\":\"Person\",\"@id\":\"https:\/\/www.nettali.com\/#\/schema\/person\/3317e0bb3aa1da309fbf7b2780901bf4\",\"name\":\"Daouda\",\"image\":{\"@type\":\"ImageObject\",\"@id\":\"https:\/\/www.nettali.com\/#personlogo\",\"inLanguage\":\"fr-FR\",\"url\":\"https:\/\/secure.gravatar.com\/avatar\/8d143b5a49345098ddcfee1c49c2f47c?s=96&d=mm&r=g\",\"contentUrl\":\"https:\/\/secure.gravatar.com\/avatar\/8d143b5a49345098ddcfee1c49c2f47c?s=96&d=mm&r=g\",\"caption\":\"Daouda\"},\"sameAs\":[\"https:\/\/www.nettali.com\"]}]}<\/script>\n<!-- \/ Yoast SEO Premium plugin. -->","yoast_head_json":{"title":"SITUATION POLITIQUE - Le conseil de Hadjibou Soumar\u00e9 \u00e0 Macky Sall | Nettali.com","robots":{"index":"index","follow":"follow","max-snippet":"max-snippet:-1","max-image-preview":"max-image-preview:large","max-video-preview":"max-video-preview:-1"},"canonical":"https:\/\/www.nettali.com\/2023\/06\/07\/audition-dans-le-fond-le-conseil-de-hadjibou-soumare-a-macky-sall\/","og_locale":"fr_FR","og_type":"article","og_title":"SITUATION POLITIQUE - Le conseil de Hadjibou Soumar\u00e9 \u00e0 Macky Sall","og_description":"NETTALI.COM - Convoqu\u00e9 par le juge du troisi\u00e8me cabinet d\u2019instruction du tribunal de grande instance de Dakar, Cheikh Hadjibou Soumar\u00e9 a \u00e9t\u00e9 entendu dans le fond ce mercredi. Une audition qui entre dans le cadre de l\u2019instruction ouverte, suite \u00e0 des all\u00e9gations faites \u00e0 travers une lettre ouverte adress\u00e9e au chef de l\u2019Etat, Macky Sall, [&hellip;]","og_url":"https:\/\/www.nettali.com\/2023\/06\/07\/audition-dans-le-fond-le-conseil-de-hadjibou-soumare-a-macky-sall\/","og_site_name":"Nettali.com","article_publisher":"https:\/\/www.facebook.com\/nettalicom","article_published_time":"2023-06-07T14:18:05+00:00","article_modified_time":"2023-06-08T20:00:09+00:00","og_image":[{"width":640,"height":472,"url":"https:\/\/www.nettali.com\/wp-content\/uploads\/2023\/06\/Cheikh-Adjibou-Soumare.jpeg","type":"image\/jpeg"}],"twitter_card":"summary_large_image","twitter_misc":{"\u00c9crit par":"Daouda","Dur\u00e9e de lecture estim\u00e9e":"3 minutes"},"schema":{"@context":"https:\/\/schema.org","@graph":[{"@type":"WebSite","@id":"https:\/\/www.nettali.com\/#website","url":"https:\/\/www.nettali.com\/","name":"Nettali.com","description":"Le rendez-vous critique du Net","potentialAction":[{"@type":"SearchAction","target":{"@type":"EntryPoint","urlTemplate":"https:\/\/www.nettali.com\/?s={search_term_string}"},"query-input":"required name=search_term_string"}],"inLanguage":"fr-FR"},{"@type":"ImageObject","@id":"https:\/\/www.nettali.com\/2023\/06\/07\/audition-dans-le-fond-le-conseil-de-hadjibou-soumare-a-macky-sall\/#primaryimage","inLanguage":"fr-FR","url":"https:\/\/www.nettali.com\/wp-content\/uploads\/2023\/06\/Cheikh-Adjibou-Soumare.jpeg","contentUrl":"https:\/\/www.nettali.com\/wp-content\/uploads\/2023\/06\/Cheikh-Adjibou-Soumare.jpeg","width":640,"height":472},{"@type":"WebPage","@id":"https:\/\/www.nettali.com\/2023\/06\/07\/audition-dans-le-fond-le-conseil-de-hadjibou-soumare-a-macky-sall\/#webpage","url":"https:\/\/www.nettali.com\/2023\/06\/07\/audition-dans-le-fond-le-conseil-de-hadjibou-soumare-a-macky-sall\/","name":"SITUATION POLITIQUE - Le conseil de Hadjibou Soumar\u00e9 \u00e0 Macky Sall | Nettali.com","isPartOf":{"@id":"https:\/\/www.nettali.com\/#website"},"primaryImageOfPage":{"@id":"https:\/\/www.nettali.com\/2023\/06\/07\/audition-dans-le-fond-le-conseil-de-hadjibou-soumare-a-macky-sall\/#primaryimage"},"datePublished":"2023-06-07T14:18:05+00:00","dateModified":"2023-06-08T20:00:09+00:00","author":{"@id":"https:\/\/www.nettali.com\/#\/schema\/person\/3317e0bb3aa1da309fbf7b2780901bf4"},"breadcrumb":{"@id":"https:\/\/www.nettali.com\/2023\/06\/07\/audition-dans-le-fond-le-conseil-de-hadjibou-soumare-a-macky-sall\/#breadcrumb"},"inLanguage":"fr-FR","potentialAction":[{"@type":"ReadAction","target":["https:\/\/www.nettali.com\/2023\/06\/07\/audition-dans-le-fond-le-conseil-de-hadjibou-soumare-a-macky-sall\/"]}]},{"@type":"BreadcrumbList","@id":"https:\/\/www.nettali.com\/2023\/06\/07\/audition-dans-le-fond-le-conseil-de-hadjibou-soumare-a-macky-sall\/#breadcrumb","itemListElement":[{"@type":"ListItem","position":1,"name":"Accueil","item":"https:\/\/www.nettali.com\/"},{"@type":"ListItem","position":2,"name":"SITUATION POLITIQUE - Le conseil de Hadjibou Soumar\u00e9 \u00e0 Macky Sall"}]},{"@type":"Person","@id":"https:\/\/www.nettali.com\/#\/schema\/person\/3317e0bb3aa1da309fbf7b2780901bf4","name":"Daouda","image":{"@type":"ImageObject","@id":"https:\/\/www.nettali.com\/#personlogo","inLanguage":"fr-FR","url":"https:\/\/secure.gravatar.com\/avatar\/8d143b5a49345098ddcfee1c49c2f47c?s=96&d=mm&r=g","contentUrl":"https:\/\/secure.gravatar.com\/avatar\/8d143b5a49345098ddcfee1c49c2f47c?s=96&d=mm&r=g","caption":"Daouda"},"sameAs":["https:\/\/www.nettali.com"]}]}},"_links":{"self":[{"href":"https:\/\/www.nettali.com\/rest\/wp\/v2\/posts\/111642"}],"collection":[{"href":"https:\/\/www.nettali.com\/rest\/wp\/v2\/posts"}],"about":[{"href":"https:\/\/www.nettali.com\/rest\/wp\/v2\/types\/post"}],"author":[{"embeddable":true,"href":"https:\/\/www.nettali.com\/rest\/wp\/v2\/users\/4"}],"replies":[{"embeddable":true,"href":"https:\/\/www.nettali.com\/rest\/wp\/v2\/comments?post=111642"}],"version-history":[{"count":3,"href":"https:\/\/www.nettali.com\/rest\/wp\/v2\/posts\/111642\/revisions"}],"predecessor-version":[{"id":111682,"href":"https:\/\/www.nettali.com\/rest\/wp\/v2\/posts\/111642\/revisions\/111682"}],"wp:featuredmedia":[{"embeddable":true,"href":"https:\/\/www.nettali.com\/rest\/wp\/v2\/media\/111643"}],"wp:attachment":[{"href":"https:\/\/www.nettali.com\/rest\/wp\/v2\/media?parent=111642"}],"wp:term":[{"taxonomy":"category","embeddable":true,"href":"https:\/\/www.nettali.com\/rest\/wp\/v2\/categories?post=111642"},{"taxonomy":"post_tag","embeddable":true,"href":"https:\/\/www.nettali.com\/rest\/wp\/v2\/tags?post=111642"}],"curies":[{"name":"wp","href":"https:\/\/api.w.org\/{rel}","templated":true}]}}