{"id":111633,"date":"2023-06-07T13:58:09","date_gmt":"2023-06-07T13:58:09","guid":{"rendered":"https:\/\/www.nettali.com\/?p=111633"},"modified":"2023-06-07T13:59:23","modified_gmt":"2023-06-07T13:59:23","slug":"projet-brt-la-livraison-ne-sera-plus-possible-en-decembre-2023","status":"publish","type":"post","link":"https:\/\/www.nettali.com\/2023\/06\/07\/projet-brt-la-livraison-ne-sera-plus-possible-en-decembre-2023\/","title":{"rendered":"PROJET BRT - La livraison ne sera plus possible\u00a0 en d\u00e9cembre 2023"},"content":{"rendered":"<p><strong>NETTALI.COM- Le Bus rapide transit (BRT) qui devait \u00eatre livr\u00e9 en d\u00e9cembre 2023, connaitra un retard \u00e0 cause des manifestations cons\u00e9cutives au verdict de l'affaire Ousmane Sonko-Adji Sarr. <\/strong><\/p>\n<p>Ceux qui r\u00eavaient d'emprunter les BRT (Bus transit rapide) en d\u00e9cembre 2023 ne r\u00e9aliseront pas encore leur r\u00eave. La date de livraison subira des retards \u00e0 cause des actes de vandalisme commis sur le chantier lors des manifestations ayant suivi la condamnation de Ousmane Sonko \u00e0 deux ans ferme pour corruption de la jeunesse. En fait, d'apr\u00e8s\u00a0 le chef de projet AGEROUTE BRT, Khadim Niang, 19 stations sur les 23 de Gu\u00e9diawaye \u00e0 Petersen sur le couloir du bus rapide transit (BRT), ont \u00e9t\u00e9 saccag\u00e9s.<\/p>\n<p>Par cons\u00e9quent, informe-t-il, le BRT qui, devait \u00eatre livr\u00e9 en d\u00e9cembre 2023, reconnaitra un retard allant de deux \u00e0 3 mois. \u00ab <em>Approximativement, \u00e7a sera un peu difficile de donner une id\u00e9e sur les co\u00fbts parce que \u00e7a d\u00e9pendra des co\u00fbts li\u00e9s aux d\u00e9montages de ce qui est endommag\u00e9s de leur commande \u00e0 l\u2019\u00e9tranger pour revenir les reposer. Il y\u2019a des assurances qui vont entrer en jeu. Ce que nous pouvons dire c\u2019est que l\u2019impact financier va \u00eatre important pour l\u2019Etat du S\u00e9n\u00e9gal. Il y\u2019a un risque que \u00e7a impacte sur le d\u00e9lai de livraison qui \u00e9tait pr\u00e9vu en d\u00e9cembre 2023<\/em> \u00bb tente d\u2019expliquer l\u2019ex\u00e9cuteur du projet.<\/p>\n<p>\u00ab<em>Sur les signalisations des lumineuses tricolores ce qu\u2019on appelle les feux rouges, tout a \u00e9t\u00e9 d\u00e9truit \u00e0 Guediawaye et aux parcelles assainies et un peu vers grand Dakar. La m\u00eame remarque est faite sur l\u2019\u00e9clairage public et les am\u00e9nagements paysagers. Nous somme en train de faire l\u2019\u00e9tat des lieux pour avoir une analyse parfaite de tout ces d\u00e9g\u00e2ts avec huissiers\u00a0<\/em>\u00bb a r\u00e9v\u00e9l\u00e9 M. Niang sur la RFM.<\/p>\n<div class='share-to-whatsapp-wrapper'><div class='share-on-whsp'>PARTAGER SUR : <\/div><a data-text='PROJET BRT - La livraison ne sera plus possible\u00a0 en d\u00e9cembre 2023' data-link='https:\/\/www.nettali.com\/2023\/06\/07\/projet-brt-la-livraison-ne-sera-plus-possible-en-decembre-2023\/' class='whatsapp-button whatsapp-share'>WhatsApp<\/a><div class='clear '><\/div><\/div>","protected":false},"excerpt":{"rendered":"<p>NETTALI.COM- Le Bus rapide transit (BRT) qui devait \u00eatre livr\u00e9 en d\u00e9cembre 2023, connaitra un retard \u00e0 cause des manifestations cons\u00e9cutives au verdict de l'affaire Ousmane Sonko-Adji Sarr. Ceux qui r\u00eavaient d'emprunter les BRT (Bus transit rapide) en d\u00e9cembre 2023 ne r\u00e9aliseront pas encore leur r\u00eave. La date de livraison subira des retards \u00e0 cause [&hellip;]<\/p>\n","protected":false},"author":6,"featured_media":111634,"comment_status":"open","ping_status":"open","sticky":false,"template":"","format":"standard","meta":{"_et_pb_use_builder":"","_et_pb_old_content":""},"categories":[3],"tags":[],"yoast_head":"<!-- This site is optimized with the Yoast SEO Premium plugin v17.8 (Yoast SEO v17.8) - https:\/\/yoast.com\/wordpress\/plugins\/seo\/ -->\n<title>PROJET BRT - La livraison ne sera plus possible\u00a0 en d\u00e9cembre 2023 | Nettali.com<\/title>\n<meta name=\"robots\" content=\"index, follow, max-snippet:-1, max-image-preview:large, max-video-preview:-1\" \/>\n<link rel=\"canonical\" href=\"https:\/\/www.nettali.com\/2023\/06\/07\/projet-brt-la-livraison-ne-sera-plus-possible-en-decembre-2023\/\" \/>\n<meta property=\"og:locale\" content=\"fr_FR\" \/>\n<meta property=\"og:type\" content=\"article\" \/>\n<meta property=\"og:title\" content=\"PROJET BRT - La livraison ne sera plus possible\u00a0 en d\u00e9cembre 2023\" \/>\n<meta property=\"og:description\" content=\"NETTALI.COM- Le Bus rapide transit (BRT) qui devait \u00eatre livr\u00e9 en d\u00e9cembre 2023, connaitra un retard \u00e0 cause des manifestations cons\u00e9cutives au verdict de l&#039;affaire Ousmane Sonko-Adji Sarr. Ceux qui r\u00eavaient d&#039;emprunter les BRT (Bus transit rapide) en d\u00e9cembre 2023 ne r\u00e9aliseront pas encore leur r\u00eave. La date de livraison subira des retards \u00e0 cause [&hellip;]\" \/>\n<meta property=\"og:url\" content=\"https:\/\/www.nettali.com\/2023\/06\/07\/projet-brt-la-livraison-ne-sera-plus-possible-en-decembre-2023\/\" \/>\n<meta property=\"og:site_name\" content=\"Nettali.com\" \/>\n<meta property=\"article:publisher\" content=\"https:\/\/www.facebook.com\/nettalicom\" \/>\n<meta property=\"article:published_time\" content=\"2023-06-07T13:58:09+00:00\" \/>\n<meta property=\"article:modified_time\" content=\"2023-06-07T13:59:23+00:00\" \/>\n<meta property=\"og:image\" content=\"https:\/\/www.nettali.com\/wp-content\/uploads\/2023\/06\/FB_IMG_1684257023512-e1686146278607.jpeg\" \/>\n\t<meta property=\"og:image:width\" content=\"577\" \/>\n\t<meta property=\"og:image:height\" content=\"308\" \/>\n<meta name=\"twitter:card\" content=\"summary_large_image\" \/>\n<meta name=\"twitter:label1\" content=\"\u00c9crit par\" \/>\n\t<meta name=\"twitter:data1\" content=\"Fatou\" \/>\n\t<meta name=\"twitter:label2\" content=\"Dur\u00e9e de lecture estim\u00e9e\" \/>\n\t<meta name=\"twitter:data2\" content=\"2 minutes\" \/>\n<script type=\"application\/ld+json\" class=\"yoast-schema-graph\">{\"@context\":\"https:\/\/schema.org\",\"@graph\":[{\"@type\":\"WebSite\",\"@id\":\"https:\/\/www.nettali.com\/#website\",\"url\":\"https:\/\/www.nettali.com\/\",\"name\":\"Nettali.com\",\"description\":\"Le rendez-vous critique du Net\",\"potentialAction\":[{\"@type\":\"SearchAction\",\"target\":{\"@type\":\"EntryPoint\",\"urlTemplate\":\"https:\/\/www.nettali.com\/?s={search_term_string}\"},\"query-input\":\"required name=search_term_string\"}],\"inLanguage\":\"fr-FR\"},{\"@type\":\"ImageObject\",\"@id\":\"https:\/\/www.nettali.com\/2023\/06\/07\/projet-brt-la-livraison-ne-sera-plus-possible-en-decembre-2023\/#primaryimage\",\"inLanguage\":\"fr-FR\",\"url\":\"https:\/\/www.nettali.com\/wp-content\/uploads\/2023\/06\/FB_IMG_1684257023512-e1686146278607.jpeg\",\"contentUrl\":\"https:\/\/www.nettali.com\/wp-content\/uploads\/2023\/06\/FB_IMG_1684257023512-e1686146278607.jpeg\",\"width\":577,\"height\":308},{\"@type\":\"WebPage\",\"@id\":\"https:\/\/www.nettali.com\/2023\/06\/07\/projet-brt-la-livraison-ne-sera-plus-possible-en-decembre-2023\/#webpage\",\"url\":\"https:\/\/www.nettali.com\/2023\/06\/07\/projet-brt-la-livraison-ne-sera-plus-possible-en-decembre-2023\/\",\"name\":\"PROJET BRT - La livraison ne sera plus possible\\u00a0 en d\\u00e9cembre 2023 | Nettali.com\",\"isPartOf\":{\"@id\":\"https:\/\/www.nettali.com\/#website\"},\"primaryImageOfPage\":{\"@id\":\"https:\/\/www.nettali.com\/2023\/06\/07\/projet-brt-la-livraison-ne-sera-plus-possible-en-decembre-2023\/#primaryimage\"},\"datePublished\":\"2023-06-07T13:58:09+00:00\",\"dateModified\":\"2023-06-07T13:59:23+00:00\",\"author\":{\"@id\":\"https:\/\/www.nettali.com\/#\/schema\/person\/418274a86bdf87caff7a3ef476bd0bbf\"},\"breadcrumb\":{\"@id\":\"https:\/\/www.nettali.com\/2023\/06\/07\/projet-brt-la-livraison-ne-sera-plus-possible-en-decembre-2023\/#breadcrumb\"},\"inLanguage\":\"fr-FR\",\"potentialAction\":[{\"@type\":\"ReadAction\",\"target\":[\"https:\/\/www.nettali.com\/2023\/06\/07\/projet-brt-la-livraison-ne-sera-plus-possible-en-decembre-2023\/\"]}]},{\"@type\":\"BreadcrumbList\",\"@id\":\"https:\/\/www.nettali.com\/2023\/06\/07\/projet-brt-la-livraison-ne-sera-plus-possible-en-decembre-2023\/#breadcrumb\",\"itemListElement\":[{\"@type\":\"ListItem\",\"position\":1,\"name\":\"Accueil\",\"item\":\"https:\/\/www.nettali.com\/\"},{\"@type\":\"ListItem\",\"position\":2,\"name\":\"PROJET BRT - La livraison ne sera plus possible\\u00a0 en d\\u00e9cembre 2023\"}]},{\"@type\":\"Person\",\"@id\":\"https:\/\/www.nettali.com\/#\/schema\/person\/418274a86bdf87caff7a3ef476bd0bbf\",\"name\":\"Fatou\",\"image\":{\"@type\":\"ImageObject\",\"@id\":\"https:\/\/www.nettali.com\/#personlogo\",\"inLanguage\":\"fr-FR\",\"url\":\"https:\/\/secure.gravatar.com\/avatar\/5a9442a2bee7b4dcf167cab035858e9a?s=96&d=mm&r=g\",\"contentUrl\":\"https:\/\/secure.gravatar.com\/avatar\/5a9442a2bee7b4dcf167cab035858e9a?s=96&d=mm&r=g\",\"caption\":\"Fatou\"},\"sameAs\":[\"https:\/\/www.nettali.com\"]}]}<\/script>\n<!-- \/ Yoast SEO Premium plugin. -->","yoast_head_json":{"title":"PROJET BRT - La livraison ne sera plus possible\u00a0 en d\u00e9cembre 2023 | Nettali.com","robots":{"index":"index","follow":"follow","max-snippet":"max-snippet:-1","max-image-preview":"max-image-preview:large","max-video-preview":"max-video-preview:-1"},"canonical":"https:\/\/www.nettali.com\/2023\/06\/07\/projet-brt-la-livraison-ne-sera-plus-possible-en-decembre-2023\/","og_locale":"fr_FR","og_type":"article","og_title":"PROJET BRT - La livraison ne sera plus possible\u00a0 en d\u00e9cembre 2023","og_description":"NETTALI.COM- Le Bus rapide transit (BRT) qui devait \u00eatre livr\u00e9 en d\u00e9cembre 2023, connaitra un retard \u00e0 cause des manifestations cons\u00e9cutives au verdict de l'affaire Ousmane Sonko-Adji Sarr. Ceux qui r\u00eavaient d'emprunter les BRT (Bus transit rapide) en d\u00e9cembre 2023 ne r\u00e9aliseront pas encore leur r\u00eave. La date de livraison subira des retards \u00e0 cause [&hellip;]","og_url":"https:\/\/www.nettali.com\/2023\/06\/07\/projet-brt-la-livraison-ne-sera-plus-possible-en-decembre-2023\/","og_site_name":"Nettali.com","article_publisher":"https:\/\/www.facebook.com\/nettalicom","article_published_time":"2023-06-07T13:58:09+00:00","article_modified_time":"2023-06-07T13:59:23+00:00","og_image":[{"width":577,"height":308,"url":"https:\/\/www.nettali.com\/wp-content\/uploads\/2023\/06\/FB_IMG_1684257023512-e1686146278607.jpeg","type":"image\/jpeg"}],"twitter_card":"summary_large_image","twitter_misc":{"\u00c9crit par":"Fatou","Dur\u00e9e de lecture estim\u00e9e":"2 minutes"},"schema":{"@context":"https:\/\/schema.org","@graph":[{"@type":"WebSite","@id":"https:\/\/www.nettali.com\/#website","url":"https:\/\/www.nettali.com\/","name":"Nettali.com","description":"Le rendez-vous critique du Net","potentialAction":[{"@type":"SearchAction","target":{"@type":"EntryPoint","urlTemplate":"https:\/\/www.nettali.com\/?s={search_term_string}"},"query-input":"required name=search_term_string"}],"inLanguage":"fr-FR"},{"@type":"ImageObject","@id":"https:\/\/www.nettali.com\/2023\/06\/07\/projet-brt-la-livraison-ne-sera-plus-possible-en-decembre-2023\/#primaryimage","inLanguage":"fr-FR","url":"https:\/\/www.nettali.com\/wp-content\/uploads\/2023\/06\/FB_IMG_1684257023512-e1686146278607.jpeg","contentUrl":"https:\/\/www.nettali.com\/wp-content\/uploads\/2023\/06\/FB_IMG_1684257023512-e1686146278607.jpeg","width":577,"height":308},{"@type":"WebPage","@id":"https:\/\/www.nettali.com\/2023\/06\/07\/projet-brt-la-livraison-ne-sera-plus-possible-en-decembre-2023\/#webpage","url":"https:\/\/www.nettali.com\/2023\/06\/07\/projet-brt-la-livraison-ne-sera-plus-possible-en-decembre-2023\/","name":"PROJET BRT - La livraison ne sera plus possible\u00a0 en d\u00e9cembre 2023 | Nettali.com","isPartOf":{"@id":"https:\/\/www.nettali.com\/#website"},"primaryImageOfPage":{"@id":"https:\/\/www.nettali.com\/2023\/06\/07\/projet-brt-la-livraison-ne-sera-plus-possible-en-decembre-2023\/#primaryimage"},"datePublished":"2023-06-07T13:58:09+00:00","dateModified":"2023-06-07T13:59:23+00:00","author":{"@id":"https:\/\/www.nettali.com\/#\/schema\/person\/418274a86bdf87caff7a3ef476bd0bbf"},"breadcrumb":{"@id":"https:\/\/www.nettali.com\/2023\/06\/07\/projet-brt-la-livraison-ne-sera-plus-possible-en-decembre-2023\/#breadcrumb"},"inLanguage":"fr-FR","potentialAction":[{"@type":"ReadAction","target":["https:\/\/www.nettali.com\/2023\/06\/07\/projet-brt-la-livraison-ne-sera-plus-possible-en-decembre-2023\/"]}]},{"@type":"BreadcrumbList","@id":"https:\/\/www.nettali.com\/2023\/06\/07\/projet-brt-la-livraison-ne-sera-plus-possible-en-decembre-2023\/#breadcrumb","itemListElement":[{"@type":"ListItem","position":1,"name":"Accueil","item":"https:\/\/www.nettali.com\/"},{"@type":"ListItem","position":2,"name":"PROJET BRT - La livraison ne sera plus possible\u00a0 en d\u00e9cembre 2023"}]},{"@type":"Person","@id":"https:\/\/www.nettali.com\/#\/schema\/person\/418274a86bdf87caff7a3ef476bd0bbf","name":"Fatou","image":{"@type":"ImageObject","@id":"https:\/\/www.nettali.com\/#personlogo","inLanguage":"fr-FR","url":"https:\/\/secure.gravatar.com\/avatar\/5a9442a2bee7b4dcf167cab035858e9a?s=96&d=mm&r=g","contentUrl":"https:\/\/secure.gravatar.com\/avatar\/5a9442a2bee7b4dcf167cab035858e9a?s=96&d=mm&r=g","caption":"Fatou"},"sameAs":["https:\/\/www.nettali.com"]}]}},"_links":{"self":[{"href":"https:\/\/www.nettali.com\/rest\/wp\/v2\/posts\/111633"}],"collection":[{"href":"https:\/\/www.nettali.com\/rest\/wp\/v2\/posts"}],"about":[{"href":"https:\/\/www.nettali.com\/rest\/wp\/v2\/types\/post"}],"author":[{"embeddable":true,"href":"https:\/\/www.nettali.com\/rest\/wp\/v2\/users\/6"}],"replies":[{"embeddable":true,"href":"https:\/\/www.nettali.com\/rest\/wp\/v2\/comments?post=111633"}],"version-history":[{"count":4,"href":"https:\/\/www.nettali.com\/rest\/wp\/v2\/posts\/111633\/revisions"}],"predecessor-version":[{"id":111640,"href":"https:\/\/www.nettali.com\/rest\/wp\/v2\/posts\/111633\/revisions\/111640"}],"wp:featuredmedia":[{"embeddable":true,"href":"https:\/\/www.nettali.com\/rest\/wp\/v2\/media\/111634"}],"wp:attachment":[{"href":"https:\/\/www.nettali.com\/rest\/wp\/v2\/media?parent=111633"}],"wp:term":[{"taxonomy":"category","embeddable":true,"href":"https:\/\/www.nettali.com\/rest\/wp\/v2\/categories?post=111633"},{"taxonomy":"post_tag","embeddable":true,"href":"https:\/\/www.nettali.com\/rest\/wp\/v2\/tags?post=111633"}],"curies":[{"name":"wp","href":"https:\/\/api.w.org\/{rel}","templated":true}]}}