{"id":111617,"date":"2023-06-07T11:37:37","date_gmt":"2023-06-07T11:37:37","guid":{"rendered":"https:\/\/www.nettali.com\/?p=111617"},"modified":"2023-06-07T11:37:37","modified_gmt":"2023-06-07T11:37:37","slug":"bilan-des-manifestations-pastef-pikine-denombre-9-morts-et-150-blesses","status":"publish","type":"post","link":"https:\/\/www.nettali.com\/2023\/06\/07\/bilan-des-manifestations-pastef-pikine-denombre-9-morts-et-150-blesses\/","title":{"rendered":"BILAN DES MANIFESTATIONS- Pastef Pikine d\u00e9nombre 9 morts et 150 bless\u00e9s"},"content":{"rendered":"<p><strong>NETTALI.COM- 9 morts et 150 bless\u00e9s. C'est le bilan \u00e9tabli par la coordination d\u00e9partementale Pastef de Pikine.\u00a0 Ces patriotes exigent \"la fin imm\u00e9diate de ces exactions et l'ouverture d'une enqu\u00eate permettant d'identifier les coupables et les commanditaires.\"<\/strong><\/p>\n<p>Apr\u00e8s les violentes manifestations qui ont secou\u00e9 le pays suite \u00e0 la condamnation de Ousmane Sonko dans l'affaire Sweet Beaut\u00e9, l'heure est au bilan. La coordination d\u00e9partementale Pastef de Pikine a fait le sien et d\u00e9nombre les morts et bless\u00e9s. \"En trois (3) jours de r\u00e9sistance, neuf (9) jeunes s\u00e9n\u00e9galais (au moins) ont perdu la vie et plus de cent cinquante (150) ont \u00e9t\u00e9 bless\u00e9s dont une dizaine entre la vie et la mort dans le d\u00e9partement de Pikine\", informent ces partisans de Ousmane Sonko.<\/p>\n<p>Pour les d\u00e9funts, il s'agit selon eux de :<\/p>\n<p><strong>Bacary DIEME (Commune de Tivavouane-Diacksao)<\/strong><br \/>\n<strong>Lassana DIARISSO (Commune de Mbao)<\/strong><br \/>\n<strong>Ibrahima DRAGO (Commune Guinaw rails sud)<\/strong><br \/>\n<strong>Mouhamed SYLLA (Commune Djiddah Thiaroye Kao)<\/strong><br \/>\n<strong>Khadim BA (Commune Djiddah Thiaroye Kao)<\/strong><br \/>\n<strong>Bassirou SARR (Commune Guinaw Rails Nord)<\/strong><br \/>\n<strong>Mor NDIAYE (Commune Diamaguene Sicap Mbao).<\/strong><br \/>\n<strong>Ismaila TRAORE (Commune de Guinaw rail Sud)<\/strong><br \/>\n<strong>Fallou SALL (Thiaroye sur mer)<\/strong><\/p>\n<p>Ces patriotes d\u00e9noncent \" <em>avec v\u00e9h\u00e9mence et condamnent vigoureusement les meurtres de jeunes manifestants d\u00e9sarm\u00e9s avec l'utilisation d'armes \u00e0 feu, en violation du droit international qui interdit l'usage d'armes \u00e0 feu lors du maintien de l'ordre, sauf en cas de danger imminent de mort ou de blessure grave. \"<\/em><\/p>\n<p>Face \u00e0<em> \"cette folie<\/em> <em>meurtri\u00e8re du r\u00e9gime<\/em>\", la coordination d\u00e9partementale de PASTEF-Pikine pr\u00e9sente ses condol\u00e9ances \u00e9mues aux familles \u00e9plor\u00e9es, exprime sa solidarit\u00e9 et sa compassion \u00e0 ces familles. Mieux, elle exige \" <em>la fin imm\u00e9diate de ces exactions et l'ouverture d'une enqu\u00eate permettant d'identifier les coupables et les commanditaires.<\/em>\"<\/p>\n<p>Par ailleurs, la coordination d\u00e9partementale d\u00e9nonce \" <em>la violation flagrante des droits \u00e9l\u00e9mentaires de ses membres arbitrairement arr\u00eat\u00e9s et d\u00e9tenus dans des conditions d\u00e9gradantes. \"\u00a0<\/em> A en croire aux patriotes, il n'y a aucune possibilit\u00e9 pour les familles ou les amis de s'enqu\u00e9rir de la situation de ces derniers et que m\u00eame le repas, pris en charge par les amis, leur est interdit.\"<\/p>\n<p>Les pastifiens d\u00e9plore aussi la lourdeur de la proc\u00e9dure de l'autopsie des corps est<br \/>\nalourdie.<br \/>\nPour finir, la coordination d\u00e9partementale de Pikine clame qu'elle \" <em>fera face \u00e0 toute tentative d'une troisi\u00e8me candidature<\/em><br \/>\n<em>anticonstitutionnelle et moralement inacceptable.<\/em>\"<\/p>\n<div class='share-to-whatsapp-wrapper'><div class='share-on-whsp'>PARTAGER SUR : <\/div><a data-text='BILAN DES MANIFESTATIONS- Pastef Pikine d\u00e9nombre 9 morts et 150 bless\u00e9s' data-link='https:\/\/www.nettali.com\/2023\/06\/07\/bilan-des-manifestations-pastef-pikine-denombre-9-morts-et-150-blesses\/' class='whatsapp-button whatsapp-share'>WhatsApp<\/a><div class='clear '><\/div><\/div>","protected":false},"excerpt":{"rendered":"<p>NETTALI.COM- 9 morts et 150 bless\u00e9s. C'est le bilan \u00e9tabli par la coordination d\u00e9partementale Pastef de Pikine.\u00a0 Ces patriotes exigent \"la fin imm\u00e9diate de ces exactions et l'ouverture d'une enqu\u00eate permettant d'identifier les coupables et les commanditaires.\" Apr\u00e8s les violentes manifestations qui ont secou\u00e9 le pays suite \u00e0 la condamnation de Ousmane Sonko dans l'affaire [&hellip;]<\/p>\n","protected":false},"author":6,"featured_media":106262,"comment_status":"open","ping_status":"open","sticky":false,"template":"","format":"standard","meta":{"_et_pb_use_builder":"","_et_pb_old_content":""},"categories":[2],"tags":[],"yoast_head":"<!-- This site is optimized with the Yoast SEO Premium plugin v17.8 (Yoast SEO v17.8) - https:\/\/yoast.com\/wordpress\/plugins\/seo\/ -->\n<title>BILAN DES MANIFESTATIONS- Pastef Pikine d\u00e9nombre 9 morts et 150 bless\u00e9s | Nettali.com<\/title>\n<meta name=\"robots\" content=\"index, follow, max-snippet:-1, max-image-preview:large, max-video-preview:-1\" \/>\n<link rel=\"canonical\" href=\"https:\/\/www.nettali.com\/2023\/06\/07\/bilan-des-manifestations-pastef-pikine-denombre-9-morts-et-150-blesses\/\" \/>\n<meta property=\"og:locale\" content=\"fr_FR\" \/>\n<meta property=\"og:type\" content=\"article\" \/>\n<meta property=\"og:title\" content=\"BILAN DES MANIFESTATIONS- Pastef Pikine d\u00e9nombre 9 morts et 150 bless\u00e9s\" \/>\n<meta property=\"og:description\" content=\"NETTALI.COM- 9 morts et 150 bless\u00e9s. C&#039;est le bilan \u00e9tabli par la coordination d\u00e9partementale Pastef de Pikine.\u00a0 Ces patriotes exigent &quot;la fin imm\u00e9diate de ces exactions et l&#039;ouverture d&#039;une enqu\u00eate permettant d&#039;identifier les coupables et les commanditaires.&quot; Apr\u00e8s les violentes manifestations qui ont secou\u00e9 le pays suite \u00e0 la condamnation de Ousmane Sonko dans l&#039;affaire [&hellip;]\" \/>\n<meta property=\"og:url\" content=\"https:\/\/www.nettali.com\/2023\/06\/07\/bilan-des-manifestations-pastef-pikine-denombre-9-morts-et-150-blesses\/\" \/>\n<meta property=\"og:site_name\" content=\"Nettali.com\" \/>\n<meta property=\"article:publisher\" content=\"https:\/\/www.facebook.com\/nettalicom\" \/>\n<meta property=\"article:published_time\" content=\"2023-06-07T11:37:37+00:00\" \/>\n<meta property=\"og:image\" content=\"https:\/\/www.nettali.com\/wp-content\/uploads\/2023\/03\/manifDakar.jpeg\" \/>\n\t<meta property=\"og:image:width\" content=\"1024\" \/>\n\t<meta property=\"og:image:height\" content=\"683\" \/>\n<meta name=\"twitter:card\" content=\"summary_large_image\" \/>\n<meta name=\"twitter:label1\" content=\"\u00c9crit par\" \/>\n\t<meta name=\"twitter:data1\" content=\"Fatou\" \/>\n\t<meta name=\"twitter:label2\" content=\"Dur\u00e9e de lecture estim\u00e9e\" \/>\n\t<meta name=\"twitter:data2\" content=\"2 minutes\" \/>\n<script type=\"application\/ld+json\" class=\"yoast-schema-graph\">{\"@context\":\"https:\/\/schema.org\",\"@graph\":[{\"@type\":\"WebSite\",\"@id\":\"https:\/\/www.nettali.com\/#website\",\"url\":\"https:\/\/www.nettali.com\/\",\"name\":\"Nettali.com\",\"description\":\"Le rendez-vous critique du Net\",\"potentialAction\":[{\"@type\":\"SearchAction\",\"target\":{\"@type\":\"EntryPoint\",\"urlTemplate\":\"https:\/\/www.nettali.com\/?s={search_term_string}\"},\"query-input\":\"required name=search_term_string\"}],\"inLanguage\":\"fr-FR\"},{\"@type\":\"ImageObject\",\"@id\":\"https:\/\/www.nettali.com\/2023\/06\/07\/bilan-des-manifestations-pastef-pikine-denombre-9-morts-et-150-blesses\/#primaryimage\",\"inLanguage\":\"fr-FR\",\"url\":\"https:\/\/www.nettali.com\/wp-content\/uploads\/2023\/03\/manifDakar.jpeg\",\"contentUrl\":\"https:\/\/www.nettali.com\/wp-content\/uploads\/2023\/03\/manifDakar.jpeg\",\"width\":1024,\"height\":683,\"caption\":\"FILE - In this March 5, 2021 file photo, demonstrators throw rocks at riot policemen during protests against the arrest of opposition leader and former presidential candidate Ousmane Sonko in Dakar, Senegal. Deadly protests have erupted over the past week in the West African nation of Senegal, long considered a bastion of democracy and a regional leader on diplomacy issues. (AP Photo\/Leo Correa, file)\"},{\"@type\":\"WebPage\",\"@id\":\"https:\/\/www.nettali.com\/2023\/06\/07\/bilan-des-manifestations-pastef-pikine-denombre-9-morts-et-150-blesses\/#webpage\",\"url\":\"https:\/\/www.nettali.com\/2023\/06\/07\/bilan-des-manifestations-pastef-pikine-denombre-9-morts-et-150-blesses\/\",\"name\":\"BILAN DES MANIFESTATIONS- Pastef Pikine d\\u00e9nombre 9 morts et 150 bless\\u00e9s | Nettali.com\",\"isPartOf\":{\"@id\":\"https:\/\/www.nettali.com\/#website\"},\"primaryImageOfPage\":{\"@id\":\"https:\/\/www.nettali.com\/2023\/06\/07\/bilan-des-manifestations-pastef-pikine-denombre-9-morts-et-150-blesses\/#primaryimage\"},\"datePublished\":\"2023-06-07T11:37:37+00:00\",\"dateModified\":\"2023-06-07T11:37:37+00:00\",\"author\":{\"@id\":\"https:\/\/www.nettali.com\/#\/schema\/person\/418274a86bdf87caff7a3ef476bd0bbf\"},\"breadcrumb\":{\"@id\":\"https:\/\/www.nettali.com\/2023\/06\/07\/bilan-des-manifestations-pastef-pikine-denombre-9-morts-et-150-blesses\/#breadcrumb\"},\"inLanguage\":\"fr-FR\",\"potentialAction\":[{\"@type\":\"ReadAction\",\"target\":[\"https:\/\/www.nettali.com\/2023\/06\/07\/bilan-des-manifestations-pastef-pikine-denombre-9-morts-et-150-blesses\/\"]}]},{\"@type\":\"BreadcrumbList\",\"@id\":\"https:\/\/www.nettali.com\/2023\/06\/07\/bilan-des-manifestations-pastef-pikine-denombre-9-morts-et-150-blesses\/#breadcrumb\",\"itemListElement\":[{\"@type\":\"ListItem\",\"position\":1,\"name\":\"Accueil\",\"item\":\"https:\/\/www.nettali.com\/\"},{\"@type\":\"ListItem\",\"position\":2,\"name\":\"BILAN DES MANIFESTATIONS- Pastef Pikine d\\u00e9nombre 9 morts et 150 bless\\u00e9s\"}]},{\"@type\":\"Person\",\"@id\":\"https:\/\/www.nettali.com\/#\/schema\/person\/418274a86bdf87caff7a3ef476bd0bbf\",\"name\":\"Fatou\",\"image\":{\"@type\":\"ImageObject\",\"@id\":\"https:\/\/www.nettali.com\/#personlogo\",\"inLanguage\":\"fr-FR\",\"url\":\"https:\/\/secure.gravatar.com\/avatar\/5a9442a2bee7b4dcf167cab035858e9a?s=96&d=mm&r=g\",\"contentUrl\":\"https:\/\/secure.gravatar.com\/avatar\/5a9442a2bee7b4dcf167cab035858e9a?s=96&d=mm&r=g\",\"caption\":\"Fatou\"},\"sameAs\":[\"https:\/\/www.nettali.com\"]}]}<\/script>\n<!-- \/ Yoast SEO Premium plugin. -->","yoast_head_json":{"title":"BILAN DES MANIFESTATIONS- Pastef Pikine d\u00e9nombre 9 morts et 150 bless\u00e9s | Nettali.com","robots":{"index":"index","follow":"follow","max-snippet":"max-snippet:-1","max-image-preview":"max-image-preview:large","max-video-preview":"max-video-preview:-1"},"canonical":"https:\/\/www.nettali.com\/2023\/06\/07\/bilan-des-manifestations-pastef-pikine-denombre-9-morts-et-150-blesses\/","og_locale":"fr_FR","og_type":"article","og_title":"BILAN DES MANIFESTATIONS- Pastef Pikine d\u00e9nombre 9 morts et 150 bless\u00e9s","og_description":"NETTALI.COM- 9 morts et 150 bless\u00e9s. C'est le bilan \u00e9tabli par la coordination d\u00e9partementale Pastef de Pikine.\u00a0 Ces patriotes exigent \"la fin imm\u00e9diate de ces exactions et l'ouverture d'une enqu\u00eate permettant d'identifier les coupables et les commanditaires.\" Apr\u00e8s les violentes manifestations qui ont secou\u00e9 le pays suite \u00e0 la condamnation de Ousmane Sonko dans l'affaire [&hellip;]","og_url":"https:\/\/www.nettali.com\/2023\/06\/07\/bilan-des-manifestations-pastef-pikine-denombre-9-morts-et-150-blesses\/","og_site_name":"Nettali.com","article_publisher":"https:\/\/www.facebook.com\/nettalicom","article_published_time":"2023-06-07T11:37:37+00:00","og_image":[{"width":1024,"height":683,"url":"https:\/\/www.nettali.com\/wp-content\/uploads\/2023\/03\/manifDakar.jpeg","type":"image\/jpeg"}],"twitter_card":"summary_large_image","twitter_misc":{"\u00c9crit par":"Fatou","Dur\u00e9e de lecture estim\u00e9e":"2 minutes"},"schema":{"@context":"https:\/\/schema.org","@graph":[{"@type":"WebSite","@id":"https:\/\/www.nettali.com\/#website","url":"https:\/\/www.nettali.com\/","name":"Nettali.com","description":"Le rendez-vous critique du Net","potentialAction":[{"@type":"SearchAction","target":{"@type":"EntryPoint","urlTemplate":"https:\/\/www.nettali.com\/?s={search_term_string}"},"query-input":"required name=search_term_string"}],"inLanguage":"fr-FR"},{"@type":"ImageObject","@id":"https:\/\/www.nettali.com\/2023\/06\/07\/bilan-des-manifestations-pastef-pikine-denombre-9-morts-et-150-blesses\/#primaryimage","inLanguage":"fr-FR","url":"https:\/\/www.nettali.com\/wp-content\/uploads\/2023\/03\/manifDakar.jpeg","contentUrl":"https:\/\/www.nettali.com\/wp-content\/uploads\/2023\/03\/manifDakar.jpeg","width":1024,"height":683,"caption":"FILE - In this March 5, 2021 file photo, demonstrators throw rocks at riot policemen during protests against the arrest of opposition leader and former presidential candidate Ousmane Sonko in Dakar, Senegal. Deadly protests have erupted over the past week in the West African nation of Senegal, long considered a bastion of democracy and a regional leader on diplomacy issues. (AP Photo\/Leo Correa, file)"},{"@type":"WebPage","@id":"https:\/\/www.nettali.com\/2023\/06\/07\/bilan-des-manifestations-pastef-pikine-denombre-9-morts-et-150-blesses\/#webpage","url":"https:\/\/www.nettali.com\/2023\/06\/07\/bilan-des-manifestations-pastef-pikine-denombre-9-morts-et-150-blesses\/","name":"BILAN DES MANIFESTATIONS- Pastef Pikine d\u00e9nombre 9 morts et 150 bless\u00e9s | Nettali.com","isPartOf":{"@id":"https:\/\/www.nettali.com\/#website"},"primaryImageOfPage":{"@id":"https:\/\/www.nettali.com\/2023\/06\/07\/bilan-des-manifestations-pastef-pikine-denombre-9-morts-et-150-blesses\/#primaryimage"},"datePublished":"2023-06-07T11:37:37+00:00","dateModified":"2023-06-07T11:37:37+00:00","author":{"@id":"https:\/\/www.nettali.com\/#\/schema\/person\/418274a86bdf87caff7a3ef476bd0bbf"},"breadcrumb":{"@id":"https:\/\/www.nettali.com\/2023\/06\/07\/bilan-des-manifestations-pastef-pikine-denombre-9-morts-et-150-blesses\/#breadcrumb"},"inLanguage":"fr-FR","potentialAction":[{"@type":"ReadAction","target":["https:\/\/www.nettali.com\/2023\/06\/07\/bilan-des-manifestations-pastef-pikine-denombre-9-morts-et-150-blesses\/"]}]},{"@type":"BreadcrumbList","@id":"https:\/\/www.nettali.com\/2023\/06\/07\/bilan-des-manifestations-pastef-pikine-denombre-9-morts-et-150-blesses\/#breadcrumb","itemListElement":[{"@type":"ListItem","position":1,"name":"Accueil","item":"https:\/\/www.nettali.com\/"},{"@type":"ListItem","position":2,"name":"BILAN DES MANIFESTATIONS- Pastef Pikine d\u00e9nombre 9 morts et 150 bless\u00e9s"}]},{"@type":"Person","@id":"https:\/\/www.nettali.com\/#\/schema\/person\/418274a86bdf87caff7a3ef476bd0bbf","name":"Fatou","image":{"@type":"ImageObject","@id":"https:\/\/www.nettali.com\/#personlogo","inLanguage":"fr-FR","url":"https:\/\/secure.gravatar.com\/avatar\/5a9442a2bee7b4dcf167cab035858e9a?s=96&d=mm&r=g","contentUrl":"https:\/\/secure.gravatar.com\/avatar\/5a9442a2bee7b4dcf167cab035858e9a?s=96&d=mm&r=g","caption":"Fatou"},"sameAs":["https:\/\/www.nettali.com"]}]}},"_links":{"self":[{"href":"https:\/\/www.nettali.com\/rest\/wp\/v2\/posts\/111617"}],"collection":[{"href":"https:\/\/www.nettali.com\/rest\/wp\/v2\/posts"}],"about":[{"href":"https:\/\/www.nettali.com\/rest\/wp\/v2\/types\/post"}],"author":[{"embeddable":true,"href":"https:\/\/www.nettali.com\/rest\/wp\/v2\/users\/6"}],"replies":[{"embeddable":true,"href":"https:\/\/www.nettali.com\/rest\/wp\/v2\/comments?post=111617"}],"version-history":[{"count":4,"href":"https:\/\/www.nettali.com\/rest\/wp\/v2\/posts\/111617\/revisions"}],"predecessor-version":[{"id":111625,"href":"https:\/\/www.nettali.com\/rest\/wp\/v2\/posts\/111617\/revisions\/111625"}],"wp:featuredmedia":[{"embeddable":true,"href":"https:\/\/www.nettali.com\/rest\/wp\/v2\/media\/106262"}],"wp:attachment":[{"href":"https:\/\/www.nettali.com\/rest\/wp\/v2\/media?parent=111617"}],"wp:term":[{"taxonomy":"category","embeddable":true,"href":"https:\/\/www.nettali.com\/rest\/wp\/v2\/categories?post=111617"},{"taxonomy":"post_tag","embeddable":true,"href":"https:\/\/www.nettali.com\/rest\/wp\/v2\/tags?post=111617"}],"curies":[{"name":"wp","href":"https:\/\/api.w.org\/{rel}","templated":true}]}}