{"id":111429,"date":"2023-06-04T16:36:06","date_gmt":"2023-06-04T16:36:06","guid":{"rendered":"https:\/\/www.nettali.com\/?p=111429"},"modified":"2023-06-04T16:36:06","modified_gmt":"2023-06-04T16:36:06","slug":"en-coulisses-babacar-diop-tacle-reclame-la-suspension-du-dialogue","status":"publish","type":"post","link":"https:\/\/www.nettali.com\/2023\/06\/04\/en-coulisses-babacar-diop-tacle-reclame-la-suspension-du-dialogue\/","title":{"rendered":"EN COULISSES - Babacar Diop tacle r\u00e9clame la suspension du dialogue"},"content":{"rendered":"<p><strong>NETTALI.COM - <\/strong>Invit\u00e9 de l'\u00e9mission \"Grand Jury\", dimanche 4 juin, Dr Babacar Diop s'est prononc\u00e9 sur le dialogue national initi\u00e9 par le pr\u00e9sident Macky Sall. Pour le leader du parti FDS\/Guelwaars, ce cadre qui n'a pas sa raison d'\u00eatre. Il assimile ce dialogue \u00e0 des retrouvailles entre amis.<\/p>\n<p>En effet avec un bilan tr\u00e8s lourd de 15 personnes qui ont perdu la vie, si on en croit le ministre de l'int\u00e9rieur depuis le d\u00e9but des affrontements entre manifestants et forces de l'ordre, le professeur Babacar Diop demande \u00e0 Macky Sall de surseoir \u00e0 son dialogue par respect aux morts et \u00e0 leurs familles.<\/p>\n<p>\"<em>Ce dialogue est un instrument d'isolement pour Ousmane Sonko. Ce n'est pas un dialogue, c'est un pseudo dialogue, c'est une foire ambulante<\/em>\", a laiss\u00e9 entendre le maire de Thi\u00e8s.<\/p>\n<p>\"<em>Vous avez vu le jour du lancement, ce n'est pas comme \u00e7a que l'on organise un dialogue sinc\u00e8re. C'est pourquoi je demande au pr\u00e9sident Macky Sall de suspendre ce dialogue, de travailler \u00e0 r\u00e9unir les conditions d'un dialogue sinc\u00e8re. Car un dialogue est un lieu de consensus. Donc, je pense que Macky Sall doit revoir sa copie<\/em>\", a-t-il recommand\u00e9.<\/p>\n<p>&nbsp;<\/p>\n<div class='share-to-whatsapp-wrapper'><div class='share-on-whsp'>PARTAGER SUR : <\/div><a data-text='EN COULISSES - Babacar Diop tacle r\u00e9clame la suspension du dialogue' data-link='https:\/\/www.nettali.com\/2023\/06\/04\/en-coulisses-babacar-diop-tacle-reclame-la-suspension-du-dialogue\/' class='whatsapp-button whatsapp-share'>WhatsApp<\/a><div class='clear '><\/div><\/div>","protected":false},"excerpt":{"rendered":"<p>NETTALI.COM - Invit\u00e9 de l'\u00e9mission \"Grand Jury\", dimanche 4 juin, Dr Babacar Diop s'est prononc\u00e9 sur le dialogue national initi\u00e9 par le pr\u00e9sident Macky Sall. Pour le leader du parti FDS\/Guelwaars, ce cadre qui n'a pas sa raison d'\u00eatre. Il assimile ce dialogue \u00e0 des retrouvailles entre amis. En effet avec un bilan tr\u00e8s lourd [&hellip;]<\/p>\n","protected":false},"author":5,"featured_media":111426,"comment_status":"open","ping_status":"open","sticky":false,"template":"","format":"standard","meta":{"_et_pb_use_builder":"","_et_pb_old_content":""},"categories":[34945],"tags":[],"yoast_head":"<!-- This site is optimized with the Yoast SEO Premium plugin v17.8 (Yoast SEO v17.8) - https:\/\/yoast.com\/wordpress\/plugins\/seo\/ -->\n<title>EN COULISSES - Babacar Diop tacle r\u00e9clame la suspension du dialogue | Nettali.com<\/title>\n<meta name=\"robots\" content=\"index, follow, max-snippet:-1, max-image-preview:large, max-video-preview:-1\" \/>\n<link rel=\"canonical\" href=\"https:\/\/www.nettali.com\/2023\/06\/04\/en-coulisses-babacar-diop-tacle-reclame-la-suspension-du-dialogue\/\" \/>\n<meta property=\"og:locale\" content=\"fr_FR\" \/>\n<meta property=\"og:type\" content=\"article\" \/>\n<meta property=\"og:title\" content=\"EN COULISSES - Babacar Diop tacle r\u00e9clame la suspension du dialogue\" \/>\n<meta property=\"og:description\" content=\"NETTALI.COM - Invit\u00e9 de l&#039;\u00e9mission &quot;Grand Jury&quot;, dimanche 4 juin, Dr Babacar Diop s&#039;est prononc\u00e9 sur le dialogue national initi\u00e9 par le pr\u00e9sident Macky Sall. Pour le leader du parti FDS\/Guelwaars, ce cadre qui n&#039;a pas sa raison d&#039;\u00eatre. Il assimile ce dialogue \u00e0 des retrouvailles entre amis. En effet avec un bilan tr\u00e8s lourd [&hellip;]\" \/>\n<meta property=\"og:url\" content=\"https:\/\/www.nettali.com\/2023\/06\/04\/en-coulisses-babacar-diop-tacle-reclame-la-suspension-du-dialogue\/\" \/>\n<meta property=\"og:site_name\" content=\"Nettali.com\" \/>\n<meta property=\"article:publisher\" content=\"https:\/\/www.facebook.com\/nettalicom\" \/>\n<meta property=\"article:published_time\" content=\"2023-06-04T16:36:06+00:00\" \/>\n<meta property=\"og:image\" content=\"https:\/\/www.nettali.com\/wp-content\/uploads\/2023\/06\/DR-BABACAR-DIOP-JDS.jpg\" \/>\n\t<meta property=\"og:image:width\" content=\"600\" \/>\n\t<meta property=\"og:image:height\" content=\"399\" \/>\n<meta name=\"twitter:card\" content=\"summary_large_image\" \/>\n<meta name=\"twitter:label1\" content=\"\u00c9crit par\" \/>\n\t<meta name=\"twitter:data1\" content=\"Ibrahima\" \/>\n\t<meta name=\"twitter:label2\" content=\"Dur\u00e9e de lecture estim\u00e9e\" \/>\n\t<meta name=\"twitter:data2\" content=\"1 minute\" \/>\n<script type=\"application\/ld+json\" class=\"yoast-schema-graph\">{\"@context\":\"https:\/\/schema.org\",\"@graph\":[{\"@type\":\"WebSite\",\"@id\":\"https:\/\/www.nettali.com\/#website\",\"url\":\"https:\/\/www.nettali.com\/\",\"name\":\"Nettali.com\",\"description\":\"Le rendez-vous critique du Net\",\"potentialAction\":[{\"@type\":\"SearchAction\",\"target\":{\"@type\":\"EntryPoint\",\"urlTemplate\":\"https:\/\/www.nettali.com\/?s={search_term_string}\"},\"query-input\":\"required name=search_term_string\"}],\"inLanguage\":\"fr-FR\"},{\"@type\":\"ImageObject\",\"@id\":\"https:\/\/www.nettali.com\/2023\/06\/04\/en-coulisses-babacar-diop-tacle-reclame-la-suspension-du-dialogue\/#primaryimage\",\"inLanguage\":\"fr-FR\",\"url\":\"https:\/\/www.nettali.com\/wp-content\/uploads\/2023\/06\/DR-BABACAR-DIOP-JDS.jpg\",\"contentUrl\":\"https:\/\/www.nettali.com\/wp-content\/uploads\/2023\/06\/DR-BABACAR-DIOP-JDS.jpg\",\"width\":600,\"height\":399},{\"@type\":\"WebPage\",\"@id\":\"https:\/\/www.nettali.com\/2023\/06\/04\/en-coulisses-babacar-diop-tacle-reclame-la-suspension-du-dialogue\/#webpage\",\"url\":\"https:\/\/www.nettali.com\/2023\/06\/04\/en-coulisses-babacar-diop-tacle-reclame-la-suspension-du-dialogue\/\",\"name\":\"EN COULISSES - Babacar Diop tacle r\\u00e9clame la suspension du dialogue | Nettali.com\",\"isPartOf\":{\"@id\":\"https:\/\/www.nettali.com\/#website\"},\"primaryImageOfPage\":{\"@id\":\"https:\/\/www.nettali.com\/2023\/06\/04\/en-coulisses-babacar-diop-tacle-reclame-la-suspension-du-dialogue\/#primaryimage\"},\"datePublished\":\"2023-06-04T16:36:06+00:00\",\"dateModified\":\"2023-06-04T16:36:06+00:00\",\"author\":{\"@id\":\"https:\/\/www.nettali.com\/#\/schema\/person\/bb147657c2986240405a608162b9bb23\"},\"breadcrumb\":{\"@id\":\"https:\/\/www.nettali.com\/2023\/06\/04\/en-coulisses-babacar-diop-tacle-reclame-la-suspension-du-dialogue\/#breadcrumb\"},\"inLanguage\":\"fr-FR\",\"potentialAction\":[{\"@type\":\"ReadAction\",\"target\":[\"https:\/\/www.nettali.com\/2023\/06\/04\/en-coulisses-babacar-diop-tacle-reclame-la-suspension-du-dialogue\/\"]}]},{\"@type\":\"BreadcrumbList\",\"@id\":\"https:\/\/www.nettali.com\/2023\/06\/04\/en-coulisses-babacar-diop-tacle-reclame-la-suspension-du-dialogue\/#breadcrumb\",\"itemListElement\":[{\"@type\":\"ListItem\",\"position\":1,\"name\":\"Accueil\",\"item\":\"https:\/\/www.nettali.com\/\"},{\"@type\":\"ListItem\",\"position\":2,\"name\":\"EN COULISSES - Babacar Diop tacle r\\u00e9clame la suspension du dialogue\"}]},{\"@type\":\"Person\",\"@id\":\"https:\/\/www.nettali.com\/#\/schema\/person\/bb147657c2986240405a608162b9bb23\",\"name\":\"Ibrahima\",\"image\":{\"@type\":\"ImageObject\",\"@id\":\"https:\/\/www.nettali.com\/#personlogo\",\"inLanguage\":\"fr-FR\",\"url\":\"https:\/\/secure.gravatar.com\/avatar\/26a8a81f09f0dd7624c9d5c36c9ba3a2?s=96&d=mm&r=g\",\"contentUrl\":\"https:\/\/secure.gravatar.com\/avatar\/26a8a81f09f0dd7624c9d5c36c9ba3a2?s=96&d=mm&r=g\",\"caption\":\"Ibrahima\"},\"sameAs\":[\"https:\/\/www.nettali.com\"]}]}<\/script>\n<!-- \/ Yoast SEO Premium plugin. -->","yoast_head_json":{"title":"EN COULISSES - Babacar Diop tacle r\u00e9clame la suspension du dialogue | Nettali.com","robots":{"index":"index","follow":"follow","max-snippet":"max-snippet:-1","max-image-preview":"max-image-preview:large","max-video-preview":"max-video-preview:-1"},"canonical":"https:\/\/www.nettali.com\/2023\/06\/04\/en-coulisses-babacar-diop-tacle-reclame-la-suspension-du-dialogue\/","og_locale":"fr_FR","og_type":"article","og_title":"EN COULISSES - Babacar Diop tacle r\u00e9clame la suspension du dialogue","og_description":"NETTALI.COM - Invit\u00e9 de l'\u00e9mission \"Grand Jury\", dimanche 4 juin, Dr Babacar Diop s'est prononc\u00e9 sur le dialogue national initi\u00e9 par le pr\u00e9sident Macky Sall. Pour le leader du parti FDS\/Guelwaars, ce cadre qui n'a pas sa raison d'\u00eatre. Il assimile ce dialogue \u00e0 des retrouvailles entre amis. En effet avec un bilan tr\u00e8s lourd [&hellip;]","og_url":"https:\/\/www.nettali.com\/2023\/06\/04\/en-coulisses-babacar-diop-tacle-reclame-la-suspension-du-dialogue\/","og_site_name":"Nettali.com","article_publisher":"https:\/\/www.facebook.com\/nettalicom","article_published_time":"2023-06-04T16:36:06+00:00","og_image":[{"width":600,"height":399,"url":"https:\/\/www.nettali.com\/wp-content\/uploads\/2023\/06\/DR-BABACAR-DIOP-JDS.jpg","type":"image\/jpeg"}],"twitter_card":"summary_large_image","twitter_misc":{"\u00c9crit par":"Ibrahima","Dur\u00e9e de lecture estim\u00e9e":"1 minute"},"schema":{"@context":"https:\/\/schema.org","@graph":[{"@type":"WebSite","@id":"https:\/\/www.nettali.com\/#website","url":"https:\/\/www.nettali.com\/","name":"Nettali.com","description":"Le rendez-vous critique du Net","potentialAction":[{"@type":"SearchAction","target":{"@type":"EntryPoint","urlTemplate":"https:\/\/www.nettali.com\/?s={search_term_string}"},"query-input":"required name=search_term_string"}],"inLanguage":"fr-FR"},{"@type":"ImageObject","@id":"https:\/\/www.nettali.com\/2023\/06\/04\/en-coulisses-babacar-diop-tacle-reclame-la-suspension-du-dialogue\/#primaryimage","inLanguage":"fr-FR","url":"https:\/\/www.nettali.com\/wp-content\/uploads\/2023\/06\/DR-BABACAR-DIOP-JDS.jpg","contentUrl":"https:\/\/www.nettali.com\/wp-content\/uploads\/2023\/06\/DR-BABACAR-DIOP-JDS.jpg","width":600,"height":399},{"@type":"WebPage","@id":"https:\/\/www.nettali.com\/2023\/06\/04\/en-coulisses-babacar-diop-tacle-reclame-la-suspension-du-dialogue\/#webpage","url":"https:\/\/www.nettali.com\/2023\/06\/04\/en-coulisses-babacar-diop-tacle-reclame-la-suspension-du-dialogue\/","name":"EN COULISSES - Babacar Diop tacle r\u00e9clame la suspension du dialogue | Nettali.com","isPartOf":{"@id":"https:\/\/www.nettali.com\/#website"},"primaryImageOfPage":{"@id":"https:\/\/www.nettali.com\/2023\/06\/04\/en-coulisses-babacar-diop-tacle-reclame-la-suspension-du-dialogue\/#primaryimage"},"datePublished":"2023-06-04T16:36:06+00:00","dateModified":"2023-06-04T16:36:06+00:00","author":{"@id":"https:\/\/www.nettali.com\/#\/schema\/person\/bb147657c2986240405a608162b9bb23"},"breadcrumb":{"@id":"https:\/\/www.nettali.com\/2023\/06\/04\/en-coulisses-babacar-diop-tacle-reclame-la-suspension-du-dialogue\/#breadcrumb"},"inLanguage":"fr-FR","potentialAction":[{"@type":"ReadAction","target":["https:\/\/www.nettali.com\/2023\/06\/04\/en-coulisses-babacar-diop-tacle-reclame-la-suspension-du-dialogue\/"]}]},{"@type":"BreadcrumbList","@id":"https:\/\/www.nettali.com\/2023\/06\/04\/en-coulisses-babacar-diop-tacle-reclame-la-suspension-du-dialogue\/#breadcrumb","itemListElement":[{"@type":"ListItem","position":1,"name":"Accueil","item":"https:\/\/www.nettali.com\/"},{"@type":"ListItem","position":2,"name":"EN COULISSES - Babacar Diop tacle r\u00e9clame la suspension du dialogue"}]},{"@type":"Person","@id":"https:\/\/www.nettali.com\/#\/schema\/person\/bb147657c2986240405a608162b9bb23","name":"Ibrahima","image":{"@type":"ImageObject","@id":"https:\/\/www.nettali.com\/#personlogo","inLanguage":"fr-FR","url":"https:\/\/secure.gravatar.com\/avatar\/26a8a81f09f0dd7624c9d5c36c9ba3a2?s=96&d=mm&r=g","contentUrl":"https:\/\/secure.gravatar.com\/avatar\/26a8a81f09f0dd7624c9d5c36c9ba3a2?s=96&d=mm&r=g","caption":"Ibrahima"},"sameAs":["https:\/\/www.nettali.com"]}]}},"_links":{"self":[{"href":"https:\/\/www.nettali.com\/rest\/wp\/v2\/posts\/111429"}],"collection":[{"href":"https:\/\/www.nettali.com\/rest\/wp\/v2\/posts"}],"about":[{"href":"https:\/\/www.nettali.com\/rest\/wp\/v2\/types\/post"}],"author":[{"embeddable":true,"href":"https:\/\/www.nettali.com\/rest\/wp\/v2\/users\/5"}],"replies":[{"embeddable":true,"href":"https:\/\/www.nettali.com\/rest\/wp\/v2\/comments?post=111429"}],"version-history":[{"count":3,"href":"https:\/\/www.nettali.com\/rest\/wp\/v2\/posts\/111429\/revisions"}],"predecessor-version":[{"id":111433,"href":"https:\/\/www.nettali.com\/rest\/wp\/v2\/posts\/111429\/revisions\/111433"}],"wp:featuredmedia":[{"embeddable":true,"href":"https:\/\/www.nettali.com\/rest\/wp\/v2\/media\/111426"}],"wp:attachment":[{"href":"https:\/\/www.nettali.com\/rest\/wp\/v2\/media?parent=111429"}],"wp:term":[{"taxonomy":"category","embeddable":true,"href":"https:\/\/www.nettali.com\/rest\/wp\/v2\/categories?post=111429"},{"taxonomy":"post_tag","embeddable":true,"href":"https:\/\/www.nettali.com\/rest\/wp\/v2\/tags?post=111429"}],"curies":[{"name":"wp","href":"https:\/\/api.w.org\/{rel}","templated":true}]}}