{"id":111241,"date":"2023-06-01T18:50:12","date_gmt":"2023-06-01T18:50:12","guid":{"rendered":"https:\/\/www.nettali.com\/?p=111241"},"modified":"2023-06-01T18:50:12","modified_gmt":"2023-06-01T18:50:12","slug":"guy-marius-sagna-la-justice-vient-de-confirmer-le-complot-detat","status":"publish","type":"post","link":"https:\/\/www.nettali.com\/2023\/06\/01\/guy-marius-sagna-la-justice-vient-de-confirmer-le-complot-detat\/","title":{"rendered":"GUY MARIUS SAGNA - \"La justice vient de confirmer le complot d'\u00c9tat\""},"content":{"rendered":"<p><strong>NETTALI.COM - Le parlementaire Guy Marius Sagna estime que la condamnation de l'opposant Ousmane Sonko dans l'affaire Sweet Beauty est un complot d'\u00c9tat qui vient \u00eatre confirm\u00e9 par la justice.<\/strong><\/p>\n<p>\"<em>La justice vient de confirmer le complot d'\u00c9tat cousu de mensonges d'\u00c9tat de Macky Sall contre Ousmane Sonko. Ousmane Sonko est blanc comme neige comme nous l'avons toujours dit. Ousmane Sonko est coupable d'\u00eatre le chef de file du courant politique des patriotes panafricains du S\u00e9n\u00e9gal et d'avoir un programme anti-n\u00e9ocolonial<\/em>\", a r\u00e9agi Guy Marius Sagna depuis l\u2019Assembl\u00e9e nationale.<\/p>\n<p>Poursuivant son argumentaire, l\u2019activiste \"<em>d\u00e9nonce la justice couch\u00e9e et corrompue qui a servi d'instrument pour rendre in\u00e9ligible Ousmane Sonko<\/em>.\"<\/p>\n<p>Mais il assure que \"<em>la candidature de Ousmane Sonko d\u00e9pend du peuple s\u00e9n\u00e9galais<\/em>\". Et que la \"<em>r\u00e9sistance constitutionnelle se poursuivra<\/em>\".<\/p>\n<p>S'il y a quelqu'un qui est in\u00e9ligible, avertit Guy Marius Sagna \" <em>c'est le pr\u00e9sident Macky Sall<\/em>.\"<\/p>\n<p>Pour rappel, le leader de Pastef, Ousmane Sonko a \u00e9t\u00e9 condamn\u00e9 ce jeudi 1er juin par la chambre criminelle du tribunal de grande instance de Dakar \u00e0 2 ans d\u2019emprisonnement ferme pour corruption de jeunesse. M. Sonko a \u00e9t\u00e9 acquitt\u00e9 des faits de viols et de menaces de mort pour lesquels une plainte lui a \u00e9t\u00e9 servie par Adji Sarr, une jeune masseuse de Dakar.<\/p>\n<div class='share-to-whatsapp-wrapper'><div class='share-on-whsp'>PARTAGER SUR : <\/div><a data-text='GUY MARIUS SAGNA - \"La justice vient de confirmer le complot d'\u00c9tat\"' data-link='https:\/\/www.nettali.com\/2023\/06\/01\/guy-marius-sagna-la-justice-vient-de-confirmer-le-complot-detat\/' class='whatsapp-button whatsapp-share'>WhatsApp<\/a><div class='clear '><\/div><\/div>","protected":false},"excerpt":{"rendered":"<p>NETTALI.COM - Le parlementaire Guy Marius Sagna estime que la condamnation de l'opposant Ousmane Sonko dans l'affaire Sweet Beauty est un complot d'\u00c9tat qui vient \u00eatre confirm\u00e9 par la justice. \"La justice vient de confirmer le complot d'\u00c9tat cousu de mensonges d'\u00c9tat de Macky Sall contre Ousmane Sonko. Ousmane Sonko est blanc comme neige comme [&hellip;]<\/p>\n","protected":false},"author":5,"featured_media":111243,"comment_status":"open","ping_status":"open","sticky":false,"template":"","format":"standard","meta":{"_et_pb_use_builder":"","_et_pb_old_content":""},"categories":[3],"tags":[],"yoast_head":"<!-- This site is optimized with the Yoast SEO Premium plugin v17.8 (Yoast SEO v17.8) - https:\/\/yoast.com\/wordpress\/plugins\/seo\/ -->\n<title>GUY MARIUS SAGNA - &quot;La justice vient de confirmer le complot d&#039;\u00c9tat&quot; | Nettali.com<\/title>\n<meta name=\"robots\" content=\"index, follow, max-snippet:-1, max-image-preview:large, max-video-preview:-1\" \/>\n<link rel=\"canonical\" href=\"https:\/\/www.nettali.com\/2023\/06\/01\/guy-marius-sagna-la-justice-vient-de-confirmer-le-complot-detat\/\" \/>\n<meta property=\"og:locale\" content=\"fr_FR\" \/>\n<meta property=\"og:type\" content=\"article\" \/>\n<meta property=\"og:title\" content=\"GUY MARIUS SAGNA - &quot;La justice vient de confirmer le complot d&#039;\u00c9tat&quot;\" \/>\n<meta property=\"og:description\" content=\"NETTALI.COM - Le parlementaire Guy Marius Sagna estime que la condamnation de l&#039;opposant Ousmane Sonko dans l&#039;affaire Sweet Beauty est un complot d&#039;\u00c9tat qui vient \u00eatre confirm\u00e9 par la justice. &quot;La justice vient de confirmer le complot d&#039;\u00c9tat cousu de mensonges d&#039;\u00c9tat de Macky Sall contre Ousmane Sonko. Ousmane Sonko est blanc comme neige comme [&hellip;]\" \/>\n<meta property=\"og:url\" content=\"https:\/\/www.nettali.com\/2023\/06\/01\/guy-marius-sagna-la-justice-vient-de-confirmer-le-complot-detat\/\" \/>\n<meta property=\"og:site_name\" content=\"Nettali.com\" \/>\n<meta property=\"article:publisher\" content=\"https:\/\/www.facebook.com\/nettalicom\" \/>\n<meta property=\"article:published_time\" content=\"2023-06-01T18:50:12+00:00\" \/>\n<meta property=\"og:image\" content=\"https:\/\/www.nettali.com\/wp-content\/uploads\/2023\/06\/guy.jpg\" \/>\n\t<meta property=\"og:image:width\" content=\"696\" \/>\n\t<meta property=\"og:image:height\" content=\"392\" \/>\n<meta name=\"twitter:card\" content=\"summary_large_image\" \/>\n<meta name=\"twitter:label1\" content=\"\u00c9crit par\" \/>\n\t<meta name=\"twitter:data1\" content=\"Ibrahima\" \/>\n\t<meta name=\"twitter:label2\" content=\"Dur\u00e9e de lecture estim\u00e9e\" \/>\n\t<meta name=\"twitter:data2\" content=\"2 minutes\" \/>\n<script type=\"application\/ld+json\" class=\"yoast-schema-graph\">{\"@context\":\"https:\/\/schema.org\",\"@graph\":[{\"@type\":\"WebSite\",\"@id\":\"https:\/\/www.nettali.com\/#website\",\"url\":\"https:\/\/www.nettali.com\/\",\"name\":\"Nettali.com\",\"description\":\"Le rendez-vous critique du Net\",\"potentialAction\":[{\"@type\":\"SearchAction\",\"target\":{\"@type\":\"EntryPoint\",\"urlTemplate\":\"https:\/\/www.nettali.com\/?s={search_term_string}\"},\"query-input\":\"required name=search_term_string\"}],\"inLanguage\":\"fr-FR\"},{\"@type\":\"ImageObject\",\"@id\":\"https:\/\/www.nettali.com\/2023\/06\/01\/guy-marius-sagna-la-justice-vient-de-confirmer-le-complot-detat\/#primaryimage\",\"inLanguage\":\"fr-FR\",\"url\":\"https:\/\/www.nettali.com\/wp-content\/uploads\/2023\/06\/guy.jpg\",\"contentUrl\":\"https:\/\/www.nettali.com\/wp-content\/uploads\/2023\/06\/guy.jpg\",\"width\":696,\"height\":392},{\"@type\":\"WebPage\",\"@id\":\"https:\/\/www.nettali.com\/2023\/06\/01\/guy-marius-sagna-la-justice-vient-de-confirmer-le-complot-detat\/#webpage\",\"url\":\"https:\/\/www.nettali.com\/2023\/06\/01\/guy-marius-sagna-la-justice-vient-de-confirmer-le-complot-detat\/\",\"name\":\"GUY MARIUS SAGNA - \\\"La justice vient de confirmer le complot d'\\u00c9tat\\\" | Nettali.com\",\"isPartOf\":{\"@id\":\"https:\/\/www.nettali.com\/#website\"},\"primaryImageOfPage\":{\"@id\":\"https:\/\/www.nettali.com\/2023\/06\/01\/guy-marius-sagna-la-justice-vient-de-confirmer-le-complot-detat\/#primaryimage\"},\"datePublished\":\"2023-06-01T18:50:12+00:00\",\"dateModified\":\"2023-06-01T18:50:12+00:00\",\"author\":{\"@id\":\"https:\/\/www.nettali.com\/#\/schema\/person\/bb147657c2986240405a608162b9bb23\"},\"breadcrumb\":{\"@id\":\"https:\/\/www.nettali.com\/2023\/06\/01\/guy-marius-sagna-la-justice-vient-de-confirmer-le-complot-detat\/#breadcrumb\"},\"inLanguage\":\"fr-FR\",\"potentialAction\":[{\"@type\":\"ReadAction\",\"target\":[\"https:\/\/www.nettali.com\/2023\/06\/01\/guy-marius-sagna-la-justice-vient-de-confirmer-le-complot-detat\/\"]}]},{\"@type\":\"BreadcrumbList\",\"@id\":\"https:\/\/www.nettali.com\/2023\/06\/01\/guy-marius-sagna-la-justice-vient-de-confirmer-le-complot-detat\/#breadcrumb\",\"itemListElement\":[{\"@type\":\"ListItem\",\"position\":1,\"name\":\"Accueil\",\"item\":\"https:\/\/www.nettali.com\/\"},{\"@type\":\"ListItem\",\"position\":2,\"name\":\"GUY MARIUS SAGNA - \\\"La justice vient de confirmer le complot d'\\u00c9tat\\\"\"}]},{\"@type\":\"Person\",\"@id\":\"https:\/\/www.nettali.com\/#\/schema\/person\/bb147657c2986240405a608162b9bb23\",\"name\":\"Ibrahima\",\"image\":{\"@type\":\"ImageObject\",\"@id\":\"https:\/\/www.nettali.com\/#personlogo\",\"inLanguage\":\"fr-FR\",\"url\":\"https:\/\/secure.gravatar.com\/avatar\/26a8a81f09f0dd7624c9d5c36c9ba3a2?s=96&d=mm&r=g\",\"contentUrl\":\"https:\/\/secure.gravatar.com\/avatar\/26a8a81f09f0dd7624c9d5c36c9ba3a2?s=96&d=mm&r=g\",\"caption\":\"Ibrahima\"},\"sameAs\":[\"https:\/\/www.nettali.com\"]}]}<\/script>\n<!-- \/ Yoast SEO Premium plugin. -->","yoast_head_json":{"title":"GUY MARIUS SAGNA - \"La justice vient de confirmer le complot d'\u00c9tat\" | Nettali.com","robots":{"index":"index","follow":"follow","max-snippet":"max-snippet:-1","max-image-preview":"max-image-preview:large","max-video-preview":"max-video-preview:-1"},"canonical":"https:\/\/www.nettali.com\/2023\/06\/01\/guy-marius-sagna-la-justice-vient-de-confirmer-le-complot-detat\/","og_locale":"fr_FR","og_type":"article","og_title":"GUY MARIUS SAGNA - \"La justice vient de confirmer le complot d'\u00c9tat\"","og_description":"NETTALI.COM - Le parlementaire Guy Marius Sagna estime que la condamnation de l'opposant Ousmane Sonko dans l'affaire Sweet Beauty est un complot d'\u00c9tat qui vient \u00eatre confirm\u00e9 par la justice. \"La justice vient de confirmer le complot d'\u00c9tat cousu de mensonges d'\u00c9tat de Macky Sall contre Ousmane Sonko. Ousmane Sonko est blanc comme neige comme [&hellip;]","og_url":"https:\/\/www.nettali.com\/2023\/06\/01\/guy-marius-sagna-la-justice-vient-de-confirmer-le-complot-detat\/","og_site_name":"Nettali.com","article_publisher":"https:\/\/www.facebook.com\/nettalicom","article_published_time":"2023-06-01T18:50:12+00:00","og_image":[{"width":696,"height":392,"url":"https:\/\/www.nettali.com\/wp-content\/uploads\/2023\/06\/guy.jpg","type":"image\/jpeg"}],"twitter_card":"summary_large_image","twitter_misc":{"\u00c9crit par":"Ibrahima","Dur\u00e9e de lecture estim\u00e9e":"2 minutes"},"schema":{"@context":"https:\/\/schema.org","@graph":[{"@type":"WebSite","@id":"https:\/\/www.nettali.com\/#website","url":"https:\/\/www.nettali.com\/","name":"Nettali.com","description":"Le rendez-vous critique du Net","potentialAction":[{"@type":"SearchAction","target":{"@type":"EntryPoint","urlTemplate":"https:\/\/www.nettali.com\/?s={search_term_string}"},"query-input":"required name=search_term_string"}],"inLanguage":"fr-FR"},{"@type":"ImageObject","@id":"https:\/\/www.nettali.com\/2023\/06\/01\/guy-marius-sagna-la-justice-vient-de-confirmer-le-complot-detat\/#primaryimage","inLanguage":"fr-FR","url":"https:\/\/www.nettali.com\/wp-content\/uploads\/2023\/06\/guy.jpg","contentUrl":"https:\/\/www.nettali.com\/wp-content\/uploads\/2023\/06\/guy.jpg","width":696,"height":392},{"@type":"WebPage","@id":"https:\/\/www.nettali.com\/2023\/06\/01\/guy-marius-sagna-la-justice-vient-de-confirmer-le-complot-detat\/#webpage","url":"https:\/\/www.nettali.com\/2023\/06\/01\/guy-marius-sagna-la-justice-vient-de-confirmer-le-complot-detat\/","name":"GUY MARIUS SAGNA - \"La justice vient de confirmer le complot d'\u00c9tat\" | Nettali.com","isPartOf":{"@id":"https:\/\/www.nettali.com\/#website"},"primaryImageOfPage":{"@id":"https:\/\/www.nettali.com\/2023\/06\/01\/guy-marius-sagna-la-justice-vient-de-confirmer-le-complot-detat\/#primaryimage"},"datePublished":"2023-06-01T18:50:12+00:00","dateModified":"2023-06-01T18:50:12+00:00","author":{"@id":"https:\/\/www.nettali.com\/#\/schema\/person\/bb147657c2986240405a608162b9bb23"},"breadcrumb":{"@id":"https:\/\/www.nettali.com\/2023\/06\/01\/guy-marius-sagna-la-justice-vient-de-confirmer-le-complot-detat\/#breadcrumb"},"inLanguage":"fr-FR","potentialAction":[{"@type":"ReadAction","target":["https:\/\/www.nettali.com\/2023\/06\/01\/guy-marius-sagna-la-justice-vient-de-confirmer-le-complot-detat\/"]}]},{"@type":"BreadcrumbList","@id":"https:\/\/www.nettali.com\/2023\/06\/01\/guy-marius-sagna-la-justice-vient-de-confirmer-le-complot-detat\/#breadcrumb","itemListElement":[{"@type":"ListItem","position":1,"name":"Accueil","item":"https:\/\/www.nettali.com\/"},{"@type":"ListItem","position":2,"name":"GUY MARIUS SAGNA - \"La justice vient de confirmer le complot d'\u00c9tat\""}]},{"@type":"Person","@id":"https:\/\/www.nettali.com\/#\/schema\/person\/bb147657c2986240405a608162b9bb23","name":"Ibrahima","image":{"@type":"ImageObject","@id":"https:\/\/www.nettali.com\/#personlogo","inLanguage":"fr-FR","url":"https:\/\/secure.gravatar.com\/avatar\/26a8a81f09f0dd7624c9d5c36c9ba3a2?s=96&d=mm&r=g","contentUrl":"https:\/\/secure.gravatar.com\/avatar\/26a8a81f09f0dd7624c9d5c36c9ba3a2?s=96&d=mm&r=g","caption":"Ibrahima"},"sameAs":["https:\/\/www.nettali.com"]}]}},"_links":{"self":[{"href":"https:\/\/www.nettali.com\/rest\/wp\/v2\/posts\/111241"}],"collection":[{"href":"https:\/\/www.nettali.com\/rest\/wp\/v2\/posts"}],"about":[{"href":"https:\/\/www.nettali.com\/rest\/wp\/v2\/types\/post"}],"author":[{"embeddable":true,"href":"https:\/\/www.nettali.com\/rest\/wp\/v2\/users\/5"}],"replies":[{"embeddable":true,"href":"https:\/\/www.nettali.com\/rest\/wp\/v2\/comments?post=111241"}],"version-history":[{"count":3,"href":"https:\/\/www.nettali.com\/rest\/wp\/v2\/posts\/111241\/revisions"}],"predecessor-version":[{"id":111250,"href":"https:\/\/www.nettali.com\/rest\/wp\/v2\/posts\/111241\/revisions\/111250"}],"wp:featuredmedia":[{"embeddable":true,"href":"https:\/\/www.nettali.com\/rest\/wp\/v2\/media\/111243"}],"wp:attachment":[{"href":"https:\/\/www.nettali.com\/rest\/wp\/v2\/media?parent=111241"}],"wp:term":[{"taxonomy":"category","embeddable":true,"href":"https:\/\/www.nettali.com\/rest\/wp\/v2\/categories?post=111241"},{"taxonomy":"post_tag","embeddable":true,"href":"https:\/\/www.nettali.com\/rest\/wp\/v2\/tags?post=111241"}],"curies":[{"name":"wp","href":"https:\/\/api.w.org\/{rel}","templated":true}]}}