{"id":111238,"date":"2023-06-01T18:54:11","date_gmt":"2023-06-01T18:54:11","guid":{"rendered":"https:\/\/www.nettali.com\/?p=111238"},"modified":"2023-06-01T18:54:11","modified_gmt":"2023-06-01T18:54:11","slug":"condamnation-de-sonko-des-affrontements-signales-un-peu-partout-au-senegal","status":"publish","type":"post","link":"https:\/\/www.nettali.com\/2023\/06\/01\/condamnation-de-sonko-des-affrontements-signales-un-peu-partout-au-senegal\/","title":{"rendered":"CONDAMNATION DE SONKO - Des affrontements signal\u00e9s un peu partout au S\u00e9n\u00e9gal"},"content":{"rendered":"<p><strong>NETTALI.COM - Des manifestations sont not\u00e9es ce jeudi 1er juin un peu partout sur le territoire s\u00e9n\u00e9galais apr\u00e8s le verdict du proc\u00e8s pour viol et menaces de mort opposant Ousmane Sonko \u00e0 Adji Sarr.<\/strong><\/p>\n<p>Des affrontements ont \u00e9clat\u00e9 depuis ce jeudi matin \u00e0 l'Universit\u00e9 Cheikh Anta Diop de Dakar. Plusieurs facult\u00e9s dont celle de la M\u00e9decine, des Lettres et des Sciences Juridiques ont \u00e9t\u00e9 compl\u00e8tement saccag\u00e9es. Une dizaine de bus du personnel du COUD est partie en fum\u00e9e. Aux Parcelles Assainies, l'agence Senelec, sise \u00e0 l'unit\u00e9 12 incendie \u00e0 son tour.<\/p>\n<p>A la gare de Colobane, la station d'essence a \u00e9t\u00e9 br\u00fbl\u00e9e, l'autoroute \u00e0 p\u00e9age bloqu\u00e9e par les manifestants. Le TER n'a pas \u00e9t\u00e9 \u00e9pargn\u00e9. La gare de Rufisque a subi la furie de la foule.<\/p>\n<p>A Mbour, le magasin Auchan a \u00e9t\u00e9 incendi\u00e9. A Ziguinchor, d'innombrables d\u00e9g\u00e2ts ont enregistr\u00e9. L'on signale que deux jeunes manifestants ont perdu la vie.<\/p>\n<p>Rappelons que l'opposant Ousmane Sonko a \u00e9t\u00e9 condamn\u00e9 \u00e0 deux ans de prison ferme pour corruption de la jeunesse. Il a \u00e9t\u00e9 acquitt\u00e9 de viols et menaces de mort.<\/p>\n<div class='share-to-whatsapp-wrapper'><div class='share-on-whsp'>PARTAGER SUR : <\/div><a data-text='CONDAMNATION DE SONKO - Des affrontements signal\u00e9s un peu partout au S\u00e9n\u00e9gal' data-link='https:\/\/www.nettali.com\/2023\/06\/01\/condamnation-de-sonko-des-affrontements-signales-un-peu-partout-au-senegal\/' class='whatsapp-button whatsapp-share'>WhatsApp<\/a><div class='clear '><\/div><\/div>","protected":false},"excerpt":{"rendered":"<p>NETTALI.COM - Des manifestations sont not\u00e9es ce jeudi 1er juin un peu partout sur le territoire s\u00e9n\u00e9galais apr\u00e8s le verdict du proc\u00e8s pour viol et menaces de mort opposant Ousmane Sonko \u00e0 Adji Sarr. Des affrontements ont \u00e9clat\u00e9 depuis ce jeudi matin \u00e0 l'Universit\u00e9 Cheikh Anta Diop de Dakar. Plusieurs facult\u00e9s dont celle de la [&hellip;]<\/p>\n","protected":false},"author":5,"featured_media":0,"comment_status":"open","ping_status":"open","sticky":false,"template":"","format":"standard","meta":{"_et_pb_use_builder":"","_et_pb_old_content":""},"categories":[3],"tags":[],"yoast_head":"<!-- This site is optimized with the Yoast SEO Premium plugin v17.8 (Yoast SEO v17.8) - https:\/\/yoast.com\/wordpress\/plugins\/seo\/ -->\n<title>CONDAMNATION DE SONKO - Des affrontements signal\u00e9s un peu partout au S\u00e9n\u00e9gal | Nettali.com<\/title>\n<meta name=\"robots\" content=\"index, follow, max-snippet:-1, max-image-preview:large, max-video-preview:-1\" \/>\n<link rel=\"canonical\" href=\"https:\/\/www.nettali.com\/2023\/06\/01\/condamnation-de-sonko-des-affrontements-signales-un-peu-partout-au-senegal\/\" \/>\n<meta property=\"og:locale\" content=\"fr_FR\" \/>\n<meta property=\"og:type\" content=\"article\" \/>\n<meta property=\"og:title\" content=\"CONDAMNATION DE SONKO - Des affrontements signal\u00e9s un peu partout au S\u00e9n\u00e9gal\" \/>\n<meta property=\"og:description\" content=\"NETTALI.COM - Des manifestations sont not\u00e9es ce jeudi 1er juin un peu partout sur le territoire s\u00e9n\u00e9galais apr\u00e8s le verdict du proc\u00e8s pour viol et menaces de mort opposant Ousmane Sonko \u00e0 Adji Sarr. Des affrontements ont \u00e9clat\u00e9 depuis ce jeudi matin \u00e0 l&#039;Universit\u00e9 Cheikh Anta Diop de Dakar. Plusieurs facult\u00e9s dont celle de la [&hellip;]\" \/>\n<meta property=\"og:url\" content=\"https:\/\/www.nettali.com\/2023\/06\/01\/condamnation-de-sonko-des-affrontements-signales-un-peu-partout-au-senegal\/\" \/>\n<meta property=\"og:site_name\" content=\"Nettali.com\" \/>\n<meta property=\"article:publisher\" content=\"https:\/\/www.facebook.com\/nettalicom\" \/>\n<meta property=\"article:published_time\" content=\"2023-06-01T18:54:11+00:00\" \/>\n<meta property=\"og:image\" content=\"https:\/\/www.nettali.com\/wp-content\/uploads\/2023\/05\/WhatsApp-Image-2023-05-29-at-15.58.14.jpeg\" \/>\n\t<meta property=\"og:image:width\" content=\"608\" \/>\n\t<meta property=\"og:image:height\" content=\"1080\" \/>\n<meta name=\"twitter:card\" content=\"summary_large_image\" \/>\n<meta name=\"twitter:label1\" content=\"\u00c9crit par\" \/>\n\t<meta name=\"twitter:data1\" content=\"Ibrahima\" \/>\n\t<meta name=\"twitter:label2\" content=\"Dur\u00e9e de lecture estim\u00e9e\" \/>\n\t<meta name=\"twitter:data2\" content=\"1 minute\" \/>\n<script type=\"application\/ld+json\" class=\"yoast-schema-graph\">{\"@context\":\"https:\/\/schema.org\",\"@graph\":[{\"@type\":\"WebSite\",\"@id\":\"https:\/\/www.nettali.com\/#website\",\"url\":\"https:\/\/www.nettali.com\/\",\"name\":\"Nettali.com\",\"description\":\"Le rendez-vous critique du Net\",\"potentialAction\":[{\"@type\":\"SearchAction\",\"target\":{\"@type\":\"EntryPoint\",\"urlTemplate\":\"https:\/\/www.nettali.com\/?s={search_term_string}\"},\"query-input\":\"required name=search_term_string\"}],\"inLanguage\":\"fr-FR\"},{\"@type\":\"WebPage\",\"@id\":\"https:\/\/www.nettali.com\/2023\/06\/01\/condamnation-de-sonko-des-affrontements-signales-un-peu-partout-au-senegal\/#webpage\",\"url\":\"https:\/\/www.nettali.com\/2023\/06\/01\/condamnation-de-sonko-des-affrontements-signales-un-peu-partout-au-senegal\/\",\"name\":\"CONDAMNATION DE SONKO - Des affrontements signal\\u00e9s un peu partout au S\\u00e9n\\u00e9gal | Nettali.com\",\"isPartOf\":{\"@id\":\"https:\/\/www.nettali.com\/#website\"},\"datePublished\":\"2023-06-01T18:54:11+00:00\",\"dateModified\":\"2023-06-01T18:54:11+00:00\",\"author\":{\"@id\":\"https:\/\/www.nettali.com\/#\/schema\/person\/bb147657c2986240405a608162b9bb23\"},\"breadcrumb\":{\"@id\":\"https:\/\/www.nettali.com\/2023\/06\/01\/condamnation-de-sonko-des-affrontements-signales-un-peu-partout-au-senegal\/#breadcrumb\"},\"inLanguage\":\"fr-FR\",\"potentialAction\":[{\"@type\":\"ReadAction\",\"target\":[\"https:\/\/www.nettali.com\/2023\/06\/01\/condamnation-de-sonko-des-affrontements-signales-un-peu-partout-au-senegal\/\"]}]},{\"@type\":\"BreadcrumbList\",\"@id\":\"https:\/\/www.nettali.com\/2023\/06\/01\/condamnation-de-sonko-des-affrontements-signales-un-peu-partout-au-senegal\/#breadcrumb\",\"itemListElement\":[{\"@type\":\"ListItem\",\"position\":1,\"name\":\"Accueil\",\"item\":\"https:\/\/www.nettali.com\/\"},{\"@type\":\"ListItem\",\"position\":2,\"name\":\"CONDAMNATION DE SONKO - Des affrontements signal\\u00e9s un peu partout au S\\u00e9n\\u00e9gal\"}]},{\"@type\":\"Person\",\"@id\":\"https:\/\/www.nettali.com\/#\/schema\/person\/bb147657c2986240405a608162b9bb23\",\"name\":\"Ibrahima\",\"image\":{\"@type\":\"ImageObject\",\"@id\":\"https:\/\/www.nettali.com\/#personlogo\",\"inLanguage\":\"fr-FR\",\"url\":\"https:\/\/secure.gravatar.com\/avatar\/26a8a81f09f0dd7624c9d5c36c9ba3a2?s=96&d=mm&r=g\",\"contentUrl\":\"https:\/\/secure.gravatar.com\/avatar\/26a8a81f09f0dd7624c9d5c36c9ba3a2?s=96&d=mm&r=g\",\"caption\":\"Ibrahima\"},\"sameAs\":[\"https:\/\/www.nettali.com\"]}]}<\/script>\n<!-- \/ Yoast SEO Premium plugin. -->","yoast_head_json":{"title":"CONDAMNATION DE SONKO - Des affrontements signal\u00e9s un peu partout au S\u00e9n\u00e9gal | Nettali.com","robots":{"index":"index","follow":"follow","max-snippet":"max-snippet:-1","max-image-preview":"max-image-preview:large","max-video-preview":"max-video-preview:-1"},"canonical":"https:\/\/www.nettali.com\/2023\/06\/01\/condamnation-de-sonko-des-affrontements-signales-un-peu-partout-au-senegal\/","og_locale":"fr_FR","og_type":"article","og_title":"CONDAMNATION DE SONKO - Des affrontements signal\u00e9s un peu partout au S\u00e9n\u00e9gal","og_description":"NETTALI.COM - Des manifestations sont not\u00e9es ce jeudi 1er juin un peu partout sur le territoire s\u00e9n\u00e9galais apr\u00e8s le verdict du proc\u00e8s pour viol et menaces de mort opposant Ousmane Sonko \u00e0 Adji Sarr. Des affrontements ont \u00e9clat\u00e9 depuis ce jeudi matin \u00e0 l'Universit\u00e9 Cheikh Anta Diop de Dakar. Plusieurs facult\u00e9s dont celle de la [&hellip;]","og_url":"https:\/\/www.nettali.com\/2023\/06\/01\/condamnation-de-sonko-des-affrontements-signales-un-peu-partout-au-senegal\/","og_site_name":"Nettali.com","article_publisher":"https:\/\/www.facebook.com\/nettalicom","article_published_time":"2023-06-01T18:54:11+00:00","og_image":[{"width":608,"height":1080,"url":"https:\/\/www.nettali.com\/wp-content\/uploads\/2023\/05\/WhatsApp-Image-2023-05-29-at-15.58.14.jpeg","type":"image\/jpeg"}],"twitter_card":"summary_large_image","twitter_misc":{"\u00c9crit par":"Ibrahima","Dur\u00e9e de lecture estim\u00e9e":"1 minute"},"schema":{"@context":"https:\/\/schema.org","@graph":[{"@type":"WebSite","@id":"https:\/\/www.nettali.com\/#website","url":"https:\/\/www.nettali.com\/","name":"Nettali.com","description":"Le rendez-vous critique du Net","potentialAction":[{"@type":"SearchAction","target":{"@type":"EntryPoint","urlTemplate":"https:\/\/www.nettali.com\/?s={search_term_string}"},"query-input":"required name=search_term_string"}],"inLanguage":"fr-FR"},{"@type":"WebPage","@id":"https:\/\/www.nettali.com\/2023\/06\/01\/condamnation-de-sonko-des-affrontements-signales-un-peu-partout-au-senegal\/#webpage","url":"https:\/\/www.nettali.com\/2023\/06\/01\/condamnation-de-sonko-des-affrontements-signales-un-peu-partout-au-senegal\/","name":"CONDAMNATION DE SONKO - Des affrontements signal\u00e9s un peu partout au S\u00e9n\u00e9gal | Nettali.com","isPartOf":{"@id":"https:\/\/www.nettali.com\/#website"},"datePublished":"2023-06-01T18:54:11+00:00","dateModified":"2023-06-01T18:54:11+00:00","author":{"@id":"https:\/\/www.nettali.com\/#\/schema\/person\/bb147657c2986240405a608162b9bb23"},"breadcrumb":{"@id":"https:\/\/www.nettali.com\/2023\/06\/01\/condamnation-de-sonko-des-affrontements-signales-un-peu-partout-au-senegal\/#breadcrumb"},"inLanguage":"fr-FR","potentialAction":[{"@type":"ReadAction","target":["https:\/\/www.nettali.com\/2023\/06\/01\/condamnation-de-sonko-des-affrontements-signales-un-peu-partout-au-senegal\/"]}]},{"@type":"BreadcrumbList","@id":"https:\/\/www.nettali.com\/2023\/06\/01\/condamnation-de-sonko-des-affrontements-signales-un-peu-partout-au-senegal\/#breadcrumb","itemListElement":[{"@type":"ListItem","position":1,"name":"Accueil","item":"https:\/\/www.nettali.com\/"},{"@type":"ListItem","position":2,"name":"CONDAMNATION DE SONKO - Des affrontements signal\u00e9s un peu partout au S\u00e9n\u00e9gal"}]},{"@type":"Person","@id":"https:\/\/www.nettali.com\/#\/schema\/person\/bb147657c2986240405a608162b9bb23","name":"Ibrahima","image":{"@type":"ImageObject","@id":"https:\/\/www.nettali.com\/#personlogo","inLanguage":"fr-FR","url":"https:\/\/secure.gravatar.com\/avatar\/26a8a81f09f0dd7624c9d5c36c9ba3a2?s=96&d=mm&r=g","contentUrl":"https:\/\/secure.gravatar.com\/avatar\/26a8a81f09f0dd7624c9d5c36c9ba3a2?s=96&d=mm&r=g","caption":"Ibrahima"},"sameAs":["https:\/\/www.nettali.com"]}]}},"_links":{"self":[{"href":"https:\/\/www.nettali.com\/rest\/wp\/v2\/posts\/111238"}],"collection":[{"href":"https:\/\/www.nettali.com\/rest\/wp\/v2\/posts"}],"about":[{"href":"https:\/\/www.nettali.com\/rest\/wp\/v2\/types\/post"}],"author":[{"embeddable":true,"href":"https:\/\/www.nettali.com\/rest\/wp\/v2\/users\/5"}],"replies":[{"embeddable":true,"href":"https:\/\/www.nettali.com\/rest\/wp\/v2\/comments?post=111238"}],"version-history":[{"count":3,"href":"https:\/\/www.nettali.com\/rest\/wp\/v2\/posts\/111238\/revisions"}],"predecessor-version":[{"id":111252,"href":"https:\/\/www.nettali.com\/rest\/wp\/v2\/posts\/111238\/revisions\/111252"}],"wp:attachment":[{"href":"https:\/\/www.nettali.com\/rest\/wp\/v2\/media?parent=111238"}],"wp:term":[{"taxonomy":"category","embeddable":true,"href":"https:\/\/www.nettali.com\/rest\/wp\/v2\/categories?post=111238"},{"taxonomy":"post_tag","embeddable":true,"href":"https:\/\/www.nettali.com\/rest\/wp\/v2\/tags?post=111238"}],"curies":[{"name":"wp","href":"https:\/\/api.w.org\/{rel}","templated":true}]}}