{"id":111236,"date":"2023-06-01T18:49:14","date_gmt":"2023-06-01T18:49:14","guid":{"rendered":"https:\/\/www.nettali.com\/?p=111236"},"modified":"2023-06-01T23:04:03","modified_gmt":"2023-06-01T23:04:03","slug":"pape-malick-ndour-ministre-de-la-jeunesse-la-justice-a-montre-quelle-est-independante","status":"publish","type":"post","link":"https:\/\/www.nettali.com\/2023\/06\/01\/pape-malick-ndour-ministre-de-la-jeunesse-la-justice-a-montre-quelle-est-independante\/","title":{"rendered":"PAPE MALICK NDOUR, MINISTRE DE LA JEUNESSE : \"La justice a montr\u00e9 qu\u2019elle est ind\u00e9pendante\""},"content":{"rendered":"<p><strong>NETTALI.COM - \u00abLa justice a montr\u00e9 qu\u2019elle est ind\u00e9pendante. \u00bb Du moins c'est l'avis du ministre de la Jeunesse, Pape Malick Ndour, qui a r\u00e9agi par rapport \u00e0 la condamnation de Ousmane Sonko dans l'affaire Sweet Beaut\u00e9.<\/strong><\/p>\n<p>Le ministre de la Jeunesse a r\u00e9agi suite \u00e0 la condamnation de Ousmane Sonko \u00e0 2 ans ferme pour corruption de la jeunesse. Pour Pape Malick Ndour, la justice a fait son travail en toute ind\u00e9pendance. \u00ab <em>Ce que je peux dire aujourd\u2019hui, c\u2019est ce que toutes les personnes qui nous ont dit dans le pass\u00e9 que la justice n\u2019est pas ind\u00e9pendante, que la justice \u00e9tait au chevet de l\u2019ex\u00e9cutif, doivent revenir pour nous dire de quelle justice elles parlent. La justice a montr\u00e9 qu\u2019elle est ind\u00e9pendante. La justice a montr\u00e9 que c\u2019est sur la base d\u2019\u00e9l\u00e9ments probants qu\u2019elle juge. Elle a jug\u00e9 au b\u00e9n\u00e9fice de Adja Sarr ou Ousmane Sonko, je ne saurai le dire<\/em> \u00bb, a d\u00e9clar\u00e9 M. Ndour.<\/p>\n<p>Par rapport aux sc\u00e8nes de violences ayant entra\u00een\u00e9 des morts d'hommes, le ministre de la Jeunesse a soutenu que l\u2019Etat n\u2019est pas responsable de cette situation. \u00ab<em> ll faut aller chercher la responsabilit\u00e9 l\u00e0 ou les gens appellent \u00e0 la r\u00e9volte. Les gens qui doivent r\u00e9pondre \u00e0 la justice doivent le faire. S\u2019il y\u2019a des responsables \u00e0 chercher, il faut aller chercher \u00e7a chez Ousmane Sonko<\/em> \u00bb.<\/p>\n<div class='share-to-whatsapp-wrapper'><div class='share-on-whsp'>PARTAGER SUR : <\/div><a data-text='PAPE MALICK NDOUR, MINISTRE DE LA JEUNESSE : \"La justice a montr\u00e9 qu\u2019elle est ind\u00e9pendante\"' data-link='https:\/\/www.nettali.com\/2023\/06\/01\/pape-malick-ndour-ministre-de-la-jeunesse-la-justice-a-montre-quelle-est-independante\/' class='whatsapp-button whatsapp-share'>WhatsApp<\/a><div class='clear '><\/div><\/div>","protected":false},"excerpt":{"rendered":"<p>NETTALI.COM - \u00abLa justice a montr\u00e9 qu\u2019elle est ind\u00e9pendante. \u00bb Du moins c'est l'avis du ministre de la Jeunesse, Pape Malick Ndour, qui a r\u00e9agi par rapport \u00e0 la condamnation de Ousmane Sonko dans l'affaire Sweet Beaut\u00e9. Le ministre de la Jeunesse a r\u00e9agi suite \u00e0 la condamnation de Ousmane Sonko \u00e0 2 ans ferme [&hellip;]<\/p>\n","protected":false},"author":6,"featured_media":104370,"comment_status":"open","ping_status":"open","sticky":false,"template":"","format":"standard","meta":{"_et_pb_use_builder":"","_et_pb_old_content":""},"categories":[3],"tags":[],"yoast_head":"<!-- This site is optimized with the Yoast SEO Premium plugin v17.8 (Yoast SEO v17.8) - https:\/\/yoast.com\/wordpress\/plugins\/seo\/ -->\n<title>PAPE MALICK NDOUR, MINISTRE DE LA JEUNESSE : &quot;La justice a montr\u00e9 qu\u2019elle est ind\u00e9pendante&quot; | Nettali.com<\/title>\n<meta name=\"robots\" content=\"index, follow, max-snippet:-1, max-image-preview:large, max-video-preview:-1\" \/>\n<link rel=\"canonical\" href=\"https:\/\/www.nettali.com\/2023\/06\/01\/pape-malick-ndour-ministre-de-la-jeunesse-la-justice-a-montre-quelle-est-independante\/\" \/>\n<meta property=\"og:locale\" content=\"fr_FR\" \/>\n<meta property=\"og:type\" content=\"article\" \/>\n<meta property=\"og:title\" content=\"PAPE MALICK NDOUR, MINISTRE DE LA JEUNESSE : &quot;La justice a montr\u00e9 qu\u2019elle est ind\u00e9pendante&quot;\" \/>\n<meta property=\"og:description\" content=\"NETTALI.COM - \u00abLa justice a montr\u00e9 qu\u2019elle est ind\u00e9pendante. \u00bb Du moins c&#039;est l&#039;avis du ministre de la Jeunesse, Pape Malick Ndour, qui a r\u00e9agi par rapport \u00e0 la condamnation de Ousmane Sonko dans l&#039;affaire Sweet Beaut\u00e9. Le ministre de la Jeunesse a r\u00e9agi suite \u00e0 la condamnation de Ousmane Sonko \u00e0 2 ans ferme [&hellip;]\" \/>\n<meta property=\"og:url\" content=\"https:\/\/www.nettali.com\/2023\/06\/01\/pape-malick-ndour-ministre-de-la-jeunesse-la-justice-a-montre-quelle-est-independante\/\" \/>\n<meta property=\"og:site_name\" content=\"Nettali.com\" \/>\n<meta property=\"article:publisher\" content=\"https:\/\/www.facebook.com\/nettalicom\" \/>\n<meta property=\"article:published_time\" content=\"2023-06-01T18:49:14+00:00\" \/>\n<meta property=\"article:modified_time\" content=\"2023-06-01T23:04:03+00:00\" \/>\n<meta property=\"og:image\" content=\"https:\/\/www.nettali.com\/wp-content\/uploads\/2023\/02\/Sonko-Pape-Malick-Ndour.jpeg\" \/>\n\t<meta property=\"og:image:width\" content=\"1048\" \/>\n\t<meta property=\"og:image:height\" content=\"706\" \/>\n<meta name=\"twitter:card\" content=\"summary_large_image\" \/>\n<meta name=\"twitter:label1\" content=\"\u00c9crit par\" \/>\n\t<meta name=\"twitter:data1\" content=\"Fatou\" \/>\n\t<meta name=\"twitter:label2\" content=\"Dur\u00e9e de lecture estim\u00e9e\" \/>\n\t<meta name=\"twitter:data2\" content=\"2 minutes\" \/>\n<script type=\"application\/ld+json\" class=\"yoast-schema-graph\">{\"@context\":\"https:\/\/schema.org\",\"@graph\":[{\"@type\":\"WebSite\",\"@id\":\"https:\/\/www.nettali.com\/#website\",\"url\":\"https:\/\/www.nettali.com\/\",\"name\":\"Nettali.com\",\"description\":\"Le rendez-vous critique du Net\",\"potentialAction\":[{\"@type\":\"SearchAction\",\"target\":{\"@type\":\"EntryPoint\",\"urlTemplate\":\"https:\/\/www.nettali.com\/?s={search_term_string}\"},\"query-input\":\"required name=search_term_string\"}],\"inLanguage\":\"fr-FR\"},{\"@type\":\"ImageObject\",\"@id\":\"https:\/\/www.nettali.com\/2023\/06\/01\/pape-malick-ndour-ministre-de-la-jeunesse-la-justice-a-montre-quelle-est-independante\/#primaryimage\",\"inLanguage\":\"fr-FR\",\"url\":\"https:\/\/www.nettali.com\/wp-content\/uploads\/2023\/02\/Sonko-Pape-Malick-Ndour.jpeg\",\"contentUrl\":\"https:\/\/www.nettali.com\/wp-content\/uploads\/2023\/02\/Sonko-Pape-Malick-Ndour.jpeg\",\"width\":1048,\"height\":706},{\"@type\":\"WebPage\",\"@id\":\"https:\/\/www.nettali.com\/2023\/06\/01\/pape-malick-ndour-ministre-de-la-jeunesse-la-justice-a-montre-quelle-est-independante\/#webpage\",\"url\":\"https:\/\/www.nettali.com\/2023\/06\/01\/pape-malick-ndour-ministre-de-la-jeunesse-la-justice-a-montre-quelle-est-independante\/\",\"name\":\"PAPE MALICK NDOUR, MINISTRE DE LA JEUNESSE : \\\"La justice a montr\\u00e9 qu\\u2019elle est ind\\u00e9pendante\\\" | Nettali.com\",\"isPartOf\":{\"@id\":\"https:\/\/www.nettali.com\/#website\"},\"primaryImageOfPage\":{\"@id\":\"https:\/\/www.nettali.com\/2023\/06\/01\/pape-malick-ndour-ministre-de-la-jeunesse-la-justice-a-montre-quelle-est-independante\/#primaryimage\"},\"datePublished\":\"2023-06-01T18:49:14+00:00\",\"dateModified\":\"2023-06-01T23:04:03+00:00\",\"author\":{\"@id\":\"https:\/\/www.nettali.com\/#\/schema\/person\/418274a86bdf87caff7a3ef476bd0bbf\"},\"breadcrumb\":{\"@id\":\"https:\/\/www.nettali.com\/2023\/06\/01\/pape-malick-ndour-ministre-de-la-jeunesse-la-justice-a-montre-quelle-est-independante\/#breadcrumb\"},\"inLanguage\":\"fr-FR\",\"potentialAction\":[{\"@type\":\"ReadAction\",\"target\":[\"https:\/\/www.nettali.com\/2023\/06\/01\/pape-malick-ndour-ministre-de-la-jeunesse-la-justice-a-montre-quelle-est-independante\/\"]}]},{\"@type\":\"BreadcrumbList\",\"@id\":\"https:\/\/www.nettali.com\/2023\/06\/01\/pape-malick-ndour-ministre-de-la-jeunesse-la-justice-a-montre-quelle-est-independante\/#breadcrumb\",\"itemListElement\":[{\"@type\":\"ListItem\",\"position\":1,\"name\":\"Accueil\",\"item\":\"https:\/\/www.nettali.com\/\"},{\"@type\":\"ListItem\",\"position\":2,\"name\":\"PAPE MALICK NDOUR, MINISTRE DE LA JEUNESSE : \\\"La justice a montr\\u00e9 qu\\u2019elle est ind\\u00e9pendante\\\"\"}]},{\"@type\":\"Person\",\"@id\":\"https:\/\/www.nettali.com\/#\/schema\/person\/418274a86bdf87caff7a3ef476bd0bbf\",\"name\":\"Fatou\",\"image\":{\"@type\":\"ImageObject\",\"@id\":\"https:\/\/www.nettali.com\/#personlogo\",\"inLanguage\":\"fr-FR\",\"url\":\"https:\/\/secure.gravatar.com\/avatar\/5a9442a2bee7b4dcf167cab035858e9a?s=96&d=mm&r=g\",\"contentUrl\":\"https:\/\/secure.gravatar.com\/avatar\/5a9442a2bee7b4dcf167cab035858e9a?s=96&d=mm&r=g\",\"caption\":\"Fatou\"},\"sameAs\":[\"https:\/\/www.nettali.com\"]}]}<\/script>\n<!-- \/ Yoast SEO Premium plugin. -->","yoast_head_json":{"title":"PAPE MALICK NDOUR, MINISTRE DE LA JEUNESSE : \"La justice a montr\u00e9 qu\u2019elle est ind\u00e9pendante\" | Nettali.com","robots":{"index":"index","follow":"follow","max-snippet":"max-snippet:-1","max-image-preview":"max-image-preview:large","max-video-preview":"max-video-preview:-1"},"canonical":"https:\/\/www.nettali.com\/2023\/06\/01\/pape-malick-ndour-ministre-de-la-jeunesse-la-justice-a-montre-quelle-est-independante\/","og_locale":"fr_FR","og_type":"article","og_title":"PAPE MALICK NDOUR, MINISTRE DE LA JEUNESSE : \"La justice a montr\u00e9 qu\u2019elle est ind\u00e9pendante\"","og_description":"NETTALI.COM - \u00abLa justice a montr\u00e9 qu\u2019elle est ind\u00e9pendante. \u00bb Du moins c'est l'avis du ministre de la Jeunesse, Pape Malick Ndour, qui a r\u00e9agi par rapport \u00e0 la condamnation de Ousmane Sonko dans l'affaire Sweet Beaut\u00e9. Le ministre de la Jeunesse a r\u00e9agi suite \u00e0 la condamnation de Ousmane Sonko \u00e0 2 ans ferme [&hellip;]","og_url":"https:\/\/www.nettali.com\/2023\/06\/01\/pape-malick-ndour-ministre-de-la-jeunesse-la-justice-a-montre-quelle-est-independante\/","og_site_name":"Nettali.com","article_publisher":"https:\/\/www.facebook.com\/nettalicom","article_published_time":"2023-06-01T18:49:14+00:00","article_modified_time":"2023-06-01T23:04:03+00:00","og_image":[{"width":1048,"height":706,"url":"https:\/\/www.nettali.com\/wp-content\/uploads\/2023\/02\/Sonko-Pape-Malick-Ndour.jpeg","type":"image\/jpeg"}],"twitter_card":"summary_large_image","twitter_misc":{"\u00c9crit par":"Fatou","Dur\u00e9e de lecture estim\u00e9e":"2 minutes"},"schema":{"@context":"https:\/\/schema.org","@graph":[{"@type":"WebSite","@id":"https:\/\/www.nettali.com\/#website","url":"https:\/\/www.nettali.com\/","name":"Nettali.com","description":"Le rendez-vous critique du Net","potentialAction":[{"@type":"SearchAction","target":{"@type":"EntryPoint","urlTemplate":"https:\/\/www.nettali.com\/?s={search_term_string}"},"query-input":"required name=search_term_string"}],"inLanguage":"fr-FR"},{"@type":"ImageObject","@id":"https:\/\/www.nettali.com\/2023\/06\/01\/pape-malick-ndour-ministre-de-la-jeunesse-la-justice-a-montre-quelle-est-independante\/#primaryimage","inLanguage":"fr-FR","url":"https:\/\/www.nettali.com\/wp-content\/uploads\/2023\/02\/Sonko-Pape-Malick-Ndour.jpeg","contentUrl":"https:\/\/www.nettali.com\/wp-content\/uploads\/2023\/02\/Sonko-Pape-Malick-Ndour.jpeg","width":1048,"height":706},{"@type":"WebPage","@id":"https:\/\/www.nettali.com\/2023\/06\/01\/pape-malick-ndour-ministre-de-la-jeunesse-la-justice-a-montre-quelle-est-independante\/#webpage","url":"https:\/\/www.nettali.com\/2023\/06\/01\/pape-malick-ndour-ministre-de-la-jeunesse-la-justice-a-montre-quelle-est-independante\/","name":"PAPE MALICK NDOUR, MINISTRE DE LA JEUNESSE : \"La justice a montr\u00e9 qu\u2019elle est ind\u00e9pendante\" | Nettali.com","isPartOf":{"@id":"https:\/\/www.nettali.com\/#website"},"primaryImageOfPage":{"@id":"https:\/\/www.nettali.com\/2023\/06\/01\/pape-malick-ndour-ministre-de-la-jeunesse-la-justice-a-montre-quelle-est-independante\/#primaryimage"},"datePublished":"2023-06-01T18:49:14+00:00","dateModified":"2023-06-01T23:04:03+00:00","author":{"@id":"https:\/\/www.nettali.com\/#\/schema\/person\/418274a86bdf87caff7a3ef476bd0bbf"},"breadcrumb":{"@id":"https:\/\/www.nettali.com\/2023\/06\/01\/pape-malick-ndour-ministre-de-la-jeunesse-la-justice-a-montre-quelle-est-independante\/#breadcrumb"},"inLanguage":"fr-FR","potentialAction":[{"@type":"ReadAction","target":["https:\/\/www.nettali.com\/2023\/06\/01\/pape-malick-ndour-ministre-de-la-jeunesse-la-justice-a-montre-quelle-est-independante\/"]}]},{"@type":"BreadcrumbList","@id":"https:\/\/www.nettali.com\/2023\/06\/01\/pape-malick-ndour-ministre-de-la-jeunesse-la-justice-a-montre-quelle-est-independante\/#breadcrumb","itemListElement":[{"@type":"ListItem","position":1,"name":"Accueil","item":"https:\/\/www.nettali.com\/"},{"@type":"ListItem","position":2,"name":"PAPE MALICK NDOUR, MINISTRE DE LA JEUNESSE : \"La justice a montr\u00e9 qu\u2019elle est ind\u00e9pendante\""}]},{"@type":"Person","@id":"https:\/\/www.nettali.com\/#\/schema\/person\/418274a86bdf87caff7a3ef476bd0bbf","name":"Fatou","image":{"@type":"ImageObject","@id":"https:\/\/www.nettali.com\/#personlogo","inLanguage":"fr-FR","url":"https:\/\/secure.gravatar.com\/avatar\/5a9442a2bee7b4dcf167cab035858e9a?s=96&d=mm&r=g","contentUrl":"https:\/\/secure.gravatar.com\/avatar\/5a9442a2bee7b4dcf167cab035858e9a?s=96&d=mm&r=g","caption":"Fatou"},"sameAs":["https:\/\/www.nettali.com"]}]}},"_links":{"self":[{"href":"https:\/\/www.nettali.com\/rest\/wp\/v2\/posts\/111236"}],"collection":[{"href":"https:\/\/www.nettali.com\/rest\/wp\/v2\/posts"}],"about":[{"href":"https:\/\/www.nettali.com\/rest\/wp\/v2\/types\/post"}],"author":[{"embeddable":true,"href":"https:\/\/www.nettali.com\/rest\/wp\/v2\/users\/6"}],"replies":[{"embeddable":true,"href":"https:\/\/www.nettali.com\/rest\/wp\/v2\/comments?post=111236"}],"version-history":[{"count":4,"href":"https:\/\/www.nettali.com\/rest\/wp\/v2\/posts\/111236\/revisions"}],"predecessor-version":[{"id":111264,"href":"https:\/\/www.nettali.com\/rest\/wp\/v2\/posts\/111236\/revisions\/111264"}],"wp:featuredmedia":[{"embeddable":true,"href":"https:\/\/www.nettali.com\/rest\/wp\/v2\/media\/104370"}],"wp:attachment":[{"href":"https:\/\/www.nettali.com\/rest\/wp\/v2\/media?parent=111236"}],"wp:term":[{"taxonomy":"category","embeddable":true,"href":"https:\/\/www.nettali.com\/rest\/wp\/v2\/categories?post=111236"},{"taxonomy":"post_tag","embeddable":true,"href":"https:\/\/www.nettali.com\/rest\/wp\/v2\/tags?post=111236"}],"curies":[{"name":"wp","href":"https:\/\/api.w.org\/{rel}","templated":true}]}}