{"id":111200,"date":"2023-06-01T13:09:52","date_gmt":"2023-06-01T13:09:52","guid":{"rendered":"https:\/\/www.nettali.com\/?p=111200"},"modified":"2023-06-01T23:05:08","modified_gmt":"2023-06-01T23:05:08","slug":"dr-babacar-diop-un-proces-politique-accouche-dun-verdict-inique","status":"publish","type":"post","link":"https:\/\/www.nettali.com\/2023\/06\/01\/dr-babacar-diop-un-proces-politique-accouche-dun-verdict-inique\/","title":{"rendered":"Dr BABACAR DIOP : \"Un proc\u00e8s politique accouche d'un verdict inique\""},"content":{"rendered":"<p><strong>NETTALI.COM - Leader des \"FDS le Guelwaar\", Dr Babacar Diop a r\u00e9agi \u00e0 la condamnation \u00e0 2 ans de prison de ferme de l\u2019opposant Ousmane Sonko. Il estime qu\u2019 \"<em>un proc\u00e8s politique accouche d'un verdict inique<\/em>\".<\/strong><\/p>\n<p>\"<em>Comme on pouvait s'y attendre, un proc\u00e8s politique accouche d'un verdict inique. Condamner Ousmane Sonko \u00e0 deux ans de prison ferme pour corruption de la jeunesse est la manifestation la plus achev\u00e9e de la corruption de la justice dans notre pays<\/em>\", a r\u00e9agi Dr Diop.<\/p>\n<p>Qui poursuit : \"<em>Ce verdict est \u00e0 la fois un acquittement pour Ousmane Sonko de l'accusation contre le viol et\u00a0 une condamnation morale de la justice contre elle-m\u00eame. La machine judiciaire infernale entre les mains du tyran, a d\u00e9roul\u00e9 ses proc\u00e9dures, ses preuves, son jugement et son ex\u00e9cution sans le moindre souci de v\u00e9rit\u00e9 et de justice. Il faudra du temps pour laver cette souillure morale<\/em>\".<\/p>\n<p>\"<em>Que les Patriotes de Pastef comprennent que le verdict des tribunaux corrompus, est diff\u00e9rent du verdict sup\u00e9rieur de l'histoire. La lutte continue<\/em>\", a-t-il soutenu.<\/p>\n<p>Le leader de Pastef (opposition) Ousmane Sonko a \u00e9t\u00e9 condamn\u00e9 jeudi par la chambre criminelle du tribunal de grande instance de Dakar \u00e0 2 ans d\u2019emprisonnement ferme pour corruption de jeunesse.<\/p>\n<p>M. Sonko a \u00e9t\u00e9 acquitt\u00e9 des faits de viols et de menaces de mort pour lesquels une plainte lui a \u00e9t\u00e9 servie par Adji Sarr, une jeune masseuse de Dakar.<\/p>\n<div class='share-to-whatsapp-wrapper'><div class='share-on-whsp'>PARTAGER SUR : <\/div><a data-text='Dr BABACAR DIOP : \"Un proc\u00e8s politique accouche d'un verdict inique\"' data-link='https:\/\/www.nettali.com\/2023\/06\/01\/dr-babacar-diop-un-proces-politique-accouche-dun-verdict-inique\/' class='whatsapp-button whatsapp-share'>WhatsApp<\/a><div class='clear '><\/div><\/div>","protected":false},"excerpt":{"rendered":"<p>NETTALI.COM - Leader des \"FDS le Guelwaar\", Dr Babacar Diop a r\u00e9agi \u00e0 la condamnation \u00e0 2 ans de prison de ferme de l\u2019opposant Ousmane Sonko. Il estime qu\u2019 \"un proc\u00e8s politique accouche d'un verdict inique\". \"Comme on pouvait s'y attendre, un proc\u00e8s politique accouche d'un verdict inique. Condamner Ousmane Sonko \u00e0 deux ans de [&hellip;]<\/p>\n","protected":false},"author":5,"featured_media":111201,"comment_status":"open","ping_status":"open","sticky":false,"template":"","format":"standard","meta":{"_et_pb_use_builder":"","_et_pb_old_content":""},"categories":[3],"tags":[],"yoast_head":"<!-- This site is optimized with the Yoast SEO Premium plugin v17.8 (Yoast SEO v17.8) - https:\/\/yoast.com\/wordpress\/plugins\/seo\/ -->\n<title>Dr BABACAR DIOP : &quot;Un proc\u00e8s politique accouche d&#039;un verdict inique&quot; | Nettali.com<\/title>\n<meta name=\"robots\" content=\"index, follow, max-snippet:-1, max-image-preview:large, max-video-preview:-1\" \/>\n<link rel=\"canonical\" href=\"https:\/\/www.nettali.com\/2023\/06\/01\/dr-babacar-diop-un-proces-politique-accouche-dun-verdict-inique\/\" \/>\n<meta property=\"og:locale\" content=\"fr_FR\" \/>\n<meta property=\"og:type\" content=\"article\" \/>\n<meta property=\"og:title\" content=\"Dr BABACAR DIOP : &quot;Un proc\u00e8s politique accouche d&#039;un verdict inique&quot;\" \/>\n<meta property=\"og:description\" content=\"NETTALI.COM - Leader des &quot;FDS le Guelwaar&quot;, Dr Babacar Diop a r\u00e9agi \u00e0 la condamnation \u00e0 2 ans de prison de ferme de l\u2019opposant Ousmane Sonko. Il estime qu\u2019 &quot;un proc\u00e8s politique accouche d&#039;un verdict inique&quot;. &quot;Comme on pouvait s&#039;y attendre, un proc\u00e8s politique accouche d&#039;un verdict inique. Condamner Ousmane Sonko \u00e0 deux ans de [&hellip;]\" \/>\n<meta property=\"og:url\" content=\"https:\/\/www.nettali.com\/2023\/06\/01\/dr-babacar-diop-un-proces-politique-accouche-dun-verdict-inique\/\" \/>\n<meta property=\"og:site_name\" content=\"Nettali.com\" \/>\n<meta property=\"article:publisher\" content=\"https:\/\/www.facebook.com\/nettalicom\" \/>\n<meta property=\"article:published_time\" content=\"2023-06-01T13:09:52+00:00\" \/>\n<meta property=\"article:modified_time\" content=\"2023-06-01T23:05:08+00:00\" \/>\n<meta property=\"og:image\" content=\"https:\/\/www.nettali.com\/wp-content\/uploads\/2023\/06\/53707029-40588389.jpg\" \/>\n\t<meta property=\"og:image:width\" content=\"800\" \/>\n\t<meta property=\"og:image:height\" content=\"518\" \/>\n<meta name=\"twitter:card\" content=\"summary_large_image\" \/>\n<meta name=\"twitter:label1\" content=\"\u00c9crit par\" \/>\n\t<meta name=\"twitter:data1\" content=\"Ibrahima\" \/>\n\t<meta name=\"twitter:label2\" content=\"Dur\u00e9e de lecture estim\u00e9e\" \/>\n\t<meta name=\"twitter:data2\" content=\"2 minutes\" \/>\n<script type=\"application\/ld+json\" class=\"yoast-schema-graph\">{\"@context\":\"https:\/\/schema.org\",\"@graph\":[{\"@type\":\"WebSite\",\"@id\":\"https:\/\/www.nettali.com\/#website\",\"url\":\"https:\/\/www.nettali.com\/\",\"name\":\"Nettali.com\",\"description\":\"Le rendez-vous critique du Net\",\"potentialAction\":[{\"@type\":\"SearchAction\",\"target\":{\"@type\":\"EntryPoint\",\"urlTemplate\":\"https:\/\/www.nettali.com\/?s={search_term_string}\"},\"query-input\":\"required name=search_term_string\"}],\"inLanguage\":\"fr-FR\"},{\"@type\":\"ImageObject\",\"@id\":\"https:\/\/www.nettali.com\/2023\/06\/01\/dr-babacar-diop-un-proces-politique-accouche-dun-verdict-inique\/#primaryimage\",\"inLanguage\":\"fr-FR\",\"url\":\"https:\/\/www.nettali.com\/wp-content\/uploads\/2023\/06\/53707029-40588389.jpg\",\"contentUrl\":\"https:\/\/www.nettali.com\/wp-content\/uploads\/2023\/06\/53707029-40588389.jpg\",\"width\":800,\"height\":518},{\"@type\":\"WebPage\",\"@id\":\"https:\/\/www.nettali.com\/2023\/06\/01\/dr-babacar-diop-un-proces-politique-accouche-dun-verdict-inique\/#webpage\",\"url\":\"https:\/\/www.nettali.com\/2023\/06\/01\/dr-babacar-diop-un-proces-politique-accouche-dun-verdict-inique\/\",\"name\":\"Dr BABACAR DIOP : \\\"Un proc\\u00e8s politique accouche d'un verdict inique\\\" | Nettali.com\",\"isPartOf\":{\"@id\":\"https:\/\/www.nettali.com\/#website\"},\"primaryImageOfPage\":{\"@id\":\"https:\/\/www.nettali.com\/2023\/06\/01\/dr-babacar-diop-un-proces-politique-accouche-dun-verdict-inique\/#primaryimage\"},\"datePublished\":\"2023-06-01T13:09:52+00:00\",\"dateModified\":\"2023-06-01T23:05:08+00:00\",\"author\":{\"@id\":\"https:\/\/www.nettali.com\/#\/schema\/person\/bb147657c2986240405a608162b9bb23\"},\"breadcrumb\":{\"@id\":\"https:\/\/www.nettali.com\/2023\/06\/01\/dr-babacar-diop-un-proces-politique-accouche-dun-verdict-inique\/#breadcrumb\"},\"inLanguage\":\"fr-FR\",\"potentialAction\":[{\"@type\":\"ReadAction\",\"target\":[\"https:\/\/www.nettali.com\/2023\/06\/01\/dr-babacar-diop-un-proces-politique-accouche-dun-verdict-inique\/\"]}]},{\"@type\":\"BreadcrumbList\",\"@id\":\"https:\/\/www.nettali.com\/2023\/06\/01\/dr-babacar-diop-un-proces-politique-accouche-dun-verdict-inique\/#breadcrumb\",\"itemListElement\":[{\"@type\":\"ListItem\",\"position\":1,\"name\":\"Accueil\",\"item\":\"https:\/\/www.nettali.com\/\"},{\"@type\":\"ListItem\",\"position\":2,\"name\":\"Dr BABACAR DIOP : \\\"Un proc\\u00e8s politique accouche d'un verdict inique\\\"\"}]},{\"@type\":\"Person\",\"@id\":\"https:\/\/www.nettali.com\/#\/schema\/person\/bb147657c2986240405a608162b9bb23\",\"name\":\"Ibrahima\",\"image\":{\"@type\":\"ImageObject\",\"@id\":\"https:\/\/www.nettali.com\/#personlogo\",\"inLanguage\":\"fr-FR\",\"url\":\"https:\/\/secure.gravatar.com\/avatar\/26a8a81f09f0dd7624c9d5c36c9ba3a2?s=96&d=mm&r=g\",\"contentUrl\":\"https:\/\/secure.gravatar.com\/avatar\/26a8a81f09f0dd7624c9d5c36c9ba3a2?s=96&d=mm&r=g\",\"caption\":\"Ibrahima\"},\"sameAs\":[\"https:\/\/www.nettali.com\"]}]}<\/script>\n<!-- \/ Yoast SEO Premium plugin. -->","yoast_head_json":{"title":"Dr BABACAR DIOP : \"Un proc\u00e8s politique accouche d'un verdict inique\" | Nettali.com","robots":{"index":"index","follow":"follow","max-snippet":"max-snippet:-1","max-image-preview":"max-image-preview:large","max-video-preview":"max-video-preview:-1"},"canonical":"https:\/\/www.nettali.com\/2023\/06\/01\/dr-babacar-diop-un-proces-politique-accouche-dun-verdict-inique\/","og_locale":"fr_FR","og_type":"article","og_title":"Dr BABACAR DIOP : \"Un proc\u00e8s politique accouche d'un verdict inique\"","og_description":"NETTALI.COM - Leader des \"FDS le Guelwaar\", Dr Babacar Diop a r\u00e9agi \u00e0 la condamnation \u00e0 2 ans de prison de ferme de l\u2019opposant Ousmane Sonko. Il estime qu\u2019 \"un proc\u00e8s politique accouche d'un verdict inique\". \"Comme on pouvait s'y attendre, un proc\u00e8s politique accouche d'un verdict inique. Condamner Ousmane Sonko \u00e0 deux ans de [&hellip;]","og_url":"https:\/\/www.nettali.com\/2023\/06\/01\/dr-babacar-diop-un-proces-politique-accouche-dun-verdict-inique\/","og_site_name":"Nettali.com","article_publisher":"https:\/\/www.facebook.com\/nettalicom","article_published_time":"2023-06-01T13:09:52+00:00","article_modified_time":"2023-06-01T23:05:08+00:00","og_image":[{"width":800,"height":518,"url":"https:\/\/www.nettali.com\/wp-content\/uploads\/2023\/06\/53707029-40588389.jpg","type":"image\/jpeg"}],"twitter_card":"summary_large_image","twitter_misc":{"\u00c9crit par":"Ibrahima","Dur\u00e9e de lecture estim\u00e9e":"2 minutes"},"schema":{"@context":"https:\/\/schema.org","@graph":[{"@type":"WebSite","@id":"https:\/\/www.nettali.com\/#website","url":"https:\/\/www.nettali.com\/","name":"Nettali.com","description":"Le rendez-vous critique du Net","potentialAction":[{"@type":"SearchAction","target":{"@type":"EntryPoint","urlTemplate":"https:\/\/www.nettali.com\/?s={search_term_string}"},"query-input":"required name=search_term_string"}],"inLanguage":"fr-FR"},{"@type":"ImageObject","@id":"https:\/\/www.nettali.com\/2023\/06\/01\/dr-babacar-diop-un-proces-politique-accouche-dun-verdict-inique\/#primaryimage","inLanguage":"fr-FR","url":"https:\/\/www.nettali.com\/wp-content\/uploads\/2023\/06\/53707029-40588389.jpg","contentUrl":"https:\/\/www.nettali.com\/wp-content\/uploads\/2023\/06\/53707029-40588389.jpg","width":800,"height":518},{"@type":"WebPage","@id":"https:\/\/www.nettali.com\/2023\/06\/01\/dr-babacar-diop-un-proces-politique-accouche-dun-verdict-inique\/#webpage","url":"https:\/\/www.nettali.com\/2023\/06\/01\/dr-babacar-diop-un-proces-politique-accouche-dun-verdict-inique\/","name":"Dr BABACAR DIOP : \"Un proc\u00e8s politique accouche d'un verdict inique\" | Nettali.com","isPartOf":{"@id":"https:\/\/www.nettali.com\/#website"},"primaryImageOfPage":{"@id":"https:\/\/www.nettali.com\/2023\/06\/01\/dr-babacar-diop-un-proces-politique-accouche-dun-verdict-inique\/#primaryimage"},"datePublished":"2023-06-01T13:09:52+00:00","dateModified":"2023-06-01T23:05:08+00:00","author":{"@id":"https:\/\/www.nettali.com\/#\/schema\/person\/bb147657c2986240405a608162b9bb23"},"breadcrumb":{"@id":"https:\/\/www.nettali.com\/2023\/06\/01\/dr-babacar-diop-un-proces-politique-accouche-dun-verdict-inique\/#breadcrumb"},"inLanguage":"fr-FR","potentialAction":[{"@type":"ReadAction","target":["https:\/\/www.nettali.com\/2023\/06\/01\/dr-babacar-diop-un-proces-politique-accouche-dun-verdict-inique\/"]}]},{"@type":"BreadcrumbList","@id":"https:\/\/www.nettali.com\/2023\/06\/01\/dr-babacar-diop-un-proces-politique-accouche-dun-verdict-inique\/#breadcrumb","itemListElement":[{"@type":"ListItem","position":1,"name":"Accueil","item":"https:\/\/www.nettali.com\/"},{"@type":"ListItem","position":2,"name":"Dr BABACAR DIOP : \"Un proc\u00e8s politique accouche d'un verdict inique\""}]},{"@type":"Person","@id":"https:\/\/www.nettali.com\/#\/schema\/person\/bb147657c2986240405a608162b9bb23","name":"Ibrahima","image":{"@type":"ImageObject","@id":"https:\/\/www.nettali.com\/#personlogo","inLanguage":"fr-FR","url":"https:\/\/secure.gravatar.com\/avatar\/26a8a81f09f0dd7624c9d5c36c9ba3a2?s=96&d=mm&r=g","contentUrl":"https:\/\/secure.gravatar.com\/avatar\/26a8a81f09f0dd7624c9d5c36c9ba3a2?s=96&d=mm&r=g","caption":"Ibrahima"},"sameAs":["https:\/\/www.nettali.com"]}]}},"_links":{"self":[{"href":"https:\/\/www.nettali.com\/rest\/wp\/v2\/posts\/111200"}],"collection":[{"href":"https:\/\/www.nettali.com\/rest\/wp\/v2\/posts"}],"about":[{"href":"https:\/\/www.nettali.com\/rest\/wp\/v2\/types\/post"}],"author":[{"embeddable":true,"href":"https:\/\/www.nettali.com\/rest\/wp\/v2\/users\/5"}],"replies":[{"embeddable":true,"href":"https:\/\/www.nettali.com\/rest\/wp\/v2\/comments?post=111200"}],"version-history":[{"count":4,"href":"https:\/\/www.nettali.com\/rest\/wp\/v2\/posts\/111200\/revisions"}],"predecessor-version":[{"id":111267,"href":"https:\/\/www.nettali.com\/rest\/wp\/v2\/posts\/111200\/revisions\/111267"}],"wp:featuredmedia":[{"embeddable":true,"href":"https:\/\/www.nettali.com\/rest\/wp\/v2\/media\/111201"}],"wp:attachment":[{"href":"https:\/\/www.nettali.com\/rest\/wp\/v2\/media?parent=111200"}],"wp:term":[{"taxonomy":"category","embeddable":true,"href":"https:\/\/www.nettali.com\/rest\/wp\/v2\/categories?post=111200"},{"taxonomy":"post_tag","embeddable":true,"href":"https:\/\/www.nettali.com\/rest\/wp\/v2\/tags?post=111200"}],"curies":[{"name":"wp","href":"https:\/\/api.w.org\/{rel}","templated":true}]}}