{"id":111195,"date":"2023-06-01T13:06:09","date_gmt":"2023-06-01T13:06:09","guid":{"rendered":"https:\/\/www.nettali.com\/?p=111195"},"modified":"2023-06-01T19:59:46","modified_gmt":"2023-06-01T19:59:46","slug":"condamnation-de-ousmane-sonko-la-colere-des-avocats-du-leader-de-pastef","status":"publish","type":"post","link":"https:\/\/www.nettali.com\/2023\/06\/01\/condamnation-de-ousmane-sonko-la-colere-des-avocats-du-leader-de-pastef\/","title":{"rendered":"CONDAMNATION DE OUSMANE SONKO - La col\u00e8re des avocats du leader de Pastef"},"content":{"rendered":"<p><strong>NETTALI.COM - Le <\/strong><span style=\"font-weight: 400;\"><strong>\u00a0verdict est tomb\u00e9 dans le proc\u00e8s pour viol qui oppose le leader du Pastef Ousmane\u00a0 Sonko et Adja Sarr. Ousmane Sonko\u00a0 est condamn\u00e9 \u00e0 une peine de 2 ans ferme. Une d\u00e9cision fustig\u00e9e par ses conseils. <\/strong>\u00a0<\/span><\/p>\n<p>&nbsp;<\/p>\n<p><strong>Me Abdoulaye Tall, avocat de Ousmane Sonko et par ailleurs porte parole de Pastef <\/strong><\/p>\n<p><strong> \u00ab Ousmane Sonko vient de faire l\u2019objet\u00a0 d\u2019une cabale qui n\u2019est jamais arriv\u00e9 dans l\u2019histoire du pays \u00bb<\/strong><\/p>\n<p>\u00ab<em>Vous partez d\u2019un crime de viol avec des lots de\u00a0 morts et avec tous les moyens que l\u2019Etat a d\u00e9ploy\u00e9 jusque l\u00e0 \u00a0avec le\u00a0 lot de d\u00e9g\u00e2ts et de d\u00e9sastre pour que le tribunal vienne dire vous n\u2019avez pas viol\u00e9, mais que vous \u00eates condamn\u00e9 pour\u00a0 corruption de jeunesse. Cela n\u2019est jamais arriv\u00e9 dans l\u2019histoire judiciaire. C\u2019est la premi\u00e8re fois\u00a0 pour une personne accus\u00e9e de viol, voient les faits disqualifi\u00e9s en corruption de jeunesse. Concernant le statut d\u2019\u00e9ligibilit\u00e9 pour le candidat Ousmane Sonko, Me Tall estime le juge n\u2019a pas prononc\u00e9 un mandat d\u2019arr\u00eat. Nous n\u2019en sommes pas \u00e0 une condamnation d\u00e9finitive. On est \u00e0 l\u2019\u00e9tape d\u2019instance. La loi nous donne des voies de recours. On ne peut parler de condamnation d\u00e9finitive. On ne peut pas parler de radiation des listes. On ne peut pas parler d\u2019in\u00e9ligibilit\u00e9. M. Ousmane Sonko vient de faire l\u2019objet\u00a0 d\u2019une cabale qui n\u2019est jamais arriv\u00e9e dans l\u2019histoire du pays et l\u2019agenda judicaire. A notre niveau, nous allons aussi prendre notre responsabilit\u00e9 politiquement\u00a0 et juridiquement pour faire face \u00e0 cette \u00e9ni\u00e8me forfaiture enclench\u00e9e par le r\u00e9gime en place\u00a0 et tendant \u00e0 faire liquid\u00e9 ou \u00e0 faire liquider un\u00a0 opposant<\/em> \u00bb.<\/p>\n<p><strong>Me Cire Cl\u00e9dor Ly, avocat de Ousmane Sonko,<\/strong><\/p>\n<p><strong>\u00a0\u00ab Adja Sarr doit des excuses publiques si... \u00bb.<\/strong><\/p>\n<p>\u00ab <em>Ce qui peut \u00eatre compris, c\u2019est que nul ne peut \u00eatre jug\u00e9 sans qu\u2019il soit mis en mesure de se d\u00e9fendre sur les \u00e9l\u00e9ments qui lui sont reproch\u00e9s. Ousmane Sonko n\u2019a jamais \u00e9t\u00e9 poursuivi pour cette infraction. Il n\u2019y jamais eu d\u2019enqu\u00eate, ni de police, ni judicaire. L\u2019ordonnance de renvoi et de mise en accusation devant la chambre criminelle, n\u2019a jamais jug\u00e9 cette infraction. Cette infraction n\u2019a pas \u00e9t\u00e9 d\u00e9battue \u00e0 l\u2019audience. Le juge ne pouvait que s\u2019en tenir \u00e0 l\u2019acquittement du\u00a0 viol. Il l\u2019a aussi acquitt\u00e9 de l\u2019infraction de menaces de mort. Il fallait que la commande politique parv\u00eent \u00e0 ce qu\u2019une d\u00e9cision soit rendue pour qu\u2019il soit in\u00e9ligible. Il faut arr\u00eater de s\u2019amuser avec tout un peuple. La justice n\u2019est pas un jeu.\u00a0 Tout le monde a pu voir que la gamine Adja Sarr,\u00a0 qui a jou\u00e9 son th\u00e9\u00e2tre, a fondu en larmes. Parce qu\u2019elle s\u2019est rendue en fin de compte qu\u2019elle a \u00e9t\u00e9 utilis\u00e9e et qu\u2019il y a eu beaucoup de morts et beaucoup de maux caus\u00e9s au peuple. Si les commanditaires lui laissent la vie, elle prendra ses responsabilit\u00e9s pour expliquer que tout cela ne rel\u00e8ve que d\u2019un complot d\u2019\u00e9tat et\u00a0 demander pardon au peuple s\u00e9n\u00e9galais. J\u2019ai toujours craint pour la vie de Adji Sarr<\/em>\u00a0\u00bb<\/p>\n<p><strong>Maitre Bamba Ciss\u00e9 <\/strong><\/p>\n<p><strong>\u00a0\u00ab\u00a0L\u2019objectif \u00e9tait de rendre Ousmane Sonko\u00a0 in\u00e9ligible\u00a0\u00bb<\/strong><\/p>\n<p>\u00ab <em>Ousmane Sonko n\u2019a pas viol\u00e9 Adji Sarr. Il n\u2019a pas menac\u00e9 de mort Adji Sarr avec des armes. Je pense qu\u2019il est temps que les choses soient \u00e9claircies. Parce que c\u2019est important. Si on consid\u00e8re que Ousmane Sonko n\u2019a pas viol\u00e9 Adji Sarr, c\u2019est qu\u2019il y a eu une conspiration derri\u00e8re cette affaire-l\u00e0. Il faut que ceux qui sont derri\u00e8re cette affaire de viol, rendent compte. C\u2019est ce que nous r\u00e9clamons. L\u2019objectif \u00e9tait d\u2019emp\u00eacher notre\u00a0 client, candidat d\u00e9clar\u00e9 \u00e0 la Pr\u00e9sidentielle du 25 f\u00e9vrier 2024 d\u2019y participer. La peine est de deux (2) ans. C\u2019est une peine d\u2019in\u00e9ligibilit\u00e9. Qui ne permet pas \u00e0 Ousmane Sonko d\u2019\u00eatre candidat \u00e0 la comp\u00e9tition \u00e9lectorale de 2024. Pour nous de la d\u00e9fense, l\u2019objectif \u00e9tait de salir un homme. Cela n\u2019a pas r\u00e9ussi. L\u2019autre objectif \u00e9tait de le rendre in\u00e9ligible. Cela a eu l\u2019effet escompt\u00e9. C\u2019est la premi\u00e8re fois\u00a0 qu\u2019une personne accus\u00e9e pour viol voit les faits\u00a0 requalifi\u00e9s de corruption de jeunesse.\u00a0 Cette d\u00e9cision n\u2019emp\u00eachera pas Ousmane de rester digne, de d\u00e9rouler son agenda politique<\/em> \u00bb.<\/p>\n<p>&nbsp;<\/p>\n<div class='share-to-whatsapp-wrapper'><div class='share-on-whsp'>PARTAGER SUR : <\/div><a data-text='CONDAMNATION DE OUSMANE SONKO - La col\u00e8re des avocats du leader de Pastef' data-link='https:\/\/www.nettali.com\/2023\/06\/01\/condamnation-de-ousmane-sonko-la-colere-des-avocats-du-leader-de-pastef\/' class='whatsapp-button whatsapp-share'>WhatsApp<\/a><div class='clear '><\/div><\/div>","protected":false},"excerpt":{"rendered":"<p>NETTALI.COM - Le \u00a0verdict est tomb\u00e9 dans le proc\u00e8s pour viol qui oppose le leader du Pastef Ousmane\u00a0 Sonko et Adja Sarr. Ousmane Sonko\u00a0 est condamn\u00e9 \u00e0 une peine de 2 ans ferme. Une d\u00e9cision fustig\u00e9e par ses conseils. \u00a0 &nbsp; Me Abdoulaye Tall, avocat de Ousmane Sonko et par ailleurs porte parole de Pastef [&hellip;]<\/p>\n","protected":false},"author":6,"featured_media":110204,"comment_status":"open","ping_status":"open","sticky":false,"template":"","format":"standard","meta":{"_et_pb_use_builder":"","_et_pb_old_content":""},"categories":[3],"tags":[],"yoast_head":"<!-- This site is optimized with the Yoast SEO Premium plugin v17.8 (Yoast SEO v17.8) - https:\/\/yoast.com\/wordpress\/plugins\/seo\/ -->\n<title>CONDAMNATION DE OUSMANE SONKO - La col\u00e8re des avocats du leader de Pastef | Nettali.com<\/title>\n<meta name=\"robots\" content=\"index, follow, max-snippet:-1, max-image-preview:large, max-video-preview:-1\" \/>\n<link rel=\"canonical\" href=\"https:\/\/www.nettali.com\/2023\/06\/01\/condamnation-de-ousmane-sonko-la-colere-des-avocats-du-leader-de-pastef\/\" \/>\n<meta property=\"og:locale\" content=\"fr_FR\" \/>\n<meta property=\"og:type\" content=\"article\" \/>\n<meta property=\"og:title\" content=\"CONDAMNATION DE OUSMANE SONKO - La col\u00e8re des avocats du leader de Pastef\" \/>\n<meta property=\"og:description\" content=\"NETTALI.COM - Le \u00a0verdict est tomb\u00e9 dans le proc\u00e8s pour viol qui oppose le leader du Pastef Ousmane\u00a0 Sonko et Adja Sarr. Ousmane Sonko\u00a0 est condamn\u00e9 \u00e0 une peine de 2 ans ferme. Une d\u00e9cision fustig\u00e9e par ses conseils. \u00a0 &nbsp; Me Abdoulaye Tall, avocat de Ousmane Sonko et par ailleurs porte parole de Pastef [&hellip;]\" \/>\n<meta property=\"og:url\" content=\"https:\/\/www.nettali.com\/2023\/06\/01\/condamnation-de-ousmane-sonko-la-colere-des-avocats-du-leader-de-pastef\/\" \/>\n<meta property=\"og:site_name\" content=\"Nettali.com\" \/>\n<meta property=\"article:publisher\" content=\"https:\/\/www.facebook.com\/nettalicom\" \/>\n<meta property=\"article:published_time\" content=\"2023-06-01T13:06:09+00:00\" \/>\n<meta property=\"article:modified_time\" content=\"2023-06-01T19:59:46+00:00\" \/>\n<meta property=\"og:image\" content=\"https:\/\/www.nettali.com\/wp-content\/uploads\/2023\/05\/sonko-vs-sarr.jpg\" \/>\n\t<meta property=\"og:image:width\" content=\"1280\" \/>\n\t<meta property=\"og:image:height\" content=\"600\" \/>\n<meta name=\"twitter:card\" content=\"summary_large_image\" \/>\n<meta name=\"twitter:label1\" content=\"\u00c9crit par\" \/>\n\t<meta name=\"twitter:data1\" content=\"Fatou\" \/>\n\t<meta name=\"twitter:label2\" content=\"Dur\u00e9e de lecture estim\u00e9e\" \/>\n\t<meta name=\"twitter:data2\" content=\"4 minutes\" \/>\n<script type=\"application\/ld+json\" class=\"yoast-schema-graph\">{\"@context\":\"https:\/\/schema.org\",\"@graph\":[{\"@type\":\"WebSite\",\"@id\":\"https:\/\/www.nettali.com\/#website\",\"url\":\"https:\/\/www.nettali.com\/\",\"name\":\"Nettali.com\",\"description\":\"Le rendez-vous critique du Net\",\"potentialAction\":[{\"@type\":\"SearchAction\",\"target\":{\"@type\":\"EntryPoint\",\"urlTemplate\":\"https:\/\/www.nettali.com\/?s={search_term_string}\"},\"query-input\":\"required name=search_term_string\"}],\"inLanguage\":\"fr-FR\"},{\"@type\":\"ImageObject\",\"@id\":\"https:\/\/www.nettali.com\/2023\/06\/01\/condamnation-de-ousmane-sonko-la-colere-des-avocats-du-leader-de-pastef\/#primaryimage\",\"inLanguage\":\"fr-FR\",\"url\":\"https:\/\/www.nettali.com\/wp-content\/uploads\/2023\/05\/sonko-vs-sarr.jpg\",\"contentUrl\":\"https:\/\/www.nettali.com\/wp-content\/uploads\/2023\/05\/sonko-vs-sarr.jpg\",\"width\":1280,\"height\":600},{\"@type\":\"WebPage\",\"@id\":\"https:\/\/www.nettali.com\/2023\/06\/01\/condamnation-de-ousmane-sonko-la-colere-des-avocats-du-leader-de-pastef\/#webpage\",\"url\":\"https:\/\/www.nettali.com\/2023\/06\/01\/condamnation-de-ousmane-sonko-la-colere-des-avocats-du-leader-de-pastef\/\",\"name\":\"CONDAMNATION DE OUSMANE SONKO - La col\\u00e8re des avocats du leader de Pastef | Nettali.com\",\"isPartOf\":{\"@id\":\"https:\/\/www.nettali.com\/#website\"},\"primaryImageOfPage\":{\"@id\":\"https:\/\/www.nettali.com\/2023\/06\/01\/condamnation-de-ousmane-sonko-la-colere-des-avocats-du-leader-de-pastef\/#primaryimage\"},\"datePublished\":\"2023-06-01T13:06:09+00:00\",\"dateModified\":\"2023-06-01T19:59:46+00:00\",\"author\":{\"@id\":\"https:\/\/www.nettali.com\/#\/schema\/person\/418274a86bdf87caff7a3ef476bd0bbf\"},\"breadcrumb\":{\"@id\":\"https:\/\/www.nettali.com\/2023\/06\/01\/condamnation-de-ousmane-sonko-la-colere-des-avocats-du-leader-de-pastef\/#breadcrumb\"},\"inLanguage\":\"fr-FR\",\"potentialAction\":[{\"@type\":\"ReadAction\",\"target\":[\"https:\/\/www.nettali.com\/2023\/06\/01\/condamnation-de-ousmane-sonko-la-colere-des-avocats-du-leader-de-pastef\/\"]}]},{\"@type\":\"BreadcrumbList\",\"@id\":\"https:\/\/www.nettali.com\/2023\/06\/01\/condamnation-de-ousmane-sonko-la-colere-des-avocats-du-leader-de-pastef\/#breadcrumb\",\"itemListElement\":[{\"@type\":\"ListItem\",\"position\":1,\"name\":\"Accueil\",\"item\":\"https:\/\/www.nettali.com\/\"},{\"@type\":\"ListItem\",\"position\":2,\"name\":\"CONDAMNATION DE OUSMANE SONKO - La col\\u00e8re des avocats du leader de Pastef\"}]},{\"@type\":\"Person\",\"@id\":\"https:\/\/www.nettali.com\/#\/schema\/person\/418274a86bdf87caff7a3ef476bd0bbf\",\"name\":\"Fatou\",\"image\":{\"@type\":\"ImageObject\",\"@id\":\"https:\/\/www.nettali.com\/#personlogo\",\"inLanguage\":\"fr-FR\",\"url\":\"https:\/\/secure.gravatar.com\/avatar\/5a9442a2bee7b4dcf167cab035858e9a?s=96&d=mm&r=g\",\"contentUrl\":\"https:\/\/secure.gravatar.com\/avatar\/5a9442a2bee7b4dcf167cab035858e9a?s=96&d=mm&r=g\",\"caption\":\"Fatou\"},\"sameAs\":[\"https:\/\/www.nettali.com\"]}]}<\/script>\n<!-- \/ Yoast SEO Premium plugin. -->","yoast_head_json":{"title":"CONDAMNATION DE OUSMANE SONKO - La col\u00e8re des avocats du leader de Pastef | Nettali.com","robots":{"index":"index","follow":"follow","max-snippet":"max-snippet:-1","max-image-preview":"max-image-preview:large","max-video-preview":"max-video-preview:-1"},"canonical":"https:\/\/www.nettali.com\/2023\/06\/01\/condamnation-de-ousmane-sonko-la-colere-des-avocats-du-leader-de-pastef\/","og_locale":"fr_FR","og_type":"article","og_title":"CONDAMNATION DE OUSMANE SONKO - La col\u00e8re des avocats du leader de Pastef","og_description":"NETTALI.COM - Le \u00a0verdict est tomb\u00e9 dans le proc\u00e8s pour viol qui oppose le leader du Pastef Ousmane\u00a0 Sonko et Adja Sarr. Ousmane Sonko\u00a0 est condamn\u00e9 \u00e0 une peine de 2 ans ferme. Une d\u00e9cision fustig\u00e9e par ses conseils. \u00a0 &nbsp; Me Abdoulaye Tall, avocat de Ousmane Sonko et par ailleurs porte parole de Pastef [&hellip;]","og_url":"https:\/\/www.nettali.com\/2023\/06\/01\/condamnation-de-ousmane-sonko-la-colere-des-avocats-du-leader-de-pastef\/","og_site_name":"Nettali.com","article_publisher":"https:\/\/www.facebook.com\/nettalicom","article_published_time":"2023-06-01T13:06:09+00:00","article_modified_time":"2023-06-01T19:59:46+00:00","og_image":[{"width":1280,"height":600,"url":"https:\/\/www.nettali.com\/wp-content\/uploads\/2023\/05\/sonko-vs-sarr.jpg","type":"image\/jpeg"}],"twitter_card":"summary_large_image","twitter_misc":{"\u00c9crit par":"Fatou","Dur\u00e9e de lecture estim\u00e9e":"4 minutes"},"schema":{"@context":"https:\/\/schema.org","@graph":[{"@type":"WebSite","@id":"https:\/\/www.nettali.com\/#website","url":"https:\/\/www.nettali.com\/","name":"Nettali.com","description":"Le rendez-vous critique du Net","potentialAction":[{"@type":"SearchAction","target":{"@type":"EntryPoint","urlTemplate":"https:\/\/www.nettali.com\/?s={search_term_string}"},"query-input":"required name=search_term_string"}],"inLanguage":"fr-FR"},{"@type":"ImageObject","@id":"https:\/\/www.nettali.com\/2023\/06\/01\/condamnation-de-ousmane-sonko-la-colere-des-avocats-du-leader-de-pastef\/#primaryimage","inLanguage":"fr-FR","url":"https:\/\/www.nettali.com\/wp-content\/uploads\/2023\/05\/sonko-vs-sarr.jpg","contentUrl":"https:\/\/www.nettali.com\/wp-content\/uploads\/2023\/05\/sonko-vs-sarr.jpg","width":1280,"height":600},{"@type":"WebPage","@id":"https:\/\/www.nettali.com\/2023\/06\/01\/condamnation-de-ousmane-sonko-la-colere-des-avocats-du-leader-de-pastef\/#webpage","url":"https:\/\/www.nettali.com\/2023\/06\/01\/condamnation-de-ousmane-sonko-la-colere-des-avocats-du-leader-de-pastef\/","name":"CONDAMNATION DE OUSMANE SONKO - La col\u00e8re des avocats du leader de Pastef | Nettali.com","isPartOf":{"@id":"https:\/\/www.nettali.com\/#website"},"primaryImageOfPage":{"@id":"https:\/\/www.nettali.com\/2023\/06\/01\/condamnation-de-ousmane-sonko-la-colere-des-avocats-du-leader-de-pastef\/#primaryimage"},"datePublished":"2023-06-01T13:06:09+00:00","dateModified":"2023-06-01T19:59:46+00:00","author":{"@id":"https:\/\/www.nettali.com\/#\/schema\/person\/418274a86bdf87caff7a3ef476bd0bbf"},"breadcrumb":{"@id":"https:\/\/www.nettali.com\/2023\/06\/01\/condamnation-de-ousmane-sonko-la-colere-des-avocats-du-leader-de-pastef\/#breadcrumb"},"inLanguage":"fr-FR","potentialAction":[{"@type":"ReadAction","target":["https:\/\/www.nettali.com\/2023\/06\/01\/condamnation-de-ousmane-sonko-la-colere-des-avocats-du-leader-de-pastef\/"]}]},{"@type":"BreadcrumbList","@id":"https:\/\/www.nettali.com\/2023\/06\/01\/condamnation-de-ousmane-sonko-la-colere-des-avocats-du-leader-de-pastef\/#breadcrumb","itemListElement":[{"@type":"ListItem","position":1,"name":"Accueil","item":"https:\/\/www.nettali.com\/"},{"@type":"ListItem","position":2,"name":"CONDAMNATION DE OUSMANE SONKO - La col\u00e8re des avocats du leader de Pastef"}]},{"@type":"Person","@id":"https:\/\/www.nettali.com\/#\/schema\/person\/418274a86bdf87caff7a3ef476bd0bbf","name":"Fatou","image":{"@type":"ImageObject","@id":"https:\/\/www.nettali.com\/#personlogo","inLanguage":"fr-FR","url":"https:\/\/secure.gravatar.com\/avatar\/5a9442a2bee7b4dcf167cab035858e9a?s=96&d=mm&r=g","contentUrl":"https:\/\/secure.gravatar.com\/avatar\/5a9442a2bee7b4dcf167cab035858e9a?s=96&d=mm&r=g","caption":"Fatou"},"sameAs":["https:\/\/www.nettali.com"]}]}},"_links":{"self":[{"href":"https:\/\/www.nettali.com\/rest\/wp\/v2\/posts\/111195"}],"collection":[{"href":"https:\/\/www.nettali.com\/rest\/wp\/v2\/posts"}],"about":[{"href":"https:\/\/www.nettali.com\/rest\/wp\/v2\/types\/post"}],"author":[{"embeddable":true,"href":"https:\/\/www.nettali.com\/rest\/wp\/v2\/users\/6"}],"replies":[{"embeddable":true,"href":"https:\/\/www.nettali.com\/rest\/wp\/v2\/comments?post=111195"}],"version-history":[{"count":7,"href":"https:\/\/www.nettali.com\/rest\/wp\/v2\/posts\/111195\/revisions"}],"predecessor-version":[{"id":111218,"href":"https:\/\/www.nettali.com\/rest\/wp\/v2\/posts\/111195\/revisions\/111218"}],"wp:featuredmedia":[{"embeddable":true,"href":"https:\/\/www.nettali.com\/rest\/wp\/v2\/media\/110204"}],"wp:attachment":[{"href":"https:\/\/www.nettali.com\/rest\/wp\/v2\/media?parent=111195"}],"wp:term":[{"taxonomy":"category","embeddable":true,"href":"https:\/\/www.nettali.com\/rest\/wp\/v2\/categories?post=111195"},{"taxonomy":"post_tag","embeddable":true,"href":"https:\/\/www.nettali.com\/rest\/wp\/v2\/tags?post=111195"}],"curies":[{"name":"wp","href":"https:\/\/api.w.org\/{rel}","templated":true}]}}