{"id":111193,"date":"2023-06-01T11:59:48","date_gmt":"2023-06-01T11:59:48","guid":{"rendered":"https:\/\/www.nettali.com\/?p=111193"},"modified":"2023-06-01T11:59:48","modified_gmt":"2023-06-01T11:59:48","slug":"organisation-can-2027-la-caf-pas-encore-seduite-par-le-dossier-du-senegal","status":"publish","type":"post","link":"https:\/\/www.nettali.com\/2023\/06\/01\/organisation-can-2027-la-caf-pas-encore-seduite-par-le-dossier-du-senegal\/","title":{"rendered":"ORGANISATION CAN 2027 - La CAF pas encore s\u00e9duite par le dossier du S\u00e9n\u00e9gal"},"content":{"rendered":"<p><strong>NETTALI.COM - D\u00e9pos\u00e9 le 22 mai dernier par trois membres d\u2019une d\u00e9l\u00e9gation s\u00e9n\u00e9galaise compos\u00e9e de 3 personnes dont Victor Ciss qui s\u2019\u00e9taient rendus au Caire, le premier dossier de candidature du S\u00e9n\u00e9gal pour la CAN 2027 n\u2019\u00e9tait pas solide, r\u00e9v\u00e8le le journal Source A.<\/strong><\/p>\n<p>Dans sa livraison du jour, le quotidien soutient que la CAF a formul\u00e9 des observations au S\u00e9n\u00e9gal qui doit lui pr\u00e9senter une copie plus s\u00e9rieuse. Jeudi dernier, une r\u00e9union a eu lieu avec les services de l\u2019\u00c9tat afin de constituer un nouveau dossier. Un second dossier de 192 pages doit ainsi \u00eatre envoy\u00e9 au Caire avant le 3 juin.<\/p>\n<p>Afin d\u2019\u00e9viter toute erreur, il sera exp\u00e9di\u00e9 ce jeudi 1er juin. Cinq villes sont retenues pour accueillir la CAN 2027 : Dakar, Thi\u00e8s, Ziguinchor, Kaolack et Saint-Louis. La d\u00e9cision finale concernant le pays h\u00f4te sera annonc\u00e9e par la CAF en septembre. Cependant, avant cela, des visites d\u2019inspection auront lieu chez les candidats entre le 1er et le 15 juillet.<\/p>\n<div class='share-to-whatsapp-wrapper'><div class='share-on-whsp'>PARTAGER SUR : <\/div><a data-text='ORGANISATION CAN 2027 - La CAF pas encore s\u00e9duite par le dossier du S\u00e9n\u00e9gal' data-link='https:\/\/www.nettali.com\/2023\/06\/01\/organisation-can-2027-la-caf-pas-encore-seduite-par-le-dossier-du-senegal\/' class='whatsapp-button whatsapp-share'>WhatsApp<\/a><div class='clear '><\/div><\/div>","protected":false},"excerpt":{"rendered":"<p>NETTALI.COM - D\u00e9pos\u00e9 le 22 mai dernier par trois membres d\u2019une d\u00e9l\u00e9gation s\u00e9n\u00e9galaise compos\u00e9e de 3 personnes dont Victor Ciss qui s\u2019\u00e9taient rendus au Caire, le premier dossier de candidature du S\u00e9n\u00e9gal pour la CAN 2027 n\u2019\u00e9tait pas solide, r\u00e9v\u00e8le le journal Source A. Dans sa livraison du jour, le quotidien soutient que la CAF [&hellip;]<\/p>\n","protected":false},"author":5,"featured_media":110803,"comment_status":"open","ping_status":"open","sticky":false,"template":"","format":"standard","meta":{"_et_pb_use_builder":"","_et_pb_old_content":""},"categories":[6],"tags":[],"yoast_head":"<!-- This site is optimized with the Yoast SEO Premium plugin v17.8 (Yoast SEO v17.8) - https:\/\/yoast.com\/wordpress\/plugins\/seo\/ -->\n<title>ORGANISATION CAN 2027 - La CAF pas encore s\u00e9duite par le dossier du S\u00e9n\u00e9gal | Nettali.com<\/title>\n<meta name=\"robots\" content=\"index, follow, max-snippet:-1, max-image-preview:large, max-video-preview:-1\" \/>\n<link rel=\"canonical\" href=\"https:\/\/www.nettali.com\/2023\/06\/01\/organisation-can-2027-la-caf-pas-encore-seduite-par-le-dossier-du-senegal\/\" \/>\n<meta property=\"og:locale\" content=\"fr_FR\" \/>\n<meta property=\"og:type\" content=\"article\" \/>\n<meta property=\"og:title\" content=\"ORGANISATION CAN 2027 - La CAF pas encore s\u00e9duite par le dossier du S\u00e9n\u00e9gal\" \/>\n<meta property=\"og:description\" content=\"NETTALI.COM - D\u00e9pos\u00e9 le 22 mai dernier par trois membres d\u2019une d\u00e9l\u00e9gation s\u00e9n\u00e9galaise compos\u00e9e de 3 personnes dont Victor Ciss qui s\u2019\u00e9taient rendus au Caire, le premier dossier de candidature du S\u00e9n\u00e9gal pour la CAN 2027 n\u2019\u00e9tait pas solide, r\u00e9v\u00e8le le journal Source A. Dans sa livraison du jour, le quotidien soutient que la CAF [&hellip;]\" \/>\n<meta property=\"og:url\" content=\"https:\/\/www.nettali.com\/2023\/06\/01\/organisation-can-2027-la-caf-pas-encore-seduite-par-le-dossier-du-senegal\/\" \/>\n<meta property=\"og:site_name\" content=\"Nettali.com\" \/>\n<meta property=\"article:publisher\" content=\"https:\/\/www.facebook.com\/nettalicom\" \/>\n<meta property=\"article:published_time\" content=\"2023-06-01T11:59:48+00:00\" \/>\n<meta property=\"og:image\" content=\"https:\/\/www.nettali.com\/wp-content\/uploads\/2023\/05\/Screenshot_20220206-224623.png\" \/>\n\t<meta property=\"og:image:width\" content=\"720\" \/>\n\t<meta property=\"og:image:height\" content=\"467\" \/>\n<meta name=\"twitter:card\" content=\"summary_large_image\" \/>\n<meta name=\"twitter:label1\" content=\"\u00c9crit par\" \/>\n\t<meta name=\"twitter:data1\" content=\"Ibrahima\" \/>\n\t<meta name=\"twitter:label2\" content=\"Dur\u00e9e de lecture estim\u00e9e\" \/>\n\t<meta name=\"twitter:data2\" content=\"1 minute\" \/>\n<script type=\"application\/ld+json\" class=\"yoast-schema-graph\">{\"@context\":\"https:\/\/schema.org\",\"@graph\":[{\"@type\":\"WebSite\",\"@id\":\"https:\/\/www.nettali.com\/#website\",\"url\":\"https:\/\/www.nettali.com\/\",\"name\":\"Nettali.com\",\"description\":\"Le rendez-vous critique du Net\",\"potentialAction\":[{\"@type\":\"SearchAction\",\"target\":{\"@type\":\"EntryPoint\",\"urlTemplate\":\"https:\/\/www.nettali.com\/?s={search_term_string}\"},\"query-input\":\"required name=search_term_string\"}],\"inLanguage\":\"fr-FR\"},{\"@type\":\"ImageObject\",\"@id\":\"https:\/\/www.nettali.com\/2023\/06\/01\/organisation-can-2027-la-caf-pas-encore-seduite-par-le-dossier-du-senegal\/#primaryimage\",\"inLanguage\":\"fr-FR\",\"url\":\"https:\/\/www.nettali.com\/wp-content\/uploads\/2023\/05\/Screenshot_20220206-224623.png\",\"contentUrl\":\"https:\/\/www.nettali.com\/wp-content\/uploads\/2023\/05\/Screenshot_20220206-224623.png\",\"width\":720,\"height\":467},{\"@type\":\"WebPage\",\"@id\":\"https:\/\/www.nettali.com\/2023\/06\/01\/organisation-can-2027-la-caf-pas-encore-seduite-par-le-dossier-du-senegal\/#webpage\",\"url\":\"https:\/\/www.nettali.com\/2023\/06\/01\/organisation-can-2027-la-caf-pas-encore-seduite-par-le-dossier-du-senegal\/\",\"name\":\"ORGANISATION CAN 2027 - La CAF pas encore s\\u00e9duite par le dossier du S\\u00e9n\\u00e9gal | Nettali.com\",\"isPartOf\":{\"@id\":\"https:\/\/www.nettali.com\/#website\"},\"primaryImageOfPage\":{\"@id\":\"https:\/\/www.nettali.com\/2023\/06\/01\/organisation-can-2027-la-caf-pas-encore-seduite-par-le-dossier-du-senegal\/#primaryimage\"},\"datePublished\":\"2023-06-01T11:59:48+00:00\",\"dateModified\":\"2023-06-01T11:59:48+00:00\",\"author\":{\"@id\":\"https:\/\/www.nettali.com\/#\/schema\/person\/bb147657c2986240405a608162b9bb23\"},\"breadcrumb\":{\"@id\":\"https:\/\/www.nettali.com\/2023\/06\/01\/organisation-can-2027-la-caf-pas-encore-seduite-par-le-dossier-du-senegal\/#breadcrumb\"},\"inLanguage\":\"fr-FR\",\"potentialAction\":[{\"@type\":\"ReadAction\",\"target\":[\"https:\/\/www.nettali.com\/2023\/06\/01\/organisation-can-2027-la-caf-pas-encore-seduite-par-le-dossier-du-senegal\/\"]}]},{\"@type\":\"BreadcrumbList\",\"@id\":\"https:\/\/www.nettali.com\/2023\/06\/01\/organisation-can-2027-la-caf-pas-encore-seduite-par-le-dossier-du-senegal\/#breadcrumb\",\"itemListElement\":[{\"@type\":\"ListItem\",\"position\":1,\"name\":\"Accueil\",\"item\":\"https:\/\/www.nettali.com\/\"},{\"@type\":\"ListItem\",\"position\":2,\"name\":\"ORGANISATION CAN 2027 - La CAF pas encore s\\u00e9duite par le dossier du S\\u00e9n\\u00e9gal\"}]},{\"@type\":\"Person\",\"@id\":\"https:\/\/www.nettali.com\/#\/schema\/person\/bb147657c2986240405a608162b9bb23\",\"name\":\"Ibrahima\",\"image\":{\"@type\":\"ImageObject\",\"@id\":\"https:\/\/www.nettali.com\/#personlogo\",\"inLanguage\":\"fr-FR\",\"url\":\"https:\/\/secure.gravatar.com\/avatar\/26a8a81f09f0dd7624c9d5c36c9ba3a2?s=96&d=mm&r=g\",\"contentUrl\":\"https:\/\/secure.gravatar.com\/avatar\/26a8a81f09f0dd7624c9d5c36c9ba3a2?s=96&d=mm&r=g\",\"caption\":\"Ibrahima\"},\"sameAs\":[\"https:\/\/www.nettali.com\"]}]}<\/script>\n<!-- \/ Yoast SEO Premium plugin. -->","yoast_head_json":{"title":"ORGANISATION CAN 2027 - La CAF pas encore s\u00e9duite par le dossier du S\u00e9n\u00e9gal | Nettali.com","robots":{"index":"index","follow":"follow","max-snippet":"max-snippet:-1","max-image-preview":"max-image-preview:large","max-video-preview":"max-video-preview:-1"},"canonical":"https:\/\/www.nettali.com\/2023\/06\/01\/organisation-can-2027-la-caf-pas-encore-seduite-par-le-dossier-du-senegal\/","og_locale":"fr_FR","og_type":"article","og_title":"ORGANISATION CAN 2027 - La CAF pas encore s\u00e9duite par le dossier du S\u00e9n\u00e9gal","og_description":"NETTALI.COM - D\u00e9pos\u00e9 le 22 mai dernier par trois membres d\u2019une d\u00e9l\u00e9gation s\u00e9n\u00e9galaise compos\u00e9e de 3 personnes dont Victor Ciss qui s\u2019\u00e9taient rendus au Caire, le premier dossier de candidature du S\u00e9n\u00e9gal pour la CAN 2027 n\u2019\u00e9tait pas solide, r\u00e9v\u00e8le le journal Source A. Dans sa livraison du jour, le quotidien soutient que la CAF [&hellip;]","og_url":"https:\/\/www.nettali.com\/2023\/06\/01\/organisation-can-2027-la-caf-pas-encore-seduite-par-le-dossier-du-senegal\/","og_site_name":"Nettali.com","article_publisher":"https:\/\/www.facebook.com\/nettalicom","article_published_time":"2023-06-01T11:59:48+00:00","og_image":[{"width":720,"height":467,"url":"https:\/\/www.nettali.com\/wp-content\/uploads\/2023\/05\/Screenshot_20220206-224623.png","type":"image\/png"}],"twitter_card":"summary_large_image","twitter_misc":{"\u00c9crit par":"Ibrahima","Dur\u00e9e de lecture estim\u00e9e":"1 minute"},"schema":{"@context":"https:\/\/schema.org","@graph":[{"@type":"WebSite","@id":"https:\/\/www.nettali.com\/#website","url":"https:\/\/www.nettali.com\/","name":"Nettali.com","description":"Le rendez-vous critique du Net","potentialAction":[{"@type":"SearchAction","target":{"@type":"EntryPoint","urlTemplate":"https:\/\/www.nettali.com\/?s={search_term_string}"},"query-input":"required name=search_term_string"}],"inLanguage":"fr-FR"},{"@type":"ImageObject","@id":"https:\/\/www.nettali.com\/2023\/06\/01\/organisation-can-2027-la-caf-pas-encore-seduite-par-le-dossier-du-senegal\/#primaryimage","inLanguage":"fr-FR","url":"https:\/\/www.nettali.com\/wp-content\/uploads\/2023\/05\/Screenshot_20220206-224623.png","contentUrl":"https:\/\/www.nettali.com\/wp-content\/uploads\/2023\/05\/Screenshot_20220206-224623.png","width":720,"height":467},{"@type":"WebPage","@id":"https:\/\/www.nettali.com\/2023\/06\/01\/organisation-can-2027-la-caf-pas-encore-seduite-par-le-dossier-du-senegal\/#webpage","url":"https:\/\/www.nettali.com\/2023\/06\/01\/organisation-can-2027-la-caf-pas-encore-seduite-par-le-dossier-du-senegal\/","name":"ORGANISATION CAN 2027 - La CAF pas encore s\u00e9duite par le dossier du S\u00e9n\u00e9gal | Nettali.com","isPartOf":{"@id":"https:\/\/www.nettali.com\/#website"},"primaryImageOfPage":{"@id":"https:\/\/www.nettali.com\/2023\/06\/01\/organisation-can-2027-la-caf-pas-encore-seduite-par-le-dossier-du-senegal\/#primaryimage"},"datePublished":"2023-06-01T11:59:48+00:00","dateModified":"2023-06-01T11:59:48+00:00","author":{"@id":"https:\/\/www.nettali.com\/#\/schema\/person\/bb147657c2986240405a608162b9bb23"},"breadcrumb":{"@id":"https:\/\/www.nettali.com\/2023\/06\/01\/organisation-can-2027-la-caf-pas-encore-seduite-par-le-dossier-du-senegal\/#breadcrumb"},"inLanguage":"fr-FR","potentialAction":[{"@type":"ReadAction","target":["https:\/\/www.nettali.com\/2023\/06\/01\/organisation-can-2027-la-caf-pas-encore-seduite-par-le-dossier-du-senegal\/"]}]},{"@type":"BreadcrumbList","@id":"https:\/\/www.nettali.com\/2023\/06\/01\/organisation-can-2027-la-caf-pas-encore-seduite-par-le-dossier-du-senegal\/#breadcrumb","itemListElement":[{"@type":"ListItem","position":1,"name":"Accueil","item":"https:\/\/www.nettali.com\/"},{"@type":"ListItem","position":2,"name":"ORGANISATION CAN 2027 - La CAF pas encore s\u00e9duite par le dossier du S\u00e9n\u00e9gal"}]},{"@type":"Person","@id":"https:\/\/www.nettali.com\/#\/schema\/person\/bb147657c2986240405a608162b9bb23","name":"Ibrahima","image":{"@type":"ImageObject","@id":"https:\/\/www.nettali.com\/#personlogo","inLanguage":"fr-FR","url":"https:\/\/secure.gravatar.com\/avatar\/26a8a81f09f0dd7624c9d5c36c9ba3a2?s=96&d=mm&r=g","contentUrl":"https:\/\/secure.gravatar.com\/avatar\/26a8a81f09f0dd7624c9d5c36c9ba3a2?s=96&d=mm&r=g","caption":"Ibrahima"},"sameAs":["https:\/\/www.nettali.com"]}]}},"_links":{"self":[{"href":"https:\/\/www.nettali.com\/rest\/wp\/v2\/posts\/111193"}],"collection":[{"href":"https:\/\/www.nettali.com\/rest\/wp\/v2\/posts"}],"about":[{"href":"https:\/\/www.nettali.com\/rest\/wp\/v2\/types\/post"}],"author":[{"embeddable":true,"href":"https:\/\/www.nettali.com\/rest\/wp\/v2\/users\/5"}],"replies":[{"embeddable":true,"href":"https:\/\/www.nettali.com\/rest\/wp\/v2\/comments?post=111193"}],"version-history":[{"count":3,"href":"https:\/\/www.nettali.com\/rest\/wp\/v2\/posts\/111193\/revisions"}],"predecessor-version":[{"id":111198,"href":"https:\/\/www.nettali.com\/rest\/wp\/v2\/posts\/111193\/revisions\/111198"}],"wp:featuredmedia":[{"embeddable":true,"href":"https:\/\/www.nettali.com\/rest\/wp\/v2\/media\/110803"}],"wp:attachment":[{"href":"https:\/\/www.nettali.com\/rest\/wp\/v2\/media?parent=111193"}],"wp:term":[{"taxonomy":"category","embeddable":true,"href":"https:\/\/www.nettali.com\/rest\/wp\/v2\/categories?post=111193"},{"taxonomy":"post_tag","embeddable":true,"href":"https:\/\/www.nettali.com\/rest\/wp\/v2\/tags?post=111193"}],"curies":[{"name":"wp","href":"https:\/\/api.w.org\/{rel}","templated":true}]}}