{"id":111088,"date":"2023-05-31T17:44:48","date_gmt":"2023-05-31T17:44:48","guid":{"rendered":"https:\/\/www.nettali.com\/?p=111088"},"modified":"2023-05-31T17:44:48","modified_gmt":"2023-05-31T17:44:48","slug":"eliminatoires-can-2023-aliou-cisse-publie-sa-liste-ce-vendredi","status":"publish","type":"post","link":"https:\/\/www.nettali.com\/2023\/05\/31\/eliminatoires-can-2023-aliou-cisse-publie-sa-liste-ce-vendredi\/","title":{"rendered":"\u00c9LIMINATOIRES CAN 2023 - Aliou Ciss\u00e9 publie sa liste ce vendredi"},"content":{"rendered":"<p><strong>NETTALI.COM - Le s\u00e9lectionneur de l\u2019\u00e9quipe du S\u00e9n\u00e9gal de football, Aliou Ciss\u00e9, va proc\u00e9der vendredi \u00e0 la publication de sa liste en perspectives du match contre le B\u00e9nin le 17 juin prochain comptant pour la cinqui\u00e8me journ\u00e9e des \u00e9liminatoires de la Coupe d\u2019Afrique des nations 2023.<\/strong><\/p>\n<p>Cette publication se fera au cours d\u2019une conf\u00e9rence de presse pr\u00e9vue vendredi 2 juin, \u00e0 Dakar, a pr\u00e9cis\u00e9 un communiqu\u00e9 de la F\u00e9d\u00e9ration s\u00e9n\u00e9galaise de football (FSF).<\/p>\n<p>Le s\u00e9lectionneur de l\u2019\u00e9quipe nationale va rendre publique la liste des joueurs convoqu\u00e9s pour les deux prochains matchs de l\u2019\u00e9quipe nationale pr\u00e9vus le 17 juin contre le B\u00e9nin et le 20 du m\u00eame mois contre le Br\u00e9sil en match amical international.<\/p>\n<p>Les Lions feront le voyage \u00e0 Cotonou, un match comptant pour la cinqui\u00e8me journ\u00e9e des \u00e9liminatoires de la Coupe d\u2019Afrique des nations 2023. Cette comp\u00e9tition se d\u00e9roulera du 13 janvier au 11 f\u00e9vrier 2024 en C\u00f4te d\u2019Ivoire.\u00a0 Abidjan, Bouak\u00e9, Korhogo, San-P\u00e9dro et Yamoussoukro sont les cinq villes ivoiriennes qui abriteront la comp\u00e9tition.<\/p>\n<p>L\u2019\u00e9quipe du S\u00e9n\u00e9gal, tenante du titre, a d\u00e9j\u00e0 valid\u00e9 son ticket \u00e0 deux journ\u00e9es de la fin des \u00e9liminatoires pr\u00e9vue en juin et septembre. Cinq autres \u00e9quipes sont aussi qualifi\u00e9es avant la fin de la campagne des \u00e9liminatoires. Il s\u2019agit du Burkina Faso, de l\u2019Afrique du Sud, de l\u2019Alg\u00e9rie, du Maroc et de la Tunisie.<\/p>\n<p>Vingt-quatre \u00e9quipes participeront \u00e0 cette 34e \u00e9dition de la CAN. Le tirage au sort des phases de poules aura lieu le 12 octobre prochain.<\/p>\n<p>72 heures apr\u00e8s le match contre les Ecureuils du B\u00e9nin, les partenaires de Sadio Man\u00e9 vont rencontrer le Br\u00e9sil de Neymar Jr en match amical. Cette affiche de prestige aura lieu \u00e0 Lisbonne, la capitale du Portugal.<\/p>\n<div class='share-to-whatsapp-wrapper'><div class='share-on-whsp'>PARTAGER SUR : <\/div><a data-text='\u00c9LIMINATOIRES CAN 2023 - Aliou Ciss\u00e9 publie sa liste ce vendredi' data-link='https:\/\/www.nettali.com\/2023\/05\/31\/eliminatoires-can-2023-aliou-cisse-publie-sa-liste-ce-vendredi\/' class='whatsapp-button whatsapp-share'>WhatsApp<\/a><div class='clear '><\/div><\/div>","protected":false},"excerpt":{"rendered":"<p>NETTALI.COM - Le s\u00e9lectionneur de l\u2019\u00e9quipe du S\u00e9n\u00e9gal de football, Aliou Ciss\u00e9, va proc\u00e9der vendredi \u00e0 la publication de sa liste en perspectives du match contre le B\u00e9nin le 17 juin prochain comptant pour la cinqui\u00e8me journ\u00e9e des \u00e9liminatoires de la Coupe d\u2019Afrique des nations 2023. Cette publication se fera au cours d\u2019une conf\u00e9rence de [&hellip;]<\/p>\n","protected":false},"author":5,"featured_media":94353,"comment_status":"open","ping_status":"open","sticky":false,"template":"","format":"standard","meta":{"_et_pb_use_builder":"","_et_pb_old_content":""},"categories":[6],"tags":[],"yoast_head":"<!-- This site is optimized with the Yoast SEO Premium plugin v17.8 (Yoast SEO v17.8) - https:\/\/yoast.com\/wordpress\/plugins\/seo\/ -->\n<title>\u00c9LIMINATOIRES CAN 2023 - Aliou Ciss\u00e9 publie sa liste ce vendredi | Nettali.com<\/title>\n<meta name=\"robots\" content=\"index, follow, max-snippet:-1, max-image-preview:large, max-video-preview:-1\" \/>\n<link rel=\"canonical\" href=\"https:\/\/www.nettali.com\/2023\/05\/31\/eliminatoires-can-2023-aliou-cisse-publie-sa-liste-ce-vendredi\/\" \/>\n<meta property=\"og:locale\" content=\"fr_FR\" \/>\n<meta property=\"og:type\" content=\"article\" \/>\n<meta property=\"og:title\" content=\"\u00c9LIMINATOIRES CAN 2023 - Aliou Ciss\u00e9 publie sa liste ce vendredi\" \/>\n<meta property=\"og:description\" content=\"NETTALI.COM - Le s\u00e9lectionneur de l\u2019\u00e9quipe du S\u00e9n\u00e9gal de football, Aliou Ciss\u00e9, va proc\u00e9der vendredi \u00e0 la publication de sa liste en perspectives du match contre le B\u00e9nin le 17 juin prochain comptant pour la cinqui\u00e8me journ\u00e9e des \u00e9liminatoires de la Coupe d\u2019Afrique des nations 2023. Cette publication se fera au cours d\u2019une conf\u00e9rence de [&hellip;]\" \/>\n<meta property=\"og:url\" content=\"https:\/\/www.nettali.com\/2023\/05\/31\/eliminatoires-can-2023-aliou-cisse-publie-sa-liste-ce-vendredi\/\" \/>\n<meta property=\"og:site_name\" content=\"Nettali.com\" \/>\n<meta property=\"article:publisher\" content=\"https:\/\/www.facebook.com\/nettalicom\" \/>\n<meta property=\"article:published_time\" content=\"2023-05-31T17:44:48+00:00\" \/>\n<meta property=\"og:image\" content=\"https:\/\/www.nettali.com\/wp-content\/uploads\/2022\/09\/Aliou-Cisse-devoile-la-liste-de-ses-joueurs-Senegal.jpg\" \/>\n\t<meta property=\"og:image:width\" content=\"1024\" \/>\n\t<meta property=\"og:image:height\" content=\"632\" \/>\n<meta name=\"twitter:card\" content=\"summary_large_image\" \/>\n<meta name=\"twitter:label1\" content=\"\u00c9crit par\" \/>\n\t<meta name=\"twitter:data1\" content=\"Ibrahima\" \/>\n\t<meta name=\"twitter:label2\" content=\"Dur\u00e9e de lecture estim\u00e9e\" \/>\n\t<meta name=\"twitter:data2\" content=\"2 minutes\" \/>\n<script type=\"application\/ld+json\" class=\"yoast-schema-graph\">{\"@context\":\"https:\/\/schema.org\",\"@graph\":[{\"@type\":\"WebSite\",\"@id\":\"https:\/\/www.nettali.com\/#website\",\"url\":\"https:\/\/www.nettali.com\/\",\"name\":\"Nettali.com\",\"description\":\"Le rendez-vous critique du Net\",\"potentialAction\":[{\"@type\":\"SearchAction\",\"target\":{\"@type\":\"EntryPoint\",\"urlTemplate\":\"https:\/\/www.nettali.com\/?s={search_term_string}\"},\"query-input\":\"required name=search_term_string\"}],\"inLanguage\":\"fr-FR\"},{\"@type\":\"ImageObject\",\"@id\":\"https:\/\/www.nettali.com\/2023\/05\/31\/eliminatoires-can-2023-aliou-cisse-publie-sa-liste-ce-vendredi\/#primaryimage\",\"inLanguage\":\"fr-FR\",\"url\":\"https:\/\/www.nettali.com\/wp-content\/uploads\/2022\/09\/Aliou-Cisse-devoile-la-liste-de-ses-joueurs-Senegal.jpg\",\"contentUrl\":\"https:\/\/www.nettali.com\/wp-content\/uploads\/2022\/09\/Aliou-Cisse-devoile-la-liste-de-ses-joueurs-Senegal.jpg\",\"width\":1024,\"height\":632},{\"@type\":\"WebPage\",\"@id\":\"https:\/\/www.nettali.com\/2023\/05\/31\/eliminatoires-can-2023-aliou-cisse-publie-sa-liste-ce-vendredi\/#webpage\",\"url\":\"https:\/\/www.nettali.com\/2023\/05\/31\/eliminatoires-can-2023-aliou-cisse-publie-sa-liste-ce-vendredi\/\",\"name\":\"\\u00c9LIMINATOIRES CAN 2023 - Aliou Ciss\\u00e9 publie sa liste ce vendredi | Nettali.com\",\"isPartOf\":{\"@id\":\"https:\/\/www.nettali.com\/#website\"},\"primaryImageOfPage\":{\"@id\":\"https:\/\/www.nettali.com\/2023\/05\/31\/eliminatoires-can-2023-aliou-cisse-publie-sa-liste-ce-vendredi\/#primaryimage\"},\"datePublished\":\"2023-05-31T17:44:48+00:00\",\"dateModified\":\"2023-05-31T17:44:48+00:00\",\"author\":{\"@id\":\"https:\/\/www.nettali.com\/#\/schema\/person\/bb147657c2986240405a608162b9bb23\"},\"breadcrumb\":{\"@id\":\"https:\/\/www.nettali.com\/2023\/05\/31\/eliminatoires-can-2023-aliou-cisse-publie-sa-liste-ce-vendredi\/#breadcrumb\"},\"inLanguage\":\"fr-FR\",\"potentialAction\":[{\"@type\":\"ReadAction\",\"target\":[\"https:\/\/www.nettali.com\/2023\/05\/31\/eliminatoires-can-2023-aliou-cisse-publie-sa-liste-ce-vendredi\/\"]}]},{\"@type\":\"BreadcrumbList\",\"@id\":\"https:\/\/www.nettali.com\/2023\/05\/31\/eliminatoires-can-2023-aliou-cisse-publie-sa-liste-ce-vendredi\/#breadcrumb\",\"itemListElement\":[{\"@type\":\"ListItem\",\"position\":1,\"name\":\"Accueil\",\"item\":\"https:\/\/www.nettali.com\/\"},{\"@type\":\"ListItem\",\"position\":2,\"name\":\"\\u00c9LIMINATOIRES CAN 2023 - Aliou Ciss\\u00e9 publie sa liste ce vendredi\"}]},{\"@type\":\"Person\",\"@id\":\"https:\/\/www.nettali.com\/#\/schema\/person\/bb147657c2986240405a608162b9bb23\",\"name\":\"Ibrahima\",\"image\":{\"@type\":\"ImageObject\",\"@id\":\"https:\/\/www.nettali.com\/#personlogo\",\"inLanguage\":\"fr-FR\",\"url\":\"https:\/\/secure.gravatar.com\/avatar\/26a8a81f09f0dd7624c9d5c36c9ba3a2?s=96&d=mm&r=g\",\"contentUrl\":\"https:\/\/secure.gravatar.com\/avatar\/26a8a81f09f0dd7624c9d5c36c9ba3a2?s=96&d=mm&r=g\",\"caption\":\"Ibrahima\"},\"sameAs\":[\"https:\/\/www.nettali.com\"]}]}<\/script>\n<!-- \/ Yoast SEO Premium plugin. -->","yoast_head_json":{"title":"\u00c9LIMINATOIRES CAN 2023 - Aliou Ciss\u00e9 publie sa liste ce vendredi | Nettali.com","robots":{"index":"index","follow":"follow","max-snippet":"max-snippet:-1","max-image-preview":"max-image-preview:large","max-video-preview":"max-video-preview:-1"},"canonical":"https:\/\/www.nettali.com\/2023\/05\/31\/eliminatoires-can-2023-aliou-cisse-publie-sa-liste-ce-vendredi\/","og_locale":"fr_FR","og_type":"article","og_title":"\u00c9LIMINATOIRES CAN 2023 - Aliou Ciss\u00e9 publie sa liste ce vendredi","og_description":"NETTALI.COM - Le s\u00e9lectionneur de l\u2019\u00e9quipe du S\u00e9n\u00e9gal de football, Aliou Ciss\u00e9, va proc\u00e9der vendredi \u00e0 la publication de sa liste en perspectives du match contre le B\u00e9nin le 17 juin prochain comptant pour la cinqui\u00e8me journ\u00e9e des \u00e9liminatoires de la Coupe d\u2019Afrique des nations 2023. Cette publication se fera au cours d\u2019une conf\u00e9rence de [&hellip;]","og_url":"https:\/\/www.nettali.com\/2023\/05\/31\/eliminatoires-can-2023-aliou-cisse-publie-sa-liste-ce-vendredi\/","og_site_name":"Nettali.com","article_publisher":"https:\/\/www.facebook.com\/nettalicom","article_published_time":"2023-05-31T17:44:48+00:00","og_image":[{"width":1024,"height":632,"url":"https:\/\/www.nettali.com\/wp-content\/uploads\/2022\/09\/Aliou-Cisse-devoile-la-liste-de-ses-joueurs-Senegal.jpg","type":"image\/jpeg"}],"twitter_card":"summary_large_image","twitter_misc":{"\u00c9crit par":"Ibrahima","Dur\u00e9e de lecture estim\u00e9e":"2 minutes"},"schema":{"@context":"https:\/\/schema.org","@graph":[{"@type":"WebSite","@id":"https:\/\/www.nettali.com\/#website","url":"https:\/\/www.nettali.com\/","name":"Nettali.com","description":"Le rendez-vous critique du Net","potentialAction":[{"@type":"SearchAction","target":{"@type":"EntryPoint","urlTemplate":"https:\/\/www.nettali.com\/?s={search_term_string}"},"query-input":"required name=search_term_string"}],"inLanguage":"fr-FR"},{"@type":"ImageObject","@id":"https:\/\/www.nettali.com\/2023\/05\/31\/eliminatoires-can-2023-aliou-cisse-publie-sa-liste-ce-vendredi\/#primaryimage","inLanguage":"fr-FR","url":"https:\/\/www.nettali.com\/wp-content\/uploads\/2022\/09\/Aliou-Cisse-devoile-la-liste-de-ses-joueurs-Senegal.jpg","contentUrl":"https:\/\/www.nettali.com\/wp-content\/uploads\/2022\/09\/Aliou-Cisse-devoile-la-liste-de-ses-joueurs-Senegal.jpg","width":1024,"height":632},{"@type":"WebPage","@id":"https:\/\/www.nettali.com\/2023\/05\/31\/eliminatoires-can-2023-aliou-cisse-publie-sa-liste-ce-vendredi\/#webpage","url":"https:\/\/www.nettali.com\/2023\/05\/31\/eliminatoires-can-2023-aliou-cisse-publie-sa-liste-ce-vendredi\/","name":"\u00c9LIMINATOIRES CAN 2023 - Aliou Ciss\u00e9 publie sa liste ce vendredi | Nettali.com","isPartOf":{"@id":"https:\/\/www.nettali.com\/#website"},"primaryImageOfPage":{"@id":"https:\/\/www.nettali.com\/2023\/05\/31\/eliminatoires-can-2023-aliou-cisse-publie-sa-liste-ce-vendredi\/#primaryimage"},"datePublished":"2023-05-31T17:44:48+00:00","dateModified":"2023-05-31T17:44:48+00:00","author":{"@id":"https:\/\/www.nettali.com\/#\/schema\/person\/bb147657c2986240405a608162b9bb23"},"breadcrumb":{"@id":"https:\/\/www.nettali.com\/2023\/05\/31\/eliminatoires-can-2023-aliou-cisse-publie-sa-liste-ce-vendredi\/#breadcrumb"},"inLanguage":"fr-FR","potentialAction":[{"@type":"ReadAction","target":["https:\/\/www.nettali.com\/2023\/05\/31\/eliminatoires-can-2023-aliou-cisse-publie-sa-liste-ce-vendredi\/"]}]},{"@type":"BreadcrumbList","@id":"https:\/\/www.nettali.com\/2023\/05\/31\/eliminatoires-can-2023-aliou-cisse-publie-sa-liste-ce-vendredi\/#breadcrumb","itemListElement":[{"@type":"ListItem","position":1,"name":"Accueil","item":"https:\/\/www.nettali.com\/"},{"@type":"ListItem","position":2,"name":"\u00c9LIMINATOIRES CAN 2023 - Aliou Ciss\u00e9 publie sa liste ce vendredi"}]},{"@type":"Person","@id":"https:\/\/www.nettali.com\/#\/schema\/person\/bb147657c2986240405a608162b9bb23","name":"Ibrahima","image":{"@type":"ImageObject","@id":"https:\/\/www.nettali.com\/#personlogo","inLanguage":"fr-FR","url":"https:\/\/secure.gravatar.com\/avatar\/26a8a81f09f0dd7624c9d5c36c9ba3a2?s=96&d=mm&r=g","contentUrl":"https:\/\/secure.gravatar.com\/avatar\/26a8a81f09f0dd7624c9d5c36c9ba3a2?s=96&d=mm&r=g","caption":"Ibrahima"},"sameAs":["https:\/\/www.nettali.com"]}]}},"_links":{"self":[{"href":"https:\/\/www.nettali.com\/rest\/wp\/v2\/posts\/111088"}],"collection":[{"href":"https:\/\/www.nettali.com\/rest\/wp\/v2\/posts"}],"about":[{"href":"https:\/\/www.nettali.com\/rest\/wp\/v2\/types\/post"}],"author":[{"embeddable":true,"href":"https:\/\/www.nettali.com\/rest\/wp\/v2\/users\/5"}],"replies":[{"embeddable":true,"href":"https:\/\/www.nettali.com\/rest\/wp\/v2\/comments?post=111088"}],"version-history":[{"count":3,"href":"https:\/\/www.nettali.com\/rest\/wp\/v2\/posts\/111088\/revisions"}],"predecessor-version":[{"id":111091,"href":"https:\/\/www.nettali.com\/rest\/wp\/v2\/posts\/111088\/revisions\/111091"}],"wp:featuredmedia":[{"embeddable":true,"href":"https:\/\/www.nettali.com\/rest\/wp\/v2\/media\/94353"}],"wp:attachment":[{"href":"https:\/\/www.nettali.com\/rest\/wp\/v2\/media?parent=111088"}],"wp:term":[{"taxonomy":"category","embeddable":true,"href":"https:\/\/www.nettali.com\/rest\/wp\/v2\/categories?post=111088"},{"taxonomy":"post_tag","embeddable":true,"href":"https:\/\/www.nettali.com\/rest\/wp\/v2\/tags?post=111088"}],"curies":[{"name":"wp","href":"https:\/\/api.w.org\/{rel}","templated":true}]}}