{"id":111086,"date":"2023-05-31T17:46:15","date_gmt":"2023-05-31T17:46:15","guid":{"rendered":"https:\/\/www.nettali.com\/?p=111086"},"modified":"2023-05-31T19:06:11","modified_gmt":"2023-05-31T19:06:11","slug":"deferrement-de-alioune-sane-le-mouvement-yen-a-marre-et-f24-exigent-la-liberation-de-leur-coordonnateur","status":"publish","type":"post","link":"https:\/\/www.nettali.com\/2023\/05\/31\/deferrement-de-alioune-sane-le-mouvement-yen-a-marre-et-f24-exigent-la-liberation-de-leur-coordonnateur\/","title":{"rendered":"JUSTICE - Y'en a marre et le F24 exigent la lib\u00e9ration d'Alioune San\u00e9"},"content":{"rendered":"<p><strong>NETTALI.COM - Le coordonnateur du mouvement Y\u2019en a marre Aliou San\u00e9 a \u00e9t\u00e9 d\u00e9ferr\u00e9 au parquet aujourd\u2019hui. Le mouvement Y\u2019en marre et la plate forme F24 sont mont\u00e9s au cr\u00e9neau pour exiger la lib\u00e9ration de leur camarde<\/strong> <strong>lors d\u2019une conf\u00e9rence de presse tenue, ce mercredi 31 mai 2023.<\/strong><\/p>\n<p>Le mouvement F24 et Y\u2019en a marre ont exig\u00e9 la lib\u00e9ration sans condition de leur camarade Aliou San\u00e9. Face \u00e0 la presse ce mercredi 31 mai 2023, Malal Tall alias Fou malade et Cie n\u2019y sont pas all\u00e9s par quatre chemins pour d\u00e9noncer l\u2019arrestation de leur camarade et coordonnateur. \u00ab <em>L\u2019arrestation arbitraire de Aliou San\u00e9, suivie de sa garde \u00e0 vue et de son d\u00e9ferrement rel\u00e8ve d'une d\u00e9marche visant \u00e0 d\u00e9capiter des organisations critiques \u00e0 l'\u00e9gard du pouvoir<\/em>\u00bb, ont-ils d\u00e9nonc\u00e9. Non sans se d\u00e9soler de ces pratiques qui consistent \u00e0 gazer des opposants, \u00e0 interdire des manifestations, \u00e0 bloquer des si\u00e8ges de partis.<\/p>\n<p>Les deux plateformes ont fustig\u00e9 \u00ab<em>les arrestations massives, la r\u00e9pression disproportionn\u00e9e et l'instrumentalisation de la justice \u00e0 des fins politiques qui ont conduit \u00e0 la radicalisation d'une partie du corps social et engendr\u00e9 l'escalade de la violence qui vire \u00e0 la vendetta.<\/em> \u00bb<\/p>\n<p>\u00ab <em>Des voitures et des maisons saccag\u00e9es, des caravanes attaqu\u00e9es, un leader politique enlev\u00e9 puis s\u00e9questr\u00e9, des rues jalonn\u00e9es de blind\u00e9s, des policiers et des gendarmes fortement arm\u00e9s, des nervis et des jeunes en col\u00e8re qui se toisent. Tel est le visage qu'offre la capitale s\u00e9n\u00e9galaise ce 31 mai 2023<\/em>\u00bb, ont-il pest\u00e9.<\/p>\n<p>Pour parer \u00e0 toutes \u00e9ventualit\u00e9s, le F24 a pr\u00f4n\u00e9 un dialogue du peuple qui permettra de t\u00e2ter le pouls de ce dernier afin de dessiner en pointill\u00e9 ce que devrait \u00eatre le S\u00e9n\u00e9gal de demain d\u00e9barrass\u00e9 du pr\u00e9sidentialisme monarchiste.<\/p>\n<p>Pour rappel , le coordonateur du mouvement Y\u2019a en Marre a \u00e9t\u00e9 arr\u00eat\u00e9 , lundi 29 mai 2023 , alors qu\u2019il partait chez Ousmane Sonko \u00e0 la cit\u00e9 Keur Gorgui. Il a \u00e9t\u00e9 d\u00e9f\u00e9r\u00e9 pour participation \u00e0 une manifestation non d\u00e9clar\u00e9e et trouble \u00e0 l'ordre public..<\/p>\n<div class='share-to-whatsapp-wrapper'><div class='share-on-whsp'>PARTAGER SUR : <\/div><a data-text='JUSTICE - Y'en a marre et le F24 exigent la lib\u00e9ration d'Alioune San\u00e9' data-link='https:\/\/www.nettali.com\/2023\/05\/31\/deferrement-de-alioune-sane-le-mouvement-yen-a-marre-et-f24-exigent-la-liberation-de-leur-coordonnateur\/' class='whatsapp-button whatsapp-share'>WhatsApp<\/a><div class='clear '><\/div><\/div>","protected":false},"excerpt":{"rendered":"<p>NETTALI.COM - Le coordonnateur du mouvement Y\u2019en a marre Aliou San\u00e9 a \u00e9t\u00e9 d\u00e9ferr\u00e9 au parquet aujourd\u2019hui. Le mouvement Y\u2019en marre et la plate forme F24 sont mont\u00e9s au cr\u00e9neau pour exiger la lib\u00e9ration de leur camarde lors d\u2019une conf\u00e9rence de presse tenue, ce mercredi 31 mai 2023. Le mouvement F24 et Y\u2019en a marre [&hellip;]<\/p>\n","protected":false},"author":6,"featured_media":110060,"comment_status":"open","ping_status":"open","sticky":false,"template":"","format":"standard","meta":{"_et_pb_use_builder":"","_et_pb_old_content":""},"categories":[2],"tags":[],"yoast_head":"<!-- This site is optimized with the Yoast SEO Premium plugin v17.8 (Yoast SEO v17.8) - https:\/\/yoast.com\/wordpress\/plugins\/seo\/ -->\n<title>JUSTICE - Y&#039;en a marre et le F24 exigent la lib\u00e9ration d&#039;Alioune San\u00e9 | Nettali.com<\/title>\n<meta name=\"robots\" content=\"index, follow, max-snippet:-1, max-image-preview:large, max-video-preview:-1\" \/>\n<link rel=\"canonical\" href=\"https:\/\/www.nettali.com\/2023\/05\/31\/deferrement-de-alioune-sane-le-mouvement-yen-a-marre-et-f24-exigent-la-liberation-de-leur-coordonnateur\/\" \/>\n<meta property=\"og:locale\" content=\"fr_FR\" \/>\n<meta property=\"og:type\" content=\"article\" \/>\n<meta property=\"og:title\" content=\"JUSTICE - Y&#039;en a marre et le F24 exigent la lib\u00e9ration d&#039;Alioune San\u00e9\" \/>\n<meta property=\"og:description\" content=\"NETTALI.COM - Le coordonnateur du mouvement Y\u2019en a marre Aliou San\u00e9 a \u00e9t\u00e9 d\u00e9ferr\u00e9 au parquet aujourd\u2019hui. Le mouvement Y\u2019en marre et la plate forme F24 sont mont\u00e9s au cr\u00e9neau pour exiger la lib\u00e9ration de leur camarde lors d\u2019une conf\u00e9rence de presse tenue, ce mercredi 31 mai 2023. Le mouvement F24 et Y\u2019en a marre [&hellip;]\" \/>\n<meta property=\"og:url\" content=\"https:\/\/www.nettali.com\/2023\/05\/31\/deferrement-de-alioune-sane-le-mouvement-yen-a-marre-et-f24-exigent-la-liberation-de-leur-coordonnateur\/\" \/>\n<meta property=\"og:site_name\" content=\"Nettali.com\" \/>\n<meta property=\"article:publisher\" content=\"https:\/\/www.facebook.com\/nettalicom\" \/>\n<meta property=\"article:published_time\" content=\"2023-05-31T17:46:15+00:00\" \/>\n<meta property=\"article:modified_time\" content=\"2023-05-31T19:06:11+00:00\" \/>\n<meta property=\"og:image\" content=\"https:\/\/www.nettali.com\/wp-content\/uploads\/2023\/05\/f24-conf-presse.jpeg\" \/>\n\t<meta property=\"og:image:width\" content=\"800\" \/>\n\t<meta property=\"og:image:height\" content=\"469\" \/>\n<meta name=\"twitter:card\" content=\"summary_large_image\" \/>\n<meta name=\"twitter:label1\" content=\"\u00c9crit par\" \/>\n\t<meta name=\"twitter:data1\" content=\"Fatou\" \/>\n\t<meta name=\"twitter:label2\" content=\"Dur\u00e9e de lecture estim\u00e9e\" \/>\n\t<meta name=\"twitter:data2\" content=\"2 minutes\" \/>\n<script type=\"application\/ld+json\" class=\"yoast-schema-graph\">{\"@context\":\"https:\/\/schema.org\",\"@graph\":[{\"@type\":\"WebSite\",\"@id\":\"https:\/\/www.nettali.com\/#website\",\"url\":\"https:\/\/www.nettali.com\/\",\"name\":\"Nettali.com\",\"description\":\"Le rendez-vous critique du Net\",\"potentialAction\":[{\"@type\":\"SearchAction\",\"target\":{\"@type\":\"EntryPoint\",\"urlTemplate\":\"https:\/\/www.nettali.com\/?s={search_term_string}\"},\"query-input\":\"required name=search_term_string\"}],\"inLanguage\":\"fr-FR\"},{\"@type\":\"ImageObject\",\"@id\":\"https:\/\/www.nettali.com\/2023\/05\/31\/deferrement-de-alioune-sane-le-mouvement-yen-a-marre-et-f24-exigent-la-liberation-de-leur-coordonnateur\/#primaryimage\",\"inLanguage\":\"fr-FR\",\"url\":\"https:\/\/www.nettali.com\/wp-content\/uploads\/2023\/05\/f24-conf-presse.jpeg\",\"contentUrl\":\"https:\/\/www.nettali.com\/wp-content\/uploads\/2023\/05\/f24-conf-presse.jpeg\",\"width\":800,\"height\":469},{\"@type\":\"WebPage\",\"@id\":\"https:\/\/www.nettali.com\/2023\/05\/31\/deferrement-de-alioune-sane-le-mouvement-yen-a-marre-et-f24-exigent-la-liberation-de-leur-coordonnateur\/#webpage\",\"url\":\"https:\/\/www.nettali.com\/2023\/05\/31\/deferrement-de-alioune-sane-le-mouvement-yen-a-marre-et-f24-exigent-la-liberation-de-leur-coordonnateur\/\",\"name\":\"JUSTICE - Y'en a marre et le F24 exigent la lib\\u00e9ration d'Alioune San\\u00e9 | Nettali.com\",\"isPartOf\":{\"@id\":\"https:\/\/www.nettali.com\/#website\"},\"primaryImageOfPage\":{\"@id\":\"https:\/\/www.nettali.com\/2023\/05\/31\/deferrement-de-alioune-sane-le-mouvement-yen-a-marre-et-f24-exigent-la-liberation-de-leur-coordonnateur\/#primaryimage\"},\"datePublished\":\"2023-05-31T17:46:15+00:00\",\"dateModified\":\"2023-05-31T19:06:11+00:00\",\"author\":{\"@id\":\"https:\/\/www.nettali.com\/#\/schema\/person\/418274a86bdf87caff7a3ef476bd0bbf\"},\"breadcrumb\":{\"@id\":\"https:\/\/www.nettali.com\/2023\/05\/31\/deferrement-de-alioune-sane-le-mouvement-yen-a-marre-et-f24-exigent-la-liberation-de-leur-coordonnateur\/#breadcrumb\"},\"inLanguage\":\"fr-FR\",\"potentialAction\":[{\"@type\":\"ReadAction\",\"target\":[\"https:\/\/www.nettali.com\/2023\/05\/31\/deferrement-de-alioune-sane-le-mouvement-yen-a-marre-et-f24-exigent-la-liberation-de-leur-coordonnateur\/\"]}]},{\"@type\":\"BreadcrumbList\",\"@id\":\"https:\/\/www.nettali.com\/2023\/05\/31\/deferrement-de-alioune-sane-le-mouvement-yen-a-marre-et-f24-exigent-la-liberation-de-leur-coordonnateur\/#breadcrumb\",\"itemListElement\":[{\"@type\":\"ListItem\",\"position\":1,\"name\":\"Accueil\",\"item\":\"https:\/\/www.nettali.com\/\"},{\"@type\":\"ListItem\",\"position\":2,\"name\":\"JUSTICE - Y'en a marre et le F24 exigent la lib\\u00e9ration d'Alioune San\\u00e9\"}]},{\"@type\":\"Person\",\"@id\":\"https:\/\/www.nettali.com\/#\/schema\/person\/418274a86bdf87caff7a3ef476bd0bbf\",\"name\":\"Fatou\",\"image\":{\"@type\":\"ImageObject\",\"@id\":\"https:\/\/www.nettali.com\/#personlogo\",\"inLanguage\":\"fr-FR\",\"url\":\"https:\/\/secure.gravatar.com\/avatar\/5a9442a2bee7b4dcf167cab035858e9a?s=96&d=mm&r=g\",\"contentUrl\":\"https:\/\/secure.gravatar.com\/avatar\/5a9442a2bee7b4dcf167cab035858e9a?s=96&d=mm&r=g\",\"caption\":\"Fatou\"},\"sameAs\":[\"https:\/\/www.nettali.com\"]}]}<\/script>\n<!-- \/ Yoast SEO Premium plugin. -->","yoast_head_json":{"title":"JUSTICE - Y'en a marre et le F24 exigent la lib\u00e9ration d'Alioune San\u00e9 | Nettali.com","robots":{"index":"index","follow":"follow","max-snippet":"max-snippet:-1","max-image-preview":"max-image-preview:large","max-video-preview":"max-video-preview:-1"},"canonical":"https:\/\/www.nettali.com\/2023\/05\/31\/deferrement-de-alioune-sane-le-mouvement-yen-a-marre-et-f24-exigent-la-liberation-de-leur-coordonnateur\/","og_locale":"fr_FR","og_type":"article","og_title":"JUSTICE - Y'en a marre et le F24 exigent la lib\u00e9ration d'Alioune San\u00e9","og_description":"NETTALI.COM - Le coordonnateur du mouvement Y\u2019en a marre Aliou San\u00e9 a \u00e9t\u00e9 d\u00e9ferr\u00e9 au parquet aujourd\u2019hui. Le mouvement Y\u2019en marre et la plate forme F24 sont mont\u00e9s au cr\u00e9neau pour exiger la lib\u00e9ration de leur camarde lors d\u2019une conf\u00e9rence de presse tenue, ce mercredi 31 mai 2023. Le mouvement F24 et Y\u2019en a marre [&hellip;]","og_url":"https:\/\/www.nettali.com\/2023\/05\/31\/deferrement-de-alioune-sane-le-mouvement-yen-a-marre-et-f24-exigent-la-liberation-de-leur-coordonnateur\/","og_site_name":"Nettali.com","article_publisher":"https:\/\/www.facebook.com\/nettalicom","article_published_time":"2023-05-31T17:46:15+00:00","article_modified_time":"2023-05-31T19:06:11+00:00","og_image":[{"width":800,"height":469,"url":"https:\/\/www.nettali.com\/wp-content\/uploads\/2023\/05\/f24-conf-presse.jpeg","type":"image\/jpeg"}],"twitter_card":"summary_large_image","twitter_misc":{"\u00c9crit par":"Fatou","Dur\u00e9e de lecture estim\u00e9e":"2 minutes"},"schema":{"@context":"https:\/\/schema.org","@graph":[{"@type":"WebSite","@id":"https:\/\/www.nettali.com\/#website","url":"https:\/\/www.nettali.com\/","name":"Nettali.com","description":"Le rendez-vous critique du Net","potentialAction":[{"@type":"SearchAction","target":{"@type":"EntryPoint","urlTemplate":"https:\/\/www.nettali.com\/?s={search_term_string}"},"query-input":"required name=search_term_string"}],"inLanguage":"fr-FR"},{"@type":"ImageObject","@id":"https:\/\/www.nettali.com\/2023\/05\/31\/deferrement-de-alioune-sane-le-mouvement-yen-a-marre-et-f24-exigent-la-liberation-de-leur-coordonnateur\/#primaryimage","inLanguage":"fr-FR","url":"https:\/\/www.nettali.com\/wp-content\/uploads\/2023\/05\/f24-conf-presse.jpeg","contentUrl":"https:\/\/www.nettali.com\/wp-content\/uploads\/2023\/05\/f24-conf-presse.jpeg","width":800,"height":469},{"@type":"WebPage","@id":"https:\/\/www.nettali.com\/2023\/05\/31\/deferrement-de-alioune-sane-le-mouvement-yen-a-marre-et-f24-exigent-la-liberation-de-leur-coordonnateur\/#webpage","url":"https:\/\/www.nettali.com\/2023\/05\/31\/deferrement-de-alioune-sane-le-mouvement-yen-a-marre-et-f24-exigent-la-liberation-de-leur-coordonnateur\/","name":"JUSTICE - Y'en a marre et le F24 exigent la lib\u00e9ration d'Alioune San\u00e9 | Nettali.com","isPartOf":{"@id":"https:\/\/www.nettali.com\/#website"},"primaryImageOfPage":{"@id":"https:\/\/www.nettali.com\/2023\/05\/31\/deferrement-de-alioune-sane-le-mouvement-yen-a-marre-et-f24-exigent-la-liberation-de-leur-coordonnateur\/#primaryimage"},"datePublished":"2023-05-31T17:46:15+00:00","dateModified":"2023-05-31T19:06:11+00:00","author":{"@id":"https:\/\/www.nettali.com\/#\/schema\/person\/418274a86bdf87caff7a3ef476bd0bbf"},"breadcrumb":{"@id":"https:\/\/www.nettali.com\/2023\/05\/31\/deferrement-de-alioune-sane-le-mouvement-yen-a-marre-et-f24-exigent-la-liberation-de-leur-coordonnateur\/#breadcrumb"},"inLanguage":"fr-FR","potentialAction":[{"@type":"ReadAction","target":["https:\/\/www.nettali.com\/2023\/05\/31\/deferrement-de-alioune-sane-le-mouvement-yen-a-marre-et-f24-exigent-la-liberation-de-leur-coordonnateur\/"]}]},{"@type":"BreadcrumbList","@id":"https:\/\/www.nettali.com\/2023\/05\/31\/deferrement-de-alioune-sane-le-mouvement-yen-a-marre-et-f24-exigent-la-liberation-de-leur-coordonnateur\/#breadcrumb","itemListElement":[{"@type":"ListItem","position":1,"name":"Accueil","item":"https:\/\/www.nettali.com\/"},{"@type":"ListItem","position":2,"name":"JUSTICE - Y'en a marre et le F24 exigent la lib\u00e9ration d'Alioune San\u00e9"}]},{"@type":"Person","@id":"https:\/\/www.nettali.com\/#\/schema\/person\/418274a86bdf87caff7a3ef476bd0bbf","name":"Fatou","image":{"@type":"ImageObject","@id":"https:\/\/www.nettali.com\/#personlogo","inLanguage":"fr-FR","url":"https:\/\/secure.gravatar.com\/avatar\/5a9442a2bee7b4dcf167cab035858e9a?s=96&d=mm&r=g","contentUrl":"https:\/\/secure.gravatar.com\/avatar\/5a9442a2bee7b4dcf167cab035858e9a?s=96&d=mm&r=g","caption":"Fatou"},"sameAs":["https:\/\/www.nettali.com"]}]}},"_links":{"self":[{"href":"https:\/\/www.nettali.com\/rest\/wp\/v2\/posts\/111086"}],"collection":[{"href":"https:\/\/www.nettali.com\/rest\/wp\/v2\/posts"}],"about":[{"href":"https:\/\/www.nettali.com\/rest\/wp\/v2\/types\/post"}],"author":[{"embeddable":true,"href":"https:\/\/www.nettali.com\/rest\/wp\/v2\/users\/6"}],"replies":[{"embeddable":true,"href":"https:\/\/www.nettali.com\/rest\/wp\/v2\/comments?post=111086"}],"version-history":[{"count":7,"href":"https:\/\/www.nettali.com\/rest\/wp\/v2\/posts\/111086\/revisions"}],"predecessor-version":[{"id":111116,"href":"https:\/\/www.nettali.com\/rest\/wp\/v2\/posts\/111086\/revisions\/111116"}],"wp:featuredmedia":[{"embeddable":true,"href":"https:\/\/www.nettali.com\/rest\/wp\/v2\/media\/110060"}],"wp:attachment":[{"href":"https:\/\/www.nettali.com\/rest\/wp\/v2\/media?parent=111086"}],"wp:term":[{"taxonomy":"category","embeddable":true,"href":"https:\/\/www.nettali.com\/rest\/wp\/v2\/categories?post=111086"},{"taxonomy":"post_tag","embeddable":true,"href":"https:\/\/www.nettali.com\/rest\/wp\/v2\/tags?post=111086"}],"curies":[{"name":"wp","href":"https:\/\/api.w.org\/{rel}","templated":true}]}}