{"id":111070,"date":"2023-05-31T17:43:55","date_gmt":"2023-05-31T17:43:55","guid":{"rendered":"https:\/\/www.nettali.com\/?p=111070"},"modified":"2023-05-31T19:10:38","modified_gmt":"2023-05-31T19:10:38","slug":"violences-contre-les-conseils-de-ousmane-sonko-long-avocats-pour-lafrique-denonce","status":"publish","type":"post","link":"https:\/\/www.nettali.com\/2023\/05\/31\/violences-contre-les-conseils-de-ousmane-sonko-long-avocats-pour-lafrique-denonce\/","title":{"rendered":"VIOLENCES CONTRE LES CONSEILS DE OUSMANE SONKO - L\u2019Ong \"Avocats pour l\u2019Afrique\" d\u00e9nonce"},"content":{"rendered":"<p><strong>NETTALI.COM - L\u2019ONG \"Avocats pour l\u2019Afrique\"\u00a0 (APA) a d\u00e9nonc\u00e9 les violences subies par les conseils d'Ousmane Sonko. Ces avocats africains exigent le respect de l'immunit\u00e9 de leurs confr\u00e8res.<\/strong><\/p>\n<p>Les avocats d'Ousmane Sonko ont \u00e9t\u00e9 emp\u00each\u00e9s d\u2019acc\u00e9der dans le domicile de leurs clients. Ils auraient \u00e9t\u00e9 brutalis\u00e9s et asperg\u00e9s de gaz lacrymog\u00e8ne par les forces de la\u00a0 d\u00e9fense et de s\u00e9curit\u00e9 s\u00e9n\u00e9galaises.<\/p>\n<p>Dans un communiqu\u00e9, l\u2019Ong \"Avocats pour L\u2019Afrique\" d\u00e9plore les violences et les intimidations tout en exprimant son soutien \u00e0 Me Cir\u00e9 Cl\u00e9dor Ly et compagnie, qui rel\u00e8ve-t-il, \"<em>rencontrent de\u00a0 plus en plus des difficult\u00e9s dans l\u2019exercice de leur mission comme avocats<\/em>\"<\/p>\n<p>Pour ces conseils de la sous-r\u00e9gion, \"<em>il incombe \u00e0 l\u2019Etat du S\u00e9n\u00e9gal de prendre les mesures n\u00e9cessaires afin que leurs confr\u00e8res puissent assurer la d\u00e9fense de leur client en toute s\u00e9r\u00e9nit\u00e9 conform\u00e9ment aux principes de base relatifs au r\u00f4le du Barreau des Nations-Unies qui pr\u00e9voient notamment<\/em>\".<\/p>\n<p>\"<em>Il s\u2019agit de la libert\u00e9 pour les avocats de s\u2019acquitter de leur mission sans entrave ni intimidation, ni harc\u00e8lement, ni ing\u00e9rence, de la libert\u00e9 de voyager et de consulter leurs clients librement dans le pays comme \u00e0 l\u2019\u00e9tranger<\/em>.\"<\/p>\n<p>Enfin, l\u2019APA exige le respect de l\u2019immunit\u00e9 des avocats lors de l\u2019exercice de leur profession.<\/p>\n<div class='share-to-whatsapp-wrapper'><div class='share-on-whsp'>PARTAGER SUR : <\/div><a data-text='VIOLENCES CONTRE LES CONSEILS DE OUSMANE SONKO - L\u2019Ong \"Avocats pour l\u2019Afrique\" d\u00e9nonce' data-link='https:\/\/www.nettali.com\/2023\/05\/31\/violences-contre-les-conseils-de-ousmane-sonko-long-avocats-pour-lafrique-denonce\/' class='whatsapp-button whatsapp-share'>WhatsApp<\/a><div class='clear '><\/div><\/div>","protected":false},"excerpt":{"rendered":"<p>NETTALI.COM - L\u2019ONG \"Avocats pour l\u2019Afrique\"\u00a0 (APA) a d\u00e9nonc\u00e9 les violences subies par les conseils d'Ousmane Sonko. Ces avocats africains exigent le respect de l'immunit\u00e9 de leurs confr\u00e8res. Les avocats d'Ousmane Sonko ont \u00e9t\u00e9 emp\u00each\u00e9s d\u2019acc\u00e9der dans le domicile de leurs clients. Ils auraient \u00e9t\u00e9 brutalis\u00e9s et asperg\u00e9s de gaz lacrymog\u00e8ne par les forces de [&hellip;]<\/p>\n","protected":false},"author":6,"featured_media":84390,"comment_status":"open","ping_status":"open","sticky":false,"template":"","format":"standard","meta":{"_et_pb_use_builder":"","_et_pb_old_content":""},"categories":[3],"tags":[],"yoast_head":"<!-- This site is optimized with the Yoast SEO Premium plugin v17.8 (Yoast SEO v17.8) - https:\/\/yoast.com\/wordpress\/plugins\/seo\/ -->\n<title>VIOLENCES CONTRE LES CONSEILS DE OUSMANE SONKO - L\u2019Ong &quot;Avocats pour l\u2019Afrique&quot; d\u00e9nonce | Nettali.com<\/title>\n<meta name=\"robots\" content=\"index, follow, max-snippet:-1, max-image-preview:large, max-video-preview:-1\" \/>\n<link rel=\"canonical\" href=\"https:\/\/www.nettali.com\/2023\/05\/31\/violences-contre-les-conseils-de-ousmane-sonko-long-avocats-pour-lafrique-denonce\/\" \/>\n<meta property=\"og:locale\" content=\"fr_FR\" \/>\n<meta property=\"og:type\" content=\"article\" \/>\n<meta property=\"og:title\" content=\"VIOLENCES CONTRE LES CONSEILS DE OUSMANE SONKO - L\u2019Ong &quot;Avocats pour l\u2019Afrique&quot; d\u00e9nonce\" \/>\n<meta property=\"og:description\" content=\"NETTALI.COM - L\u2019ONG &quot;Avocats pour l\u2019Afrique&quot;\u00a0 (APA) a d\u00e9nonc\u00e9 les violences subies par les conseils d&#039;Ousmane Sonko. Ces avocats africains exigent le respect de l&#039;immunit\u00e9 de leurs confr\u00e8res. Les avocats d&#039;Ousmane Sonko ont \u00e9t\u00e9 emp\u00each\u00e9s d\u2019acc\u00e9der dans le domicile de leurs clients. Ils auraient \u00e9t\u00e9 brutalis\u00e9s et asperg\u00e9s de gaz lacrymog\u00e8ne par les forces de [&hellip;]\" \/>\n<meta property=\"og:url\" content=\"https:\/\/www.nettali.com\/2023\/05\/31\/violences-contre-les-conseils-de-ousmane-sonko-long-avocats-pour-lafrique-denonce\/\" \/>\n<meta property=\"og:site_name\" content=\"Nettali.com\" \/>\n<meta property=\"article:publisher\" content=\"https:\/\/www.facebook.com\/nettalicom\" \/>\n<meta property=\"article:published_time\" content=\"2023-05-31T17:43:55+00:00\" \/>\n<meta property=\"article:modified_time\" content=\"2023-05-31T19:10:38+00:00\" \/>\n<meta property=\"og:image\" content=\"https:\/\/www.nettali.com\/wp-content\/uploads\/2022\/04\/Sonko-avocats.jpeg\" \/>\n\t<meta property=\"og:image:width\" content=\"755\" \/>\n\t<meta property=\"og:image:height\" content=\"445\" \/>\n<meta name=\"twitter:card\" content=\"summary_large_image\" \/>\n<meta name=\"twitter:label1\" content=\"\u00c9crit par\" \/>\n\t<meta name=\"twitter:data1\" content=\"Fatou\" \/>\n\t<meta name=\"twitter:label2\" content=\"Dur\u00e9e de lecture estim\u00e9e\" \/>\n\t<meta name=\"twitter:data2\" content=\"2 minutes\" \/>\n<script type=\"application\/ld+json\" class=\"yoast-schema-graph\">{\"@context\":\"https:\/\/schema.org\",\"@graph\":[{\"@type\":\"WebSite\",\"@id\":\"https:\/\/www.nettali.com\/#website\",\"url\":\"https:\/\/www.nettali.com\/\",\"name\":\"Nettali.com\",\"description\":\"Le rendez-vous critique du Net\",\"potentialAction\":[{\"@type\":\"SearchAction\",\"target\":{\"@type\":\"EntryPoint\",\"urlTemplate\":\"https:\/\/www.nettali.com\/?s={search_term_string}\"},\"query-input\":\"required name=search_term_string\"}],\"inLanguage\":\"fr-FR\"},{\"@type\":\"ImageObject\",\"@id\":\"https:\/\/www.nettali.com\/2023\/05\/31\/violences-contre-les-conseils-de-ousmane-sonko-long-avocats-pour-lafrique-denonce\/#primaryimage\",\"inLanguage\":\"fr-FR\",\"url\":\"https:\/\/www.nettali.com\/wp-content\/uploads\/2022\/04\/Sonko-avocats.jpeg\",\"contentUrl\":\"https:\/\/www.nettali.com\/wp-content\/uploads\/2022\/04\/Sonko-avocats.jpeg\",\"width\":755,\"height\":445},{\"@type\":\"WebPage\",\"@id\":\"https:\/\/www.nettali.com\/2023\/05\/31\/violences-contre-les-conseils-de-ousmane-sonko-long-avocats-pour-lafrique-denonce\/#webpage\",\"url\":\"https:\/\/www.nettali.com\/2023\/05\/31\/violences-contre-les-conseils-de-ousmane-sonko-long-avocats-pour-lafrique-denonce\/\",\"name\":\"VIOLENCES CONTRE LES CONSEILS DE OUSMANE SONKO - L\\u2019Ong \\\"Avocats pour l\\u2019Afrique\\\" d\\u00e9nonce | Nettali.com\",\"isPartOf\":{\"@id\":\"https:\/\/www.nettali.com\/#website\"},\"primaryImageOfPage\":{\"@id\":\"https:\/\/www.nettali.com\/2023\/05\/31\/violences-contre-les-conseils-de-ousmane-sonko-long-avocats-pour-lafrique-denonce\/#primaryimage\"},\"datePublished\":\"2023-05-31T17:43:55+00:00\",\"dateModified\":\"2023-05-31T19:10:38+00:00\",\"author\":{\"@id\":\"https:\/\/www.nettali.com\/#\/schema\/person\/418274a86bdf87caff7a3ef476bd0bbf\"},\"breadcrumb\":{\"@id\":\"https:\/\/www.nettali.com\/2023\/05\/31\/violences-contre-les-conseils-de-ousmane-sonko-long-avocats-pour-lafrique-denonce\/#breadcrumb\"},\"inLanguage\":\"fr-FR\",\"potentialAction\":[{\"@type\":\"ReadAction\",\"target\":[\"https:\/\/www.nettali.com\/2023\/05\/31\/violences-contre-les-conseils-de-ousmane-sonko-long-avocats-pour-lafrique-denonce\/\"]}]},{\"@type\":\"BreadcrumbList\",\"@id\":\"https:\/\/www.nettali.com\/2023\/05\/31\/violences-contre-les-conseils-de-ousmane-sonko-long-avocats-pour-lafrique-denonce\/#breadcrumb\",\"itemListElement\":[{\"@type\":\"ListItem\",\"position\":1,\"name\":\"Accueil\",\"item\":\"https:\/\/www.nettali.com\/\"},{\"@type\":\"ListItem\",\"position\":2,\"name\":\"VIOLENCES CONTRE LES CONSEILS DE OUSMANE SONKO - L\\u2019Ong \\\"Avocats pour l\\u2019Afrique\\\" d\\u00e9nonce\"}]},{\"@type\":\"Person\",\"@id\":\"https:\/\/www.nettali.com\/#\/schema\/person\/418274a86bdf87caff7a3ef476bd0bbf\",\"name\":\"Fatou\",\"image\":{\"@type\":\"ImageObject\",\"@id\":\"https:\/\/www.nettali.com\/#personlogo\",\"inLanguage\":\"fr-FR\",\"url\":\"https:\/\/secure.gravatar.com\/avatar\/5a9442a2bee7b4dcf167cab035858e9a?s=96&d=mm&r=g\",\"contentUrl\":\"https:\/\/secure.gravatar.com\/avatar\/5a9442a2bee7b4dcf167cab035858e9a?s=96&d=mm&r=g\",\"caption\":\"Fatou\"},\"sameAs\":[\"https:\/\/www.nettali.com\"]}]}<\/script>\n<!-- \/ Yoast SEO Premium plugin. -->","yoast_head_json":{"title":"VIOLENCES CONTRE LES CONSEILS DE OUSMANE SONKO - L\u2019Ong \"Avocats pour l\u2019Afrique\" d\u00e9nonce | Nettali.com","robots":{"index":"index","follow":"follow","max-snippet":"max-snippet:-1","max-image-preview":"max-image-preview:large","max-video-preview":"max-video-preview:-1"},"canonical":"https:\/\/www.nettali.com\/2023\/05\/31\/violences-contre-les-conseils-de-ousmane-sonko-long-avocats-pour-lafrique-denonce\/","og_locale":"fr_FR","og_type":"article","og_title":"VIOLENCES CONTRE LES CONSEILS DE OUSMANE SONKO - L\u2019Ong \"Avocats pour l\u2019Afrique\" d\u00e9nonce","og_description":"NETTALI.COM - L\u2019ONG \"Avocats pour l\u2019Afrique\"\u00a0 (APA) a d\u00e9nonc\u00e9 les violences subies par les conseils d'Ousmane Sonko. Ces avocats africains exigent le respect de l'immunit\u00e9 de leurs confr\u00e8res. Les avocats d'Ousmane Sonko ont \u00e9t\u00e9 emp\u00each\u00e9s d\u2019acc\u00e9der dans le domicile de leurs clients. Ils auraient \u00e9t\u00e9 brutalis\u00e9s et asperg\u00e9s de gaz lacrymog\u00e8ne par les forces de [&hellip;]","og_url":"https:\/\/www.nettali.com\/2023\/05\/31\/violences-contre-les-conseils-de-ousmane-sonko-long-avocats-pour-lafrique-denonce\/","og_site_name":"Nettali.com","article_publisher":"https:\/\/www.facebook.com\/nettalicom","article_published_time":"2023-05-31T17:43:55+00:00","article_modified_time":"2023-05-31T19:10:38+00:00","og_image":[{"width":755,"height":445,"url":"https:\/\/www.nettali.com\/wp-content\/uploads\/2022\/04\/Sonko-avocats.jpeg","type":"image\/jpeg"}],"twitter_card":"summary_large_image","twitter_misc":{"\u00c9crit par":"Fatou","Dur\u00e9e de lecture estim\u00e9e":"2 minutes"},"schema":{"@context":"https:\/\/schema.org","@graph":[{"@type":"WebSite","@id":"https:\/\/www.nettali.com\/#website","url":"https:\/\/www.nettali.com\/","name":"Nettali.com","description":"Le rendez-vous critique du Net","potentialAction":[{"@type":"SearchAction","target":{"@type":"EntryPoint","urlTemplate":"https:\/\/www.nettali.com\/?s={search_term_string}"},"query-input":"required name=search_term_string"}],"inLanguage":"fr-FR"},{"@type":"ImageObject","@id":"https:\/\/www.nettali.com\/2023\/05\/31\/violences-contre-les-conseils-de-ousmane-sonko-long-avocats-pour-lafrique-denonce\/#primaryimage","inLanguage":"fr-FR","url":"https:\/\/www.nettali.com\/wp-content\/uploads\/2022\/04\/Sonko-avocats.jpeg","contentUrl":"https:\/\/www.nettali.com\/wp-content\/uploads\/2022\/04\/Sonko-avocats.jpeg","width":755,"height":445},{"@type":"WebPage","@id":"https:\/\/www.nettali.com\/2023\/05\/31\/violences-contre-les-conseils-de-ousmane-sonko-long-avocats-pour-lafrique-denonce\/#webpage","url":"https:\/\/www.nettali.com\/2023\/05\/31\/violences-contre-les-conseils-de-ousmane-sonko-long-avocats-pour-lafrique-denonce\/","name":"VIOLENCES CONTRE LES CONSEILS DE OUSMANE SONKO - L\u2019Ong \"Avocats pour l\u2019Afrique\" d\u00e9nonce | Nettali.com","isPartOf":{"@id":"https:\/\/www.nettali.com\/#website"},"primaryImageOfPage":{"@id":"https:\/\/www.nettali.com\/2023\/05\/31\/violences-contre-les-conseils-de-ousmane-sonko-long-avocats-pour-lafrique-denonce\/#primaryimage"},"datePublished":"2023-05-31T17:43:55+00:00","dateModified":"2023-05-31T19:10:38+00:00","author":{"@id":"https:\/\/www.nettali.com\/#\/schema\/person\/418274a86bdf87caff7a3ef476bd0bbf"},"breadcrumb":{"@id":"https:\/\/www.nettali.com\/2023\/05\/31\/violences-contre-les-conseils-de-ousmane-sonko-long-avocats-pour-lafrique-denonce\/#breadcrumb"},"inLanguage":"fr-FR","potentialAction":[{"@type":"ReadAction","target":["https:\/\/www.nettali.com\/2023\/05\/31\/violences-contre-les-conseils-de-ousmane-sonko-long-avocats-pour-lafrique-denonce\/"]}]},{"@type":"BreadcrumbList","@id":"https:\/\/www.nettali.com\/2023\/05\/31\/violences-contre-les-conseils-de-ousmane-sonko-long-avocats-pour-lafrique-denonce\/#breadcrumb","itemListElement":[{"@type":"ListItem","position":1,"name":"Accueil","item":"https:\/\/www.nettali.com\/"},{"@type":"ListItem","position":2,"name":"VIOLENCES CONTRE LES CONSEILS DE OUSMANE SONKO - L\u2019Ong \"Avocats pour l\u2019Afrique\" d\u00e9nonce"}]},{"@type":"Person","@id":"https:\/\/www.nettali.com\/#\/schema\/person\/418274a86bdf87caff7a3ef476bd0bbf","name":"Fatou","image":{"@type":"ImageObject","@id":"https:\/\/www.nettali.com\/#personlogo","inLanguage":"fr-FR","url":"https:\/\/secure.gravatar.com\/avatar\/5a9442a2bee7b4dcf167cab035858e9a?s=96&d=mm&r=g","contentUrl":"https:\/\/secure.gravatar.com\/avatar\/5a9442a2bee7b4dcf167cab035858e9a?s=96&d=mm&r=g","caption":"Fatou"},"sameAs":["https:\/\/www.nettali.com"]}]}},"_links":{"self":[{"href":"https:\/\/www.nettali.com\/rest\/wp\/v2\/posts\/111070"}],"collection":[{"href":"https:\/\/www.nettali.com\/rest\/wp\/v2\/posts"}],"about":[{"href":"https:\/\/www.nettali.com\/rest\/wp\/v2\/types\/post"}],"author":[{"embeddable":true,"href":"https:\/\/www.nettali.com\/rest\/wp\/v2\/users\/6"}],"replies":[{"embeddable":true,"href":"https:\/\/www.nettali.com\/rest\/wp\/v2\/comments?post=111070"}],"version-history":[{"count":5,"href":"https:\/\/www.nettali.com\/rest\/wp\/v2\/posts\/111070\/revisions"}],"predecessor-version":[{"id":111118,"href":"https:\/\/www.nettali.com\/rest\/wp\/v2\/posts\/111070\/revisions\/111118"}],"wp:featuredmedia":[{"embeddable":true,"href":"https:\/\/www.nettali.com\/rest\/wp\/v2\/media\/84390"}],"wp:attachment":[{"href":"https:\/\/www.nettali.com\/rest\/wp\/v2\/media?parent=111070"}],"wp:term":[{"taxonomy":"category","embeddable":true,"href":"https:\/\/www.nettali.com\/rest\/wp\/v2\/categories?post=111070"},{"taxonomy":"post_tag","embeddable":true,"href":"https:\/\/www.nettali.com\/rest\/wp\/v2\/tags?post=111070"}],"curies":[{"name":"wp","href":"https:\/\/api.w.org\/{rel}","templated":true}]}}