{"id":111052,"date":"2023-05-31T08:09:54","date_gmt":"2023-05-31T08:09:54","guid":{"rendered":"https:\/\/www.nettali.com\/?p=111052"},"modified":"2023-05-31T08:09:54","modified_gmt":"2023-05-31T08:09:54","slug":"en-coulisses-maimouna-ndour-faye-dement-ses-accusateurs","status":"publish","type":"post","link":"https:\/\/www.nettali.com\/2023\/05\/31\/en-coulisses-maimouna-ndour-faye-dement-ses-accusateurs\/","title":{"rendered":"EN COULISSES - Ma\u00efmouna Ndour Faye d\u00e9ment ses accusateurs !"},"content":{"rendered":"<p><strong>NETTALI.COM -<\/strong> Au d\u00e9but de l\u2019\u00e9mission dont l'invit\u00e9 est Barth\u00e9l\u00e9my Dias, la directrice de la 7TV a tenu \u00e0 faire quelques pr\u00e9cisions, sourire aux l\u00e8vres. \"<em>Je voudrais dire de la mani\u00e8re la plus sinc\u00e8re et solennelle que je ne suis pas Anita Diop<\/em>\u201d. Des gens, sur les r\u00e9seaux sociaux, l\u2019accusent d\u2019\u00eatre un faux compte Facebook et pas des moindres, tenu par Anita Diop, avec une personne derri\u00e8re ce compte qui donne des informations de premi\u00e8re main, rarement contredites.<\/p>\n<p>\"<em>Si j\u2019avais les informations qu\u2019Anita publie, je les aurais publi\u00e9es sur 7 TV et AZ Actu qui sont mes supports pour faire davantage leur promotion. Je n\u2019ai nul<\/em><br \/>\n<em>besoin de me cacher derri\u00e8re un compte pour donner des informations, alors que c\u2019est mon travail de tous les jours et que j\u2019ai des supports pour cela<\/em>\u201d, a-t-elle ajout\u00e9.<\/p>\n<p>\u201c<em>Je n\u2019avance pas masqu\u00e9. Je ne m\u00e8ne pas des combats cach\u00e9s. Je n\u2019ai pas besoin de me cacher derri\u00e8re une page Facebook<\/em>\u201d, jure-t-elle.<\/p>\n<div class='share-to-whatsapp-wrapper'><div class='share-on-whsp'>PARTAGER SUR : <\/div><a data-text='EN COULISSES - Ma\u00efmouna Ndour Faye d\u00e9ment ses accusateurs !' data-link='https:\/\/www.nettali.com\/2023\/05\/31\/en-coulisses-maimouna-ndour-faye-dement-ses-accusateurs\/' class='whatsapp-button whatsapp-share'>WhatsApp<\/a><div class='clear '><\/div><\/div>","protected":false},"excerpt":{"rendered":"<p>NETTALI.COM - Au d\u00e9but de l\u2019\u00e9mission dont l'invit\u00e9 est Barth\u00e9l\u00e9my Dias, la directrice de la 7TV a tenu \u00e0 faire quelques pr\u00e9cisions, sourire aux l\u00e8vres. \"Je voudrais dire de la mani\u00e8re la plus sinc\u00e8re et solennelle que je ne suis pas Anita Diop\u201d. Des gens, sur les r\u00e9seaux sociaux, l\u2019accusent d\u2019\u00eatre un faux compte Facebook [&hellip;]<\/p>\n","protected":false},"author":2,"featured_media":111056,"comment_status":"open","ping_status":"open","sticky":false,"template":"","format":"standard","meta":{"_et_pb_use_builder":"","_et_pb_old_content":""},"categories":[34945],"tags":[],"yoast_head":"<!-- This site is optimized with the Yoast SEO Premium plugin v17.8 (Yoast SEO v17.8) - https:\/\/yoast.com\/wordpress\/plugins\/seo\/ -->\n<title>EN COULISSES - Ma\u00efmouna Ndour Faye d\u00e9ment ses accusateurs ! | Nettali.com<\/title>\n<meta name=\"robots\" content=\"index, follow, max-snippet:-1, max-image-preview:large, max-video-preview:-1\" \/>\n<link rel=\"canonical\" href=\"https:\/\/www.nettali.com\/2023\/05\/31\/en-coulisses-maimouna-ndour-faye-dement-ses-accusateurs\/\" \/>\n<meta property=\"og:locale\" content=\"fr_FR\" \/>\n<meta property=\"og:type\" content=\"article\" \/>\n<meta property=\"og:title\" content=\"EN COULISSES - Ma\u00efmouna Ndour Faye d\u00e9ment ses accusateurs !\" \/>\n<meta property=\"og:description\" content=\"NETTALI.COM - Au d\u00e9but de l\u2019\u00e9mission dont l&#039;invit\u00e9 est Barth\u00e9l\u00e9my Dias, la directrice de la 7TV a tenu \u00e0 faire quelques pr\u00e9cisions, sourire aux l\u00e8vres. &quot;Je voudrais dire de la mani\u00e8re la plus sinc\u00e8re et solennelle que je ne suis pas Anita Diop\u201d. Des gens, sur les r\u00e9seaux sociaux, l\u2019accusent d\u2019\u00eatre un faux compte Facebook [&hellip;]\" \/>\n<meta property=\"og:url\" content=\"https:\/\/www.nettali.com\/2023\/05\/31\/en-coulisses-maimouna-ndour-faye-dement-ses-accusateurs\/\" \/>\n<meta property=\"og:site_name\" content=\"Nettali.com\" \/>\n<meta property=\"article:publisher\" content=\"https:\/\/www.facebook.com\/nettalicom\" \/>\n<meta property=\"article:published_time\" content=\"2023-05-31T08:09:54+00:00\" \/>\n<meta property=\"og:image\" content=\"https:\/\/www.nettali.com\/wp-content\/uploads\/2023\/05\/telechargement-12.jpg\" \/>\n\t<meta property=\"og:image:width\" content=\"322\" \/>\n\t<meta property=\"og:image:height\" content=\"157\" \/>\n<meta name=\"twitter:card\" content=\"summary_large_image\" \/>\n<meta name=\"twitter:label1\" content=\"\u00c9crit par\" \/>\n\t<meta name=\"twitter:data1\" content=\"CK\" \/>\n\t<meta name=\"twitter:label2\" content=\"Dur\u00e9e de lecture estim\u00e9e\" \/>\n\t<meta name=\"twitter:data2\" content=\"1 minute\" \/>\n<script type=\"application\/ld+json\" class=\"yoast-schema-graph\">{\"@context\":\"https:\/\/schema.org\",\"@graph\":[{\"@type\":\"WebSite\",\"@id\":\"https:\/\/www.nettali.com\/#website\",\"url\":\"https:\/\/www.nettali.com\/\",\"name\":\"Nettali.com\",\"description\":\"Le rendez-vous critique du Net\",\"potentialAction\":[{\"@type\":\"SearchAction\",\"target\":{\"@type\":\"EntryPoint\",\"urlTemplate\":\"https:\/\/www.nettali.com\/?s={search_term_string}\"},\"query-input\":\"required name=search_term_string\"}],\"inLanguage\":\"fr-FR\"},{\"@type\":\"ImageObject\",\"@id\":\"https:\/\/www.nettali.com\/2023\/05\/31\/en-coulisses-maimouna-ndour-faye-dement-ses-accusateurs\/#primaryimage\",\"inLanguage\":\"fr-FR\",\"url\":\"https:\/\/www.nettali.com\/wp-content\/uploads\/2023\/05\/telechargement-12.jpg\",\"contentUrl\":\"https:\/\/www.nettali.com\/wp-content\/uploads\/2023\/05\/telechargement-12.jpg\",\"width\":322,\"height\":157},{\"@type\":\"WebPage\",\"@id\":\"https:\/\/www.nettali.com\/2023\/05\/31\/en-coulisses-maimouna-ndour-faye-dement-ses-accusateurs\/#webpage\",\"url\":\"https:\/\/www.nettali.com\/2023\/05\/31\/en-coulisses-maimouna-ndour-faye-dement-ses-accusateurs\/\",\"name\":\"EN COULISSES - Ma\\u00efmouna Ndour Faye d\\u00e9ment ses accusateurs ! | Nettali.com\",\"isPartOf\":{\"@id\":\"https:\/\/www.nettali.com\/#website\"},\"primaryImageOfPage\":{\"@id\":\"https:\/\/www.nettali.com\/2023\/05\/31\/en-coulisses-maimouna-ndour-faye-dement-ses-accusateurs\/#primaryimage\"},\"datePublished\":\"2023-05-31T08:09:54+00:00\",\"dateModified\":\"2023-05-31T08:09:54+00:00\",\"author\":{\"@id\":\"https:\/\/www.nettali.com\/#\/schema\/person\/d8ac7b7e27ddad43f1c0d2ef090d7f71\"},\"breadcrumb\":{\"@id\":\"https:\/\/www.nettali.com\/2023\/05\/31\/en-coulisses-maimouna-ndour-faye-dement-ses-accusateurs\/#breadcrumb\"},\"inLanguage\":\"fr-FR\",\"potentialAction\":[{\"@type\":\"ReadAction\",\"target\":[\"https:\/\/www.nettali.com\/2023\/05\/31\/en-coulisses-maimouna-ndour-faye-dement-ses-accusateurs\/\"]}]},{\"@type\":\"BreadcrumbList\",\"@id\":\"https:\/\/www.nettali.com\/2023\/05\/31\/en-coulisses-maimouna-ndour-faye-dement-ses-accusateurs\/#breadcrumb\",\"itemListElement\":[{\"@type\":\"ListItem\",\"position\":1,\"name\":\"Accueil\",\"item\":\"https:\/\/www.nettali.com\/\"},{\"@type\":\"ListItem\",\"position\":2,\"name\":\"EN COULISSES - Ma\\u00efmouna Ndour Faye d\\u00e9ment ses accusateurs !\"}]},{\"@type\":\"Person\",\"@id\":\"https:\/\/www.nettali.com\/#\/schema\/person\/d8ac7b7e27ddad43f1c0d2ef090d7f71\",\"name\":\"CK\",\"image\":{\"@type\":\"ImageObject\",\"@id\":\"https:\/\/www.nettali.com\/#personlogo\",\"inLanguage\":\"fr-FR\",\"url\":\"https:\/\/secure.gravatar.com\/avatar\/1d8d5118b9327d94da7cd4ce7f17fec2?s=96&d=mm&r=g\",\"contentUrl\":\"https:\/\/secure.gravatar.com\/avatar\/1d8d5118b9327d94da7cd4ce7f17fec2?s=96&d=mm&r=g\",\"caption\":\"CK\"},\"sameAs\":[\"https:\/\/www.nettali.com\"]}]}<\/script>\n<!-- \/ Yoast SEO Premium plugin. -->","yoast_head_json":{"title":"EN COULISSES - Ma\u00efmouna Ndour Faye d\u00e9ment ses accusateurs ! | Nettali.com","robots":{"index":"index","follow":"follow","max-snippet":"max-snippet:-1","max-image-preview":"max-image-preview:large","max-video-preview":"max-video-preview:-1"},"canonical":"https:\/\/www.nettali.com\/2023\/05\/31\/en-coulisses-maimouna-ndour-faye-dement-ses-accusateurs\/","og_locale":"fr_FR","og_type":"article","og_title":"EN COULISSES - Ma\u00efmouna Ndour Faye d\u00e9ment ses accusateurs !","og_description":"NETTALI.COM - Au d\u00e9but de l\u2019\u00e9mission dont l'invit\u00e9 est Barth\u00e9l\u00e9my Dias, la directrice de la 7TV a tenu \u00e0 faire quelques pr\u00e9cisions, sourire aux l\u00e8vres. \"Je voudrais dire de la mani\u00e8re la plus sinc\u00e8re et solennelle que je ne suis pas Anita Diop\u201d. Des gens, sur les r\u00e9seaux sociaux, l\u2019accusent d\u2019\u00eatre un faux compte Facebook [&hellip;]","og_url":"https:\/\/www.nettali.com\/2023\/05\/31\/en-coulisses-maimouna-ndour-faye-dement-ses-accusateurs\/","og_site_name":"Nettali.com","article_publisher":"https:\/\/www.facebook.com\/nettalicom","article_published_time":"2023-05-31T08:09:54+00:00","og_image":[{"width":322,"height":157,"url":"https:\/\/www.nettali.com\/wp-content\/uploads\/2023\/05\/telechargement-12.jpg","type":"image\/jpeg"}],"twitter_card":"summary_large_image","twitter_misc":{"\u00c9crit par":"CK","Dur\u00e9e de lecture estim\u00e9e":"1 minute"},"schema":{"@context":"https:\/\/schema.org","@graph":[{"@type":"WebSite","@id":"https:\/\/www.nettali.com\/#website","url":"https:\/\/www.nettali.com\/","name":"Nettali.com","description":"Le rendez-vous critique du Net","potentialAction":[{"@type":"SearchAction","target":{"@type":"EntryPoint","urlTemplate":"https:\/\/www.nettali.com\/?s={search_term_string}"},"query-input":"required name=search_term_string"}],"inLanguage":"fr-FR"},{"@type":"ImageObject","@id":"https:\/\/www.nettali.com\/2023\/05\/31\/en-coulisses-maimouna-ndour-faye-dement-ses-accusateurs\/#primaryimage","inLanguage":"fr-FR","url":"https:\/\/www.nettali.com\/wp-content\/uploads\/2023\/05\/telechargement-12.jpg","contentUrl":"https:\/\/www.nettali.com\/wp-content\/uploads\/2023\/05\/telechargement-12.jpg","width":322,"height":157},{"@type":"WebPage","@id":"https:\/\/www.nettali.com\/2023\/05\/31\/en-coulisses-maimouna-ndour-faye-dement-ses-accusateurs\/#webpage","url":"https:\/\/www.nettali.com\/2023\/05\/31\/en-coulisses-maimouna-ndour-faye-dement-ses-accusateurs\/","name":"EN COULISSES - Ma\u00efmouna Ndour Faye d\u00e9ment ses accusateurs ! | Nettali.com","isPartOf":{"@id":"https:\/\/www.nettali.com\/#website"},"primaryImageOfPage":{"@id":"https:\/\/www.nettali.com\/2023\/05\/31\/en-coulisses-maimouna-ndour-faye-dement-ses-accusateurs\/#primaryimage"},"datePublished":"2023-05-31T08:09:54+00:00","dateModified":"2023-05-31T08:09:54+00:00","author":{"@id":"https:\/\/www.nettali.com\/#\/schema\/person\/d8ac7b7e27ddad43f1c0d2ef090d7f71"},"breadcrumb":{"@id":"https:\/\/www.nettali.com\/2023\/05\/31\/en-coulisses-maimouna-ndour-faye-dement-ses-accusateurs\/#breadcrumb"},"inLanguage":"fr-FR","potentialAction":[{"@type":"ReadAction","target":["https:\/\/www.nettali.com\/2023\/05\/31\/en-coulisses-maimouna-ndour-faye-dement-ses-accusateurs\/"]}]},{"@type":"BreadcrumbList","@id":"https:\/\/www.nettali.com\/2023\/05\/31\/en-coulisses-maimouna-ndour-faye-dement-ses-accusateurs\/#breadcrumb","itemListElement":[{"@type":"ListItem","position":1,"name":"Accueil","item":"https:\/\/www.nettali.com\/"},{"@type":"ListItem","position":2,"name":"EN COULISSES - Ma\u00efmouna Ndour Faye d\u00e9ment ses accusateurs !"}]},{"@type":"Person","@id":"https:\/\/www.nettali.com\/#\/schema\/person\/d8ac7b7e27ddad43f1c0d2ef090d7f71","name":"CK","image":{"@type":"ImageObject","@id":"https:\/\/www.nettali.com\/#personlogo","inLanguage":"fr-FR","url":"https:\/\/secure.gravatar.com\/avatar\/1d8d5118b9327d94da7cd4ce7f17fec2?s=96&d=mm&r=g","contentUrl":"https:\/\/secure.gravatar.com\/avatar\/1d8d5118b9327d94da7cd4ce7f17fec2?s=96&d=mm&r=g","caption":"CK"},"sameAs":["https:\/\/www.nettali.com"]}]}},"_links":{"self":[{"href":"https:\/\/www.nettali.com\/rest\/wp\/v2\/posts\/111052"}],"collection":[{"href":"https:\/\/www.nettali.com\/rest\/wp\/v2\/posts"}],"about":[{"href":"https:\/\/www.nettali.com\/rest\/wp\/v2\/types\/post"}],"author":[{"embeddable":true,"href":"https:\/\/www.nettali.com\/rest\/wp\/v2\/users\/2"}],"replies":[{"embeddable":true,"href":"https:\/\/www.nettali.com\/rest\/wp\/v2\/comments?post=111052"}],"version-history":[{"count":1,"href":"https:\/\/www.nettali.com\/rest\/wp\/v2\/posts\/111052\/revisions"}],"predecessor-version":[{"id":111053,"href":"https:\/\/www.nettali.com\/rest\/wp\/v2\/posts\/111052\/revisions\/111053"}],"wp:featuredmedia":[{"embeddable":true,"href":"https:\/\/www.nettali.com\/rest\/wp\/v2\/media\/111056"}],"wp:attachment":[{"href":"https:\/\/www.nettali.com\/rest\/wp\/v2\/media?parent=111052"}],"wp:term":[{"taxonomy":"category","embeddable":true,"href":"https:\/\/www.nettali.com\/rest\/wp\/v2\/categories?post=111052"},{"taxonomy":"post_tag","embeddable":true,"href":"https:\/\/www.nettali.com\/rest\/wp\/v2\/tags?post=111052"}],"curies":[{"name":"wp","href":"https:\/\/api.w.org\/{rel}","templated":true}]}}